{"id":21695,"date":"2024-11-13T15:24:24","date_gmt":"2024-11-13T13:24:24","guid":{"rendered":"https:\/\/blogit.lab.fi\/labfocus\/?p=21695"},"modified":"2024-11-13T15:24:25","modified_gmt":"2024-11-13T13:24:25","slug":"monialainen-yhteistyo-ja-ylialueellinen-vammaispalvelujen-suunnittelu","status":"publish","type":"post","link":"https:\/\/blogit.lab.fi\/labfocus\/monialainen-yhteistyo-ja-ylialueellinen-vammaispalvelujen-suunnittelu\/","title":{"rendered":"Monialainen yhteisty\u00f6 ja ylialueellinen vammaispalvelujen suunnittelu"},"content":{"rendered":"\n<p>Monialaisessa yhteisty\u00f6ss\u00e4 sovitetaan yhteen eri toimijoiden palvelut ja niihin liittyv\u00e4t prosessit yhteen, yhdess\u00e4 asiakkaan kanssa h\u00e4nen hyvinvointinsa kohottamiseksi (Raitakari ym. 2019, 32). Palveluintegraatiolla tarkoitetaan asiakkaan palvelujen yhteensovittamista eri toimijoiden v\u00e4lill\u00e4 omassa tai eri organisaatioissa (Mattila 2021, 171). Monialainen yhteisty\u00f6ty\u00f6 tarkoittaa tiimi\u00e4, jossa on eri koulutuksen omaavia ammattilaisia tai asiantuntijoita. He toimivat koordinoidusti yhteisty\u00f6ss\u00e4 asiakkaan ja omaisten kanssa, asiakasl\u00e4ht\u00f6isesti. Onnistuakseen t\u00e4m\u00e4 vaatii osallistujien tuntemista, verkostoitumista eri hallinnon aloilla sek\u00e4 palveluprosessien tuntemista ja sujuvaa tiedonsiirtoa. (Isoherranen 2012, 50\u201354.)<\/p>\n\n\n\n<p>Vammaispalvelujen asiakkaiden palvelusuunnitelman tarkoituksena on taata yksil\u00f6idyt ja tarkoituksenmukaiset palvelut sek\u00e4 tukitoimet asiakkaan jokap\u00e4iv\u00e4isen el\u00e4m\u00e4n toteuttamiseksi. Jotta t\u00e4ss\u00e4 onnistutaan, tarvitaan sen laadintaan asiakkaan tunteva l\u00e4hihenkil\u00f6st\u00f6, omaiset, asiantuntijoita sek\u00e4 tietenkin asiakas itse. Usein on tarpeen ottaa mukaan l\u00e4\u00e4ketieteen edustajia tai kasvatus- ja sosiaality\u00f6n edustajia, jotta saadaan toteutettua palvelusuunnittelu tavoitteiden mukaisesti. (THL 2024.)<\/p>\n\n\n\n<h2 class=\"wp-block-heading\">Vammaispalvelujen tarve yhteisty\u00f6n kehitt\u00e4miseen<\/h2>\n\n\n\n<p>P\u00e4ij\u00e4t-H\u00e4meen hyvinvointialueella on tutkimuksen mukaan tarve kehitt\u00e4\u00e4 yhteisty\u00f6t\u00e4 lis\u00e4\u00e4 tiedonkulun sujuvoittamiseksi, sill\u00e4 eri toimijoiden tietoj\u00e4rjestelm\u00e4t eiv\u00e4t keskustele kesken\u00e4\u00e4n. Tarvitaan viel\u00e4 tarkemmin tietoa asiakkaan kokemuksista vammaispalvelujen riitt\u00e4m\u00e4tt\u00f6myydest\u00e4. Erityist\u00e4 tukea tarvitsevien asiakkaiden palveluprosessien kuvaaminen on aloitettu monialaisien yhteisty\u00f6n kehitt\u00e4mist\u00e4 varten. (Lindstr\u00f6m ym. 2023, 86\u201389.)<\/p>\n\n\n\n<figure class=\"wp-block-image size-large\"><img loading=\"lazy\" decoding=\"async\" width=\"1024\" height=\"578\" src=\"https:\/\/blogit.lab.fi\/labfocus\/wp-content\/uploads\/sites\/8\/2024\/11\/908_2024_Monialainen-yhteistyo-ja-ylialueellinen-vammaispalvelujen-suunnittelu-1024x578.jpg\" alt=\"[Alt-teksti: kaavakuva, jossa on kolmiapilana ja keskelt\u00e4 yhdistyneen\u00e4 osiot koordinoitu yhteisty\u00f6, osallisuus sek\u00e4 tavoitteet ja toiminta.]\" class=\"wp-image-21697\" srcset=\"https:\/\/blogit.lab.fi\/labfocus\/wp-content\/uploads\/sites\/8\/2024\/11\/908_2024_Monialainen-yhteistyo-ja-ylialueellinen-vammaispalvelujen-suunnittelu-1024x578.jpg 1024w, https:\/\/blogit.lab.fi\/labfocus\/wp-content\/uploads\/sites\/8\/2024\/11\/908_2024_Monialainen-yhteistyo-ja-ylialueellinen-vammaispalvelujen-suunnittelu-300x169.jpg 300w, https:\/\/blogit.lab.fi\/labfocus\/wp-content\/uploads\/sites\/8\/2024\/11\/908_2024_Monialainen-yhteistyo-ja-ylialueellinen-vammaispalvelujen-suunnittelu-768x434.jpg 768w, https:\/\/blogit.lab.fi\/labfocus\/wp-content\/uploads\/sites\/8\/2024\/11\/908_2024_Monialainen-yhteistyo-ja-ylialueellinen-vammaispalvelujen-suunnittelu-570x322.jpg 570w, https:\/\/blogit.lab.fi\/labfocus\/wp-content\/uploads\/sites\/8\/2024\/11\/908_2024_Monialainen-yhteistyo-ja-ylialueellinen-vammaispalvelujen-suunnittelu-528x297.jpg 528w, https:\/\/blogit.lab.fi\/labfocus\/wp-content\/uploads\/sites\/8\/2024\/11\/908_2024_Monialainen-yhteistyo-ja-ylialueellinen-vammaispalvelujen-suunnittelu.jpg 1280w\" sizes=\"auto, (max-width: 1024px) 100vw, 1024px\" \/><figcaption class=\"wp-element-caption\">Kuva 1. Monialaisen yhteisty\u00f6n malli. (Onnela ym. 2021)<\/figcaption><\/figure>\n\n\n\n<p>P\u00e4ij\u00e4t-H\u00e4meen hyvinvointialueen vammaispalvelujen, erityisesti entisen erityishuoltopiirin Eteva kuntayhtym\u00e4n alueelta siirtyneiss\u00e4 maatilayksik\u00f6iss\u00e4 on muiden hyvinvointialueiden asiakkaita. Esihenkil\u00f6n n\u00e4k\u00f6kulmasta yli hyvinvointialuerajojen, yll\u00e4 olevan kuvan mukaisin periaattein toteutettavalla monialaisella yhteisty\u00f6ll\u00e4 pystyt\u00e4\u00e4n paremmin vastaamaan asiakasty\u00f6n tarpeisiin ja toimimaan kustannustehokkaasti ja laadukkaasti. <\/p>\n\n\n\n<p>Esihenkil\u00f6n ty\u00f6n n\u00e4k\u00f6kulmasta haasteita palvelusuunnitteluun tuo eri hyvinvointialueiden yhteyshenkil\u00f6iden muuttuminen tai puuttuminen, vajaa viestint\u00e4, yhteensopimattomat tietoj\u00e4rjestelm\u00e4t ja lomakkeet sek\u00e4 erilaiset toimintaprosessit. Toisinaan palveluntarpeita arvioidaan ilman, ett\u00e4 palvelusuunnittelusta vastaava omaty\u00f6ntekij\u00e4, on tavannut asiakasta. Erityissairaanhoito on ruuhkautunut. Palvelujen toteuttamisen sek\u00e4 itsem\u00e4\u00e4r\u00e4\u00e4misoikeuden rajoittamiseen liittyvien toimien seurantaan ja raportointiin liittyv\u00e4t k\u00e4yt\u00e4nn\u00f6t vaihtelevat hyvinvointialueittain. Kaiken t\u00e4m\u00e4n takia palvelun suunnittelu ja toteuttaminen viiv\u00e4styy toisinaan tai ei vastaa tarkoitustaan.<\/p>\n\n\n\n<h2 class=\"wp-block-heading\">S\u00e4\u00e4nn\u00f6llisist\u00e4 verkostotapaamisista etua<\/h2>\n\n\n\n<p>Edell\u00e4 mainittujen haasteiden hallitsemiseksi, erityisesti esihenkil\u00f6ty\u00f6n n\u00e4k\u00f6kulmasta, monialaista yhteisty\u00f6t\u00e4 tulisi kehitt\u00e4\u00e4 palvelusuunnittelun osalta yli hyvinvointialuerajojen: verkostoitumista yhteyshenkil\u00f6iden (kotikunnan tai -hyvinvointialueen sek\u00e4 asuinhyvinvointialueen) sosiaality\u00f6n, palvelukoordinaation, asiakkaan itsens\u00e4 sek\u00e4 h\u00e4nen l\u00e4hity\u00f6ntekij\u00f6jens\u00e4 ja -asiantuntijoiden sek\u00e4 omaisten kesken. Sopimista yhteisist\u00e4 prosesseista palvelusuunnitteluun ja -seurantaan liittyen. Toteuttamalla s\u00e4\u00e4nn\u00f6llisesti verkostotapaamisia asiakkaan palvelusuunnittelun toteuttamiseksi ja arvioimiseksi.<\/p>\n\n\n\n<div class=\"wp-block-group has-background\" style=\"background-color:#b3edfb\"><div class=\"wp-block-group__inner-container is-layout-constrained wp-block-group-is-layout-constrained\">\n<p>Kirjoittajat<\/p>\n\n\n\n<p><strong>Salla-Maria Kauppinen<\/strong>, LAB-ammattikorkeakoulun sosionomi YAMK -opiskelija, ty\u00f6skentelee esihenkil\u00f6n\u00e4 P\u00e4ij\u00e4t-H\u00e4meen hyvinvointialueen vammaispalveluissa Maatilayksik\u00f6iss\u00e4.<\/p>\n\n\n\n<p><strong>Elina Kosonen<\/strong> ty\u00f6skentelee LAB-ammattikorkeakoulun hyvinvointiyksik\u00f6n lehtorina, ja h\u00e4nen erityisen\u00e4 kiiinnostuksen kohteenaan on lapsi- ja perhepalvelujen kehitt\u00e4minen. &nbsp;<\/p>\n<\/div><\/div>\n\n\n\n<h2 class=\"wp-block-heading\">L\u00e4hteet<\/h2>\n\n\n\n<p>Isoherranen, K. 2012.&nbsp; Uhka vai mahdollisuus: moniammatillista yhteisty\u00f6t\u00e4 kehitt\u00e4m\u00e4ss\u00e4. V\u00e4it\u00f6skirja. Helsingin yliopisto. Viitattu 7.10.2024. Saatavissa <a href=\"http:\/\/urn.fi\/URN:ISBN:978-952-10-7664-0\">http:\/\/urn.fi\/URN:ISBN:978-952-10-7664-0<\/a><\/p>\n\n\n\n<p>Lindstr\u00f6m, E., H\u00f6mppi, P.&nbsp; &amp; Nurmi-Koikkalainen, P. (toim.) Vammaispalvelut hyvinvointialueilla syksyll\u00e4 2023. Terveyden ja hyvinvoinnin laitos. Viitattu 14.10.2024. Saatavissa <a href=\"https:\/\/urn.fi\/URN:ISBN:978-952-408-299-0\">https:\/\/urn.fi\/URN:ISBN:978-952-408-299-0<\/a><\/p>\n\n\n\n<p>Mattila, E., Saru, E. &amp; Kallio, E.J. 2021. Sivistyksen ja soten yhteisty\u00f6 kunnissa -askeleita kohti syvemp\u00e4\u00e4 palvelu\u00adintegraatiota. Turun yliopisto. Viitattu 9.10.2024. Saatavissa <a href=\"https:\/\/doi.org\/10.37450\/ht.101897\">https:\/\/doi.org\/10.37450\/ht.101897<\/a><\/p>\n\n\n\n<p>Onnela, K., Pekonen, E. &amp; Zitting, J. 2021. Monialainen yhteisty\u00f6 tukee pitk\u00e4aikaisty\u00f6tt\u00f6mien ty\u00f6- ja toimintakyky\u00e4. Viitattu 27.10.2024. Saatavissa <a href=\"https:\/\/dialogi.diak.fi\/2021\/10\/21\/monialainen-yhteistyo-tukee-pitkaaikaistyottomien-tyo-ja-toimintakykya\/\">https:\/\/dialogi.diak.fi\/2021\/10\/21\/monialainen-yhteistyo-tukee-pitkaaikaistyottomien-tyo-ja-toimintakykya\/<\/a><\/p>\n\n\n\n<p>Raitakari, S., R\u00e4s\u00e4nen, J-M., Kostiainen, T &amp; Juhila, K. 2019. Integroiva ty\u00f6tapa muotoutuvassa perhekeskuskontekstissa. Kriittisten tekij\u00f6iden tarkastelua. Yliopistopainos. Tampere. Viitattu 9.10.2024. Saatavissa <a href=\"https:\/\/urn.fi\/URN:ISBN:978-952-03-1020-2\">https:\/\/urn.fi\/URN:ISBN:978-952-03-1020-2<\/a><\/p>\n\n\n\n<p>THL. 2024. Asiakassuunnitelma ja palvelusuunnitelma. Terveyden ja hyvinvoinnin laitos. Viitattu 3.11.2024. Saatavissa <a href=\"https:\/\/thl.fi\/julkaisut\/kasikirjat\/vammaispalvelujen-kasikirja\/asiakasprosessi\/asiakassuunnitelma-ja-palvelusuunnitelma#laatiminen\">https:\/\/thl.fi\/julkaisut\/kasikirjat\/vammaispalvelujen-kasikirja\/asiakasprosessi\/asiakassuunnitelma-ja-palvelusuunnitelma#laatiminen<\/a><\/p>\n","protected":false},"excerpt":{"rendered":"<p>Monialaisessa yhteisty\u00f6ss\u00e4 sovitetaan yhteen eri toimijoiden palvelut ja niihin liittyv\u00e4t prosessit yhteen, yhdess\u00e4 asiakkaan kanssa h\u00e4nen hyvinvointinsa kohottamiseksi (Raitakari ym. 2019, 32). Palveluintegraatiolla tarkoitetaan asiakkaan palvelujen yhteensovittamista eri toimijoiden v\u00e4lill\u00e4 omassa tai eri organisaatioissa (Mattila 2021, 171). Monialainen yhteisty\u00f6ty\u00f6 tarkoittaa tiimi\u00e4, jossa on eri koulutuksen omaavia ammattilaisia tai asiantuntijoita. He toimivat koordinoidusti yhteisty\u00f6ss\u00e4 asiakkaan ja [&hellip;]<\/p>\n","protected":false},"author":17,"featured_media":21697,"comment_status":"closed","ping_status":"open","sticky":false,"template":"","format":"standard","meta":{"footnotes":""},"categories":[15,119],"tags":[9904,3688,1785,10487,3808],"class_list":{"0":"post-21695","1":"post","2":"type-post","3":"status-publish","4":"format-standard","5":"has-post-thumbnail","7":"category-health_fi","8":"category-osallisuuden-edistaminen-ja-turvallinen-arki","9":"tag-artikkeli-d1","10":"tag-hyvinvointialueet-fi","11":"tag-monialaisuus","12":"tag-palveluprosessit","13":"tag-vammaispalvelut","14":"czr-hentry"},"yoast_head":"<!-- This site is optimized with the Yoast SEO plugin v27.5 - https:\/\/yoast.com\/product\/yoast-seo-wordpress\/ -->\n<title>Monialainen yhteisty\u00f6 ja ylialueellinen vammaispalvelujen suunnittelu - LAB Focus<\/title>\n<meta name=\"robots\" content=\"index, follow, max-snippet:-1, max-image-preview:large, max-video-preview:-1\" \/>\n<link rel=\"canonical\" href=\"https:\/\/blogit.lab.fi\/labfocus\/monialainen-yhteistyo-ja-ylialueellinen-vammaispalvelujen-suunnittelu\/\" \/>\n<meta property=\"og:locale\" content=\"fi_FI\" \/>\n<meta property=\"og:type\" content=\"article\" \/>\n<meta property=\"og:title\" content=\"Monialainen yhteisty\u00f6 ja ylialueellinen vammaispalvelujen suunnittelu - LAB Focus\" \/>\n<meta property=\"og:description\" content=\"Monialaisessa yhteisty\u00f6ss\u00e4 sovitetaan yhteen eri toimijoiden palvelut ja niihin liittyv\u00e4t prosessit yhteen, yhdess\u00e4 asiakkaan kanssa h\u00e4nen hyvinvointinsa kohottamiseksi (Raitakari ym. 2019, 32). Palveluintegraatiolla tarkoitetaan asiakkaan palvelujen yhteensovittamista eri toimijoiden v\u00e4lill\u00e4 omassa tai eri organisaatioissa (Mattila 2021, 171). Monialainen yhteisty\u00f6ty\u00f6 tarkoittaa tiimi\u00e4, jossa on eri koulutuksen omaavia ammattilaisia tai asiantuntijoita. He toimivat koordinoidusti yhteisty\u00f6ss\u00e4 asiakkaan ja [&hellip;]\" \/>\n<meta property=\"og:url\" content=\"https:\/\/blogit.lab.fi\/labfocus\/monialainen-yhteistyo-ja-ylialueellinen-vammaispalvelujen-suunnittelu\/\" \/>\n<meta property=\"og:site_name\" content=\"LAB Focus\" \/>\n<meta property=\"article:published_time\" content=\"2024-11-13T13:24:24+00:00\" \/>\n<meta property=\"article:modified_time\" content=\"2024-11-13T13:24:25+00:00\" \/>\n<meta property=\"og:image\" content=\"https:\/\/blogit.lab.fi\/labfocus\/wp-content\/uploads\/sites\/8\/2024\/11\/908_2024_Monialainen-yhteistyo-ja-ylialueellinen-vammaispalvelujen-suunnittelu.jpg\" \/>\n\t<meta property=\"og:image:width\" content=\"1280\" \/>\n\t<meta property=\"og:image:height\" content=\"723\" \/>\n\t<meta property=\"og:image:type\" content=\"image\/jpeg\" \/>\n<meta name=\"author\" content=\"tainask\" \/>\n<meta name=\"twitter:card\" content=\"summary_large_image\" \/>\n<meta name=\"twitter:creator\" content=\"@LABfinland\" \/>\n<meta name=\"twitter:site\" content=\"@LABfinland\" \/>\n<meta name=\"twitter:label1\" content=\"Kirjoittanut\" \/>\n\t<meta name=\"twitter:data1\" content=\"tainask\" \/>\n\t<meta name=\"twitter:label2\" content=\"Arvioitu lukuaika\" \/>\n\t<meta name=\"twitter:data2\" content=\"4 minuuttia\" \/>\n<script type=\"application\/ld+json\" class=\"yoast-schema-graph\">{\"@context\":\"https:\\\/\\\/schema.org\",\"@graph\":[{\"@type\":\"Article\",\"@id\":\"https:\\\/\\\/blogit.lab.fi\\\/labfocus\\\/monialainen-yhteistyo-ja-ylialueellinen-vammaispalvelujen-suunnittelu\\\/#article\",\"isPartOf\":{\"@id\":\"https:\\\/\\\/blogit.lab.fi\\\/labfocus\\\/monialainen-yhteistyo-ja-ylialueellinen-vammaispalvelujen-suunnittelu\\\/\"},\"author\":{\"name\":\"tainask\",\"@id\":\"https:\\\/\\\/blogit.lab.fi\\\/labfocus\\\/#\\\/schema\\\/person\\\/da729f65c4a2fb9fd8f0b1ec7a2ab7d0\"},\"headline\":\"Monialainen yhteisty\u00f6 ja ylialueellinen vammaispalvelujen suunnittelu\",\"datePublished\":\"2024-11-13T13:24:24+00:00\",\"dateModified\":\"2024-11-13T13:24:25+00:00\",\"mainEntityOfPage\":{\"@id\":\"https:\\\/\\\/blogit.lab.fi\\\/labfocus\\\/monialainen-yhteistyo-ja-ylialueellinen-vammaispalvelujen-suunnittelu\\\/\"},\"wordCount\":608,\"publisher\":{\"@id\":\"https:\\\/\\\/blogit.lab.fi\\\/labfocus\\\/#organization\"},\"image\":{\"@id\":\"https:\\\/\\\/blogit.lab.fi\\\/labfocus\\\/monialainen-yhteistyo-ja-ylialueellinen-vammaispalvelujen-suunnittelu\\\/#primaryimage\"},\"thumbnailUrl\":\"https:\\\/\\\/blogit.lab.fi\\\/labfocus\\\/wp-content\\\/uploads\\\/sites\\\/8\\\/2024\\\/11\\\/908_2024_Monialainen-yhteistyo-ja-ylialueellinen-vammaispalvelujen-suunnittelu.jpg\",\"keywords\":[\"Artikkeli D1\",\"hyvinvointialueet\",\"monialaisuus\",\"palveluprosessit\",\"vammaispalvelut\"],\"articleSection\":[\"Health\",\"Osallisuus, ty\u00f6el\u00e4m\u00e4 ja turvallinen arki\"],\"inLanguage\":\"fi\"},{\"@type\":\"WebPage\",\"@id\":\"https:\\\/\\\/blogit.lab.fi\\\/labfocus\\\/monialainen-yhteistyo-ja-ylialueellinen-vammaispalvelujen-suunnittelu\\\/\",\"url\":\"https:\\\/\\\/blogit.lab.fi\\\/labfocus\\\/monialainen-yhteistyo-ja-ylialueellinen-vammaispalvelujen-suunnittelu\\\/\",\"name\":\"Monialainen yhteisty\u00f6 ja ylialueellinen vammaispalvelujen suunnittelu - LAB Focus\",\"isPartOf\":{\"@id\":\"https:\\\/\\\/blogit.lab.fi\\\/labfocus\\\/#website\"},\"primaryImageOfPage\":{\"@id\":\"https:\\\/\\\/blogit.lab.fi\\\/labfocus\\\/monialainen-yhteistyo-ja-ylialueellinen-vammaispalvelujen-suunnittelu\\\/#primaryimage\"},\"image\":{\"@id\":\"https:\\\/\\\/blogit.lab.fi\\\/labfocus\\\/monialainen-yhteistyo-ja-ylialueellinen-vammaispalvelujen-suunnittelu\\\/#primaryimage\"},\"thumbnailUrl\":\"https:\\\/\\\/blogit.lab.fi\\\/labfocus\\\/wp-content\\\/uploads\\\/sites\\\/8\\\/2024\\\/11\\\/908_2024_Monialainen-yhteistyo-ja-ylialueellinen-vammaispalvelujen-suunnittelu.jpg\",\"datePublished\":\"2024-11-13T13:24:24+00:00\",\"dateModified\":\"2024-11-13T13:24:25+00:00\",\"breadcrumb\":{\"@id\":\"https:\\\/\\\/blogit.lab.fi\\\/labfocus\\\/monialainen-yhteistyo-ja-ylialueellinen-vammaispalvelujen-suunnittelu\\\/#breadcrumb\"},\"inLanguage\":\"fi\",\"potentialAction\":[{\"@type\":\"ReadAction\",\"target\":[\"https:\\\/\\\/blogit.lab.fi\\\/labfocus\\\/monialainen-yhteistyo-ja-ylialueellinen-vammaispalvelujen-suunnittelu\\\/\"]}]},{\"@type\":\"ImageObject\",\"inLanguage\":\"fi\",\"@id\":\"https:\\\/\\\/blogit.lab.fi\\\/labfocus\\\/monialainen-yhteistyo-ja-ylialueellinen-vammaispalvelujen-suunnittelu\\\/#primaryimage\",\"url\":\"https:\\\/\\\/blogit.lab.fi\\\/labfocus\\\/wp-content\\\/uploads\\\/sites\\\/8\\\/2024\\\/11\\\/908_2024_Monialainen-yhteistyo-ja-ylialueellinen-vammaispalvelujen-suunnittelu.jpg\",\"contentUrl\":\"https:\\\/\\\/blogit.lab.fi\\\/labfocus\\\/wp-content\\\/uploads\\\/sites\\\/8\\\/2024\\\/11\\\/908_2024_Monialainen-yhteistyo-ja-ylialueellinen-vammaispalvelujen-suunnittelu.jpg\",\"width\":1280,\"height\":723},{\"@type\":\"BreadcrumbList\",\"@id\":\"https:\\\/\\\/blogit.lab.fi\\\/labfocus\\\/monialainen-yhteistyo-ja-ylialueellinen-vammaispalvelujen-suunnittelu\\\/#breadcrumb\",\"itemListElement\":[{\"@type\":\"ListItem\",\"position\":1,\"name\":\"Home\",\"item\":\"https:\\\/\\\/blogit.lab.fi\\\/labfocus\\\/\"},{\"@type\":\"ListItem\",\"position\":2,\"name\":\"Monialainen yhteisty\u00f6 ja ylialueellinen vammaispalvelujen suunnittelu\"}]},{\"@type\":\"WebSite\",\"@id\":\"https:\\\/\\\/blogit.lab.fi\\\/labfocus\\\/#website\",\"url\":\"https:\\\/\\\/blogit.lab.fi\\\/labfocus\\\/\",\"name\":\"LAB Focus\",\"description\":\"Focus Area blog | LAB University of Applied Sciences\",\"publisher\":{\"@id\":\"https:\\\/\\\/blogit.lab.fi\\\/labfocus\\\/#organization\"},\"potentialAction\":[{\"@type\":\"SearchAction\",\"target\":{\"@type\":\"EntryPoint\",\"urlTemplate\":\"https:\\\/\\\/blogit.lab.fi\\\/labfocus\\\/?s={search_term_string}\"},\"query-input\":{\"@type\":\"PropertyValueSpecification\",\"valueRequired\":true,\"valueName\":\"search_term_string\"}}],\"inLanguage\":\"fi\"},{\"@type\":\"Organization\",\"@id\":\"https:\\\/\\\/blogit.lab.fi\\\/labfocus\\\/#organization\",\"name\":\"LAB Focus\",\"url\":\"https:\\\/\\\/blogit.lab.fi\\\/labfocus\\\/\",\"logo\":{\"@type\":\"ImageObject\",\"inLanguage\":\"fi\",\"@id\":\"https:\\\/\\\/blogit.lab.fi\\\/labfocus\\\/#\\\/schema\\\/logo\\\/image\\\/\",\"url\":\"https:\\\/\\\/blogit.lab.fi\\\/labfocus\\\/wp-content\\\/uploads\\\/sites\\\/8\\\/2020\\\/04\\\/cropped-cropped-tunnus_blogi-01.png\",\"contentUrl\":\"https:\\\/\\\/blogit.lab.fi\\\/labfocus\\\/wp-content\\\/uploads\\\/sites\\\/8\\\/2020\\\/04\\\/cropped-cropped-tunnus_blogi-01.png\",\"width\":1342,\"height\":288,\"caption\":\"LAB Focus\"},\"image\":{\"@id\":\"https:\\\/\\\/blogit.lab.fi\\\/labfocus\\\/#\\\/schema\\\/logo\\\/image\\\/\"},\"sameAs\":[\"https:\\\/\\\/x.com\\\/LABfinland\"]},{\"@type\":\"Person\",\"@id\":\"https:\\\/\\\/blogit.lab.fi\\\/labfocus\\\/#\\\/schema\\\/person\\\/da729f65c4a2fb9fd8f0b1ec7a2ab7d0\",\"name\":\"tainask\",\"image\":{\"@type\":\"ImageObject\",\"inLanguage\":\"fi\",\"@id\":\"https:\\\/\\\/secure.gravatar.com\\\/avatar\\\/4a96427877ef826b76e80c27f60b266128094f522551459346efcf14282febb3?s=96&d=mm&r=g\",\"url\":\"https:\\\/\\\/secure.gravatar.com\\\/avatar\\\/4a96427877ef826b76e80c27f60b266128094f522551459346efcf14282febb3?s=96&d=mm&r=g\",\"contentUrl\":\"https:\\\/\\\/secure.gravatar.com\\\/avatar\\\/4a96427877ef826b76e80c27f60b266128094f522551459346efcf14282febb3?s=96&d=mm&r=g\",\"caption\":\"tainask\"},\"url\":\"https:\\\/\\\/blogit.lab.fi\\\/labfocus\\\/author\\\/tainask\\\/\"}]}<\/script>\n<!-- \/ Yoast SEO plugin. -->","yoast_head_json":{"title":"Monialainen yhteisty\u00f6 ja ylialueellinen vammaispalvelujen suunnittelu - LAB Focus","robots":{"index":"index","follow":"follow","max-snippet":"max-snippet:-1","max-image-preview":"max-image-preview:large","max-video-preview":"max-video-preview:-1"},"canonical":"https:\/\/blogit.lab.fi\/labfocus\/monialainen-yhteistyo-ja-ylialueellinen-vammaispalvelujen-suunnittelu\/","og_locale":"fi_FI","og_type":"article","og_title":"Monialainen yhteisty\u00f6 ja ylialueellinen vammaispalvelujen suunnittelu - LAB Focus","og_description":"Monialaisessa yhteisty\u00f6ss\u00e4 sovitetaan yhteen eri toimijoiden palvelut ja niihin liittyv\u00e4t prosessit yhteen, yhdess\u00e4 asiakkaan kanssa h\u00e4nen hyvinvointinsa kohottamiseksi (Raitakari ym. 2019, 32). Palveluintegraatiolla tarkoitetaan asiakkaan palvelujen yhteensovittamista eri toimijoiden v\u00e4lill\u00e4 omassa tai eri organisaatioissa (Mattila 2021, 171). Monialainen yhteisty\u00f6ty\u00f6 tarkoittaa tiimi\u00e4, jossa on eri koulutuksen omaavia ammattilaisia tai asiantuntijoita. He toimivat koordinoidusti yhteisty\u00f6ss\u00e4 asiakkaan ja [&hellip;]","og_url":"https:\/\/blogit.lab.fi\/labfocus\/monialainen-yhteistyo-ja-ylialueellinen-vammaispalvelujen-suunnittelu\/","og_site_name":"LAB Focus","article_published_time":"2024-11-13T13:24:24+00:00","article_modified_time":"2024-11-13T13:24:25+00:00","og_image":[{"width":1280,"height":723,"url":"https:\/\/blogit.lab.fi\/labfocus\/wp-content\/uploads\/sites\/8\/2024\/11\/908_2024_Monialainen-yhteistyo-ja-ylialueellinen-vammaispalvelujen-suunnittelu.jpg","type":"image\/jpeg"}],"author":"tainask","twitter_card":"summary_large_image","twitter_creator":"@LABfinland","twitter_site":"@LABfinland","twitter_misc":{"Kirjoittanut":"tainask","Arvioitu lukuaika":"4 minuuttia"},"schema":{"@context":"https:\/\/schema.org","@graph":[{"@type":"Article","@id":"https:\/\/blogit.lab.fi\/labfocus\/monialainen-yhteistyo-ja-ylialueellinen-vammaispalvelujen-suunnittelu\/#article","isPartOf":{"@id":"https:\/\/blogit.lab.fi\/labfocus\/monialainen-yhteistyo-ja-ylialueellinen-vammaispalvelujen-suunnittelu\/"},"author":{"name":"tainask","@id":"https:\/\/blogit.lab.fi\/labfocus\/#\/schema\/person\/da729f65c4a2fb9fd8f0b1ec7a2ab7d0"},"headline":"Monialainen yhteisty\u00f6 ja ylialueellinen vammaispalvelujen suunnittelu","datePublished":"2024-11-13T13:24:24+00:00","dateModified":"2024-11-13T13:24:25+00:00","mainEntityOfPage":{"@id":"https:\/\/blogit.lab.fi\/labfocus\/monialainen-yhteistyo-ja-ylialueellinen-vammaispalvelujen-suunnittelu\/"},"wordCount":608,"publisher":{"@id":"https:\/\/blogit.lab.fi\/labfocus\/#organization"},"image":{"@id":"https:\/\/blogit.lab.fi\/labfocus\/monialainen-yhteistyo-ja-ylialueellinen-vammaispalvelujen-suunnittelu\/#primaryimage"},"thumbnailUrl":"https:\/\/blogit.lab.fi\/labfocus\/wp-content\/uploads\/sites\/8\/2024\/11\/908_2024_Monialainen-yhteistyo-ja-ylialueellinen-vammaispalvelujen-suunnittelu.jpg","keywords":["Artikkeli D1","hyvinvointialueet","monialaisuus","palveluprosessit","vammaispalvelut"],"articleSection":["Health","Osallisuus, ty\u00f6el\u00e4m\u00e4 ja turvallinen arki"],"inLanguage":"fi"},{"@type":"WebPage","@id":"https:\/\/blogit.lab.fi\/labfocus\/monialainen-yhteistyo-ja-ylialueellinen-vammaispalvelujen-suunnittelu\/","url":"https:\/\/blogit.lab.fi\/labfocus\/monialainen-yhteistyo-ja-ylialueellinen-vammaispalvelujen-suunnittelu\/","name":"Monialainen yhteisty\u00f6 ja ylialueellinen vammaispalvelujen suunnittelu - LAB Focus","isPartOf":{"@id":"https:\/\/blogit.lab.fi\/labfocus\/#website"},"primaryImageOfPage":{"@id":"https:\/\/blogit.lab.fi\/labfocus\/monialainen-yhteistyo-ja-ylialueellinen-vammaispalvelujen-suunnittelu\/#primaryimage"},"image":{"@id":"https:\/\/blogit.lab.fi\/labfocus\/monialainen-yhteistyo-ja-ylialueellinen-vammaispalvelujen-suunnittelu\/#primaryimage"},"thumbnailUrl":"https:\/\/blogit.lab.fi\/labfocus\/wp-content\/uploads\/sites\/8\/2024\/11\/908_2024_Monialainen-yhteistyo-ja-ylialueellinen-vammaispalvelujen-suunnittelu.jpg","datePublished":"2024-11-13T13:24:24+00:00","dateModified":"2024-11-13T13:24:25+00:00","breadcrumb":{"@id":"https:\/\/blogit.lab.fi\/labfocus\/monialainen-yhteistyo-ja-ylialueellinen-vammaispalvelujen-suunnittelu\/#breadcrumb"},"inLanguage":"fi","potentialAction":[{"@type":"ReadAction","target":["https:\/\/blogit.lab.fi\/labfocus\/monialainen-yhteistyo-ja-ylialueellinen-vammaispalvelujen-suunnittelu\/"]}]},{"@type":"ImageObject","inLanguage":"fi","@id":"https:\/\/blogit.lab.fi\/labfocus\/monialainen-yhteistyo-ja-ylialueellinen-vammaispalvelujen-suunnittelu\/#primaryimage","url":"https:\/\/blogit.lab.fi\/labfocus\/wp-content\/uploads\/sites\/8\/2024\/11\/908_2024_Monialainen-yhteistyo-ja-ylialueellinen-vammaispalvelujen-suunnittelu.jpg","contentUrl":"https:\/\/blogit.lab.fi\/labfocus\/wp-content\/uploads\/sites\/8\/2024\/11\/908_2024_Monialainen-yhteistyo-ja-ylialueellinen-vammaispalvelujen-suunnittelu.jpg","width":1280,"height":723},{"@type":"BreadcrumbList","@id":"https:\/\/blogit.lab.fi\/labfocus\/monialainen-yhteistyo-ja-ylialueellinen-vammaispalvelujen-suunnittelu\/#breadcrumb","itemListElement":[{"@type":"ListItem","position":1,"name":"Home","item":"https:\/\/blogit.lab.fi\/labfocus\/"},{"@type":"ListItem","position":2,"name":"Monialainen yhteisty\u00f6 ja ylialueellinen vammaispalvelujen suunnittelu"}]},{"@type":"WebSite","@id":"https:\/\/blogit.lab.fi\/labfocus\/#website","url":"https:\/\/blogit.lab.fi\/labfocus\/","name":"LAB Focus","description":"Focus Area blog | LAB University of Applied Sciences","publisher":{"@id":"https:\/\/blogit.lab.fi\/labfocus\/#organization"},"potentialAction":[{"@type":"SearchAction","target":{"@type":"EntryPoint","urlTemplate":"https:\/\/blogit.lab.fi\/labfocus\/?s={search_term_string}"},"query-input":{"@type":"PropertyValueSpecification","valueRequired":true,"valueName":"search_term_string"}}],"inLanguage":"fi"},{"@type":"Organization","@id":"https:\/\/blogit.lab.fi\/labfocus\/#organization","name":"LAB Focus","url":"https:\/\/blogit.lab.fi\/labfocus\/","logo":{"@type":"ImageObject","inLanguage":"fi","@id":"https:\/\/blogit.lab.fi\/labfocus\/#\/schema\/logo\/image\/","url":"https:\/\/blogit.lab.fi\/labfocus\/wp-content\/uploads\/sites\/8\/2020\/04\/cropped-cropped-tunnus_blogi-01.png","contentUrl":"https:\/\/blogit.lab.fi\/labfocus\/wp-content\/uploads\/sites\/8\/2020\/04\/cropped-cropped-tunnus_blogi-01.png","width":1342,"height":288,"caption":"LAB Focus"},"image":{"@id":"https:\/\/blogit.lab.fi\/labfocus\/#\/schema\/logo\/image\/"},"sameAs":["https:\/\/x.com\/LABfinland"]},{"@type":"Person","@id":"https:\/\/blogit.lab.fi\/labfocus\/#\/schema\/person\/da729f65c4a2fb9fd8f0b1ec7a2ab7d0","name":"tainask","image":{"@type":"ImageObject","inLanguage":"fi","@id":"https:\/\/secure.gravatar.com\/avatar\/4a96427877ef826b76e80c27f60b266128094f522551459346efcf14282febb3?s=96&d=mm&r=g","url":"https:\/\/secure.gravatar.com\/avatar\/4a96427877ef826b76e80c27f60b266128094f522551459346efcf14282febb3?s=96&d=mm&r=g","contentUrl":"https:\/\/secure.gravatar.com\/avatar\/4a96427877ef826b76e80c27f60b266128094f522551459346efcf14282febb3?s=96&d=mm&r=g","caption":"tainask"},"url":"https:\/\/blogit.lab.fi\/labfocus\/author\/tainask\/"}]}},"_links":{"self":[{"href":"https:\/\/blogit.lab.fi\/labfocus\/wp-json\/wp\/v2\/posts\/21695","targetHints":{"allow":["GET"]}}],"collection":[{"href":"https:\/\/blogit.lab.fi\/labfocus\/wp-json\/wp\/v2\/posts"}],"about":[{"href":"https:\/\/blogit.lab.fi\/labfocus\/wp-json\/wp\/v2\/types\/post"}],"author":[{"embeddable":true,"href":"https:\/\/blogit.lab.fi\/labfocus\/wp-json\/wp\/v2\/users\/17"}],"replies":[{"embeddable":true,"href":"https:\/\/blogit.lab.fi\/labfocus\/wp-json\/wp\/v2\/comments?post=21695"}],"version-history":[{"count":2,"href":"https:\/\/blogit.lab.fi\/labfocus\/wp-json\/wp\/v2\/posts\/21695\/revisions"}],"predecessor-version":[{"id":21699,"href":"https:\/\/blogit.lab.fi\/labfocus\/wp-json\/wp\/v2\/posts\/21695\/revisions\/21699"}],"wp:featuredmedia":[{"embeddable":true,"href":"https:\/\/blogit.lab.fi\/labfocus\/wp-json\/wp\/v2\/media\/21697"}],"wp:attachment":[{"href":"https:\/\/blogit.lab.fi\/labfocus\/wp-json\/wp\/v2\/media?parent=21695"}],"wp:term":[{"taxonomy":"category","embeddable":true,"href":"https:\/\/blogit.lab.fi\/labfocus\/wp-json\/wp\/v2\/categories?post=21695"},{"taxonomy":"post_tag","embeddable":true,"href":"https:\/\/blogit.lab.fi\/labfocus\/wp-json\/wp\/v2\/tags?post=21695"}],"curies":[{"name":"wp","href":"https:\/\/api.w.org\/{rel}","templated":true}]}}