{"id":21904,"date":"2024-11-25T09:56:08","date_gmt":"2024-11-25T07:56:08","guid":{"rendered":"https:\/\/blogit.lab.fi\/labfocus\/?p=21904"},"modified":"2024-11-25T09:56:10","modified_gmt":"2024-11-25T07:56:10","slug":"lastensuojelun-asiakkaiden-mielenterveyspalvelut-turvattava","status":"publish","type":"post","link":"https:\/\/blogit.lab.fi\/labfocus\/lastensuojelun-asiakkaiden-mielenterveyspalvelut-turvattava\/","title":{"rendered":"Lastensuojelun asiakkaiden mielenterveyspalvelut turvattava"},"content":{"rendered":"\n<p>Lastensuojelun sijaishuollossa olevien lasten mielenterveyspalveluiden saatavuudessa on pitk\u00e4\u00e4n ollut puutteita. Sek\u00e4 erikoissairaanhoidon ett\u00e4 perustason hoitoon p\u00e4\u00e4sy on ollut vaikeaa, eik\u00e4 lastensuojelunpalveluiden voida nykyisell\u00e4\u00e4n olettaa vastaavaan t\u00e4h\u00e4n tarpeeseen. (Valvira 2022.)\u00a0 Sijoittaminen lastensuojelulaitokseen ei yksin\u00e4\u00e4n ole riitt\u00e4v\u00e4 toimi tilanteessa, jossa lapsella tai nuorella on tarve mielenterveyspalveluiden saamiselle. Sijoitus ei saa heikent\u00e4\u00e4 lapsen tai nuoren oikeutta mielenterveyspalveluihin. T\u00e4m\u00e4n vuoksi yhteisty\u00f6t\u00e4 eri toimijoiden v\u00e4lill\u00e4 tulisi kehitt\u00e4\u00e4, jotta lapset ja nuoret saisivat tarvitsemansa tuen. Aina tilanteet eiv\u00e4t kuitenkaan vaadi erikoissairaanhoidon osaamista, vaan varhaisen tuen avulla voidaan mielenterveytt\u00e4 tukea my\u00f6s lastensuojelulaitoksissa. (Lastensuojelun keskusliitto 2022.)<\/p>\n\n\n\n<h2 class=\"wp-block-heading\">Yhteisty\u00f6ll\u00e4 parempaan saatavuuteen<\/h2>\n\n\n\n<p>Mielenterveyden hoitaminen on yhteiskunnallisestikin t\u00e4rke\u00e4 asia, johon kaikkien tulisi osallistua. Toimiva, voimavaroja kannatteleva arki, jossa mielenterveytt\u00e4 kuormittavia tekij\u00f6it\u00e4 tunnistetaan ja ennaltaehk\u00e4ist\u00e4\u00e4n, luo hyv\u00e4t olosuhteet hyv\u00e4lle mielenterveydelle. T\u00e4llaista varhaista tukea tulisi olla kaikkien saatavilla ja tuen piiriin p\u00e4\u00e4semisen tulisi olla helppoa. (Kylm\u00e4 ym. 2021.) Perheiss\u00e4, joissa tukea tarvitaan, voivat tilanteet olla jo monimutkaistuneita ja edellytt\u00e4v\u00e4t perheiden kanssa ty\u00f6skentelevilt\u00e4 ammattilaisilta toimivaa yhteisty\u00f6t\u00e4. &nbsp;Lastensuojeluty\u00f6ss\u00e4 on usein puutetta resursseista ja palveluj\u00e4rjestelm\u00e4 on pirstaleinen. N\u00e4m\u00e4 vaikeuttavat yhteisty\u00f6n tekemist\u00e4 eri asiantuntijoiden v\u00e4lill\u00e4. Suuri haaste on koordinoinnin puute, joka aiheuttaa my\u00f6s ty\u00f6n p\u00e4\u00e4llekk\u00e4isyytt\u00e4. (Alin ym. 2024.)<\/p>\n\n\n\n<figure class=\"wp-block-image size-large\"><img loading=\"lazy\" decoding=\"async\" width=\"1024\" height=\"506\" src=\"https:\/\/blogit.lab.fi\/labfocus\/wp-content\/uploads\/sites\/8\/2024\/11\/922_2024_Lastensuojelun-asiakkaiden-mielenterveyspalvelut-turvattava-1024x506.jpg\" alt=\"\" class=\"wp-image-21906\" srcset=\"https:\/\/blogit.lab.fi\/labfocus\/wp-content\/uploads\/sites\/8\/2024\/11\/922_2024_Lastensuojelun-asiakkaiden-mielenterveyspalvelut-turvattava-1024x506.jpg 1024w, https:\/\/blogit.lab.fi\/labfocus\/wp-content\/uploads\/sites\/8\/2024\/11\/922_2024_Lastensuojelun-asiakkaiden-mielenterveyspalvelut-turvattava-300x148.jpg 300w, https:\/\/blogit.lab.fi\/labfocus\/wp-content\/uploads\/sites\/8\/2024\/11\/922_2024_Lastensuojelun-asiakkaiden-mielenterveyspalvelut-turvattava-768x380.jpg 768w, https:\/\/blogit.lab.fi\/labfocus\/wp-content\/uploads\/sites\/8\/2024\/11\/922_2024_Lastensuojelun-asiakkaiden-mielenterveyspalvelut-turvattava-570x282.jpg 570w, https:\/\/blogit.lab.fi\/labfocus\/wp-content\/uploads\/sites\/8\/2024\/11\/922_2024_Lastensuojelun-asiakkaiden-mielenterveyspalvelut-turvattava.jpg 1280w\" sizes=\"auto, (max-width: 1024px) 100vw, 1024px\" \/><figcaption class=\"wp-element-caption\">Kuva 1. Ymm\u00e4rrys mielen hyvinvoinnista voi vahvistaa mielenterveysosaamista lastensuojeluty\u00f6ss\u00e4. (geralt 2017)<\/figcaption><\/figure>\n\n\n\n<h2 class=\"wp-block-heading\">Mielenterveytt\u00e4 edist\u00e4v\u00e4 lastensuojelu<\/h2>\n\n\n\n<p>Lastensuojelun ja psykiatristen palveluiden tarpeen rajapinta on h\u00e4ilyv\u00e4 \u2013 lastensuojelulaitoksiin sijoitetut lapset ja nuoret voivat oireilla hyvin samoin tavoin kuin psykiatrisissa sairaaloissa hoidettavat lapset ja nuoret. Lastensuojelulaitoksiin sijoitetut nuoret ovat usein alihoidettuja ja tarvitsisivat enemm\u00e4n ja paremmin kohdennettua mielenterveyden hoitoa. T\u00e4m\u00e4n vuoksi lastensuojelun ja mielenterveysty\u00f6n ammattilaisten yhteisty\u00f6 on ensiarvoisen t\u00e4rke\u00e4\u00e4. Lastensuojelun ty\u00f6ntekij\u00f6iden tulee saada konsultaatioapua mielenterveysammattilaisilta, sek\u00e4 lasten ja nuorten tarvitseman hoidon tulisi j\u00e4rjesty\u00e4 tarpeen vaatiessa. (Timonen-Kallio 2017.)<\/p>\n\n\n\n<p>Paljon voidaan kuitenkin tehd\u00e4 jo lastensuojelun palveluissa. Mielenterveysty\u00f6 pit\u00e4\u00e4 sis\u00e4ll\u00e4\u00e4n niin mielenterveyden edist\u00e4misen kuin h\u00e4iri\u00f6iden ehk\u00e4isemisenkin. My\u00f6s mielenterveyden h\u00e4iri\u00f6iden hoito ja kuntoutus on keskeist\u00e4. Keskeist\u00e4 mielenterveyden edist\u00e4misess\u00e4 on vahvistaa ja lis\u00e4t\u00e4 mielenterveytt\u00e4 suojaavia tekij\u00f6it\u00e4. Mielenterveytt\u00e4 edist\u00e4v\u00e4\u00e4 ty\u00f6t\u00e4 on t\u00e4rke\u00e4\u00e4 tehd\u00e4 my\u00f6s hoidon ja kuntoutuksen ohella.&nbsp; Mielenterveystaidoilla voidaan vahvistaa mielenterveytt\u00e4 vahvistamalla nuoren omia voimavaroja, esimerkiksi resilienssi\u00e4, itsetuntemusta ja arjen hallintaa. (Aalto-Set\u00e4l\u00e4 ym.2020.)<\/p>\n\n\n\n<h2 class=\"wp-block-heading\">Osaamisen vahvistaminen<\/h2>\n\n\n\n<p>Lastensuojelun ja lasten mielenterveysty\u00f6n arki on monimutkaistunut ja haasteet kasvaneet. T\u00e4h\u00e4n voisivat olla avuksi uudenlaiset ratkaisut ja osaamisen vahvistaminen. Dialoginen ja moniammatillinen ty\u00f6skentelytapa ja ymm\u00e4rrys mielen hyvinvoinnista vahvistaisivat mielenterveysosaamista lastensuojeluty\u00f6ss\u00e4. Rohkean, rooleja ravistavan ajattelun ja kouluttautumisen my\u00f6t\u00e4 lastensuojelun ty\u00f6ntekij\u00e4t voisivat omaksua terapeuttista osaamista hy\u00f6dynt\u00e4en sit\u00e4 arjen ty\u00f6ss\u00e4\u00e4n. (Mustonen &amp; Frimodig 2022.)<\/p>\n\n\n\n<p>Ongelmaan voitaisiin siis tarttua monin tavoin. Vahvistamalla lastensuojelun ty\u00f6ntekij\u00f6iden ja mielenterveysty\u00f6ntekij\u00f6iden yhteisty\u00f6t\u00e4 huomattaisiin entist\u00e4 paremmin ne lapset ja nuoret, jotka tarvitsevat erityisosaamista. Lastensuojelun osaamista vahvistamalla pystytt\u00e4isiin taasen parantamaan ty\u00f6ntekij\u00f6iden keinoja auttaa ja tukea lapsia, nuoria ja perheit\u00e4 laitoksissa, jotta tarvetta erikoissairaanhoidolle ei syntyisi. My\u00f6s osaava varhainen tuki ehk\u00e4isisi tarpeen synty\u00e4. (Pitk\u00e4nen ym. 2022)<\/p>\n\n\n\n<div class=\"wp-block-group has-background\" style=\"background-color:#b3edfb\"><div class=\"wp-block-group__inner-container is-layout-constrained wp-block-group-is-layout-constrained\">\n<p>Kirjoittajat<\/p>\n\n\n\n<p><strong>Leila Ruth<\/strong> on sosionomi (AMK) ja LAB-ammattikorkeakoulun sosionomi YAMK -opiskelija lapsi- ja perhepalveluiden kehitt\u00e4misen koulutusohjelmasta.<\/p>\n\n\n\n<p><strong>Jaana Mantela<\/strong> on LAB-ammattikorkeakoulun sosiaali- ja terveysalan lehtori ja kiinnostunut lapsi- ja perhepalveluiden kehitt\u00e4misest\u00e4.<\/p>\n<\/div><\/div>\n\n\n\n<h2 class=\"wp-block-heading\">L\u00e4hteet<\/h2>\n\n\n\n<p>Aalto-Set\u00e4l\u00e4, T., Huikko, E., Appelqvist-Schmidlechner, K., Haravuori, H. &amp; Marttunen, M. 2020. Kouluik\u00e4isten mielenterveysongelmientuki ja hoito perustason palveluissa &#8211; Opas tutkimiseen, hoitoon ja vaikuttavien menetelmien k\u00e4ytt\u00f6\u00f6n. THL. Viitattu 29.10.2024. Saatavissa <a href=\"https:\/\/www.julkari.fi\/bitstream\/handle\/10024\/140590\/OHJ2020_006%20verkko%20u.pdf?sequence=4&amp;isAllowed=y\">https:\/\/www.julkari.fi\/bitstream\/handle\/10024\/140590\/OHJ2020_006%20verkko%20u.pdf?sequence=4&amp;isAllowed=y<\/a><\/p>\n\n\n\n<p>Alin, M., Kaittila, A. &amp; Leinonen, L. 2024.Moniammatillisen yhteisty\u00f6n muodot lasten, nuorten ja perheiden palveluissa. Teoksessa Kiili, J., Jaakola, A-M., Anis, M., Lamponen, T. &amp; Stenvall E. (toim.) Lapsiperheiden ja lastensuojelun sosiaality\u00f6. Helsinki: Gaudeamus Oy, 37\u201354.<\/p>\n\n\n\n<p>geralt. 2017. Altmann, G. Aurinko, auringonkukka, onnea, yhteis\u00f6. Pixabay. Viitattu 20.11.2024. Saatavissa <a href=\"https:\/\/pixabay.com\/fi\/photos\/aurinko-auringonkukka-onnea-yhteis%C3%B6-2574946\/\">https:\/\/pixabay.com\/fi\/photos\/aurinko-auringonkukka-onnea-yhteis%C3%B6-2574946\/<\/a><\/p>\n\n\n\n<p>Kylm\u00e4, J., Paavilainen, E. &amp; Kaunonen, M. 2021. Mielenterveys ja perhe. Teoksessa Harju, E., Palonen, M. &amp; Sarell, N. (toim.) Yhdess\u00e4 perheen kanssa \u2013 Perheiden ja terveydenhuollon kohtaamisia. Helsinki: Gaudeamus Oy, 159\u2013180.<\/p>\n\n\n\n<p>Lastensuojelun keskusliitto. 2022. Lastensuojelu ei korvaa lasten ja nuorten mielenterveyspalveluita. Viitattu 30.10.2024. Saatavissa&nbsp; <a href=\"https:\/\/www.lskl.fi\/wp-content\/uploads\/2022\/04\/20220407LastensuojeluEiKorvaaLastenJaNuortenMielenterveyspalveluitaKannanotto2022.pdf\">https:\/\/www.lskl.fi\/wp-content\/uploads\/2022\/04\/20220407LastensuojeluEiKorvaaLastenJaNuortenMielenterveyspalveluitaKannanotto2022.pdf<\/a><\/p>\n\n\n\n<p>Mustonen, K. &amp; Frimodig, A. 2022. Terapeuttinen dialogi\u2013 lasten mielenterveysty\u00f6n ja lastensuojelun yhteist\u00e4 oppimista ja osaamista. Teoksessa Yliruka, L., Eriksson, P., Jokinen, L. &amp; Pasanen, K. (toim.) Kohti monitoimijaista lastensuojelua hyvinvointialueilla. 170\u2500180. Helsinki: Terveyden ja hyvinvoinnin laitos. Viitattu 29.10.2024. Saatavissa <a href=\"https:\/\/www.julkari.fi\/bitstream\/handle\/10024\/145628\/TYO%cc%882022_052_Kohti%20monitoimijaista%20lastensuojelua%20hyvinvointialueilla_s_Korjattu%20260123.pdf?sequence=7&amp;isAllowed=y\">https:\/\/www.julkari.fi\/bitstream\/handle\/10024\/145628\/TYO%cc%882022_052_Kohti%20monitoimijaista%20lastensuojelua%20hyvinvointialueilla_s_Korjattu%20260123.pdf?sequence=7&amp;isAllowed=y<\/a><\/p>\n\n\n\n<p>Pitk\u00e4nen, T., Tourunen, J., Huhta, H., Kaskela, T., Takala, J., Helfer, A., Jurvanen, S., Laine, R., Larivaara, M. &amp; Suurp\u00e4\u00e4, L. 2022. Nuorten mielenterveyden tukeminen sosiaalihuollossa ja matalan kynnyksen toiminnassa &#8211; Ty\u00f6ntekij\u00f6iden ja nuorten n\u00e4kemyksi\u00e4 tarpeista ja toimintatavoista. Valtioneuvoston selvitys \u2013 ja tutkimustoiminnan julkaisusarja 2022:65. Viitattu 30.10.2024. Saatavissa <a href=\"https:\/\/julkaisut.valtioneuvosto.fi\/bitstream\/handle\/10024\/164402\/VNTEAS_2022_65.pdf?sequence=1&amp;isAllowed=y\">https:\/\/julkaisut.valtioneuvosto.fi\/bitstream\/handle\/10024\/164402\/VNTEAS_2022_65.pdf?sequence=1&amp;isAllowed=y<\/a><\/p>\n\n\n\n<p>Timonen-Kallio, E., Yliruka, L. &amp; N\u00e4rhi, P. 2017.Lastensuojelun terapeuttisen laitoskasvatuksen mallinnus. Terveyden ja hyvinvoinnin laitos. Viitattu 29.10.2024. Saatavissa <a href=\"https:\/\/www.julkari.fi\/bitstream\/handle\/10024\/132319\/Tyo%cc%88paperi_2017_23_netti%20%282%29.pdf?sequence=1&amp;isAllowed=y\">https:\/\/www.julkari.fi\/bitstream\/handle\/10024\/132319\/Tyo%cc%88paperi_2017_23_netti%20%282%29.pdf?sequence=1&amp;isAllowed=y<\/a><\/p>\n\n\n\n<p>Valvira. 2022. Lastensuojelussa olevien mielenterveys- ja p\u00e4ihdepalvelut eiv\u00e4t toteudu lain edellytt\u00e4m\u00e4ll\u00e4 tavalla. Viitattu 30.10.2024. Saatavissa <a href=\"https:\/\/valvira.fi\/-\/lastensuojelussa-olevien-mielenterveys-ja-paihdepalvelut-eivat-toteudu-lain-edellyttamalla-tavalla\">https:\/\/valvira.fi\/-\/lastensuojelussa-olevien-mielenterveys-ja-paihdepalvelut-eivat-toteudu-lain-edellyttamalla-tavalla<\/a><\/p>\n\n\n\n<p><\/p>\n","protected":false},"excerpt":{"rendered":"<p>Lastensuojelun sijaishuollossa olevien lasten mielenterveyspalveluiden saatavuudessa on pitk\u00e4\u00e4n ollut puutteita. Sek\u00e4 erikoissairaanhoidon ett\u00e4 perustason hoitoon p\u00e4\u00e4sy on ollut vaikeaa, eik\u00e4 lastensuojelunpalveluiden voida nykyisell\u00e4\u00e4n olettaa vastaavaan t\u00e4h\u00e4n tarpeeseen. (Valvira 2022.)\u00a0 Sijoittaminen lastensuojelulaitokseen ei yksin\u00e4\u00e4n ole riitt\u00e4v\u00e4 toimi tilanteessa, jossa lapsella tai nuorella on tarve mielenterveyspalveluiden saamiselle. Sijoitus ei saa heikent\u00e4\u00e4 lapsen tai nuoren oikeutta mielenterveyspalveluihin. T\u00e4m\u00e4n [&hellip;]<\/p>\n","protected":false},"author":17,"featured_media":21906,"comment_status":"closed","ping_status":"open","sticky":false,"template":"","format":"standard","meta":{"footnotes":""},"categories":[15,119],"tags":[9904,1461,2111,750,486],"class_list":{"0":"post-21904","1":"post","2":"type-post","3":"status-publish","4":"format-standard","5":"has-post-thumbnail","7":"category-health_fi","8":"category-osallisuuden-edistaminen-ja-turvallinen-arki","9":"tag-artikkeli-d1","10":"tag-lastensuojelu","11":"tag-mielenterveyspalvelut","12":"tag-moniammatillisuus","13":"tag-yhteistyo","14":"czr-hentry"},"yoast_head":"<!-- This site is optimized with the Yoast SEO plugin v27.5 - https:\/\/yoast.com\/product\/yoast-seo-wordpress\/ -->\n<title>Lastensuojelun asiakkaiden mielenterveyspalvelut turvattava - LAB Focus<\/title>\n<meta name=\"robots\" content=\"index, follow, max-snippet:-1, max-image-preview:large, max-video-preview:-1\" \/>\n<link rel=\"canonical\" href=\"https:\/\/blogit.lab.fi\/labfocus\/lastensuojelun-asiakkaiden-mielenterveyspalvelut-turvattava\/\" \/>\n<meta property=\"og:locale\" content=\"fi_FI\" \/>\n<meta property=\"og:type\" content=\"article\" \/>\n<meta property=\"og:title\" content=\"Lastensuojelun asiakkaiden mielenterveyspalvelut turvattava - LAB Focus\" \/>\n<meta property=\"og:description\" content=\"Lastensuojelun sijaishuollossa olevien lasten mielenterveyspalveluiden saatavuudessa on pitk\u00e4\u00e4n ollut puutteita. Sek\u00e4 erikoissairaanhoidon ett\u00e4 perustason hoitoon p\u00e4\u00e4sy on ollut vaikeaa, eik\u00e4 lastensuojelunpalveluiden voida nykyisell\u00e4\u00e4n olettaa vastaavaan t\u00e4h\u00e4n tarpeeseen. (Valvira 2022.)\u00a0 Sijoittaminen lastensuojelulaitokseen ei yksin\u00e4\u00e4n ole riitt\u00e4v\u00e4 toimi tilanteessa, jossa lapsella tai nuorella on tarve mielenterveyspalveluiden saamiselle. Sijoitus ei saa heikent\u00e4\u00e4 lapsen tai nuoren oikeutta mielenterveyspalveluihin. T\u00e4m\u00e4n [&hellip;]\" \/>\n<meta property=\"og:url\" content=\"https:\/\/blogit.lab.fi\/labfocus\/lastensuojelun-asiakkaiden-mielenterveyspalvelut-turvattava\/\" \/>\n<meta property=\"og:site_name\" content=\"LAB Focus\" \/>\n<meta property=\"article:published_time\" content=\"2024-11-25T07:56:08+00:00\" \/>\n<meta property=\"article:modified_time\" content=\"2024-11-25T07:56:10+00:00\" \/>\n<meta property=\"og:image\" content=\"https:\/\/blogit.lab.fi\/labfocus\/wp-content\/uploads\/sites\/8\/2024\/11\/922_2024_Lastensuojelun-asiakkaiden-mielenterveyspalvelut-turvattava.jpg\" \/>\n\t<meta property=\"og:image:width\" content=\"1280\" \/>\n\t<meta property=\"og:image:height\" content=\"633\" \/>\n\t<meta property=\"og:image:type\" content=\"image\/jpeg\" \/>\n<meta name=\"author\" content=\"tainask\" \/>\n<meta name=\"twitter:card\" content=\"summary_large_image\" \/>\n<meta name=\"twitter:creator\" content=\"@LABfinland\" \/>\n<meta name=\"twitter:site\" content=\"@LABfinland\" \/>\n<meta name=\"twitter:label1\" content=\"Kirjoittanut\" \/>\n\t<meta name=\"twitter:data1\" content=\"tainask\" \/>\n\t<meta name=\"twitter:label2\" content=\"Arvioitu lukuaika\" \/>\n\t<meta name=\"twitter:data2\" content=\"5 minuuttia\" \/>\n<script type=\"application\/ld+json\" class=\"yoast-schema-graph\">{\"@context\":\"https:\\\/\\\/schema.org\",\"@graph\":[{\"@type\":\"Article\",\"@id\":\"https:\\\/\\\/blogit.lab.fi\\\/labfocus\\\/lastensuojelun-asiakkaiden-mielenterveyspalvelut-turvattava\\\/#article\",\"isPartOf\":{\"@id\":\"https:\\\/\\\/blogit.lab.fi\\\/labfocus\\\/lastensuojelun-asiakkaiden-mielenterveyspalvelut-turvattava\\\/\"},\"author\":{\"name\":\"tainask\",\"@id\":\"https:\\\/\\\/blogit.lab.fi\\\/labfocus\\\/#\\\/schema\\\/person\\\/da729f65c4a2fb9fd8f0b1ec7a2ab7d0\"},\"headline\":\"Lastensuojelun asiakkaiden mielenterveyspalvelut turvattava\",\"datePublished\":\"2024-11-25T07:56:08+00:00\",\"dateModified\":\"2024-11-25T07:56:10+00:00\",\"mainEntityOfPage\":{\"@id\":\"https:\\\/\\\/blogit.lab.fi\\\/labfocus\\\/lastensuojelun-asiakkaiden-mielenterveyspalvelut-turvattava\\\/\"},\"wordCount\":869,\"publisher\":{\"@id\":\"https:\\\/\\\/blogit.lab.fi\\\/labfocus\\\/#organization\"},\"image\":{\"@id\":\"https:\\\/\\\/blogit.lab.fi\\\/labfocus\\\/lastensuojelun-asiakkaiden-mielenterveyspalvelut-turvattava\\\/#primaryimage\"},\"thumbnailUrl\":\"https:\\\/\\\/blogit.lab.fi\\\/labfocus\\\/wp-content\\\/uploads\\\/sites\\\/8\\\/2024\\\/11\\\/922_2024_Lastensuojelun-asiakkaiden-mielenterveyspalvelut-turvattava.jpg\",\"keywords\":[\"Artikkeli D1\",\"lastensuojelu\",\"mielenterveyspalvelut\",\"Moniammatillisuus\",\"yhteisty\u00f6\"],\"articleSection\":[\"Health\",\"Osallisuus, ty\u00f6el\u00e4m\u00e4 ja turvallinen arki\"],\"inLanguage\":\"fi\"},{\"@type\":\"WebPage\",\"@id\":\"https:\\\/\\\/blogit.lab.fi\\\/labfocus\\\/lastensuojelun-asiakkaiden-mielenterveyspalvelut-turvattava\\\/\",\"url\":\"https:\\\/\\\/blogit.lab.fi\\\/labfocus\\\/lastensuojelun-asiakkaiden-mielenterveyspalvelut-turvattava\\\/\",\"name\":\"Lastensuojelun asiakkaiden mielenterveyspalvelut turvattava - LAB Focus\",\"isPartOf\":{\"@id\":\"https:\\\/\\\/blogit.lab.fi\\\/labfocus\\\/#website\"},\"primaryImageOfPage\":{\"@id\":\"https:\\\/\\\/blogit.lab.fi\\\/labfocus\\\/lastensuojelun-asiakkaiden-mielenterveyspalvelut-turvattava\\\/#primaryimage\"},\"image\":{\"@id\":\"https:\\\/\\\/blogit.lab.fi\\\/labfocus\\\/lastensuojelun-asiakkaiden-mielenterveyspalvelut-turvattava\\\/#primaryimage\"},\"thumbnailUrl\":\"https:\\\/\\\/blogit.lab.fi\\\/labfocus\\\/wp-content\\\/uploads\\\/sites\\\/8\\\/2024\\\/11\\\/922_2024_Lastensuojelun-asiakkaiden-mielenterveyspalvelut-turvattava.jpg\",\"datePublished\":\"2024-11-25T07:56:08+00:00\",\"dateModified\":\"2024-11-25T07:56:10+00:00\",\"breadcrumb\":{\"@id\":\"https:\\\/\\\/blogit.lab.fi\\\/labfocus\\\/lastensuojelun-asiakkaiden-mielenterveyspalvelut-turvattava\\\/#breadcrumb\"},\"inLanguage\":\"fi\",\"potentialAction\":[{\"@type\":\"ReadAction\",\"target\":[\"https:\\\/\\\/blogit.lab.fi\\\/labfocus\\\/lastensuojelun-asiakkaiden-mielenterveyspalvelut-turvattava\\\/\"]}]},{\"@type\":\"ImageObject\",\"inLanguage\":\"fi\",\"@id\":\"https:\\\/\\\/blogit.lab.fi\\\/labfocus\\\/lastensuojelun-asiakkaiden-mielenterveyspalvelut-turvattava\\\/#primaryimage\",\"url\":\"https:\\\/\\\/blogit.lab.fi\\\/labfocus\\\/wp-content\\\/uploads\\\/sites\\\/8\\\/2024\\\/11\\\/922_2024_Lastensuojelun-asiakkaiden-mielenterveyspalvelut-turvattava.jpg\",\"contentUrl\":\"https:\\\/\\\/blogit.lab.fi\\\/labfocus\\\/wp-content\\\/uploads\\\/sites\\\/8\\\/2024\\\/11\\\/922_2024_Lastensuojelun-asiakkaiden-mielenterveyspalvelut-turvattava.jpg\",\"width\":1280,\"height\":633},{\"@type\":\"BreadcrumbList\",\"@id\":\"https:\\\/\\\/blogit.lab.fi\\\/labfocus\\\/lastensuojelun-asiakkaiden-mielenterveyspalvelut-turvattava\\\/#breadcrumb\",\"itemListElement\":[{\"@type\":\"ListItem\",\"position\":1,\"name\":\"Home\",\"item\":\"https:\\\/\\\/blogit.lab.fi\\\/labfocus\\\/\"},{\"@type\":\"ListItem\",\"position\":2,\"name\":\"Lastensuojelun asiakkaiden mielenterveyspalvelut turvattava\"}]},{\"@type\":\"WebSite\",\"@id\":\"https:\\\/\\\/blogit.lab.fi\\\/labfocus\\\/#website\",\"url\":\"https:\\\/\\\/blogit.lab.fi\\\/labfocus\\\/\",\"name\":\"LAB Focus\",\"description\":\"Focus Area blog | LAB University of Applied Sciences\",\"publisher\":{\"@id\":\"https:\\\/\\\/blogit.lab.fi\\\/labfocus\\\/#organization\"},\"potentialAction\":[{\"@type\":\"SearchAction\",\"target\":{\"@type\":\"EntryPoint\",\"urlTemplate\":\"https:\\\/\\\/blogit.lab.fi\\\/labfocus\\\/?s={search_term_string}\"},\"query-input\":{\"@type\":\"PropertyValueSpecification\",\"valueRequired\":true,\"valueName\":\"search_term_string\"}}],\"inLanguage\":\"fi\"},{\"@type\":\"Organization\",\"@id\":\"https:\\\/\\\/blogit.lab.fi\\\/labfocus\\\/#organization\",\"name\":\"LAB Focus\",\"url\":\"https:\\\/\\\/blogit.lab.fi\\\/labfocus\\\/\",\"logo\":{\"@type\":\"ImageObject\",\"inLanguage\":\"fi\",\"@id\":\"https:\\\/\\\/blogit.lab.fi\\\/labfocus\\\/#\\\/schema\\\/logo\\\/image\\\/\",\"url\":\"https:\\\/\\\/blogit.lab.fi\\\/labfocus\\\/wp-content\\\/uploads\\\/sites\\\/8\\\/2020\\\/04\\\/cropped-cropped-tunnus_blogi-01.png\",\"contentUrl\":\"https:\\\/\\\/blogit.lab.fi\\\/labfocus\\\/wp-content\\\/uploads\\\/sites\\\/8\\\/2020\\\/04\\\/cropped-cropped-tunnus_blogi-01.png\",\"width\":1342,\"height\":288,\"caption\":\"LAB Focus\"},\"image\":{\"@id\":\"https:\\\/\\\/blogit.lab.fi\\\/labfocus\\\/#\\\/schema\\\/logo\\\/image\\\/\"},\"sameAs\":[\"https:\\\/\\\/x.com\\\/LABfinland\"]},{\"@type\":\"Person\",\"@id\":\"https:\\\/\\\/blogit.lab.fi\\\/labfocus\\\/#\\\/schema\\\/person\\\/da729f65c4a2fb9fd8f0b1ec7a2ab7d0\",\"name\":\"tainask\",\"image\":{\"@type\":\"ImageObject\",\"inLanguage\":\"fi\",\"@id\":\"https:\\\/\\\/secure.gravatar.com\\\/avatar\\\/4a96427877ef826b76e80c27f60b266128094f522551459346efcf14282febb3?s=96&d=mm&r=g\",\"url\":\"https:\\\/\\\/secure.gravatar.com\\\/avatar\\\/4a96427877ef826b76e80c27f60b266128094f522551459346efcf14282febb3?s=96&d=mm&r=g\",\"contentUrl\":\"https:\\\/\\\/secure.gravatar.com\\\/avatar\\\/4a96427877ef826b76e80c27f60b266128094f522551459346efcf14282febb3?s=96&d=mm&r=g\",\"caption\":\"tainask\"},\"url\":\"https:\\\/\\\/blogit.lab.fi\\\/labfocus\\\/author\\\/tainask\\\/\"}]}<\/script>\n<!-- \/ Yoast SEO plugin. -->","yoast_head_json":{"title":"Lastensuojelun asiakkaiden mielenterveyspalvelut turvattava - LAB Focus","robots":{"index":"index","follow":"follow","max-snippet":"max-snippet:-1","max-image-preview":"max-image-preview:large","max-video-preview":"max-video-preview:-1"},"canonical":"https:\/\/blogit.lab.fi\/labfocus\/lastensuojelun-asiakkaiden-mielenterveyspalvelut-turvattava\/","og_locale":"fi_FI","og_type":"article","og_title":"Lastensuojelun asiakkaiden mielenterveyspalvelut turvattava - LAB Focus","og_description":"Lastensuojelun sijaishuollossa olevien lasten mielenterveyspalveluiden saatavuudessa on pitk\u00e4\u00e4n ollut puutteita. Sek\u00e4 erikoissairaanhoidon ett\u00e4 perustason hoitoon p\u00e4\u00e4sy on ollut vaikeaa, eik\u00e4 lastensuojelunpalveluiden voida nykyisell\u00e4\u00e4n olettaa vastaavaan t\u00e4h\u00e4n tarpeeseen. (Valvira 2022.)\u00a0 Sijoittaminen lastensuojelulaitokseen ei yksin\u00e4\u00e4n ole riitt\u00e4v\u00e4 toimi tilanteessa, jossa lapsella tai nuorella on tarve mielenterveyspalveluiden saamiselle. Sijoitus ei saa heikent\u00e4\u00e4 lapsen tai nuoren oikeutta mielenterveyspalveluihin. T\u00e4m\u00e4n [&hellip;]","og_url":"https:\/\/blogit.lab.fi\/labfocus\/lastensuojelun-asiakkaiden-mielenterveyspalvelut-turvattava\/","og_site_name":"LAB Focus","article_published_time":"2024-11-25T07:56:08+00:00","article_modified_time":"2024-11-25T07:56:10+00:00","og_image":[{"width":1280,"height":633,"url":"https:\/\/blogit.lab.fi\/labfocus\/wp-content\/uploads\/sites\/8\/2024\/11\/922_2024_Lastensuojelun-asiakkaiden-mielenterveyspalvelut-turvattava.jpg","type":"image\/jpeg"}],"author":"tainask","twitter_card":"summary_large_image","twitter_creator":"@LABfinland","twitter_site":"@LABfinland","twitter_misc":{"Kirjoittanut":"tainask","Arvioitu lukuaika":"5 minuuttia"},"schema":{"@context":"https:\/\/schema.org","@graph":[{"@type":"Article","@id":"https:\/\/blogit.lab.fi\/labfocus\/lastensuojelun-asiakkaiden-mielenterveyspalvelut-turvattava\/#article","isPartOf":{"@id":"https:\/\/blogit.lab.fi\/labfocus\/lastensuojelun-asiakkaiden-mielenterveyspalvelut-turvattava\/"},"author":{"name":"tainask","@id":"https:\/\/blogit.lab.fi\/labfocus\/#\/schema\/person\/da729f65c4a2fb9fd8f0b1ec7a2ab7d0"},"headline":"Lastensuojelun asiakkaiden mielenterveyspalvelut turvattava","datePublished":"2024-11-25T07:56:08+00:00","dateModified":"2024-11-25T07:56:10+00:00","mainEntityOfPage":{"@id":"https:\/\/blogit.lab.fi\/labfocus\/lastensuojelun-asiakkaiden-mielenterveyspalvelut-turvattava\/"},"wordCount":869,"publisher":{"@id":"https:\/\/blogit.lab.fi\/labfocus\/#organization"},"image":{"@id":"https:\/\/blogit.lab.fi\/labfocus\/lastensuojelun-asiakkaiden-mielenterveyspalvelut-turvattava\/#primaryimage"},"thumbnailUrl":"https:\/\/blogit.lab.fi\/labfocus\/wp-content\/uploads\/sites\/8\/2024\/11\/922_2024_Lastensuojelun-asiakkaiden-mielenterveyspalvelut-turvattava.jpg","keywords":["Artikkeli D1","lastensuojelu","mielenterveyspalvelut","Moniammatillisuus","yhteisty\u00f6"],"articleSection":["Health","Osallisuus, ty\u00f6el\u00e4m\u00e4 ja turvallinen arki"],"inLanguage":"fi"},{"@type":"WebPage","@id":"https:\/\/blogit.lab.fi\/labfocus\/lastensuojelun-asiakkaiden-mielenterveyspalvelut-turvattava\/","url":"https:\/\/blogit.lab.fi\/labfocus\/lastensuojelun-asiakkaiden-mielenterveyspalvelut-turvattava\/","name":"Lastensuojelun asiakkaiden mielenterveyspalvelut turvattava - LAB Focus","isPartOf":{"@id":"https:\/\/blogit.lab.fi\/labfocus\/#website"},"primaryImageOfPage":{"@id":"https:\/\/blogit.lab.fi\/labfocus\/lastensuojelun-asiakkaiden-mielenterveyspalvelut-turvattava\/#primaryimage"},"image":{"@id":"https:\/\/blogit.lab.fi\/labfocus\/lastensuojelun-asiakkaiden-mielenterveyspalvelut-turvattava\/#primaryimage"},"thumbnailUrl":"https:\/\/blogit.lab.fi\/labfocus\/wp-content\/uploads\/sites\/8\/2024\/11\/922_2024_Lastensuojelun-asiakkaiden-mielenterveyspalvelut-turvattava.jpg","datePublished":"2024-11-25T07:56:08+00:00","dateModified":"2024-11-25T07:56:10+00:00","breadcrumb":{"@id":"https:\/\/blogit.lab.fi\/labfocus\/lastensuojelun-asiakkaiden-mielenterveyspalvelut-turvattava\/#breadcrumb"},"inLanguage":"fi","potentialAction":[{"@type":"ReadAction","target":["https:\/\/blogit.lab.fi\/labfocus\/lastensuojelun-asiakkaiden-mielenterveyspalvelut-turvattava\/"]}]},{"@type":"ImageObject","inLanguage":"fi","@id":"https:\/\/blogit.lab.fi\/labfocus\/lastensuojelun-asiakkaiden-mielenterveyspalvelut-turvattava\/#primaryimage","url":"https:\/\/blogit.lab.fi\/labfocus\/wp-content\/uploads\/sites\/8\/2024\/11\/922_2024_Lastensuojelun-asiakkaiden-mielenterveyspalvelut-turvattava.jpg","contentUrl":"https:\/\/blogit.lab.fi\/labfocus\/wp-content\/uploads\/sites\/8\/2024\/11\/922_2024_Lastensuojelun-asiakkaiden-mielenterveyspalvelut-turvattava.jpg","width":1280,"height":633},{"@type":"BreadcrumbList","@id":"https:\/\/blogit.lab.fi\/labfocus\/lastensuojelun-asiakkaiden-mielenterveyspalvelut-turvattava\/#breadcrumb","itemListElement":[{"@type":"ListItem","position":1,"name":"Home","item":"https:\/\/blogit.lab.fi\/labfocus\/"},{"@type":"ListItem","position":2,"name":"Lastensuojelun asiakkaiden mielenterveyspalvelut turvattava"}]},{"@type":"WebSite","@id":"https:\/\/blogit.lab.fi\/labfocus\/#website","url":"https:\/\/blogit.lab.fi\/labfocus\/","name":"LAB Focus","description":"Focus Area blog | LAB University of Applied Sciences","publisher":{"@id":"https:\/\/blogit.lab.fi\/labfocus\/#organization"},"potentialAction":[{"@type":"SearchAction","target":{"@type":"EntryPoint","urlTemplate":"https:\/\/blogit.lab.fi\/labfocus\/?s={search_term_string}"},"query-input":{"@type":"PropertyValueSpecification","valueRequired":true,"valueName":"search_term_string"}}],"inLanguage":"fi"},{"@type":"Organization","@id":"https:\/\/blogit.lab.fi\/labfocus\/#organization","name":"LAB Focus","url":"https:\/\/blogit.lab.fi\/labfocus\/","logo":{"@type":"ImageObject","inLanguage":"fi","@id":"https:\/\/blogit.lab.fi\/labfocus\/#\/schema\/logo\/image\/","url":"https:\/\/blogit.lab.fi\/labfocus\/wp-content\/uploads\/sites\/8\/2020\/04\/cropped-cropped-tunnus_blogi-01.png","contentUrl":"https:\/\/blogit.lab.fi\/labfocus\/wp-content\/uploads\/sites\/8\/2020\/04\/cropped-cropped-tunnus_blogi-01.png","width":1342,"height":288,"caption":"LAB Focus"},"image":{"@id":"https:\/\/blogit.lab.fi\/labfocus\/#\/schema\/logo\/image\/"},"sameAs":["https:\/\/x.com\/LABfinland"]},{"@type":"Person","@id":"https:\/\/blogit.lab.fi\/labfocus\/#\/schema\/person\/da729f65c4a2fb9fd8f0b1ec7a2ab7d0","name":"tainask","image":{"@type":"ImageObject","inLanguage":"fi","@id":"https:\/\/secure.gravatar.com\/avatar\/4a96427877ef826b76e80c27f60b266128094f522551459346efcf14282febb3?s=96&d=mm&r=g","url":"https:\/\/secure.gravatar.com\/avatar\/4a96427877ef826b76e80c27f60b266128094f522551459346efcf14282febb3?s=96&d=mm&r=g","contentUrl":"https:\/\/secure.gravatar.com\/avatar\/4a96427877ef826b76e80c27f60b266128094f522551459346efcf14282febb3?s=96&d=mm&r=g","caption":"tainask"},"url":"https:\/\/blogit.lab.fi\/labfocus\/author\/tainask\/"}]}},"_links":{"self":[{"href":"https:\/\/blogit.lab.fi\/labfocus\/wp-json\/wp\/v2\/posts\/21904","targetHints":{"allow":["GET"]}}],"collection":[{"href":"https:\/\/blogit.lab.fi\/labfocus\/wp-json\/wp\/v2\/posts"}],"about":[{"href":"https:\/\/blogit.lab.fi\/labfocus\/wp-json\/wp\/v2\/types\/post"}],"author":[{"embeddable":true,"href":"https:\/\/blogit.lab.fi\/labfocus\/wp-json\/wp\/v2\/users\/17"}],"replies":[{"embeddable":true,"href":"https:\/\/blogit.lab.fi\/labfocus\/wp-json\/wp\/v2\/comments?post=21904"}],"version-history":[{"count":3,"href":"https:\/\/blogit.lab.fi\/labfocus\/wp-json\/wp\/v2\/posts\/21904\/revisions"}],"predecessor-version":[{"id":21909,"href":"https:\/\/blogit.lab.fi\/labfocus\/wp-json\/wp\/v2\/posts\/21904\/revisions\/21909"}],"wp:featuredmedia":[{"embeddable":true,"href":"https:\/\/blogit.lab.fi\/labfocus\/wp-json\/wp\/v2\/media\/21906"}],"wp:attachment":[{"href":"https:\/\/blogit.lab.fi\/labfocus\/wp-json\/wp\/v2\/media?parent=21904"}],"wp:term":[{"taxonomy":"category","embeddable":true,"href":"https:\/\/blogit.lab.fi\/labfocus\/wp-json\/wp\/v2\/categories?post=21904"},{"taxonomy":"post_tag","embeddable":true,"href":"https:\/\/blogit.lab.fi\/labfocus\/wp-json\/wp\/v2\/tags?post=21904"}],"curies":[{"name":"wp","href":"https:\/\/api.w.org\/{rel}","templated":true}]}}