{"id":22001,"date":"2024-11-26T09:42:56","date_gmt":"2024-11-26T07:42:56","guid":{"rendered":"https:\/\/blogit.lab.fi\/labfocus\/?p=22001"},"modified":"2024-11-26T09:42:57","modified_gmt":"2024-11-26T07:42:57","slug":"pienyritysdirektiivin-vaikutuksia-yritystoimintaan","status":"publish","type":"post","link":"https:\/\/blogit.lab.fi\/labfocus\/pienyritysdirektiivin-vaikutuksia-yritystoimintaan\/","title":{"rendered":"Pienyritysdirektiivin vaikutuksia yritystoimintaan"},"content":{"rendered":"\n<p>Pienyritysten toimintaan on tulossa muutoksia vuoden 2025 alusta perustuen EU:n pienyritysdirektiiviin. Direktiivin keskeisen\u00e4 tavoitteena on v\u00e4hent\u00e4\u00e4 EU:n alueella sijaitsevien pienten yritysten hallinnollisia teht\u00e4vi\u00e4, aikaansaada yrityksille samanveroiset toimintamahdollisuudet ja auttaa kansainv\u00e4lisen kaupan kehityst\u00e4 (Neuvoston Direktiivi (EU) 2020\/285).<\/p>\n\n\n\n<p>Tulevat muutokset koskevat kaikkia yritysmuotoja sek\u00e4 maa- ja mets\u00e4talouden harjoittajia.<\/p>\n\n\n\n<p>T\u00e4h\u00e4n saakka pienyritysten on pit\u00e4nyt rekister\u00f6ity\u00e4 arvonlis\u00e4verovelvollisiksi, mik\u00e4li yrityksen liikevaihto ylitt\u00e4\u00e4 15&nbsp;000 euroa. Lakimuutoksen yhteydess\u00e4 v\u00e4h\u00e4isen toiminnan raja nousee 15 000 eurosta 20 000 euroon (Verohallinto 2024). Jatkossa liikevaihdon laskemisessa arvioidaan pelk\u00e4st\u00e4\u00e4n kalenterivuoden liikevaihtoa t\u00e4m\u00e4nhetkisen tilikauden liikevaihdon sijaan. (Verohallinto 2024). Liikevaihdon laskemisen vaikutukset ulottuvat erityisesti niihin yrityksiin, joiden tilikausi ei ole kalenterivuosi.<\/p>\n\n\n\n<figure class=\"wp-block-image size-large\"><img loading=\"lazy\" decoding=\"async\" width=\"1024\" height=\"614\" src=\"https:\/\/blogit.lab.fi\/labfocus\/wp-content\/uploads\/sites\/8\/2024\/11\/967_2024_Pienyritysdirektiivin-vaikutuksia-yritystoimintaan-1024x614.jpg\" alt=\"\" class=\"wp-image-22003\" srcset=\"https:\/\/blogit.lab.fi\/labfocus\/wp-content\/uploads\/sites\/8\/2024\/11\/967_2024_Pienyritysdirektiivin-vaikutuksia-yritystoimintaan-1024x614.jpg 1024w, https:\/\/blogit.lab.fi\/labfocus\/wp-content\/uploads\/sites\/8\/2024\/11\/967_2024_Pienyritysdirektiivin-vaikutuksia-yritystoimintaan-300x180.jpg 300w, https:\/\/blogit.lab.fi\/labfocus\/wp-content\/uploads\/sites\/8\/2024\/11\/967_2024_Pienyritysdirektiivin-vaikutuksia-yritystoimintaan-768x460.jpg 768w, https:\/\/blogit.lab.fi\/labfocus\/wp-content\/uploads\/sites\/8\/2024\/11\/967_2024_Pienyritysdirektiivin-vaikutuksia-yritystoimintaan-570x342.jpg 570w, https:\/\/blogit.lab.fi\/labfocus\/wp-content\/uploads\/sites\/8\/2024\/11\/967_2024_Pienyritysdirektiivin-vaikutuksia-yritystoimintaan.jpg 1280w\" sizes=\"auto, (max-width: 1024px) 100vw, 1024px\" \/><figcaption class=\"wp-element-caption\">Kuva 1. Pienyritt\u00e4j\u00e4n on hyv\u00e4 olla selvill\u00e4 tulevista lakimuutoksista. (geralt 2018)<\/figcaption><\/figure>\n\n\n\n<p>Samassa yhteydess\u00e4 poistuu alv-alarajahuojennus. Ensi vuoden alusta alkaen ei ole en\u00e4\u00e4 mahdollista saada alv-alarajahuojennusta, vaikka liikevaihto 12 kuukauden tilikauden aikana j\u00e4isi alle 30 000 \u20ac:n. Huojennuksen poistumisella ei ole vaikutuksia alv-v\u00e4hennysoikeuteen. Eli alv-rekisteriss\u00e4 oleva yritt\u00e4j\u00e4 saa jatkossakin v\u00e4hent\u00e4\u00e4 arvonlis\u00e4veron tekemist\u00e4\u00e4n hankinnoista sek\u00e4 muista arvolis\u00e4veron sis\u00e4lt\u00e4vist\u00e4 ostoksista (Verohallinto 2024).<\/p>\n\n\n\n<h2 class=\"wp-block-heading\">Kuluttajapalveluita tarjoavalle mahdollisesti veroetua<\/h2>\n\n\n\n<p>Alv-alarajahuojennuksen poistumisella ei ole vaikutuksia pieniin yrityksiin, joiden liikevaihto j\u00e4\u00e4 alle 20&nbsp;000 euron. Pienet yritykset voivat edelleenkin k\u00e4ytt\u00e4\u00e4 hyv\u00e4ksi mahdollisuuden laskuttaa ilman arvonlis\u00e4veroa (OP-kevytyritt\u00e4j\u00e4 2024).<\/p>\n\n\n\n<p>K\u00e4yt\u00e4nn\u00f6ss\u00e4 muutoksen vaikutukset voivat tarkoittaa sit\u00e4, ett\u00e4 etenkin kuluttajapalveluita tarjoava pienyritt\u00e4j\u00e4 voi hy\u00f6ty\u00e4 verotuksellisesti siit\u00e4, ett\u00e4 v\u00e4h\u00e4isen liiketoiminnan raja nousee 20 000 euroon.<\/p>\n\n\n\n<p>Esimerkki alv-alarajahuojennuksen muutoksista: yrityksen tilikausi poikkeaa kalenterivuodesta ja on 1.5.2024 \u2013 30.4.2025. Mik\u00e4li yritys ilmoittaa arvonlis\u00e4verot kuukausittain, niin yritys voi saada alarajahuojennusta 1.5. \u2013 31.12.2024. Siin\u00e4 tapauksessa yrityksen tulee ilmoittaa alarajahuojennuksen tiedot joulukuun arvonlis\u00e4veroilmoituksella.<\/p>\n\n\n\n<p>Esimerkki v\u00e4h\u00e4isen liiketoiminnan rajan muutoksista: yrityksen 2024 kalenterivuoden liikevaihto on 14 000 euroa, ja kalenterivuoden 2025 liikevaihto tulee yrityksen arvion mukaan kasvamaan 17\u00a0000 euroon. Yrityksen ei tarvitse rekister\u00f6ity\u00e4 alv-rekisteriin, jos 20 000 euron liikevaihto ei ylity vuoden 2025 aikana. Mik\u00e4li liikevaihto kipuaa yli 20 000 euron rajan, yrityksen pit\u00e4\u00e4 ilmoittautua alv-rekisteriin siit\u00e4 hetkest\u00e4 l\u00e4htien, kun alaraja ylittyy.<\/p>\n\n\n\n<div class=\"wp-block-group has-background\" style=\"background-color:#b3edfb\"><div class=\"wp-block-group__inner-container is-layout-constrained wp-block-group-is-layout-constrained\">\n<p>Kirjoittaja<\/p>\n\n\n\n<p><strong>Jarmo Kemppinen<\/strong> ty\u00f6skentelee lehtorina LAB-ammattikorkeakoulussa opettaen muun muassa liiketalouden juridiikkaa.<\/p>\n<\/div><\/div>\n\n\n\n<h2 class=\"wp-block-heading\">L\u00e4hteet<\/h2>\n\n\n\n<p>geralt. 2018. Altmann, G. N\u00e4pp\u00e4imist\u00f6, k\u00e4det, kirjoittaa, tulo. Pixabay. Viitattu 19.11.2024. Saatavissa <a href=\"https:\/\/pixabay.com\/fi\/photos\/n%C3%A4pp%C3%A4imist%C3%B6-k%C3%A4det-kirjoittaa-tulo-3689223\/\">https:\/\/pixabay.com\/fi\/photos\/n%C3%A4pp%C3%A4imist%C3%B6-k%C3%A4det-kirjoittaa-tulo-3689223\/<\/a><\/p>\n\n\n\n<p>Neuvoston Direktiivi (EU) 2020\/285. Viitattu 19.11.2024. Saatavissa <a href=\"https:\/\/eur-lex.europa.eu\/legal-content\/FI\/TXT\/?uri=CELEX%3A32020L0285&amp;qid=1732013321247\">https:\/\/eur-lex.europa.eu\/legal-content\/FI\/TXT\/?uri=CELEX%3A32020L0285&amp;qid=1732013321247<\/a><\/p>\n\n\n\n<p>OP-Kevytyritt\u00e4j\u00e4. 2024. Alv-alarajahuojennus poistuu 1.1.2025 \u2013 lue alarajahuojennuksen muutoksista. Viitattu 19.11.2024. Saatavissa <a href=\"https:\/\/op-kevytyrittaja.fi\/yrittajan-oppaat\/alv-alarajahuojennus-poistuu\">https:\/\/op-kevytyrittaja.fi\/yrittajan-oppaat\/alv-alarajahuojennus-poistuu<\/a><\/p>\n\n\n\n<p>Verohallinto. 2024. Pienyritysten arvonlis\u00e4verotukseen muutoksia 2025 \u2013 v\u00e4h\u00e4isen toiminnan raja nousee, alarajahuojennus poistuu ja v\u00e4h\u00e4isen toiminnan verovapaus laajenee EU-maihin 2024. Uutishuone. Viitattu 19.11.2024. Saatavissa &nbsp;<a href=\"https:\/\/www.vero.fi\/tietoa-verohallinnosta\/uutishuone\/verotuksen_muutoksia\/pienyritysten-arvonlisaverotukseen-muutoksia-2025\/\">https:\/\/www.vero.fi\/tietoa-verohallinnosta\/uutishuone\/verotuksen_muutoksia\/pienyritysten-arvonlisaverotukseen-muutoksia-2025\/<\/a><\/p>\n\n\n\n<p><\/p>\n","protected":false},"excerpt":{"rendered":"<p>Pienyritysten toimintaan on tulossa muutoksia vuoden 2025 alusta perustuen EU:n pienyritysdirektiiviin. Direktiivin keskeisen\u00e4 tavoitteena on v\u00e4hent\u00e4\u00e4 EU:n alueella sijaitsevien pienten yritysten hallinnollisia teht\u00e4vi\u00e4, aikaansaada yrityksille samanveroiset toimintamahdollisuudet ja auttaa kansainv\u00e4lisen kaupan kehityst\u00e4 (Neuvoston Direktiivi (EU) 2020\/285). Tulevat muutokset koskevat kaikkia yritysmuotoja sek\u00e4 maa- ja mets\u00e4talouden harjoittajia. T\u00e4h\u00e4n saakka pienyritysten on pit\u00e4nyt rekister\u00f6ity\u00e4 arvonlis\u00e4verovelvollisiksi, mik\u00e4li yrityksen [&hellip;]<\/p>\n","protected":false},"author":17,"featured_media":22003,"comment_status":"closed","ping_status":"open","sticky":false,"template":"","format":"standard","meta":{"footnotes":""},"categories":[19,407],"tags":[10605,29,10607,10603],"class_list":{"0":"post-22001","1":"post","2":"type-post","3":"status-publish","4":"format-standard","5":"has-post-thumbnail","7":"category-innovations_fi","8":"category-uudistuva-ja-kehittyva-yrittajyys","9":"tag-alarajahuojennus","10":"tag-artikkeli-e1","11":"tag-pienyritysdirektiivi","12":"tag-vahainen-liiketoiminta","13":"czr-hentry"},"yoast_head":"<!-- This site is optimized with the Yoast SEO plugin v27.5 - https:\/\/yoast.com\/product\/yoast-seo-wordpress\/ -->\n<title>Pienyritysdirektiivin vaikutuksia yritystoimintaan - LAB Focus<\/title>\n<meta name=\"robots\" content=\"index, follow, max-snippet:-1, max-image-preview:large, max-video-preview:-1\" \/>\n<link rel=\"canonical\" href=\"https:\/\/blogit.lab.fi\/labfocus\/pienyritysdirektiivin-vaikutuksia-yritystoimintaan\/\" \/>\n<meta property=\"og:locale\" content=\"fi_FI\" \/>\n<meta property=\"og:type\" content=\"article\" \/>\n<meta property=\"og:title\" content=\"Pienyritysdirektiivin vaikutuksia yritystoimintaan - LAB Focus\" \/>\n<meta property=\"og:description\" content=\"Pienyritysten toimintaan on tulossa muutoksia vuoden 2025 alusta perustuen EU:n pienyritysdirektiiviin. Direktiivin keskeisen\u00e4 tavoitteena on v\u00e4hent\u00e4\u00e4 EU:n alueella sijaitsevien pienten yritysten hallinnollisia teht\u00e4vi\u00e4, aikaansaada yrityksille samanveroiset toimintamahdollisuudet ja auttaa kansainv\u00e4lisen kaupan kehityst\u00e4 (Neuvoston Direktiivi (EU) 2020\/285). Tulevat muutokset koskevat kaikkia yritysmuotoja sek\u00e4 maa- ja mets\u00e4talouden harjoittajia. T\u00e4h\u00e4n saakka pienyritysten on pit\u00e4nyt rekister\u00f6ity\u00e4 arvonlis\u00e4verovelvollisiksi, mik\u00e4li yrityksen [&hellip;]\" \/>\n<meta property=\"og:url\" content=\"https:\/\/blogit.lab.fi\/labfocus\/pienyritysdirektiivin-vaikutuksia-yritystoimintaan\/\" \/>\n<meta property=\"og:site_name\" content=\"LAB Focus\" \/>\n<meta property=\"article:published_time\" content=\"2024-11-26T07:42:56+00:00\" \/>\n<meta property=\"article:modified_time\" content=\"2024-11-26T07:42:57+00:00\" \/>\n<meta property=\"og:image\" content=\"https:\/\/blogit.lab.fi\/labfocus\/wp-content\/uploads\/sites\/8\/2024\/11\/967_2024_Pienyritysdirektiivin-vaikutuksia-yritystoimintaan.jpg\" \/>\n\t<meta property=\"og:image:width\" content=\"1280\" \/>\n\t<meta property=\"og:image:height\" content=\"767\" \/>\n\t<meta property=\"og:image:type\" content=\"image\/jpeg\" \/>\n<meta name=\"author\" content=\"tainask\" \/>\n<meta name=\"twitter:card\" content=\"summary_large_image\" \/>\n<meta name=\"twitter:creator\" content=\"@LABfinland\" \/>\n<meta name=\"twitter:site\" content=\"@LABfinland\" \/>\n<meta name=\"twitter:label1\" content=\"Kirjoittanut\" \/>\n\t<meta name=\"twitter:data1\" content=\"tainask\" \/>\n\t<meta name=\"twitter:label2\" content=\"Arvioitu lukuaika\" \/>\n\t<meta name=\"twitter:data2\" content=\"3 minuuttia\" \/>\n<script type=\"application\/ld+json\" class=\"yoast-schema-graph\">{\"@context\":\"https:\\\/\\\/schema.org\",\"@graph\":[{\"@type\":\"Article\",\"@id\":\"https:\\\/\\\/blogit.lab.fi\\\/labfocus\\\/pienyritysdirektiivin-vaikutuksia-yritystoimintaan\\\/#article\",\"isPartOf\":{\"@id\":\"https:\\\/\\\/blogit.lab.fi\\\/labfocus\\\/pienyritysdirektiivin-vaikutuksia-yritystoimintaan\\\/\"},\"author\":{\"name\":\"tainask\",\"@id\":\"https:\\\/\\\/blogit.lab.fi\\\/labfocus\\\/#\\\/schema\\\/person\\\/da729f65c4a2fb9fd8f0b1ec7a2ab7d0\"},\"headline\":\"Pienyritysdirektiivin vaikutuksia yritystoimintaan\",\"datePublished\":\"2024-11-26T07:42:56+00:00\",\"dateModified\":\"2024-11-26T07:42:57+00:00\",\"mainEntityOfPage\":{\"@id\":\"https:\\\/\\\/blogit.lab.fi\\\/labfocus\\\/pienyritysdirektiivin-vaikutuksia-yritystoimintaan\\\/\"},\"wordCount\":429,\"publisher\":{\"@id\":\"https:\\\/\\\/blogit.lab.fi\\\/labfocus\\\/#organization\"},\"image\":{\"@id\":\"https:\\\/\\\/blogit.lab.fi\\\/labfocus\\\/pienyritysdirektiivin-vaikutuksia-yritystoimintaan\\\/#primaryimage\"},\"thumbnailUrl\":\"https:\\\/\\\/blogit.lab.fi\\\/labfocus\\\/wp-content\\\/uploads\\\/sites\\\/8\\\/2024\\\/11\\\/967_2024_Pienyritysdirektiivin-vaikutuksia-yritystoimintaan.jpg\",\"keywords\":[\"alarajahuojennus\",\"Artikkeli E1\",\"pienyritysdirektiivi\",\"v\u00e4h\u00e4inen liiketoiminta\"],\"articleSection\":[\"Innovations\",\"Uudistuva ja kehittyv\u00e4 yritt\u00e4jyys\"],\"inLanguage\":\"fi\"},{\"@type\":\"WebPage\",\"@id\":\"https:\\\/\\\/blogit.lab.fi\\\/labfocus\\\/pienyritysdirektiivin-vaikutuksia-yritystoimintaan\\\/\",\"url\":\"https:\\\/\\\/blogit.lab.fi\\\/labfocus\\\/pienyritysdirektiivin-vaikutuksia-yritystoimintaan\\\/\",\"name\":\"Pienyritysdirektiivin vaikutuksia yritystoimintaan - LAB Focus\",\"isPartOf\":{\"@id\":\"https:\\\/\\\/blogit.lab.fi\\\/labfocus\\\/#website\"},\"primaryImageOfPage\":{\"@id\":\"https:\\\/\\\/blogit.lab.fi\\\/labfocus\\\/pienyritysdirektiivin-vaikutuksia-yritystoimintaan\\\/#primaryimage\"},\"image\":{\"@id\":\"https:\\\/\\\/blogit.lab.fi\\\/labfocus\\\/pienyritysdirektiivin-vaikutuksia-yritystoimintaan\\\/#primaryimage\"},\"thumbnailUrl\":\"https:\\\/\\\/blogit.lab.fi\\\/labfocus\\\/wp-content\\\/uploads\\\/sites\\\/8\\\/2024\\\/11\\\/967_2024_Pienyritysdirektiivin-vaikutuksia-yritystoimintaan.jpg\",\"datePublished\":\"2024-11-26T07:42:56+00:00\",\"dateModified\":\"2024-11-26T07:42:57+00:00\",\"breadcrumb\":{\"@id\":\"https:\\\/\\\/blogit.lab.fi\\\/labfocus\\\/pienyritysdirektiivin-vaikutuksia-yritystoimintaan\\\/#breadcrumb\"},\"inLanguage\":\"fi\",\"potentialAction\":[{\"@type\":\"ReadAction\",\"target\":[\"https:\\\/\\\/blogit.lab.fi\\\/labfocus\\\/pienyritysdirektiivin-vaikutuksia-yritystoimintaan\\\/\"]}]},{\"@type\":\"ImageObject\",\"inLanguage\":\"fi\",\"@id\":\"https:\\\/\\\/blogit.lab.fi\\\/labfocus\\\/pienyritysdirektiivin-vaikutuksia-yritystoimintaan\\\/#primaryimage\",\"url\":\"https:\\\/\\\/blogit.lab.fi\\\/labfocus\\\/wp-content\\\/uploads\\\/sites\\\/8\\\/2024\\\/11\\\/967_2024_Pienyritysdirektiivin-vaikutuksia-yritystoimintaan.jpg\",\"contentUrl\":\"https:\\\/\\\/blogit.lab.fi\\\/labfocus\\\/wp-content\\\/uploads\\\/sites\\\/8\\\/2024\\\/11\\\/967_2024_Pienyritysdirektiivin-vaikutuksia-yritystoimintaan.jpg\",\"width\":1280,\"height\":767},{\"@type\":\"BreadcrumbList\",\"@id\":\"https:\\\/\\\/blogit.lab.fi\\\/labfocus\\\/pienyritysdirektiivin-vaikutuksia-yritystoimintaan\\\/#breadcrumb\",\"itemListElement\":[{\"@type\":\"ListItem\",\"position\":1,\"name\":\"Home\",\"item\":\"https:\\\/\\\/blogit.lab.fi\\\/labfocus\\\/\"},{\"@type\":\"ListItem\",\"position\":2,\"name\":\"Pienyritysdirektiivin vaikutuksia yritystoimintaan\"}]},{\"@type\":\"WebSite\",\"@id\":\"https:\\\/\\\/blogit.lab.fi\\\/labfocus\\\/#website\",\"url\":\"https:\\\/\\\/blogit.lab.fi\\\/labfocus\\\/\",\"name\":\"LAB Focus\",\"description\":\"Focus Area blog | LAB University of Applied Sciences\",\"publisher\":{\"@id\":\"https:\\\/\\\/blogit.lab.fi\\\/labfocus\\\/#organization\"},\"potentialAction\":[{\"@type\":\"SearchAction\",\"target\":{\"@type\":\"EntryPoint\",\"urlTemplate\":\"https:\\\/\\\/blogit.lab.fi\\\/labfocus\\\/?s={search_term_string}\"},\"query-input\":{\"@type\":\"PropertyValueSpecification\",\"valueRequired\":true,\"valueName\":\"search_term_string\"}}],\"inLanguage\":\"fi\"},{\"@type\":\"Organization\",\"@id\":\"https:\\\/\\\/blogit.lab.fi\\\/labfocus\\\/#organization\",\"name\":\"LAB Focus\",\"url\":\"https:\\\/\\\/blogit.lab.fi\\\/labfocus\\\/\",\"logo\":{\"@type\":\"ImageObject\",\"inLanguage\":\"fi\",\"@id\":\"https:\\\/\\\/blogit.lab.fi\\\/labfocus\\\/#\\\/schema\\\/logo\\\/image\\\/\",\"url\":\"https:\\\/\\\/blogit.lab.fi\\\/labfocus\\\/wp-content\\\/uploads\\\/sites\\\/8\\\/2020\\\/04\\\/cropped-cropped-tunnus_blogi-01.png\",\"contentUrl\":\"https:\\\/\\\/blogit.lab.fi\\\/labfocus\\\/wp-content\\\/uploads\\\/sites\\\/8\\\/2020\\\/04\\\/cropped-cropped-tunnus_blogi-01.png\",\"width\":1342,\"height\":288,\"caption\":\"LAB Focus\"},\"image\":{\"@id\":\"https:\\\/\\\/blogit.lab.fi\\\/labfocus\\\/#\\\/schema\\\/logo\\\/image\\\/\"},\"sameAs\":[\"https:\\\/\\\/x.com\\\/LABfinland\"]},{\"@type\":\"Person\",\"@id\":\"https:\\\/\\\/blogit.lab.fi\\\/labfocus\\\/#\\\/schema\\\/person\\\/da729f65c4a2fb9fd8f0b1ec7a2ab7d0\",\"name\":\"tainask\",\"image\":{\"@type\":\"ImageObject\",\"inLanguage\":\"fi\",\"@id\":\"https:\\\/\\\/secure.gravatar.com\\\/avatar\\\/4a96427877ef826b76e80c27f60b266128094f522551459346efcf14282febb3?s=96&d=mm&r=g\",\"url\":\"https:\\\/\\\/secure.gravatar.com\\\/avatar\\\/4a96427877ef826b76e80c27f60b266128094f522551459346efcf14282febb3?s=96&d=mm&r=g\",\"contentUrl\":\"https:\\\/\\\/secure.gravatar.com\\\/avatar\\\/4a96427877ef826b76e80c27f60b266128094f522551459346efcf14282febb3?s=96&d=mm&r=g\",\"caption\":\"tainask\"},\"url\":\"https:\\\/\\\/blogit.lab.fi\\\/labfocus\\\/author\\\/tainask\\\/\"}]}<\/script>\n<!-- \/ Yoast SEO plugin. -->","yoast_head_json":{"title":"Pienyritysdirektiivin vaikutuksia yritystoimintaan - LAB Focus","robots":{"index":"index","follow":"follow","max-snippet":"max-snippet:-1","max-image-preview":"max-image-preview:large","max-video-preview":"max-video-preview:-1"},"canonical":"https:\/\/blogit.lab.fi\/labfocus\/pienyritysdirektiivin-vaikutuksia-yritystoimintaan\/","og_locale":"fi_FI","og_type":"article","og_title":"Pienyritysdirektiivin vaikutuksia yritystoimintaan - LAB Focus","og_description":"Pienyritysten toimintaan on tulossa muutoksia vuoden 2025 alusta perustuen EU:n pienyritysdirektiiviin. Direktiivin keskeisen\u00e4 tavoitteena on v\u00e4hent\u00e4\u00e4 EU:n alueella sijaitsevien pienten yritysten hallinnollisia teht\u00e4vi\u00e4, aikaansaada yrityksille samanveroiset toimintamahdollisuudet ja auttaa kansainv\u00e4lisen kaupan kehityst\u00e4 (Neuvoston Direktiivi (EU) 2020\/285). Tulevat muutokset koskevat kaikkia yritysmuotoja sek\u00e4 maa- ja mets\u00e4talouden harjoittajia. T\u00e4h\u00e4n saakka pienyritysten on pit\u00e4nyt rekister\u00f6ity\u00e4 arvonlis\u00e4verovelvollisiksi, mik\u00e4li yrityksen [&hellip;]","og_url":"https:\/\/blogit.lab.fi\/labfocus\/pienyritysdirektiivin-vaikutuksia-yritystoimintaan\/","og_site_name":"LAB Focus","article_published_time":"2024-11-26T07:42:56+00:00","article_modified_time":"2024-11-26T07:42:57+00:00","og_image":[{"width":1280,"height":767,"url":"https:\/\/blogit.lab.fi\/labfocus\/wp-content\/uploads\/sites\/8\/2024\/11\/967_2024_Pienyritysdirektiivin-vaikutuksia-yritystoimintaan.jpg","type":"image\/jpeg"}],"author":"tainask","twitter_card":"summary_large_image","twitter_creator":"@LABfinland","twitter_site":"@LABfinland","twitter_misc":{"Kirjoittanut":"tainask","Arvioitu lukuaika":"3 minuuttia"},"schema":{"@context":"https:\/\/schema.org","@graph":[{"@type":"Article","@id":"https:\/\/blogit.lab.fi\/labfocus\/pienyritysdirektiivin-vaikutuksia-yritystoimintaan\/#article","isPartOf":{"@id":"https:\/\/blogit.lab.fi\/labfocus\/pienyritysdirektiivin-vaikutuksia-yritystoimintaan\/"},"author":{"name":"tainask","@id":"https:\/\/blogit.lab.fi\/labfocus\/#\/schema\/person\/da729f65c4a2fb9fd8f0b1ec7a2ab7d0"},"headline":"Pienyritysdirektiivin vaikutuksia yritystoimintaan","datePublished":"2024-11-26T07:42:56+00:00","dateModified":"2024-11-26T07:42:57+00:00","mainEntityOfPage":{"@id":"https:\/\/blogit.lab.fi\/labfocus\/pienyritysdirektiivin-vaikutuksia-yritystoimintaan\/"},"wordCount":429,"publisher":{"@id":"https:\/\/blogit.lab.fi\/labfocus\/#organization"},"image":{"@id":"https:\/\/blogit.lab.fi\/labfocus\/pienyritysdirektiivin-vaikutuksia-yritystoimintaan\/#primaryimage"},"thumbnailUrl":"https:\/\/blogit.lab.fi\/labfocus\/wp-content\/uploads\/sites\/8\/2024\/11\/967_2024_Pienyritysdirektiivin-vaikutuksia-yritystoimintaan.jpg","keywords":["alarajahuojennus","Artikkeli E1","pienyritysdirektiivi","v\u00e4h\u00e4inen liiketoiminta"],"articleSection":["Innovations","Uudistuva ja kehittyv\u00e4 yritt\u00e4jyys"],"inLanguage":"fi"},{"@type":"WebPage","@id":"https:\/\/blogit.lab.fi\/labfocus\/pienyritysdirektiivin-vaikutuksia-yritystoimintaan\/","url":"https:\/\/blogit.lab.fi\/labfocus\/pienyritysdirektiivin-vaikutuksia-yritystoimintaan\/","name":"Pienyritysdirektiivin vaikutuksia yritystoimintaan - LAB Focus","isPartOf":{"@id":"https:\/\/blogit.lab.fi\/labfocus\/#website"},"primaryImageOfPage":{"@id":"https:\/\/blogit.lab.fi\/labfocus\/pienyritysdirektiivin-vaikutuksia-yritystoimintaan\/#primaryimage"},"image":{"@id":"https:\/\/blogit.lab.fi\/labfocus\/pienyritysdirektiivin-vaikutuksia-yritystoimintaan\/#primaryimage"},"thumbnailUrl":"https:\/\/blogit.lab.fi\/labfocus\/wp-content\/uploads\/sites\/8\/2024\/11\/967_2024_Pienyritysdirektiivin-vaikutuksia-yritystoimintaan.jpg","datePublished":"2024-11-26T07:42:56+00:00","dateModified":"2024-11-26T07:42:57+00:00","breadcrumb":{"@id":"https:\/\/blogit.lab.fi\/labfocus\/pienyritysdirektiivin-vaikutuksia-yritystoimintaan\/#breadcrumb"},"inLanguage":"fi","potentialAction":[{"@type":"ReadAction","target":["https:\/\/blogit.lab.fi\/labfocus\/pienyritysdirektiivin-vaikutuksia-yritystoimintaan\/"]}]},{"@type":"ImageObject","inLanguage":"fi","@id":"https:\/\/blogit.lab.fi\/labfocus\/pienyritysdirektiivin-vaikutuksia-yritystoimintaan\/#primaryimage","url":"https:\/\/blogit.lab.fi\/labfocus\/wp-content\/uploads\/sites\/8\/2024\/11\/967_2024_Pienyritysdirektiivin-vaikutuksia-yritystoimintaan.jpg","contentUrl":"https:\/\/blogit.lab.fi\/labfocus\/wp-content\/uploads\/sites\/8\/2024\/11\/967_2024_Pienyritysdirektiivin-vaikutuksia-yritystoimintaan.jpg","width":1280,"height":767},{"@type":"BreadcrumbList","@id":"https:\/\/blogit.lab.fi\/labfocus\/pienyritysdirektiivin-vaikutuksia-yritystoimintaan\/#breadcrumb","itemListElement":[{"@type":"ListItem","position":1,"name":"Home","item":"https:\/\/blogit.lab.fi\/labfocus\/"},{"@type":"ListItem","position":2,"name":"Pienyritysdirektiivin vaikutuksia yritystoimintaan"}]},{"@type":"WebSite","@id":"https:\/\/blogit.lab.fi\/labfocus\/#website","url":"https:\/\/blogit.lab.fi\/labfocus\/","name":"LAB Focus","description":"Focus Area blog | LAB University of Applied Sciences","publisher":{"@id":"https:\/\/blogit.lab.fi\/labfocus\/#organization"},"potentialAction":[{"@type":"SearchAction","target":{"@type":"EntryPoint","urlTemplate":"https:\/\/blogit.lab.fi\/labfocus\/?s={search_term_string}"},"query-input":{"@type":"PropertyValueSpecification","valueRequired":true,"valueName":"search_term_string"}}],"inLanguage":"fi"},{"@type":"Organization","@id":"https:\/\/blogit.lab.fi\/labfocus\/#organization","name":"LAB Focus","url":"https:\/\/blogit.lab.fi\/labfocus\/","logo":{"@type":"ImageObject","inLanguage":"fi","@id":"https:\/\/blogit.lab.fi\/labfocus\/#\/schema\/logo\/image\/","url":"https:\/\/blogit.lab.fi\/labfocus\/wp-content\/uploads\/sites\/8\/2020\/04\/cropped-cropped-tunnus_blogi-01.png","contentUrl":"https:\/\/blogit.lab.fi\/labfocus\/wp-content\/uploads\/sites\/8\/2020\/04\/cropped-cropped-tunnus_blogi-01.png","width":1342,"height":288,"caption":"LAB Focus"},"image":{"@id":"https:\/\/blogit.lab.fi\/labfocus\/#\/schema\/logo\/image\/"},"sameAs":["https:\/\/x.com\/LABfinland"]},{"@type":"Person","@id":"https:\/\/blogit.lab.fi\/labfocus\/#\/schema\/person\/da729f65c4a2fb9fd8f0b1ec7a2ab7d0","name":"tainask","image":{"@type":"ImageObject","inLanguage":"fi","@id":"https:\/\/secure.gravatar.com\/avatar\/4a96427877ef826b76e80c27f60b266128094f522551459346efcf14282febb3?s=96&d=mm&r=g","url":"https:\/\/secure.gravatar.com\/avatar\/4a96427877ef826b76e80c27f60b266128094f522551459346efcf14282febb3?s=96&d=mm&r=g","contentUrl":"https:\/\/secure.gravatar.com\/avatar\/4a96427877ef826b76e80c27f60b266128094f522551459346efcf14282febb3?s=96&d=mm&r=g","caption":"tainask"},"url":"https:\/\/blogit.lab.fi\/labfocus\/author\/tainask\/"}]}},"_links":{"self":[{"href":"https:\/\/blogit.lab.fi\/labfocus\/wp-json\/wp\/v2\/posts\/22001","targetHints":{"allow":["GET"]}}],"collection":[{"href":"https:\/\/blogit.lab.fi\/labfocus\/wp-json\/wp\/v2\/posts"}],"about":[{"href":"https:\/\/blogit.lab.fi\/labfocus\/wp-json\/wp\/v2\/types\/post"}],"author":[{"embeddable":true,"href":"https:\/\/blogit.lab.fi\/labfocus\/wp-json\/wp\/v2\/users\/17"}],"replies":[{"embeddable":true,"href":"https:\/\/blogit.lab.fi\/labfocus\/wp-json\/wp\/v2\/comments?post=22001"}],"version-history":[{"count":1,"href":"https:\/\/blogit.lab.fi\/labfocus\/wp-json\/wp\/v2\/posts\/22001\/revisions"}],"predecessor-version":[{"id":22004,"href":"https:\/\/blogit.lab.fi\/labfocus\/wp-json\/wp\/v2\/posts\/22001\/revisions\/22004"}],"wp:featuredmedia":[{"embeddable":true,"href":"https:\/\/blogit.lab.fi\/labfocus\/wp-json\/wp\/v2\/media\/22003"}],"wp:attachment":[{"href":"https:\/\/blogit.lab.fi\/labfocus\/wp-json\/wp\/v2\/media?parent=22001"}],"wp:term":[{"taxonomy":"category","embeddable":true,"href":"https:\/\/blogit.lab.fi\/labfocus\/wp-json\/wp\/v2\/categories?post=22001"},{"taxonomy":"post_tag","embeddable":true,"href":"https:\/\/blogit.lab.fi\/labfocus\/wp-json\/wp\/v2\/tags?post=22001"}],"curies":[{"name":"wp","href":"https:\/\/api.w.org\/{rel}","templated":true}]}}