{"id":22076,"date":"2024-11-28T10:25:24","date_gmt":"2024-11-28T08:25:24","guid":{"rendered":"https:\/\/blogit.lab.fi\/labfocus\/?p=22076"},"modified":"2024-11-28T10:25:26","modified_gmt":"2024-11-28T08:25:26","slug":"tulen-ja-jaan-laulu","status":"publish","type":"post","link":"https:\/\/blogit.lab.fi\/labfocus\/tulen-ja-jaan-laulu\/","title":{"rendered":"Tulen ja j\u00e4\u00e4n laulu"},"content":{"rendered":"\n<p>Islannin Reykjavikissa j\u00e4rjestettiin 15.-17.8.2024 Nordic Academy of Management -j\u00e4rjest\u00f6n NFF2024-konferenssi, johon LAB-ammattikorkeakoulusta osallistui kuusi liiketoimintayksik\u00f6n palkkalistoilla olevaa henkil\u00f6\u00e4. Allekirjoittanut oli yksi n\u00e4ist\u00e4 henkil\u00f6ist\u00e4, ja avaan t\u00e4ss\u00e4 blogitekstiss\u00e4 kokemuksia ja vinkkej\u00e4 muille halukkaille konferenssimatkaajille.<\/p>\n\n\n\n<h2 class=\"wp-block-heading\">Alkuja ja loppuja<\/h2>\n\n\n\n<p>Konferenssimatka alkaa aina artikkelista, jonka j\u00e4rjest\u00e4j\u00e4 hyv\u00e4ksyy ja tuo artikkeli on se, mit\u00e4 matkaajalle j\u00e4\u00e4 lopulta k\u00e4teen julkaisun muodossa konferenssin p\u00e4\u00e4ttymisen j\u00e4lkeen. \u201dArtikkeli\u201d ja eritoten \u201dtieteellinen artikkeli\u201d voi tuntua pelottavalta ajatukselta, jos sellaisia ei ennen ole kirjoittanut mutta kyseess\u00e4 ei kuitenkaan ole salatiede. Artikkelin kirjoittamista helpottaa, ett\u00e4 varsinainen hyv\u00e4ksyminen tulee yleens\u00e4 abstraktin perusteella. Abstraktissa kirjoittaja kertoo tiivistetysti, mit\u00e4 aihetta on tutkimassa, ja mink\u00e4laisia tuloksia voisi olla odotettavissa. Prosessia kun vertaa vaikka opinn\u00e4ytety\u00f6suunnitelman ja varsinaisen opinn\u00e4ytety\u00f6n tekemiseen, ei asia lopulta ole sen kummoisempi.<\/p>\n\n\n\n<h2 class=\"wp-block-heading\">Tyhj\u00e4n paperin syndrooma<\/h2>\n\n\n\n<p>Mist\u00e4 sitten kirjoittaisi? Jokaisella meist\u00e4 on varmasti omat ammatilliset mielenkiinnon kohteet. Niist\u00e4 on hyv\u00e4 aloittaa. Konferenssikutsuissa (\u201dCall for papers\u201d englanniksi) mainitaan, mink\u00e4 tyyppisi\u00e4 aiheita konferenssi k\u00e4sittelee, ja aiheet on yleens\u00e4 jaettu \u201dtrackeihin\u201d, joilla jokaisella on oma teemansa. Trackien kuvauksista on yleens\u00e4 hyv\u00e4 l\u00e4hte\u00e4 liikkeelle. LABin TKI-johtajat ovat auttaneet allekirjoittanutta l\u00f6yt\u00e4m\u00e4\u00e4n mielenkiintoisia konferensseja, joten heilt\u00e4 kannattaa pyyt\u00e4\u00e4 apua tai listausta. Usein jo julkaisseet ty\u00f6kaverit osaavat my\u00f6s vinkata.<\/p>\n\n\n\n<figure class=\"wp-block-image size-large\"><img loading=\"lazy\" decoding=\"async\" width=\"1024\" height=\"512\" src=\"https:\/\/blogit.lab.fi\/labfocus\/wp-content\/uploads\/sites\/8\/2024\/11\/976_2024_Tulen-ja-jaan-laulu-1024x512.jpg\" alt=\"[Alt-teksti: kahden rosoisen kalliosein\u00e4m\u00e4n v\u00e4list\u00e4 avautuu n\u00e4kym\u00e4 merelle ja vuoristoiseen rantaan.]\" class=\"wp-image-22077\" srcset=\"https:\/\/blogit.lab.fi\/labfocus\/wp-content\/uploads\/sites\/8\/2024\/11\/976_2024_Tulen-ja-jaan-laulu-1024x512.jpg 1024w, https:\/\/blogit.lab.fi\/labfocus\/wp-content\/uploads\/sites\/8\/2024\/11\/976_2024_Tulen-ja-jaan-laulu-300x150.jpg 300w, https:\/\/blogit.lab.fi\/labfocus\/wp-content\/uploads\/sites\/8\/2024\/11\/976_2024_Tulen-ja-jaan-laulu-768x384.jpg 768w, https:\/\/blogit.lab.fi\/labfocus\/wp-content\/uploads\/sites\/8\/2024\/11\/976_2024_Tulen-ja-jaan-laulu-570x285.jpg 570w, https:\/\/blogit.lab.fi\/labfocus\/wp-content\/uploads\/sites\/8\/2024\/11\/976_2024_Tulen-ja-jaan-laulu.jpg 1280w\" sizes=\"auto, (max-width: 1024px) 100vw, 1024px\" \/><figcaption class=\"wp-element-caption\">Kuva 1. Islannin laavamaisemat ovat kuin vieraalta planeetalta. (Kuva: Jaani V\u00e4is\u00e4nen)<\/figcaption><\/figure>\n\n\n\n<p>Edes aineiston puute ei v\u00e4ltt\u00e4m\u00e4tt\u00e4 est\u00e4 motivoitunutta kirjoittajaa. Konseptuaalinen paperi k\u00e4sittelee usein kirjallisuuden avulla jotain tietty\u00e4 ilmi\u00f6t\u00e4 ilman, ett\u00e4 siihen yritet\u00e4\u00e4n saada vahvistusta empiriasta, jolloin aineistoa ei tarvita (Gilson &amp; Goldberg 2015). Toinen vaihtoehto on tarkistaa, hyv\u00e4ksyyk\u00f6 konferenssi  research-in-progress -papereita, jolloin paperin ja siihen pohjautuvan esityksen p\u00e4\u00e4funktio on saada palautetta akateemisilta vertaisilta.<\/p>\n\n\n\n<h2 class=\"wp-block-heading\">Matkaan<\/h2>\n\n\n\n<p>Nyt hyv\u00e4ksymiskirje konferenssista on tullut, artikkeli on kirjoitettu, ja matkalaukut pakattu. On aika l\u00e4hte\u00e4 matkaan. On ehdottoman hyv\u00e4, jos saat matkaan muita kollegoita, jotka ovat kirjoittaneet omat artikkelinsa konferenssiin varsinkin, jos kyseess\u00e4 on ensimm\u00e4inen konferenssimatka. Mit\u00e4 konferenssissa joutuu sitten tekem\u00e4\u00e4n? Omaa hyv\u00e4ksytty\u00e4 paperia t\u00e4ytyy esitell\u00e4 yleens\u00e4 noin viidentoista minuutin ajan, mink\u00e4 j\u00e4lkeen saa palautetta yleis\u00f6lt\u00e4.<\/p>\n\n\n\n<p>Esityst\u00e4 ja palautetta t\u00e4rke\u00e4mp\u00e4\u00e4 on kuitenkin tavata ihmisi\u00e4, kuunnella toisten esityksi\u00e4, ja huomata, ettei akateeminen konferenssi loppujen lopulta niin pelottava olekaan. Aamiaisilla, illallisilla ja kiertoajeluilla k\u00e4ydyt kohtaamiset ovat avanneet todella paljon verkostoja, yhteisty\u00f6mahdollisuuksia sek\u00e4 -hankkeita. Mit\u00e4 enemm\u00e4n konferensseissa k\u00e4y, sit\u00e4 luontevammin onnistuu luomaan uusia kontakteja \u2013 ja p\u00e4\u00e4see tapaamaan vanhoja \u2013 joiden avulla LABin kv-tunnettuus kasvaa. Konferenssissa oleminen vaatii sen, ett\u00e4 on \u201dty\u00f6moodissa\u201d 24\/7 muutaman p\u00e4iv\u00e4n ajan mutta on ehdottomasti sen arvoista.<\/p>\n\n\n\n<div class=\"wp-block-group has-background\" style=\"background-color:#b3edfb\"><div class=\"wp-block-group__inner-container is-layout-constrained wp-block-group-is-layout-constrained\">\n<p>Kirjoittaja<\/p>\n\n\n\n<p><strong>Jaani V\u00e4is\u00e4nen<\/strong>, FT, toimii digitaalisen liiketoiminnan yliopettajana LABin liiketoimintayksik\u00f6ss\u00e4. H\u00e4n on kiert\u00e4nyt ja esitt\u00e4nyt konferensseissa ymp\u00e4ri maailmaa, ja auttaa mielell\u00e4\u00e4n muita kohti ensimm\u00e4isi\u00e4 konferenssiesityksi\u00e4.<\/p>\n<\/div><\/div>\n\n\n\n<h2 class=\"wp-block-heading\">L\u00e4hteet<\/h2>\n\n\n\n<p>Gilson, L. &amp; Goldberg, C. 2015. Editor\u2019s Comment: So, What Is a Conceptual Paper? Group &amp; Organization Management. Vol. 40(2), 127\u2013130.<\/p>\n","protected":false},"excerpt":{"rendered":"<p>Islannin Reykjavikissa j\u00e4rjestettiin 15.-17.8.2024 Nordic Academy of Management -j\u00e4rjest\u00f6n NFF2024-konferenssi, johon LAB-ammattikorkeakoulusta osallistui kuusi liiketoimintayksik\u00f6n palkkalistoilla olevaa henkil\u00f6\u00e4. Allekirjoittanut oli yksi n\u00e4ist\u00e4 henkil\u00f6ist\u00e4, ja avaan t\u00e4ss\u00e4 blogitekstiss\u00e4 kokemuksia ja vinkkej\u00e4 muille halukkaille konferenssimatkaajille. Alkuja ja loppuja Konferenssimatka alkaa aina artikkelista, jonka j\u00e4rjest\u00e4j\u00e4 hyv\u00e4ksyy ja tuo artikkeli on se, mit\u00e4 matkaajalle j\u00e4\u00e4 lopulta k\u00e4teen julkaisun muodossa [&hellip;]<\/p>\n","protected":false},"author":17,"featured_media":22077,"comment_status":"closed","ping_status":"open","sticky":false,"template":"","format":"standard","meta":{"footnotes":""},"categories":[19,407],"tags":[10637,9904,1437],"class_list":{"0":"post-22076","1":"post","2":"type-post","3":"status-publish","4":"format-standard","5":"has-post-thumbnail","7":"category-innovations_fi","8":"category-uudistuva-ja-kehittyva-yrittajyys","9":"tag-akateeminen-kirjoittaminen","10":"tag-artikkeli-d1","11":"tag-konferenssi","12":"czr-hentry"},"yoast_head":"<!-- This site is optimized with the Yoast SEO plugin v27.5 - https:\/\/yoast.com\/product\/yoast-seo-wordpress\/ -->\n<title>Tulen ja j\u00e4\u00e4n laulu - LAB Focus<\/title>\n<meta name=\"robots\" content=\"index, follow, max-snippet:-1, max-image-preview:large, max-video-preview:-1\" \/>\n<link rel=\"canonical\" href=\"https:\/\/blogit.lab.fi\/labfocus\/tulen-ja-jaan-laulu\/\" \/>\n<meta property=\"og:locale\" content=\"fi_FI\" \/>\n<meta property=\"og:type\" content=\"article\" \/>\n<meta property=\"og:title\" content=\"Tulen ja j\u00e4\u00e4n laulu - LAB Focus\" \/>\n<meta property=\"og:description\" content=\"Islannin Reykjavikissa j\u00e4rjestettiin 15.-17.8.2024 Nordic Academy of Management -j\u00e4rjest\u00f6n NFF2024-konferenssi, johon LAB-ammattikorkeakoulusta osallistui kuusi liiketoimintayksik\u00f6n palkkalistoilla olevaa henkil\u00f6\u00e4. Allekirjoittanut oli yksi n\u00e4ist\u00e4 henkil\u00f6ist\u00e4, ja avaan t\u00e4ss\u00e4 blogitekstiss\u00e4 kokemuksia ja vinkkej\u00e4 muille halukkaille konferenssimatkaajille. Alkuja ja loppuja Konferenssimatka alkaa aina artikkelista, jonka j\u00e4rjest\u00e4j\u00e4 hyv\u00e4ksyy ja tuo artikkeli on se, mit\u00e4 matkaajalle j\u00e4\u00e4 lopulta k\u00e4teen julkaisun muodossa [&hellip;]\" \/>\n<meta property=\"og:url\" content=\"https:\/\/blogit.lab.fi\/labfocus\/tulen-ja-jaan-laulu\/\" \/>\n<meta property=\"og:site_name\" content=\"LAB Focus\" \/>\n<meta property=\"article:published_time\" content=\"2024-11-28T08:25:24+00:00\" \/>\n<meta property=\"article:modified_time\" content=\"2024-11-28T08:25:26+00:00\" \/>\n<meta property=\"og:image\" content=\"https:\/\/blogit.lab.fi\/labfocus\/wp-content\/uploads\/sites\/8\/2024\/11\/976_2024_Tulen-ja-jaan-laulu.jpg\" \/>\n\t<meta property=\"og:image:width\" content=\"1280\" \/>\n\t<meta property=\"og:image:height\" content=\"640\" \/>\n\t<meta property=\"og:image:type\" content=\"image\/jpeg\" \/>\n<meta name=\"author\" content=\"tainask\" \/>\n<meta name=\"twitter:card\" content=\"summary_large_image\" \/>\n<meta name=\"twitter:creator\" content=\"@LABfinland\" \/>\n<meta name=\"twitter:site\" content=\"@LABfinland\" \/>\n<meta name=\"twitter:label1\" content=\"Kirjoittanut\" \/>\n\t<meta name=\"twitter:data1\" content=\"tainask\" \/>\n\t<meta name=\"twitter:label2\" content=\"Arvioitu lukuaika\" \/>\n\t<meta name=\"twitter:data2\" content=\"4 minuuttia\" \/>\n<script type=\"application\/ld+json\" class=\"yoast-schema-graph\">{\"@context\":\"https:\\\/\\\/schema.org\",\"@graph\":[{\"@type\":\"Article\",\"@id\":\"https:\\\/\\\/blogit.lab.fi\\\/labfocus\\\/tulen-ja-jaan-laulu\\\/#article\",\"isPartOf\":{\"@id\":\"https:\\\/\\\/blogit.lab.fi\\\/labfocus\\\/tulen-ja-jaan-laulu\\\/\"},\"author\":{\"name\":\"tainask\",\"@id\":\"https:\\\/\\\/blogit.lab.fi\\\/labfocus\\\/#\\\/schema\\\/person\\\/da729f65c4a2fb9fd8f0b1ec7a2ab7d0\"},\"headline\":\"Tulen ja j\u00e4\u00e4n laulu\",\"datePublished\":\"2024-11-28T08:25:24+00:00\",\"dateModified\":\"2024-11-28T08:25:26+00:00\",\"mainEntityOfPage\":{\"@id\":\"https:\\\/\\\/blogit.lab.fi\\\/labfocus\\\/tulen-ja-jaan-laulu\\\/\"},\"wordCount\":489,\"publisher\":{\"@id\":\"https:\\\/\\\/blogit.lab.fi\\\/labfocus\\\/#organization\"},\"image\":{\"@id\":\"https:\\\/\\\/blogit.lab.fi\\\/labfocus\\\/tulen-ja-jaan-laulu\\\/#primaryimage\"},\"thumbnailUrl\":\"https:\\\/\\\/blogit.lab.fi\\\/labfocus\\\/wp-content\\\/uploads\\\/sites\\\/8\\\/2024\\\/11\\\/976_2024_Tulen-ja-jaan-laulu.jpg\",\"keywords\":[\"akateeminen kirjoittaminen\",\"Artikkeli D1\",\"konferenssi\"],\"articleSection\":[\"Innovations\",\"Uudistuva ja kehittyv\u00e4 yritt\u00e4jyys\"],\"inLanguage\":\"fi\"},{\"@type\":\"WebPage\",\"@id\":\"https:\\\/\\\/blogit.lab.fi\\\/labfocus\\\/tulen-ja-jaan-laulu\\\/\",\"url\":\"https:\\\/\\\/blogit.lab.fi\\\/labfocus\\\/tulen-ja-jaan-laulu\\\/\",\"name\":\"Tulen ja j\u00e4\u00e4n laulu - LAB Focus\",\"isPartOf\":{\"@id\":\"https:\\\/\\\/blogit.lab.fi\\\/labfocus\\\/#website\"},\"primaryImageOfPage\":{\"@id\":\"https:\\\/\\\/blogit.lab.fi\\\/labfocus\\\/tulen-ja-jaan-laulu\\\/#primaryimage\"},\"image\":{\"@id\":\"https:\\\/\\\/blogit.lab.fi\\\/labfocus\\\/tulen-ja-jaan-laulu\\\/#primaryimage\"},\"thumbnailUrl\":\"https:\\\/\\\/blogit.lab.fi\\\/labfocus\\\/wp-content\\\/uploads\\\/sites\\\/8\\\/2024\\\/11\\\/976_2024_Tulen-ja-jaan-laulu.jpg\",\"datePublished\":\"2024-11-28T08:25:24+00:00\",\"dateModified\":\"2024-11-28T08:25:26+00:00\",\"breadcrumb\":{\"@id\":\"https:\\\/\\\/blogit.lab.fi\\\/labfocus\\\/tulen-ja-jaan-laulu\\\/#breadcrumb\"},\"inLanguage\":\"fi\",\"potentialAction\":[{\"@type\":\"ReadAction\",\"target\":[\"https:\\\/\\\/blogit.lab.fi\\\/labfocus\\\/tulen-ja-jaan-laulu\\\/\"]}]},{\"@type\":\"ImageObject\",\"inLanguage\":\"fi\",\"@id\":\"https:\\\/\\\/blogit.lab.fi\\\/labfocus\\\/tulen-ja-jaan-laulu\\\/#primaryimage\",\"url\":\"https:\\\/\\\/blogit.lab.fi\\\/labfocus\\\/wp-content\\\/uploads\\\/sites\\\/8\\\/2024\\\/11\\\/976_2024_Tulen-ja-jaan-laulu.jpg\",\"contentUrl\":\"https:\\\/\\\/blogit.lab.fi\\\/labfocus\\\/wp-content\\\/uploads\\\/sites\\\/8\\\/2024\\\/11\\\/976_2024_Tulen-ja-jaan-laulu.jpg\",\"width\":1280,\"height\":640},{\"@type\":\"BreadcrumbList\",\"@id\":\"https:\\\/\\\/blogit.lab.fi\\\/labfocus\\\/tulen-ja-jaan-laulu\\\/#breadcrumb\",\"itemListElement\":[{\"@type\":\"ListItem\",\"position\":1,\"name\":\"Home\",\"item\":\"https:\\\/\\\/blogit.lab.fi\\\/labfocus\\\/\"},{\"@type\":\"ListItem\",\"position\":2,\"name\":\"Tulen ja j\u00e4\u00e4n laulu\"}]},{\"@type\":\"WebSite\",\"@id\":\"https:\\\/\\\/blogit.lab.fi\\\/labfocus\\\/#website\",\"url\":\"https:\\\/\\\/blogit.lab.fi\\\/labfocus\\\/\",\"name\":\"LAB Focus\",\"description\":\"Focus Area blog | LAB University of Applied Sciences\",\"publisher\":{\"@id\":\"https:\\\/\\\/blogit.lab.fi\\\/labfocus\\\/#organization\"},\"potentialAction\":[{\"@type\":\"SearchAction\",\"target\":{\"@type\":\"EntryPoint\",\"urlTemplate\":\"https:\\\/\\\/blogit.lab.fi\\\/labfocus\\\/?s={search_term_string}\"},\"query-input\":{\"@type\":\"PropertyValueSpecification\",\"valueRequired\":true,\"valueName\":\"search_term_string\"}}],\"inLanguage\":\"fi\"},{\"@type\":\"Organization\",\"@id\":\"https:\\\/\\\/blogit.lab.fi\\\/labfocus\\\/#organization\",\"name\":\"LAB Focus\",\"url\":\"https:\\\/\\\/blogit.lab.fi\\\/labfocus\\\/\",\"logo\":{\"@type\":\"ImageObject\",\"inLanguage\":\"fi\",\"@id\":\"https:\\\/\\\/blogit.lab.fi\\\/labfocus\\\/#\\\/schema\\\/logo\\\/image\\\/\",\"url\":\"https:\\\/\\\/blogit.lab.fi\\\/labfocus\\\/wp-content\\\/uploads\\\/sites\\\/8\\\/2020\\\/04\\\/cropped-cropped-tunnus_blogi-01.png\",\"contentUrl\":\"https:\\\/\\\/blogit.lab.fi\\\/labfocus\\\/wp-content\\\/uploads\\\/sites\\\/8\\\/2020\\\/04\\\/cropped-cropped-tunnus_blogi-01.png\",\"width\":1342,\"height\":288,\"caption\":\"LAB Focus\"},\"image\":{\"@id\":\"https:\\\/\\\/blogit.lab.fi\\\/labfocus\\\/#\\\/schema\\\/logo\\\/image\\\/\"},\"sameAs\":[\"https:\\\/\\\/x.com\\\/LABfinland\"]},{\"@type\":\"Person\",\"@id\":\"https:\\\/\\\/blogit.lab.fi\\\/labfocus\\\/#\\\/schema\\\/person\\\/da729f65c4a2fb9fd8f0b1ec7a2ab7d0\",\"name\":\"tainask\",\"image\":{\"@type\":\"ImageObject\",\"inLanguage\":\"fi\",\"@id\":\"https:\\\/\\\/secure.gravatar.com\\\/avatar\\\/4a96427877ef826b76e80c27f60b266128094f522551459346efcf14282febb3?s=96&d=mm&r=g\",\"url\":\"https:\\\/\\\/secure.gravatar.com\\\/avatar\\\/4a96427877ef826b76e80c27f60b266128094f522551459346efcf14282febb3?s=96&d=mm&r=g\",\"contentUrl\":\"https:\\\/\\\/secure.gravatar.com\\\/avatar\\\/4a96427877ef826b76e80c27f60b266128094f522551459346efcf14282febb3?s=96&d=mm&r=g\",\"caption\":\"tainask\"},\"url\":\"https:\\\/\\\/blogit.lab.fi\\\/labfocus\\\/author\\\/tainask\\\/\"}]}<\/script>\n<!-- \/ Yoast SEO plugin. -->","yoast_head_json":{"title":"Tulen ja j\u00e4\u00e4n laulu - LAB Focus","robots":{"index":"index","follow":"follow","max-snippet":"max-snippet:-1","max-image-preview":"max-image-preview:large","max-video-preview":"max-video-preview:-1"},"canonical":"https:\/\/blogit.lab.fi\/labfocus\/tulen-ja-jaan-laulu\/","og_locale":"fi_FI","og_type":"article","og_title":"Tulen ja j\u00e4\u00e4n laulu - LAB Focus","og_description":"Islannin Reykjavikissa j\u00e4rjestettiin 15.-17.8.2024 Nordic Academy of Management -j\u00e4rjest\u00f6n NFF2024-konferenssi, johon LAB-ammattikorkeakoulusta osallistui kuusi liiketoimintayksik\u00f6n palkkalistoilla olevaa henkil\u00f6\u00e4. Allekirjoittanut oli yksi n\u00e4ist\u00e4 henkil\u00f6ist\u00e4, ja avaan t\u00e4ss\u00e4 blogitekstiss\u00e4 kokemuksia ja vinkkej\u00e4 muille halukkaille konferenssimatkaajille. Alkuja ja loppuja Konferenssimatka alkaa aina artikkelista, jonka j\u00e4rjest\u00e4j\u00e4 hyv\u00e4ksyy ja tuo artikkeli on se, mit\u00e4 matkaajalle j\u00e4\u00e4 lopulta k\u00e4teen julkaisun muodossa [&hellip;]","og_url":"https:\/\/blogit.lab.fi\/labfocus\/tulen-ja-jaan-laulu\/","og_site_name":"LAB Focus","article_published_time":"2024-11-28T08:25:24+00:00","article_modified_time":"2024-11-28T08:25:26+00:00","og_image":[{"width":1280,"height":640,"url":"https:\/\/blogit.lab.fi\/labfocus\/wp-content\/uploads\/sites\/8\/2024\/11\/976_2024_Tulen-ja-jaan-laulu.jpg","type":"image\/jpeg"}],"author":"tainask","twitter_card":"summary_large_image","twitter_creator":"@LABfinland","twitter_site":"@LABfinland","twitter_misc":{"Kirjoittanut":"tainask","Arvioitu lukuaika":"4 minuuttia"},"schema":{"@context":"https:\/\/schema.org","@graph":[{"@type":"Article","@id":"https:\/\/blogit.lab.fi\/labfocus\/tulen-ja-jaan-laulu\/#article","isPartOf":{"@id":"https:\/\/blogit.lab.fi\/labfocus\/tulen-ja-jaan-laulu\/"},"author":{"name":"tainask","@id":"https:\/\/blogit.lab.fi\/labfocus\/#\/schema\/person\/da729f65c4a2fb9fd8f0b1ec7a2ab7d0"},"headline":"Tulen ja j\u00e4\u00e4n laulu","datePublished":"2024-11-28T08:25:24+00:00","dateModified":"2024-11-28T08:25:26+00:00","mainEntityOfPage":{"@id":"https:\/\/blogit.lab.fi\/labfocus\/tulen-ja-jaan-laulu\/"},"wordCount":489,"publisher":{"@id":"https:\/\/blogit.lab.fi\/labfocus\/#organization"},"image":{"@id":"https:\/\/blogit.lab.fi\/labfocus\/tulen-ja-jaan-laulu\/#primaryimage"},"thumbnailUrl":"https:\/\/blogit.lab.fi\/labfocus\/wp-content\/uploads\/sites\/8\/2024\/11\/976_2024_Tulen-ja-jaan-laulu.jpg","keywords":["akateeminen kirjoittaminen","Artikkeli D1","konferenssi"],"articleSection":["Innovations","Uudistuva ja kehittyv\u00e4 yritt\u00e4jyys"],"inLanguage":"fi"},{"@type":"WebPage","@id":"https:\/\/blogit.lab.fi\/labfocus\/tulen-ja-jaan-laulu\/","url":"https:\/\/blogit.lab.fi\/labfocus\/tulen-ja-jaan-laulu\/","name":"Tulen ja j\u00e4\u00e4n laulu - LAB Focus","isPartOf":{"@id":"https:\/\/blogit.lab.fi\/labfocus\/#website"},"primaryImageOfPage":{"@id":"https:\/\/blogit.lab.fi\/labfocus\/tulen-ja-jaan-laulu\/#primaryimage"},"image":{"@id":"https:\/\/blogit.lab.fi\/labfocus\/tulen-ja-jaan-laulu\/#primaryimage"},"thumbnailUrl":"https:\/\/blogit.lab.fi\/labfocus\/wp-content\/uploads\/sites\/8\/2024\/11\/976_2024_Tulen-ja-jaan-laulu.jpg","datePublished":"2024-11-28T08:25:24+00:00","dateModified":"2024-11-28T08:25:26+00:00","breadcrumb":{"@id":"https:\/\/blogit.lab.fi\/labfocus\/tulen-ja-jaan-laulu\/#breadcrumb"},"inLanguage":"fi","potentialAction":[{"@type":"ReadAction","target":["https:\/\/blogit.lab.fi\/labfocus\/tulen-ja-jaan-laulu\/"]}]},{"@type":"ImageObject","inLanguage":"fi","@id":"https:\/\/blogit.lab.fi\/labfocus\/tulen-ja-jaan-laulu\/#primaryimage","url":"https:\/\/blogit.lab.fi\/labfocus\/wp-content\/uploads\/sites\/8\/2024\/11\/976_2024_Tulen-ja-jaan-laulu.jpg","contentUrl":"https:\/\/blogit.lab.fi\/labfocus\/wp-content\/uploads\/sites\/8\/2024\/11\/976_2024_Tulen-ja-jaan-laulu.jpg","width":1280,"height":640},{"@type":"BreadcrumbList","@id":"https:\/\/blogit.lab.fi\/labfocus\/tulen-ja-jaan-laulu\/#breadcrumb","itemListElement":[{"@type":"ListItem","position":1,"name":"Home","item":"https:\/\/blogit.lab.fi\/labfocus\/"},{"@type":"ListItem","position":2,"name":"Tulen ja j\u00e4\u00e4n laulu"}]},{"@type":"WebSite","@id":"https:\/\/blogit.lab.fi\/labfocus\/#website","url":"https:\/\/blogit.lab.fi\/labfocus\/","name":"LAB Focus","description":"Focus Area blog | LAB University of Applied Sciences","publisher":{"@id":"https:\/\/blogit.lab.fi\/labfocus\/#organization"},"potentialAction":[{"@type":"SearchAction","target":{"@type":"EntryPoint","urlTemplate":"https:\/\/blogit.lab.fi\/labfocus\/?s={search_term_string}"},"query-input":{"@type":"PropertyValueSpecification","valueRequired":true,"valueName":"search_term_string"}}],"inLanguage":"fi"},{"@type":"Organization","@id":"https:\/\/blogit.lab.fi\/labfocus\/#organization","name":"LAB Focus","url":"https:\/\/blogit.lab.fi\/labfocus\/","logo":{"@type":"ImageObject","inLanguage":"fi","@id":"https:\/\/blogit.lab.fi\/labfocus\/#\/schema\/logo\/image\/","url":"https:\/\/blogit.lab.fi\/labfocus\/wp-content\/uploads\/sites\/8\/2020\/04\/cropped-cropped-tunnus_blogi-01.png","contentUrl":"https:\/\/blogit.lab.fi\/labfocus\/wp-content\/uploads\/sites\/8\/2020\/04\/cropped-cropped-tunnus_blogi-01.png","width":1342,"height":288,"caption":"LAB Focus"},"image":{"@id":"https:\/\/blogit.lab.fi\/labfocus\/#\/schema\/logo\/image\/"},"sameAs":["https:\/\/x.com\/LABfinland"]},{"@type":"Person","@id":"https:\/\/blogit.lab.fi\/labfocus\/#\/schema\/person\/da729f65c4a2fb9fd8f0b1ec7a2ab7d0","name":"tainask","image":{"@type":"ImageObject","inLanguage":"fi","@id":"https:\/\/secure.gravatar.com\/avatar\/4a96427877ef826b76e80c27f60b266128094f522551459346efcf14282febb3?s=96&d=mm&r=g","url":"https:\/\/secure.gravatar.com\/avatar\/4a96427877ef826b76e80c27f60b266128094f522551459346efcf14282febb3?s=96&d=mm&r=g","contentUrl":"https:\/\/secure.gravatar.com\/avatar\/4a96427877ef826b76e80c27f60b266128094f522551459346efcf14282febb3?s=96&d=mm&r=g","caption":"tainask"},"url":"https:\/\/blogit.lab.fi\/labfocus\/author\/tainask\/"}]}},"_links":{"self":[{"href":"https:\/\/blogit.lab.fi\/labfocus\/wp-json\/wp\/v2\/posts\/22076","targetHints":{"allow":["GET"]}}],"collection":[{"href":"https:\/\/blogit.lab.fi\/labfocus\/wp-json\/wp\/v2\/posts"}],"about":[{"href":"https:\/\/blogit.lab.fi\/labfocus\/wp-json\/wp\/v2\/types\/post"}],"author":[{"embeddable":true,"href":"https:\/\/blogit.lab.fi\/labfocus\/wp-json\/wp\/v2\/users\/17"}],"replies":[{"embeddable":true,"href":"https:\/\/blogit.lab.fi\/labfocus\/wp-json\/wp\/v2\/comments?post=22076"}],"version-history":[{"count":2,"href":"https:\/\/blogit.lab.fi\/labfocus\/wp-json\/wp\/v2\/posts\/22076\/revisions"}],"predecessor-version":[{"id":22079,"href":"https:\/\/blogit.lab.fi\/labfocus\/wp-json\/wp\/v2\/posts\/22076\/revisions\/22079"}],"wp:featuredmedia":[{"embeddable":true,"href":"https:\/\/blogit.lab.fi\/labfocus\/wp-json\/wp\/v2\/media\/22077"}],"wp:attachment":[{"href":"https:\/\/blogit.lab.fi\/labfocus\/wp-json\/wp\/v2\/media?parent=22076"}],"wp:term":[{"taxonomy":"category","embeddable":true,"href":"https:\/\/blogit.lab.fi\/labfocus\/wp-json\/wp\/v2\/categories?post=22076"},{"taxonomy":"post_tag","embeddable":true,"href":"https:\/\/blogit.lab.fi\/labfocus\/wp-json\/wp\/v2\/tags?post=22076"}],"curies":[{"name":"wp","href":"https:\/\/api.w.org\/{rel}","templated":true}]}}