{"id":22393,"date":"2024-12-09T14:48:52","date_gmt":"2024-12-09T12:48:52","guid":{"rendered":"https:\/\/blogit.lab.fi\/labfocus\/?p=22393"},"modified":"2024-12-10T10:47:52","modified_gmt":"2024-12-10T08:47:52","slug":"vahva-estetiikan-ja-kulttuurin-ymmarrys-seka-tekninen-ja-laadullinen-osaaminen-luovat-perustan-muotoiluosaamiselle","status":"publish","type":"post","link":"https:\/\/blogit.lab.fi\/labfocus\/vahva-estetiikan-ja-kulttuurin-ymmarrys-seka-tekninen-ja-laadullinen-osaaminen-luovat-perustan-muotoiluosaamiselle\/","title":{"rendered":"Vahva estetiikan ja kulttuurin ymm\u00e4rrys sek\u00e4 tekninen ja laadullinen osaaminen luovat perustan muotoiluosaamiselle"},"content":{"rendered":"\n<p>Politecnico di Milano on yksi arvostetuimmista kansainv\u00e4lisist\u00e4 yliopistoista, jotka tarjoavat muotoilualan opintoja.&nbsp;School of design, Department of design&nbsp;ja voittoa tavoittelematon&nbsp;POLI.design&nbsp;-kollektiivi muodostavat&nbsp;PoliMin vuorovaikutteisen toimintaymp\u00e4rist\u00f6n, jossa tutkimus, koulutus ja yritysyhteisty\u00f6 tukevat toisiaan. PoliMin Design System; muotoilun periaatteet ja konteksti muodostuvat kriittisest\u00e4 vuoropuhelusta muotoilun koulutuksen ja tutkimuksen sek\u00e4 teollisen tuotannon ja yhteiskunnallisten ilmi\u00f6iden v\u00e4lill\u00e4.&nbsp;(<a href=\"https:\/\/www.design.polimi.it\/en\">Linkki Politecnico di Milanon muotoilukoulutuksen sivuille<\/a>)<\/p>\n\n\n\n<p><strong>School of designin<\/strong>&nbsp;BA- ja MA-tason opetussuunnitelmassa teknisten taitojen, kuten perinteisen k\u00e4sity\u00f6taidon ja rakenteiden haltuunotto sek\u00e4 estetiikan ja laadun merkityksen ymm\u00e4rt\u00e4minen ovat muotoiluopintojen vankka pohja.&nbsp;&nbsp;Muotoilun prosessit ja design sek\u00e4 modernin teknologian, digitaalisuuden ja digitaalisten toimintaymp\u00e4rist\u00f6jen hy\u00f6dynt\u00e4minen t\u00e4ydent\u00e4v\u00e4t muotoilun opintoja. K\u00e4yt\u00e4nn\u00f6ss\u00e4 opiskelijat prosessoivat ja ratkaisevat muotoiluteht\u00e4vi\u00e4 hy\u00f6dynt\u00e4m\u00e4ll\u00e4 ennakkoluulottomasti erilaisten metodien, tekniikoiden ja teknologioiden haltuunottoa monialaisissa studioissa. (<a href=\"https:\/\/www.design.polimi.it\/en\">Linkki Politecnico di Milanon muotoilukoulutuksen sivuille<\/a>)<\/p>\n\n\n\n<figure class=\"wp-block-image size-large\"><img loading=\"lazy\" decoding=\"async\" width=\"1024\" height=\"512\" src=\"https:\/\/blogit.lab.fi\/labfocus\/wp-content\/uploads\/sites\/8\/2024\/12\/KUVA1-1-1024x512.png\" alt=\"Musta ja punainen mallistokatalogi valkealla tasolla sek\u00e4 mustia ja l\u00e4pikuultavia, pinnalta koristeltuja vaatteita esill\u00e4 henkareissa.\" class=\"wp-image-22395\" srcset=\"https:\/\/blogit.lab.fi\/labfocus\/wp-content\/uploads\/sites\/8\/2024\/12\/KUVA1-1-1024x512.png 1024w, https:\/\/blogit.lab.fi\/labfocus\/wp-content\/uploads\/sites\/8\/2024\/12\/KUVA1-1-300x150.png 300w, https:\/\/blogit.lab.fi\/labfocus\/wp-content\/uploads\/sites\/8\/2024\/12\/KUVA1-1-768x384.png 768w, https:\/\/blogit.lab.fi\/labfocus\/wp-content\/uploads\/sites\/8\/2024\/12\/KUVA1-1-570x285.png 570w, https:\/\/blogit.lab.fi\/labfocus\/wp-content\/uploads\/sites\/8\/2024\/12\/KUVA1-1.png 1280w\" sizes=\"auto, (max-width: 1024px) 100vw, 1024px\" \/><figcaption class=\"wp-element-caption\">Kuva 1. PoliMin BA-tason muotisuunnittelun toisen vuosikurssin opiskelijoiden ty\u00f6t huokuvat teknist\u00e4 ja visuaalista osaamista. (Kuvat: Annariina Ruokamo, Helena Kalliom\u00e4ki, Mervi Koistinen)<\/figcaption><\/figure>\n\n\n\n<p><strong>Department of design<\/strong>&nbsp;-tutkimusyksikk\u00f6&nbsp;toteuttaa&nbsp;muotoiluperiaatetta luomalla poikkitieteellisen ilmapiirin tutkimuksen ja teknisen osaamisen v\u00e4lille. Muotoiluosaamista syvennet\u00e4\u00e4n muun muassa kulttuurisen ymm\u00e4rryksen, strategisen ajattelun sek\u00e4 ymp\u00e4rist\u00f6vastuullisten teemojen n\u00e4k\u00f6kulmista. Monialainen tutkimus ja didaktiset&nbsp;kokeilut ovat mahdollisia pajoissa ja laboratorioissa, joissa sek\u00e4 opiskelijat ett\u00e4 tutkijat voivat ty\u00f6skennell\u00e4. Muotoilun tutkimuksen tavoitteena on yhdist\u00e4\u00e4 monitieteelliset oivallukset niin teknologian, taiteen kuin sosioekonomisten tieteiden osalta. PoliMin muotoilun tohtorikoulutusohjelma kouluttaa tutkijamuotoilijoita kolmen periaatteen n\u00e4k\u00f6kulmista:&nbsp;<em>research through design<\/em>in avulla syntyv\u00e4t visiot ja tuoteideat,&nbsp;<em>research for designin<\/em>&nbsp;ty\u00f6kalut ja metodit helpottavat muotoiluprosesseja ja&nbsp;<em>research on design&nbsp;<\/em>pyrkii kriittiseen analysointiin. (<a href=\"https:\/\/dipartimentodesign.polimi.it\/en\">Linkki Politecnico di Milanon muotoilun laitoksen sivuille<\/a>)<\/p>\n\n\n\n<figure class=\"wp-block-image size-large\"><img loading=\"lazy\" decoding=\"async\" width=\"1024\" height=\"512\" src=\"https:\/\/blogit.lab.fi\/labfocus\/wp-content\/uploads\/sites\/8\/2024\/12\/KUVA2-1024x512.png\" alt=\"Vaalea ohjetaulu vihre\u00e4ll\u00e4 sein\u00e4ll\u00e4. Vaatteiden pahvikaavoja ripustettuna rekkeihin. Valkoinen brodeerauskone, jossa v\u00e4rikk\u00e4it\u00e4 lankarullia sek\u00e4 digitaalinen n\u00e4ytt\u00f6.\" class=\"wp-image-22396\" srcset=\"https:\/\/blogit.lab.fi\/labfocus\/wp-content\/uploads\/sites\/8\/2024\/12\/KUVA2-1024x512.png 1024w, https:\/\/blogit.lab.fi\/labfocus\/wp-content\/uploads\/sites\/8\/2024\/12\/KUVA2-300x150.png 300w, https:\/\/blogit.lab.fi\/labfocus\/wp-content\/uploads\/sites\/8\/2024\/12\/KUVA2-768x384.png 768w, https:\/\/blogit.lab.fi\/labfocus\/wp-content\/uploads\/sites\/8\/2024\/12\/KUVA2-570x285.png 570w, https:\/\/blogit.lab.fi\/labfocus\/wp-content\/uploads\/sites\/8\/2024\/12\/KUVA2.png 1280w\" sizes=\"auto, (max-width: 1024px) 100vw, 1024px\" \/><figcaption class=\"wp-element-caption\">Kuva 2. Muotoilun laboratoriot ja studiot mahdollistavat opiskelijoiden ja tutkijoiden monialaiset kokeilut. (Kuvat: Helena Kalliom\u00e4ki, Annariina Ruokamo)<\/figcaption><\/figure>\n\n\n\n<h2 class=\"wp-block-heading\">Muodin arkkitehtin\u00e4 tunnetun Gianfranco&nbsp;Ferr\u00e9n muotoilufilosofia on vahvistanut muotisuunnittelun ja tutkimuksen suuntaa PoliMissa<\/h2>\n\n\n\n<p>Ikoninen \u201dMade in Italy\u201d -k\u00e4site, jonka mukaan vahva k\u00e4sity\u00f6traditio, teollinen tuotanto, teknologiset innovaatiot ja design yhdistyv\u00e4t toisiaan t\u00e4ydent\u00e4v\u00e4ksi kokonaisuudeksi, on ollut my\u00f6s Gianfranco Ferr\u00e9n br\u00e4ndin menestyksen ydin. PoliMista valmistunut ja siell\u00e4 my\u00f6s professorina toiminut arkkitehti ja haute couture -muotisuunnittelija loi upean, nime\u00e4\u00e4n kantavan vaatebr\u00e4ndin 1970-luvun lopussa.\u00a0Ferr\u00e9n muotoilufilosofia perustui arkkitehtonisen sommittelun perint\u00f6\u00f6n sek\u00e4 taiteen ja kulttuurin tutkimukseen. Ferr\u00e9\u00a0pyrki suunnitteluty\u00f6ss\u00e4\u00e4n balanssiin rationaalisen ja emotionaalisen ulottuvuuden v\u00e4lill\u00e4: vaate on k\u00e4ytett\u00e4v\u00e4 tuote, mutta my\u00f6s itseilmaisun ja kulttuurin ilmentym\u00e4. (Airaghi ym. 2023)\u00a0<\/p>\n\n\n\n<figure class=\"wp-block-image size-large\"><img loading=\"lazy\" decoding=\"async\" width=\"1024\" height=\"512\" src=\"https:\/\/blogit.lab.fi\/labfocus\/wp-content\/uploads\/sites\/8\/2024\/12\/kuva3-1024x512.png\" alt=\"L\u00e4pikuultava valkoinen paitapusero mustalla pohjalla.\" class=\"wp-image-22397\" srcset=\"https:\/\/blogit.lab.fi\/labfocus\/wp-content\/uploads\/sites\/8\/2024\/12\/kuva3-1024x512.png 1024w, https:\/\/blogit.lab.fi\/labfocus\/wp-content\/uploads\/sites\/8\/2024\/12\/kuva3-300x150.png 300w, https:\/\/blogit.lab.fi\/labfocus\/wp-content\/uploads\/sites\/8\/2024\/12\/kuva3-768x384.png 768w, https:\/\/blogit.lab.fi\/labfocus\/wp-content\/uploads\/sites\/8\/2024\/12\/kuva3-570x285.png 570w, https:\/\/blogit.lab.fi\/labfocus\/wp-content\/uploads\/sites\/8\/2024\/12\/kuva3.png 1249w\" sizes=\"auto, (max-width: 1024px) 100vw, 1024px\" \/><figcaption class=\"wp-element-caption\">Kuva 3. Ferr\u00e9n ikoniseksi tuotteeksi muodostui valkoinen paitapusero, jota h\u00e4n tutki ja varioi lukemattomilla tavoilla. Kuvan silkkiorganzasta valmistettu paitapusero on vuoden 1982 kev\u00e4tkes\u00e4 -mallistosta. (Salvini 2023)<\/figcaption><\/figure>\n\n\n\n<p>Ferr\u00e9&nbsp;arkistoi el\u00e4m\u00e4nty\u00f6ns\u00e4; muun muassa yli 22&nbsp;000 luonnosta, tuotteiden kaavat, mallistojen mallikappaleet ja uniikit n\u00e4yt\u00f6svaatteet sek\u00e4 inspiraation l\u00e4htein\u00e4 toimineet taide-esineet. Arkisto lahjoitettiin PoliMille ja siit\u00e4 muodostettiin tutkimuskeskus: Centro di ricerca Gianfranco Ferr\u00e9. Arkiston materiaaleja luetteloidaan, entis\u00f6id\u00e4\u00e4n ja digitalisoidaan sek\u00e4 hy\u00f6dynnet\u00e4\u00e4n poikkitieteelliseen tutkimukseen ja opetukseen niin muotoilun, tuotannonsuunnittelun, materiaaliteknologian, kaavateknologian kuin biomekaniikan ja mallintamisen parissa. (Rigato 2024)<\/p>\n\n\n\n<p><em>LAB-ammattikorkeakoulun SADE-hankkeen tiimi vieraili Erasmus tutkijavaihdossa Politecnico di Milanossa sek\u00e4 Gianfranco Ferr\u00e9n&nbsp;tutkimuskeskuksessa lokakuussa 2024. SADE-hanke on Euroopan unionin osarahoittama.&nbsp;<\/em><a href=\"https:\/\/lab.fi\/fi\/projekti\/SADE\"><em>Linkki hankkeen nettisivuille<\/em><\/a><em>.<\/em><\/p>\n\n\n\n<p class=\"has-background\" style=\"background-color:#b3edfb\">Kirjoittaja<br><br><strong>Helena Kalliom\u00e4ki<\/strong> on vaatemuotoilija (MA) ja ty\u00f6skentelee TKI-asiantuntijana ja projektip\u00e4\u00e4llikk\u00f6n\u00e4 LAB-ammattikorkeakoulussa tekstiili ja vaatetusalan kest\u00e4vyytt\u00e4 edist\u00e4viss\u00e4 hankkeissa. SADE-hankkeessa h\u00e4n toimii hankkeen projektip\u00e4\u00e4llikk\u00f6n\u00e4 sek\u00e4 asiantuntijana.<\/p>\n\n\n\n<h2 class=\"wp-block-heading\"><strong>L\u00e4hteet<\/strong><\/h2>\n\n\n\n<p>Airaghi, R., Bertola, P. &amp; Vacca, F.&nbsp;2023.&nbsp;Gianfranco Ferr\u00e9, Design principles Exhibition Catalogue.&nbsp;Gianfranco Ferr\u00e9 Research Center. Corraini Edizioni 2023.<\/p>\n\n\n\n<p>Rigato, B. 2024. Gianfranco Ferr\u00e9&nbsp;-tutkimuskeskuksen toiminnan esittely.&nbsp;Gianfranco Ferr\u00e9 Research Center, Milano 17.10.2024.<\/p>\n\n\n\n<p>Salvini, L. 2023.&nbsp;Kuva n\u00e4yttelykatalogissa:&nbsp;Airaghi, R., Bertola, P. &amp; Vacca, F.&nbsp;2023.&nbsp;Gianfranco Ferr\u00e9, Design principles Exhibition Catalogue.&nbsp;Gianfranco Ferr\u00e9 Research Center. Corraini Edizioni 2023.<\/p>\n\n\n\n<h2 class=\"wp-block-heading\">Linkit<\/h2>\n\n\n\n<p>Linkki 1. School of design, Politecnico di Milano.&nbsp;2024.&nbsp;<a>Verkkosivusto.&nbsp;<\/a>Viitattu&nbsp;20.11.2024. Saatavissa <a href=\"https:\/\/www.design.polimi.it\/en\/\">https:\/\/www.design.polimi.it\/en\/<\/a><\/p>\n\n\n\n<p>Linkki 1. Department of Design, Politecnico di Milano.&nbsp;2024.&nbsp;Verkkosivusto.&nbsp;Viitattu 20.11.2024. Saatavissa&nbsp;<a href=\"https:\/\/dipartimentodesign.polimi.it\/en\">https:\/\/dipartimentodesign.polimi.it\/en<\/a><\/p>\n\n\n\n<p>Linkki 2. LAB-ammattikorkeakoulu. 2024. SADE-Sustainable and Digital Environments \u2013 Tekstiili- ja vaatealan digistrategiatiekartta. Verkkosivusto.&nbsp;Viitattu 20.11.2024. Saatavissa&nbsp;<a href=\"https:\/\/lab.fi\/fi\/projekti\/SADE\">https:\/\/lab.fi\/fi\/projekti\/SADE<\/a><\/p>\n\n\n\n<p><\/p>\n","protected":false},"excerpt":{"rendered":"<p>Politecnico di Milano on yksi arvostetuimmista kansainv\u00e4lisist\u00e4 yliopistoista, jotka tarjoavat muotoilualan opintoja.&nbsp;School of design, Department of design&nbsp;ja voittoa tavoittelematon&nbsp;POLI.design&nbsp;-kollektiivi muodostavat&nbsp;PoliMin vuorovaikutteisen toimintaymp\u00e4rist\u00f6n, jossa tutkimus, koulutus ja yritysyhteisty\u00f6 tukevat toisiaan. PoliMin Design System; muotoilun periaatteet ja konteksti muodostuvat kriittisest\u00e4 vuoropuhelusta muotoilun koulutuksen ja tutkimuksen sek\u00e4 teollisen tuotannon ja yhteiskunnallisten ilmi\u00f6iden v\u00e4lill\u00e4.&nbsp;(Linkki Politecnico di Milanon muotoilukoulutuksen sivuille) [&hellip;]<\/p>\n","protected":false},"author":26,"featured_media":22394,"comment_status":"closed","ping_status":"open","sticky":false,"template":"","format":"standard","meta":{"footnotes":""},"categories":[11,466],"tags":[29,1785,10738,10740],"class_list":{"0":"post-22393","1":"post","2":"type-post","3":"status-publish","4":"format-standard","5":"has-post-thumbnail","7":"category-design_fi","8":"category-kestavien-tuotteiden-palveluiden-ja-ymparistojen-muotoilu","9":"tag-artikkeli-e1","10":"tag-monialaisuus","11":"tag-muotoiluosaaminen","12":"tag-tutkimuskeskus","13":"czr-hentry"},"yoast_head":"<!-- This site is optimized with the Yoast SEO plugin v27.4 - https:\/\/yoast.com\/product\/yoast-seo-wordpress\/ -->\n<title>Vahva estetiikan ja kulttuurin ymm\u00e4rrys sek\u00e4 tekninen ja laadullinen osaaminen luovat perustan muotoiluosaamiselle - LAB Focus<\/title>\n<meta name=\"robots\" content=\"index, follow, max-snippet:-1, max-image-preview:large, max-video-preview:-1\" \/>\n<link rel=\"canonical\" href=\"https:\/\/blogit.lab.fi\/labfocus\/vahva-estetiikan-ja-kulttuurin-ymmarrys-seka-tekninen-ja-laadullinen-osaaminen-luovat-perustan-muotoiluosaamiselle\/\" \/>\n<meta property=\"og:locale\" content=\"fi_FI\" \/>\n<meta property=\"og:type\" content=\"article\" \/>\n<meta property=\"og:title\" content=\"Vahva estetiikan ja kulttuurin ymm\u00e4rrys sek\u00e4 tekninen ja laadullinen osaaminen luovat perustan muotoiluosaamiselle - LAB Focus\" \/>\n<meta property=\"og:description\" content=\"Politecnico di Milano on yksi arvostetuimmista kansainv\u00e4lisist\u00e4 yliopistoista, jotka tarjoavat muotoilualan opintoja.&nbsp;School of design, Department of design&nbsp;ja voittoa tavoittelematon&nbsp;POLI.design&nbsp;-kollektiivi muodostavat&nbsp;PoliMin vuorovaikutteisen toimintaymp\u00e4rist\u00f6n, jossa tutkimus, koulutus ja yritysyhteisty\u00f6 tukevat toisiaan. PoliMin Design System; muotoilun periaatteet ja konteksti muodostuvat kriittisest\u00e4 vuoropuhelusta muotoilun koulutuksen ja tutkimuksen sek\u00e4 teollisen tuotannon ja yhteiskunnallisten ilmi\u00f6iden v\u00e4lill\u00e4.&nbsp;(Linkki Politecnico di Milanon muotoilukoulutuksen sivuille) [&hellip;]\" \/>\n<meta property=\"og:url\" content=\"https:\/\/blogit.lab.fi\/labfocus\/vahva-estetiikan-ja-kulttuurin-ymmarrys-seka-tekninen-ja-laadullinen-osaaminen-luovat-perustan-muotoiluosaamiselle\/\" \/>\n<meta property=\"og:site_name\" content=\"LAB Focus\" \/>\n<meta property=\"article:published_time\" content=\"2024-12-09T12:48:52+00:00\" \/>\n<meta property=\"article:modified_time\" content=\"2024-12-10T08:47:52+00:00\" \/>\n<meta property=\"og:image\" content=\"https:\/\/blogit.lab.fi\/labfocus\/wp-content\/uploads\/sites\/8\/2024\/12\/KUVA1.png\" \/>\n\t<meta property=\"og:image:width\" content=\"1280\" \/>\n\t<meta property=\"og:image:height\" content=\"640\" \/>\n\t<meta property=\"og:image:type\" content=\"image\/png\" \/>\n<meta name=\"author\" content=\"annariinaruo\" \/>\n<meta name=\"twitter:card\" content=\"summary_large_image\" \/>\n<meta name=\"twitter:creator\" content=\"@LABfinland\" \/>\n<meta name=\"twitter:site\" content=\"@LABfinland\" \/>\n<meta name=\"twitter:label1\" content=\"Kirjoittanut\" \/>\n\t<meta name=\"twitter:data1\" content=\"annariinaruo\" \/>\n\t<meta name=\"twitter:label2\" content=\"Arvioitu lukuaika\" \/>\n\t<meta name=\"twitter:data2\" content=\"5 minuuttia\" \/>\n<script type=\"application\/ld+json\" class=\"yoast-schema-graph\">{\"@context\":\"https:\\\/\\\/schema.org\",\"@graph\":[{\"@type\":\"Article\",\"@id\":\"https:\\\/\\\/blogit.lab.fi\\\/labfocus\\\/vahva-estetiikan-ja-kulttuurin-ymmarrys-seka-tekninen-ja-laadullinen-osaaminen-luovat-perustan-muotoiluosaamiselle\\\/#article\",\"isPartOf\":{\"@id\":\"https:\\\/\\\/blogit.lab.fi\\\/labfocus\\\/vahva-estetiikan-ja-kulttuurin-ymmarrys-seka-tekninen-ja-laadullinen-osaaminen-luovat-perustan-muotoiluosaamiselle\\\/\"},\"author\":{\"name\":\"annariinaruo\",\"@id\":\"https:\\\/\\\/blogit.lab.fi\\\/labfocus\\\/#\\\/schema\\\/person\\\/b325a0e3bb46ae13dfc4f1cbcc1533c9\"},\"headline\":\"Vahva estetiikan ja kulttuurin ymm\u00e4rrys sek\u00e4 tekninen ja laadullinen osaaminen luovat perustan muotoiluosaamiselle\",\"datePublished\":\"2024-12-09T12:48:52+00:00\",\"dateModified\":\"2024-12-10T08:47:52+00:00\",\"mainEntityOfPage\":{\"@id\":\"https:\\\/\\\/blogit.lab.fi\\\/labfocus\\\/vahva-estetiikan-ja-kulttuurin-ymmarrys-seka-tekninen-ja-laadullinen-osaaminen-luovat-perustan-muotoiluosaamiselle\\\/\"},\"wordCount\":718,\"publisher\":{\"@id\":\"https:\\\/\\\/blogit.lab.fi\\\/labfocus\\\/#organization\"},\"image\":{\"@id\":\"https:\\\/\\\/blogit.lab.fi\\\/labfocus\\\/vahva-estetiikan-ja-kulttuurin-ymmarrys-seka-tekninen-ja-laadullinen-osaaminen-luovat-perustan-muotoiluosaamiselle\\\/#primaryimage\"},\"thumbnailUrl\":\"https:\\\/\\\/blogit.lab.fi\\\/labfocus\\\/wp-content\\\/uploads\\\/sites\\\/8\\\/2024\\\/12\\\/KUVA1.png\",\"keywords\":[\"Artikkeli E1\",\"monialaisuus\",\"muotoiluosaaminen\",\"tutkimuskeskus\"],\"articleSection\":[\"Design\",\"Muotoilu kest\u00e4v\u00e4n liiketoiminnan v\u00e4lineen\u00e4\"],\"inLanguage\":\"fi\"},{\"@type\":\"WebPage\",\"@id\":\"https:\\\/\\\/blogit.lab.fi\\\/labfocus\\\/vahva-estetiikan-ja-kulttuurin-ymmarrys-seka-tekninen-ja-laadullinen-osaaminen-luovat-perustan-muotoiluosaamiselle\\\/\",\"url\":\"https:\\\/\\\/blogit.lab.fi\\\/labfocus\\\/vahva-estetiikan-ja-kulttuurin-ymmarrys-seka-tekninen-ja-laadullinen-osaaminen-luovat-perustan-muotoiluosaamiselle\\\/\",\"name\":\"Vahva estetiikan ja kulttuurin ymm\u00e4rrys sek\u00e4 tekninen ja laadullinen osaaminen luovat perustan muotoiluosaamiselle - LAB Focus\",\"isPartOf\":{\"@id\":\"https:\\\/\\\/blogit.lab.fi\\\/labfocus\\\/#website\"},\"primaryImageOfPage\":{\"@id\":\"https:\\\/\\\/blogit.lab.fi\\\/labfocus\\\/vahva-estetiikan-ja-kulttuurin-ymmarrys-seka-tekninen-ja-laadullinen-osaaminen-luovat-perustan-muotoiluosaamiselle\\\/#primaryimage\"},\"image\":{\"@id\":\"https:\\\/\\\/blogit.lab.fi\\\/labfocus\\\/vahva-estetiikan-ja-kulttuurin-ymmarrys-seka-tekninen-ja-laadullinen-osaaminen-luovat-perustan-muotoiluosaamiselle\\\/#primaryimage\"},\"thumbnailUrl\":\"https:\\\/\\\/blogit.lab.fi\\\/labfocus\\\/wp-content\\\/uploads\\\/sites\\\/8\\\/2024\\\/12\\\/KUVA1.png\",\"datePublished\":\"2024-12-09T12:48:52+00:00\",\"dateModified\":\"2024-12-10T08:47:52+00:00\",\"breadcrumb\":{\"@id\":\"https:\\\/\\\/blogit.lab.fi\\\/labfocus\\\/vahva-estetiikan-ja-kulttuurin-ymmarrys-seka-tekninen-ja-laadullinen-osaaminen-luovat-perustan-muotoiluosaamiselle\\\/#breadcrumb\"},\"inLanguage\":\"fi\",\"potentialAction\":[{\"@type\":\"ReadAction\",\"target\":[\"https:\\\/\\\/blogit.lab.fi\\\/labfocus\\\/vahva-estetiikan-ja-kulttuurin-ymmarrys-seka-tekninen-ja-laadullinen-osaaminen-luovat-perustan-muotoiluosaamiselle\\\/\"]}]},{\"@type\":\"ImageObject\",\"inLanguage\":\"fi\",\"@id\":\"https:\\\/\\\/blogit.lab.fi\\\/labfocus\\\/vahva-estetiikan-ja-kulttuurin-ymmarrys-seka-tekninen-ja-laadullinen-osaaminen-luovat-perustan-muotoiluosaamiselle\\\/#primaryimage\",\"url\":\"https:\\\/\\\/blogit.lab.fi\\\/labfocus\\\/wp-content\\\/uploads\\\/sites\\\/8\\\/2024\\\/12\\\/KUVA1.png\",\"contentUrl\":\"https:\\\/\\\/blogit.lab.fi\\\/labfocus\\\/wp-content\\\/uploads\\\/sites\\\/8\\\/2024\\\/12\\\/KUVA1.png\",\"width\":1280,\"height\":640},{\"@type\":\"BreadcrumbList\",\"@id\":\"https:\\\/\\\/blogit.lab.fi\\\/labfocus\\\/vahva-estetiikan-ja-kulttuurin-ymmarrys-seka-tekninen-ja-laadullinen-osaaminen-luovat-perustan-muotoiluosaamiselle\\\/#breadcrumb\",\"itemListElement\":[{\"@type\":\"ListItem\",\"position\":1,\"name\":\"Home\",\"item\":\"https:\\\/\\\/blogit.lab.fi\\\/labfocus\\\/\"},{\"@type\":\"ListItem\",\"position\":2,\"name\":\"Vahva estetiikan ja kulttuurin ymm\u00e4rrys sek\u00e4 tekninen ja laadullinen osaaminen luovat perustan muotoiluosaamiselle\"}]},{\"@type\":\"WebSite\",\"@id\":\"https:\\\/\\\/blogit.lab.fi\\\/labfocus\\\/#website\",\"url\":\"https:\\\/\\\/blogit.lab.fi\\\/labfocus\\\/\",\"name\":\"LAB Focus\",\"description\":\"Focus Area blog | LAB University of Applied Sciences\",\"publisher\":{\"@id\":\"https:\\\/\\\/blogit.lab.fi\\\/labfocus\\\/#organization\"},\"potentialAction\":[{\"@type\":\"SearchAction\",\"target\":{\"@type\":\"EntryPoint\",\"urlTemplate\":\"https:\\\/\\\/blogit.lab.fi\\\/labfocus\\\/?s={search_term_string}\"},\"query-input\":{\"@type\":\"PropertyValueSpecification\",\"valueRequired\":true,\"valueName\":\"search_term_string\"}}],\"inLanguage\":\"fi\"},{\"@type\":\"Organization\",\"@id\":\"https:\\\/\\\/blogit.lab.fi\\\/labfocus\\\/#organization\",\"name\":\"LAB Focus\",\"url\":\"https:\\\/\\\/blogit.lab.fi\\\/labfocus\\\/\",\"logo\":{\"@type\":\"ImageObject\",\"inLanguage\":\"fi\",\"@id\":\"https:\\\/\\\/blogit.lab.fi\\\/labfocus\\\/#\\\/schema\\\/logo\\\/image\\\/\",\"url\":\"https:\\\/\\\/blogit.lab.fi\\\/labfocus\\\/wp-content\\\/uploads\\\/sites\\\/8\\\/2020\\\/04\\\/cropped-cropped-tunnus_blogi-01.png\",\"contentUrl\":\"https:\\\/\\\/blogit.lab.fi\\\/labfocus\\\/wp-content\\\/uploads\\\/sites\\\/8\\\/2020\\\/04\\\/cropped-cropped-tunnus_blogi-01.png\",\"width\":1342,\"height\":288,\"caption\":\"LAB Focus\"},\"image\":{\"@id\":\"https:\\\/\\\/blogit.lab.fi\\\/labfocus\\\/#\\\/schema\\\/logo\\\/image\\\/\"},\"sameAs\":[\"https:\\\/\\\/x.com\\\/LABfinland\"]},{\"@type\":\"Person\",\"@id\":\"https:\\\/\\\/blogit.lab.fi\\\/labfocus\\\/#\\\/schema\\\/person\\\/b325a0e3bb46ae13dfc4f1cbcc1533c9\",\"name\":\"annariinaruo\",\"image\":{\"@type\":\"ImageObject\",\"inLanguage\":\"fi\",\"@id\":\"https:\\\/\\\/secure.gravatar.com\\\/avatar\\\/80f3cf4f0403f14a1e7c2cd10a3cea1ef1c03536539517f381df99f06b286314?s=96&d=mm&r=g\",\"url\":\"https:\\\/\\\/secure.gravatar.com\\\/avatar\\\/80f3cf4f0403f14a1e7c2cd10a3cea1ef1c03536539517f381df99f06b286314?s=96&d=mm&r=g\",\"contentUrl\":\"https:\\\/\\\/secure.gravatar.com\\\/avatar\\\/80f3cf4f0403f14a1e7c2cd10a3cea1ef1c03536539517f381df99f06b286314?s=96&d=mm&r=g\",\"caption\":\"annariinaruo\"},\"url\":\"https:\\\/\\\/blogit.lab.fi\\\/labfocus\\\/author\\\/annariinaruo\\\/\"}]}<\/script>\n<!-- \/ Yoast SEO plugin. -->","yoast_head_json":{"title":"Vahva estetiikan ja kulttuurin ymm\u00e4rrys sek\u00e4 tekninen ja laadullinen osaaminen luovat perustan muotoiluosaamiselle - LAB Focus","robots":{"index":"index","follow":"follow","max-snippet":"max-snippet:-1","max-image-preview":"max-image-preview:large","max-video-preview":"max-video-preview:-1"},"canonical":"https:\/\/blogit.lab.fi\/labfocus\/vahva-estetiikan-ja-kulttuurin-ymmarrys-seka-tekninen-ja-laadullinen-osaaminen-luovat-perustan-muotoiluosaamiselle\/","og_locale":"fi_FI","og_type":"article","og_title":"Vahva estetiikan ja kulttuurin ymm\u00e4rrys sek\u00e4 tekninen ja laadullinen osaaminen luovat perustan muotoiluosaamiselle - LAB Focus","og_description":"Politecnico di Milano on yksi arvostetuimmista kansainv\u00e4lisist\u00e4 yliopistoista, jotka tarjoavat muotoilualan opintoja.&nbsp;School of design, Department of design&nbsp;ja voittoa tavoittelematon&nbsp;POLI.design&nbsp;-kollektiivi muodostavat&nbsp;PoliMin vuorovaikutteisen toimintaymp\u00e4rist\u00f6n, jossa tutkimus, koulutus ja yritysyhteisty\u00f6 tukevat toisiaan. PoliMin Design System; muotoilun periaatteet ja konteksti muodostuvat kriittisest\u00e4 vuoropuhelusta muotoilun koulutuksen ja tutkimuksen sek\u00e4 teollisen tuotannon ja yhteiskunnallisten ilmi\u00f6iden v\u00e4lill\u00e4.&nbsp;(Linkki Politecnico di Milanon muotoilukoulutuksen sivuille) [&hellip;]","og_url":"https:\/\/blogit.lab.fi\/labfocus\/vahva-estetiikan-ja-kulttuurin-ymmarrys-seka-tekninen-ja-laadullinen-osaaminen-luovat-perustan-muotoiluosaamiselle\/","og_site_name":"LAB Focus","article_published_time":"2024-12-09T12:48:52+00:00","article_modified_time":"2024-12-10T08:47:52+00:00","og_image":[{"width":1280,"height":640,"url":"https:\/\/blogit.lab.fi\/labfocus\/wp-content\/uploads\/sites\/8\/2024\/12\/KUVA1.png","type":"image\/png"}],"author":"annariinaruo","twitter_card":"summary_large_image","twitter_creator":"@LABfinland","twitter_site":"@LABfinland","twitter_misc":{"Kirjoittanut":"annariinaruo","Arvioitu lukuaika":"5 minuuttia"},"schema":{"@context":"https:\/\/schema.org","@graph":[{"@type":"Article","@id":"https:\/\/blogit.lab.fi\/labfocus\/vahva-estetiikan-ja-kulttuurin-ymmarrys-seka-tekninen-ja-laadullinen-osaaminen-luovat-perustan-muotoiluosaamiselle\/#article","isPartOf":{"@id":"https:\/\/blogit.lab.fi\/labfocus\/vahva-estetiikan-ja-kulttuurin-ymmarrys-seka-tekninen-ja-laadullinen-osaaminen-luovat-perustan-muotoiluosaamiselle\/"},"author":{"name":"annariinaruo","@id":"https:\/\/blogit.lab.fi\/labfocus\/#\/schema\/person\/b325a0e3bb46ae13dfc4f1cbcc1533c9"},"headline":"Vahva estetiikan ja kulttuurin ymm\u00e4rrys sek\u00e4 tekninen ja laadullinen osaaminen luovat perustan muotoiluosaamiselle","datePublished":"2024-12-09T12:48:52+00:00","dateModified":"2024-12-10T08:47:52+00:00","mainEntityOfPage":{"@id":"https:\/\/blogit.lab.fi\/labfocus\/vahva-estetiikan-ja-kulttuurin-ymmarrys-seka-tekninen-ja-laadullinen-osaaminen-luovat-perustan-muotoiluosaamiselle\/"},"wordCount":718,"publisher":{"@id":"https:\/\/blogit.lab.fi\/labfocus\/#organization"},"image":{"@id":"https:\/\/blogit.lab.fi\/labfocus\/vahva-estetiikan-ja-kulttuurin-ymmarrys-seka-tekninen-ja-laadullinen-osaaminen-luovat-perustan-muotoiluosaamiselle\/#primaryimage"},"thumbnailUrl":"https:\/\/blogit.lab.fi\/labfocus\/wp-content\/uploads\/sites\/8\/2024\/12\/KUVA1.png","keywords":["Artikkeli E1","monialaisuus","muotoiluosaaminen","tutkimuskeskus"],"articleSection":["Design","Muotoilu kest\u00e4v\u00e4n liiketoiminnan v\u00e4lineen\u00e4"],"inLanguage":"fi"},{"@type":"WebPage","@id":"https:\/\/blogit.lab.fi\/labfocus\/vahva-estetiikan-ja-kulttuurin-ymmarrys-seka-tekninen-ja-laadullinen-osaaminen-luovat-perustan-muotoiluosaamiselle\/","url":"https:\/\/blogit.lab.fi\/labfocus\/vahva-estetiikan-ja-kulttuurin-ymmarrys-seka-tekninen-ja-laadullinen-osaaminen-luovat-perustan-muotoiluosaamiselle\/","name":"Vahva estetiikan ja kulttuurin ymm\u00e4rrys sek\u00e4 tekninen ja laadullinen osaaminen luovat perustan muotoiluosaamiselle - LAB Focus","isPartOf":{"@id":"https:\/\/blogit.lab.fi\/labfocus\/#website"},"primaryImageOfPage":{"@id":"https:\/\/blogit.lab.fi\/labfocus\/vahva-estetiikan-ja-kulttuurin-ymmarrys-seka-tekninen-ja-laadullinen-osaaminen-luovat-perustan-muotoiluosaamiselle\/#primaryimage"},"image":{"@id":"https:\/\/blogit.lab.fi\/labfocus\/vahva-estetiikan-ja-kulttuurin-ymmarrys-seka-tekninen-ja-laadullinen-osaaminen-luovat-perustan-muotoiluosaamiselle\/#primaryimage"},"thumbnailUrl":"https:\/\/blogit.lab.fi\/labfocus\/wp-content\/uploads\/sites\/8\/2024\/12\/KUVA1.png","datePublished":"2024-12-09T12:48:52+00:00","dateModified":"2024-12-10T08:47:52+00:00","breadcrumb":{"@id":"https:\/\/blogit.lab.fi\/labfocus\/vahva-estetiikan-ja-kulttuurin-ymmarrys-seka-tekninen-ja-laadullinen-osaaminen-luovat-perustan-muotoiluosaamiselle\/#breadcrumb"},"inLanguage":"fi","potentialAction":[{"@type":"ReadAction","target":["https:\/\/blogit.lab.fi\/labfocus\/vahva-estetiikan-ja-kulttuurin-ymmarrys-seka-tekninen-ja-laadullinen-osaaminen-luovat-perustan-muotoiluosaamiselle\/"]}]},{"@type":"ImageObject","inLanguage":"fi","@id":"https:\/\/blogit.lab.fi\/labfocus\/vahva-estetiikan-ja-kulttuurin-ymmarrys-seka-tekninen-ja-laadullinen-osaaminen-luovat-perustan-muotoiluosaamiselle\/#primaryimage","url":"https:\/\/blogit.lab.fi\/labfocus\/wp-content\/uploads\/sites\/8\/2024\/12\/KUVA1.png","contentUrl":"https:\/\/blogit.lab.fi\/labfocus\/wp-content\/uploads\/sites\/8\/2024\/12\/KUVA1.png","width":1280,"height":640},{"@type":"BreadcrumbList","@id":"https:\/\/blogit.lab.fi\/labfocus\/vahva-estetiikan-ja-kulttuurin-ymmarrys-seka-tekninen-ja-laadullinen-osaaminen-luovat-perustan-muotoiluosaamiselle\/#breadcrumb","itemListElement":[{"@type":"ListItem","position":1,"name":"Home","item":"https:\/\/blogit.lab.fi\/labfocus\/"},{"@type":"ListItem","position":2,"name":"Vahva estetiikan ja kulttuurin ymm\u00e4rrys sek\u00e4 tekninen ja laadullinen osaaminen luovat perustan muotoiluosaamiselle"}]},{"@type":"WebSite","@id":"https:\/\/blogit.lab.fi\/labfocus\/#website","url":"https:\/\/blogit.lab.fi\/labfocus\/","name":"LAB Focus","description":"Focus Area blog | LAB University of Applied Sciences","publisher":{"@id":"https:\/\/blogit.lab.fi\/labfocus\/#organization"},"potentialAction":[{"@type":"SearchAction","target":{"@type":"EntryPoint","urlTemplate":"https:\/\/blogit.lab.fi\/labfocus\/?s={search_term_string}"},"query-input":{"@type":"PropertyValueSpecification","valueRequired":true,"valueName":"search_term_string"}}],"inLanguage":"fi"},{"@type":"Organization","@id":"https:\/\/blogit.lab.fi\/labfocus\/#organization","name":"LAB Focus","url":"https:\/\/blogit.lab.fi\/labfocus\/","logo":{"@type":"ImageObject","inLanguage":"fi","@id":"https:\/\/blogit.lab.fi\/labfocus\/#\/schema\/logo\/image\/","url":"https:\/\/blogit.lab.fi\/labfocus\/wp-content\/uploads\/sites\/8\/2020\/04\/cropped-cropped-tunnus_blogi-01.png","contentUrl":"https:\/\/blogit.lab.fi\/labfocus\/wp-content\/uploads\/sites\/8\/2020\/04\/cropped-cropped-tunnus_blogi-01.png","width":1342,"height":288,"caption":"LAB Focus"},"image":{"@id":"https:\/\/blogit.lab.fi\/labfocus\/#\/schema\/logo\/image\/"},"sameAs":["https:\/\/x.com\/LABfinland"]},{"@type":"Person","@id":"https:\/\/blogit.lab.fi\/labfocus\/#\/schema\/person\/b325a0e3bb46ae13dfc4f1cbcc1533c9","name":"annariinaruo","image":{"@type":"ImageObject","inLanguage":"fi","@id":"https:\/\/secure.gravatar.com\/avatar\/80f3cf4f0403f14a1e7c2cd10a3cea1ef1c03536539517f381df99f06b286314?s=96&d=mm&r=g","url":"https:\/\/secure.gravatar.com\/avatar\/80f3cf4f0403f14a1e7c2cd10a3cea1ef1c03536539517f381df99f06b286314?s=96&d=mm&r=g","contentUrl":"https:\/\/secure.gravatar.com\/avatar\/80f3cf4f0403f14a1e7c2cd10a3cea1ef1c03536539517f381df99f06b286314?s=96&d=mm&r=g","caption":"annariinaruo"},"url":"https:\/\/blogit.lab.fi\/labfocus\/author\/annariinaruo\/"}]}},"_links":{"self":[{"href":"https:\/\/blogit.lab.fi\/labfocus\/wp-json\/wp\/v2\/posts\/22393","targetHints":{"allow":["GET"]}}],"collection":[{"href":"https:\/\/blogit.lab.fi\/labfocus\/wp-json\/wp\/v2\/posts"}],"about":[{"href":"https:\/\/blogit.lab.fi\/labfocus\/wp-json\/wp\/v2\/types\/post"}],"author":[{"embeddable":true,"href":"https:\/\/blogit.lab.fi\/labfocus\/wp-json\/wp\/v2\/users\/26"}],"replies":[{"embeddable":true,"href":"https:\/\/blogit.lab.fi\/labfocus\/wp-json\/wp\/v2\/comments?post=22393"}],"version-history":[{"count":6,"href":"https:\/\/blogit.lab.fi\/labfocus\/wp-json\/wp\/v2\/posts\/22393\/revisions"}],"predecessor-version":[{"id":22421,"href":"https:\/\/blogit.lab.fi\/labfocus\/wp-json\/wp\/v2\/posts\/22393\/revisions\/22421"}],"wp:featuredmedia":[{"embeddable":true,"href":"https:\/\/blogit.lab.fi\/labfocus\/wp-json\/wp\/v2\/media\/22394"}],"wp:attachment":[{"href":"https:\/\/blogit.lab.fi\/labfocus\/wp-json\/wp\/v2\/media?parent=22393"}],"wp:term":[{"taxonomy":"category","embeddable":true,"href":"https:\/\/blogit.lab.fi\/labfocus\/wp-json\/wp\/v2\/categories?post=22393"},{"taxonomy":"post_tag","embeddable":true,"href":"https:\/\/blogit.lab.fi\/labfocus\/wp-json\/wp\/v2\/tags?post=22393"}],"curies":[{"name":"wp","href":"https:\/\/api.w.org\/{rel}","templated":true}]}}