{"id":22443,"date":"2024-12-11T08:29:38","date_gmt":"2024-12-11T06:29:38","guid":{"rendered":"https:\/\/blogit.lab.fi\/labfocus\/?p=22443"},"modified":"2024-12-11T08:29:39","modified_gmt":"2024-12-11T06:29:39","slug":"luonto-on-otettava-vahvemmin-osaksi-ihmisten-arkea","status":"publish","type":"post","link":"https:\/\/blogit.lab.fi\/labfocus\/luonto-on-otettava-vahvemmin-osaksi-ihmisten-arkea\/","title":{"rendered":"Luonto on otettava vahvemmin osaksi ihmisten arkea"},"content":{"rendered":"\n<p>Tiedossa on lukuisten selvitysten pohjalta, ett\u00e4 luonto lis\u00e4\u00e4 ihmisten hyvinvointia ja terveytt\u00e4. Toisaalta tiedet\u00e4\u00e4n my\u00f6s, ett\u00e4 nyky-yhteiskunnan terveys- ja hyvinvointihaasteet ovat lis\u00e4\u00e4ntyneet. Terveysongelmat aiheuttavat Suomessa merkitt\u00e4vi\u00e4 kustannuksia. (Mets\u00e4hallitus 2024).<\/p>\n\n\n\n<p>Luonto vaikuttaa my\u00f6nteisesti terveyteen ja hyvinvointiin tutkitusti ainakin kolmen ulottuvuuden kautta. Fyysinen aktiivisuus lis\u00e4\u00e4ntyy luonnossa, luonto elvytt\u00e4\u00e4 ja auttaa palautumaan stressist\u00e4 ja luonnossa liikkuminen edist\u00e4\u00e4 sosiaalista hyvinvointia ja yhteis\u00f6llisyytt\u00e4. (Mets\u00e4hallitus 2024) Osataanko luontoa kuitenkaan hy\u00f6dynt\u00e4\u00e4 riitt\u00e4v\u00e4sti eri sairauksien ennaltaehk\u00e4isyss\u00e4? Luonnonvarakeskus julkaisi syksyll\u00e4 raportin luontoymp\u00e4rist\u00f6n terveysvaikutuksista ja niiden taloudellisista hy\u00f6dyist\u00e4. Raportin tavoitteena oli arvioida tutkimusn\u00e4ytt\u00f6\u00e4 luontoymp\u00e4rist\u00f6n vaikutuksista mielenterveyteen, syd\u00e4n- ja verisuoniterveyteen sek\u00e4 hengityselinterveyteen ja allergioihin, jotka ovat merkitt\u00e4vi\u00e4 kansanterveyden ja -talouden haasteita. (Tyrv\u00e4inen ym. 2024)<\/p>\n\n\n\n<h2 class=\"wp-block-heading\">Kaikki toimijat tarvitaan mukaan<\/h2>\n\n\n\n<p>Luonto on aina tuottanut ihmisille hyvinvointia. Aiemmin luonto ja luonnossa liikkuminen tarkoittivat toimeentuloa ja selviytymist\u00e4. Nykyisin luonto on osa vapaa-aikaa ja el\u00e4m\u00e4nlaatua. (Mets\u00e4hallitus 2024). Joka tapauksessa terveys- ja hyvinvointihaasteet lis\u00e4\u00e4ntyv\u00e4t yhteiskunnassamme. Viet\u00e4mmek\u00f6 riitt\u00e4v\u00e4sti aikaa luonnossa? Miten saamme ihmiset viel\u00e4 enemm\u00e4n luontoon ja hy\u00f6dynt\u00e4m\u00e4\u00e4n maksimaalisesti sen hyvinvointivaikutukset?<\/p>\n\n\n\n<p>Vertaan luontoyhteytt\u00e4 liikkumattomuuteen, joka on my\u00f6s nyky-yhteiskunnassamme noussut yhdeksi terveyshaasteeksi. Ongelmana on erityisesti liikkumattomat tai liian v\u00e4h\u00e4n terveytens\u00e4 kannalta liikkuvat. Sama p\u00e4tee luonnon hyvinvointivaikutusten hy\u00f6dynt\u00e4misess\u00e4. On l\u00f6ydett\u00e4v\u00e4 oikea kohderyhm\u00e4. Ne ihmiset, jotka eiv\u00e4t hy\u00f6dynn\u00e4 luonnon tarjoamia hyvinvointimahdollisuuksia ollenkaan tai hyvinvointinsa kannalta riitt\u00e4v\u00e4sti.<\/p>\n\n\n\n<figure class=\"wp-block-image size-large\"><img loading=\"lazy\" decoding=\"async\" width=\"1024\" height=\"577\" src=\"https:\/\/blogit.lab.fi\/labfocus\/wp-content\/uploads\/sites\/8\/2024\/12\/1063_2024_Luonto-on-otettava-vahvemmin-osaksi-ihmisten-arkea-1024x577.jpg\" alt=\"[Alt-teksti: mets\u00e4inen polku kes\u00e4ll\u00e4, korkeita puita, polulla kulkee nelj\u00e4 retkeilij\u00e4\u00e4.]\" class=\"wp-image-22444\" srcset=\"https:\/\/blogit.lab.fi\/labfocus\/wp-content\/uploads\/sites\/8\/2024\/12\/1063_2024_Luonto-on-otettava-vahvemmin-osaksi-ihmisten-arkea-1024x577.jpg 1024w, https:\/\/blogit.lab.fi\/labfocus\/wp-content\/uploads\/sites\/8\/2024\/12\/1063_2024_Luonto-on-otettava-vahvemmin-osaksi-ihmisten-arkea-300x169.jpg 300w, https:\/\/blogit.lab.fi\/labfocus\/wp-content\/uploads\/sites\/8\/2024\/12\/1063_2024_Luonto-on-otettava-vahvemmin-osaksi-ihmisten-arkea-768x433.jpg 768w, https:\/\/blogit.lab.fi\/labfocus\/wp-content\/uploads\/sites\/8\/2024\/12\/1063_2024_Luonto-on-otettava-vahvemmin-osaksi-ihmisten-arkea-570x321.jpg 570w, https:\/\/blogit.lab.fi\/labfocus\/wp-content\/uploads\/sites\/8\/2024\/12\/1063_2024_Luonto-on-otettava-vahvemmin-osaksi-ihmisten-arkea-1110x624.jpg 1110w, https:\/\/blogit.lab.fi\/labfocus\/wp-content\/uploads\/sites\/8\/2024\/12\/1063_2024_Luonto-on-otettava-vahvemmin-osaksi-ihmisten-arkea-528x297.jpg 528w, https:\/\/blogit.lab.fi\/labfocus\/wp-content\/uploads\/sites\/8\/2024\/12\/1063_2024_Luonto-on-otettava-vahvemmin-osaksi-ihmisten-arkea.jpg 1280w\" sizes=\"auto, (max-width: 1024px) 100vw, 1024px\" \/><figcaption class=\"wp-element-caption\">Kuva 1. Luonto lis\u00e4\u00e4 ihmisten liikett\u00e4 huomaamatta ja parantaa laaja-alaisesti hyvinvointia. (Kuva: P\u00e4ivi Tommola)<\/figcaption><\/figure>\n\n\n\n<p>Oikean kohderyhm\u00e4n l\u00f6yt\u00e4misen ohessa on hyv\u00e4 pohtia, mitk\u00e4 tahot pystyv\u00e4t l\u00f6yt\u00e4m\u00e4\u00e4n oikean kohderyhm\u00e4n ja vaikuttamaan heid\u00e4n k\u00e4ytt\u00e4ytymiseens\u00e4. T\u00e4h\u00e4n tarvitaan aitoa moniammatillista ja poikkihallinnollista yhteisty\u00f6t\u00e4. Esimerkiksi lapset ja nuoret viett\u00e4v\u00e4t ison osan hereill\u00e4olojastaan p\u00e4iv\u00e4kodissa tai koulussa. On erityisen t\u00e4rke\u00e4\u00e4, ett\u00e4 yhteiskunnalliset instituutiot ymm\u00e4rt\u00e4v\u00e4t roolinsa ja pystyv\u00e4t sis\u00e4llytt\u00e4m\u00e4\u00e4n arkeen mahdollisimman paljon luonnon hy\u00f6dynt\u00e4mist\u00e4. Toki t\u00e4h\u00e4n ty\u00f6h\u00f6n tarvitaan my\u00f6s esimerkiksi kaupunki-\/ymp\u00e4rist\u00f6suunnittelu, jotta vaikkapa julkisten rakennusten pihat saadaan monimuotoisiksi ja luonto l\u00e4helle itse rakennusta.<\/p>\n\n\n\n<h2 class=\"wp-block-heading\">Luonto tarjoaa yrityksille mahdollisuuden liiketoiminnan monipuolistamiseen<\/h2>\n\n\n\n<p>Luontol\u00e4ht\u00f6isten palveluiden kehitt\u00e4mishankkeessa, LuoPaKe, ty\u00f6skennell\u00e4\u00e4n yli 40 luontol\u00e4ht\u00f6isi\u00e4 palveluita tarjoavan yritt\u00e4j\u00e4n kanssa (LAB 2024). Hanke pyrkii tukemaan yrityksi\u00e4 verkostoitumisessa, liiketoiminnan monipuolistamisessa sek\u00e4 ymm\u00e4rt\u00e4m\u00e4\u00e4n luonnon hyvinvointivaikutukset sek\u00e4 monimuotoisuus yritystoiminnassa. Onko yrityksill\u00e4 mahdollista osallistua luontoyhteyden edist\u00e4miseen? Oma mielipiteeni on, ett\u00e4 todellakin!&nbsp; &nbsp;<\/p>\n\n\n\n<p>LuoPaKe-hanke (LAB 2024) j\u00e4rjesti marraskuussa Luum\u00e4ell\u00e4 yritt\u00e4jien tapaamisen, jossa verkostoitumisen lis\u00e4ksi toteutettiin SWOT-analyysi. SWOT-analyysi (Strengths, Weaknesses, Opportunities, Threats) on nelikentt\u00e4menetelm\u00e4, joka toimii ty\u00f6kaluna yrityksen toiminnan suunnittelussa. (Wikipedia 2024). Luontopalveluita tarjoavat yritykset n\u00e4kiv\u00e4t vahvuuksikseen yrityksen sijainnin ja toiminnan luontoymp\u00e4rist\u00f6ss\u00e4 tai maaseudulla, mik\u00e4 mahdollistaa luontevasta luontoyhteyden edist\u00e4misen ja luonnosta saatavien hyvinvointivaikutusten yhdist\u00e4misen osana liiketoimintaa. Mahdollisuuksina n\u00e4htiin ymp\u00e4rivuotisen tarjonnan laajeneminen ja luonnon monipuolisempi hy\u00f6dynt\u00e4minen.<\/p>\n\n\n\n<p>LuoPaKe-hanke on jo tarjonnut tietoiskuja luonnon hyvinvointivaikutusten hy\u00f6dynt\u00e4misest\u00e4 liiketoiminnassa sek\u00e4 luonnon monimuotoisuuden vaalimisesta. Ensi vuoden ty\u00f6pajoissa p\u00e4\u00e4st\u00e4\u00e4n syv\u00e4llisemmin pohtimaan esimerkiksi uusien tuotteiden tai palveluiden kehitt\u00e4mist\u00e4, jolloin otetaan viel\u00e4 vahvemmin huomioon luonnon hyvinvointivaikutukset ja luontoyhteyden syntyminen.<\/p>\n\n\n\n<div class=\"wp-block-group has-background\" style=\"background-color:#b3edfb\"><div class=\"wp-block-group__inner-container is-layout-constrained wp-block-group-is-layout-constrained\">\n<p>Kirjoittaja<\/p>\n\n\n\n<p><strong>Kirsi Kiiskinen<\/strong> ty\u00f6skentelee TKI-asiantuntijana LAB-ammattikorkeakoulussa hyvinvointiyksik\u00f6ss\u00e4 ja toimii erityisesti luonnon hyvinvointivaikutusten asiantuntijana LuoPaKe-hankkeessa.<\/p>\n<\/div><\/div>\n\n\n<div class=\"wp-block-image\">\n<figure class=\"aligncenter size-full is-resized\"><img loading=\"lazy\" decoding=\"async\" width=\"1000\" height=\"210\" src=\"https:\/\/blogit.lab.fi\/labfocus\/wp-content\/uploads\/sites\/8\/2024\/12\/Euroopan-unionin-osarahoittama-vaaka-keltatahdet_fi-9.jpg\" alt=\"\" class=\"wp-image-22445\" style=\"width:352px;height:auto\" srcset=\"https:\/\/blogit.lab.fi\/labfocus\/wp-content\/uploads\/sites\/8\/2024\/12\/Euroopan-unionin-osarahoittama-vaaka-keltatahdet_fi-9.jpg 1000w, https:\/\/blogit.lab.fi\/labfocus\/wp-content\/uploads\/sites\/8\/2024\/12\/Euroopan-unionin-osarahoittama-vaaka-keltatahdet_fi-9-300x63.jpg 300w, https:\/\/blogit.lab.fi\/labfocus\/wp-content\/uploads\/sites\/8\/2024\/12\/Euroopan-unionin-osarahoittama-vaaka-keltatahdet_fi-9-768x161.jpg 768w, https:\/\/blogit.lab.fi\/labfocus\/wp-content\/uploads\/sites\/8\/2024\/12\/Euroopan-unionin-osarahoittama-vaaka-keltatahdet_fi-9-570x120.jpg 570w\" sizes=\"auto, (max-width: 1000px) 100vw, 1000px\" \/><\/figure>\n<\/div>\n\n\n<h2 class=\"wp-block-heading\">L\u00e4hteet<\/h2>\n\n\n\n<p>LAB. 2024. Luontol\u00e4ht\u00f6isten palvelujen kehitt\u00e4mishanke LuoPaKe. LAB-ammattikorkeakoulu. Viitattu 18.11.2024. Saatavissa <a href=\"https:\/\/lab.fi\/fi\/projekti\/luopake\">https:\/\/lab.fi\/fi\/projekti\/luopake<\/a><\/p>\n\n\n\n<p>Mets\u00e4hallitus. 2024. Terveytt\u00e4 ja hyvinvointia luonnosta. Viitattu 18.11.2024. Saatavissa <a href=\"https:\/\/www.luontoon.fi\/terveyttajahyvinvointialuonnosta\">https:\/\/www.luontoon.fi\/terveyttajahyvinvointialuonnosta<\/a><\/p>\n\n\n\n<p>Tyrv\u00e4inen, L., Halonen, J., Pasanen, T., Ojala, A., T\u00e4ubel, M., Kivel\u00e4, S., Leskel\u00e4, R., Pennanen, P., Manninen, J., Sinkkonen, A., Haahtela, T., Haveri, H., Grotenfelt-Enegren, M., Lankia, T. &amp; Neuvonen, M. 2024. Luontoymp\u00e4rist\u00f6n terveysvaikutukset ja niiden taloudellinen merkitys. Luonnonvara- ja biotalouden tutkimus 76\/2024. Luonnonvarakeskus 2024. Viitattu 18.11.2024. Saatavissa <a href=\"http:\/\/urn.fi\/URN:ISBN:978-952-380-963-5\">http:\/\/urn.fi\/URN:ISBN:978-952-380-963-5<\/a><\/p>\n\n\n\n<p>Wikipedia. 2024. SWOT-analyysi. Viitattu 21.11.2024. Saatavissa <a href=\"https:\/\/fi.wikipedia.org\/wiki\/SWOT-analyysi\">https:\/\/fi.wikipedia.org\/wiki\/SWOT-analyysi<\/a><\/p>\n","protected":false},"excerpt":{"rendered":"<p>Tiedossa on lukuisten selvitysten pohjalta, ett\u00e4 luonto lis\u00e4\u00e4 ihmisten hyvinvointia ja terveytt\u00e4. Toisaalta tiedet\u00e4\u00e4n my\u00f6s, ett\u00e4 nyky-yhteiskunnan terveys- ja hyvinvointihaasteet ovat lis\u00e4\u00e4ntyneet. Terveysongelmat aiheuttavat Suomessa merkitt\u00e4vi\u00e4 kustannuksia. (Mets\u00e4hallitus 2024). Luonto vaikuttaa my\u00f6nteisesti terveyteen ja hyvinvointiin tutkitusti ainakin kolmen ulottuvuuden kautta. Fyysinen aktiivisuus lis\u00e4\u00e4ntyy luonnossa, luonto elvytt\u00e4\u00e4 ja auttaa palautumaan stressist\u00e4 ja luonnossa liikkuminen edist\u00e4\u00e4 sosiaalista [&hellip;]<\/p>\n","protected":false},"author":17,"featured_media":22444,"comment_status":"closed","ping_status":"open","sticky":false,"template":"","format":"standard","meta":{"footnotes":""},"categories":[15,147],"tags":[9904,157,5311,9657,10752],"class_list":{"0":"post-22443","1":"post","2":"type-post","3":"status-publish","4":"format-standard","5":"has-post-thumbnail","7":"category-health_fi","8":"category-hyvinvointia-liikkumisesta-ja-elinymparistosta","9":"tag-artikkeli-d1","10":"tag-hyvinvointi","11":"tag-luonto","12":"tag-luopake","13":"tag-terveysvaikutukset","14":"czr-hentry"},"yoast_head":"<!-- This site is optimized with the Yoast SEO plugin v27.5 - https:\/\/yoast.com\/product\/yoast-seo-wordpress\/ -->\n<title>Luonto on otettava vahvemmin osaksi ihmisten arkea - LAB Focus<\/title>\n<meta name=\"robots\" content=\"index, follow, max-snippet:-1, max-image-preview:large, max-video-preview:-1\" \/>\n<link rel=\"canonical\" href=\"https:\/\/blogit.lab.fi\/labfocus\/luonto-on-otettava-vahvemmin-osaksi-ihmisten-arkea\/\" \/>\n<meta property=\"og:locale\" content=\"fi_FI\" \/>\n<meta property=\"og:type\" content=\"article\" \/>\n<meta property=\"og:title\" content=\"Luonto on otettava vahvemmin osaksi ihmisten arkea - LAB Focus\" \/>\n<meta property=\"og:description\" content=\"Tiedossa on lukuisten selvitysten pohjalta, ett\u00e4 luonto lis\u00e4\u00e4 ihmisten hyvinvointia ja terveytt\u00e4. Toisaalta tiedet\u00e4\u00e4n my\u00f6s, ett\u00e4 nyky-yhteiskunnan terveys- ja hyvinvointihaasteet ovat lis\u00e4\u00e4ntyneet. Terveysongelmat aiheuttavat Suomessa merkitt\u00e4vi\u00e4 kustannuksia. (Mets\u00e4hallitus 2024). Luonto vaikuttaa my\u00f6nteisesti terveyteen ja hyvinvointiin tutkitusti ainakin kolmen ulottuvuuden kautta. Fyysinen aktiivisuus lis\u00e4\u00e4ntyy luonnossa, luonto elvytt\u00e4\u00e4 ja auttaa palautumaan stressist\u00e4 ja luonnossa liikkuminen edist\u00e4\u00e4 sosiaalista [&hellip;]\" \/>\n<meta property=\"og:url\" content=\"https:\/\/blogit.lab.fi\/labfocus\/luonto-on-otettava-vahvemmin-osaksi-ihmisten-arkea\/\" \/>\n<meta property=\"og:site_name\" content=\"LAB Focus\" \/>\n<meta property=\"article:published_time\" content=\"2024-12-11T06:29:38+00:00\" \/>\n<meta property=\"article:modified_time\" content=\"2024-12-11T06:29:39+00:00\" \/>\n<meta property=\"og:image\" content=\"https:\/\/blogit.lab.fi\/labfocus\/wp-content\/uploads\/sites\/8\/2024\/12\/1063_2024_Luonto-on-otettava-vahvemmin-osaksi-ihmisten-arkea.jpg\" \/>\n\t<meta property=\"og:image:width\" content=\"1280\" \/>\n\t<meta property=\"og:image:height\" content=\"721\" \/>\n\t<meta property=\"og:image:type\" content=\"image\/jpeg\" \/>\n<meta name=\"author\" content=\"tainask\" \/>\n<meta name=\"twitter:card\" content=\"summary_large_image\" \/>\n<meta name=\"twitter:creator\" content=\"@LABfinland\" \/>\n<meta name=\"twitter:site\" content=\"@LABfinland\" \/>\n<meta name=\"twitter:label1\" content=\"Kirjoittanut\" \/>\n\t<meta name=\"twitter:data1\" content=\"tainask\" \/>\n\t<meta name=\"twitter:label2\" content=\"Arvioitu lukuaika\" \/>\n\t<meta name=\"twitter:data2\" content=\"4 minuuttia\" \/>\n<script type=\"application\/ld+json\" class=\"yoast-schema-graph\">{\"@context\":\"https:\\\/\\\/schema.org\",\"@graph\":[{\"@type\":\"Article\",\"@id\":\"https:\\\/\\\/blogit.lab.fi\\\/labfocus\\\/luonto-on-otettava-vahvemmin-osaksi-ihmisten-arkea\\\/#article\",\"isPartOf\":{\"@id\":\"https:\\\/\\\/blogit.lab.fi\\\/labfocus\\\/luonto-on-otettava-vahvemmin-osaksi-ihmisten-arkea\\\/\"},\"author\":{\"name\":\"tainask\",\"@id\":\"https:\\\/\\\/blogit.lab.fi\\\/labfocus\\\/#\\\/schema\\\/person\\\/da729f65c4a2fb9fd8f0b1ec7a2ab7d0\"},\"headline\":\"Luonto on otettava vahvemmin osaksi ihmisten arkea\",\"datePublished\":\"2024-12-11T06:29:38+00:00\",\"dateModified\":\"2024-12-11T06:29:39+00:00\",\"mainEntityOfPage\":{\"@id\":\"https:\\\/\\\/blogit.lab.fi\\\/labfocus\\\/luonto-on-otettava-vahvemmin-osaksi-ihmisten-arkea\\\/\"},\"wordCount\":656,\"publisher\":{\"@id\":\"https:\\\/\\\/blogit.lab.fi\\\/labfocus\\\/#organization\"},\"image\":{\"@id\":\"https:\\\/\\\/blogit.lab.fi\\\/labfocus\\\/luonto-on-otettava-vahvemmin-osaksi-ihmisten-arkea\\\/#primaryimage\"},\"thumbnailUrl\":\"https:\\\/\\\/blogit.lab.fi\\\/labfocus\\\/wp-content\\\/uploads\\\/sites\\\/8\\\/2024\\\/12\\\/1063_2024_Luonto-on-otettava-vahvemmin-osaksi-ihmisten-arkea.jpg\",\"keywords\":[\"Artikkeli D1\",\"Hyvinvointi\",\"luonto\",\"LuoPaKe\",\"terveysvaikutukset\"],\"articleSection\":[\"Health\",\"Hyvinvointia elinymp\u00e4rist\u00f6st\u00e4, liikkumisesta ja matkailusta\"],\"inLanguage\":\"fi\"},{\"@type\":\"WebPage\",\"@id\":\"https:\\\/\\\/blogit.lab.fi\\\/labfocus\\\/luonto-on-otettava-vahvemmin-osaksi-ihmisten-arkea\\\/\",\"url\":\"https:\\\/\\\/blogit.lab.fi\\\/labfocus\\\/luonto-on-otettava-vahvemmin-osaksi-ihmisten-arkea\\\/\",\"name\":\"Luonto on otettava vahvemmin osaksi ihmisten arkea - LAB Focus\",\"isPartOf\":{\"@id\":\"https:\\\/\\\/blogit.lab.fi\\\/labfocus\\\/#website\"},\"primaryImageOfPage\":{\"@id\":\"https:\\\/\\\/blogit.lab.fi\\\/labfocus\\\/luonto-on-otettava-vahvemmin-osaksi-ihmisten-arkea\\\/#primaryimage\"},\"image\":{\"@id\":\"https:\\\/\\\/blogit.lab.fi\\\/labfocus\\\/luonto-on-otettava-vahvemmin-osaksi-ihmisten-arkea\\\/#primaryimage\"},\"thumbnailUrl\":\"https:\\\/\\\/blogit.lab.fi\\\/labfocus\\\/wp-content\\\/uploads\\\/sites\\\/8\\\/2024\\\/12\\\/1063_2024_Luonto-on-otettava-vahvemmin-osaksi-ihmisten-arkea.jpg\",\"datePublished\":\"2024-12-11T06:29:38+00:00\",\"dateModified\":\"2024-12-11T06:29:39+00:00\",\"breadcrumb\":{\"@id\":\"https:\\\/\\\/blogit.lab.fi\\\/labfocus\\\/luonto-on-otettava-vahvemmin-osaksi-ihmisten-arkea\\\/#breadcrumb\"},\"inLanguage\":\"fi\",\"potentialAction\":[{\"@type\":\"ReadAction\",\"target\":[\"https:\\\/\\\/blogit.lab.fi\\\/labfocus\\\/luonto-on-otettava-vahvemmin-osaksi-ihmisten-arkea\\\/\"]}]},{\"@type\":\"ImageObject\",\"inLanguage\":\"fi\",\"@id\":\"https:\\\/\\\/blogit.lab.fi\\\/labfocus\\\/luonto-on-otettava-vahvemmin-osaksi-ihmisten-arkea\\\/#primaryimage\",\"url\":\"https:\\\/\\\/blogit.lab.fi\\\/labfocus\\\/wp-content\\\/uploads\\\/sites\\\/8\\\/2024\\\/12\\\/1063_2024_Luonto-on-otettava-vahvemmin-osaksi-ihmisten-arkea.jpg\",\"contentUrl\":\"https:\\\/\\\/blogit.lab.fi\\\/labfocus\\\/wp-content\\\/uploads\\\/sites\\\/8\\\/2024\\\/12\\\/1063_2024_Luonto-on-otettava-vahvemmin-osaksi-ihmisten-arkea.jpg\",\"width\":1280,\"height\":721},{\"@type\":\"BreadcrumbList\",\"@id\":\"https:\\\/\\\/blogit.lab.fi\\\/labfocus\\\/luonto-on-otettava-vahvemmin-osaksi-ihmisten-arkea\\\/#breadcrumb\",\"itemListElement\":[{\"@type\":\"ListItem\",\"position\":1,\"name\":\"Home\",\"item\":\"https:\\\/\\\/blogit.lab.fi\\\/labfocus\\\/\"},{\"@type\":\"ListItem\",\"position\":2,\"name\":\"Luonto on otettava vahvemmin osaksi ihmisten arkea\"}]},{\"@type\":\"WebSite\",\"@id\":\"https:\\\/\\\/blogit.lab.fi\\\/labfocus\\\/#website\",\"url\":\"https:\\\/\\\/blogit.lab.fi\\\/labfocus\\\/\",\"name\":\"LAB Focus\",\"description\":\"Focus Area blog | LAB University of Applied Sciences\",\"publisher\":{\"@id\":\"https:\\\/\\\/blogit.lab.fi\\\/labfocus\\\/#organization\"},\"potentialAction\":[{\"@type\":\"SearchAction\",\"target\":{\"@type\":\"EntryPoint\",\"urlTemplate\":\"https:\\\/\\\/blogit.lab.fi\\\/labfocus\\\/?s={search_term_string}\"},\"query-input\":{\"@type\":\"PropertyValueSpecification\",\"valueRequired\":true,\"valueName\":\"search_term_string\"}}],\"inLanguage\":\"fi\"},{\"@type\":\"Organization\",\"@id\":\"https:\\\/\\\/blogit.lab.fi\\\/labfocus\\\/#organization\",\"name\":\"LAB Focus\",\"url\":\"https:\\\/\\\/blogit.lab.fi\\\/labfocus\\\/\",\"logo\":{\"@type\":\"ImageObject\",\"inLanguage\":\"fi\",\"@id\":\"https:\\\/\\\/blogit.lab.fi\\\/labfocus\\\/#\\\/schema\\\/logo\\\/image\\\/\",\"url\":\"https:\\\/\\\/blogit.lab.fi\\\/labfocus\\\/wp-content\\\/uploads\\\/sites\\\/8\\\/2020\\\/04\\\/cropped-cropped-tunnus_blogi-01.png\",\"contentUrl\":\"https:\\\/\\\/blogit.lab.fi\\\/labfocus\\\/wp-content\\\/uploads\\\/sites\\\/8\\\/2020\\\/04\\\/cropped-cropped-tunnus_blogi-01.png\",\"width\":1342,\"height\":288,\"caption\":\"LAB Focus\"},\"image\":{\"@id\":\"https:\\\/\\\/blogit.lab.fi\\\/labfocus\\\/#\\\/schema\\\/logo\\\/image\\\/\"},\"sameAs\":[\"https:\\\/\\\/x.com\\\/LABfinland\"]},{\"@type\":\"Person\",\"@id\":\"https:\\\/\\\/blogit.lab.fi\\\/labfocus\\\/#\\\/schema\\\/person\\\/da729f65c4a2fb9fd8f0b1ec7a2ab7d0\",\"name\":\"tainask\",\"image\":{\"@type\":\"ImageObject\",\"inLanguage\":\"fi\",\"@id\":\"https:\\\/\\\/secure.gravatar.com\\\/avatar\\\/4a96427877ef826b76e80c27f60b266128094f522551459346efcf14282febb3?s=96&d=mm&r=g\",\"url\":\"https:\\\/\\\/secure.gravatar.com\\\/avatar\\\/4a96427877ef826b76e80c27f60b266128094f522551459346efcf14282febb3?s=96&d=mm&r=g\",\"contentUrl\":\"https:\\\/\\\/secure.gravatar.com\\\/avatar\\\/4a96427877ef826b76e80c27f60b266128094f522551459346efcf14282febb3?s=96&d=mm&r=g\",\"caption\":\"tainask\"},\"url\":\"https:\\\/\\\/blogit.lab.fi\\\/labfocus\\\/author\\\/tainask\\\/\"}]}<\/script>\n<!-- \/ Yoast SEO plugin. -->","yoast_head_json":{"title":"Luonto on otettava vahvemmin osaksi ihmisten arkea - LAB Focus","robots":{"index":"index","follow":"follow","max-snippet":"max-snippet:-1","max-image-preview":"max-image-preview:large","max-video-preview":"max-video-preview:-1"},"canonical":"https:\/\/blogit.lab.fi\/labfocus\/luonto-on-otettava-vahvemmin-osaksi-ihmisten-arkea\/","og_locale":"fi_FI","og_type":"article","og_title":"Luonto on otettava vahvemmin osaksi ihmisten arkea - LAB Focus","og_description":"Tiedossa on lukuisten selvitysten pohjalta, ett\u00e4 luonto lis\u00e4\u00e4 ihmisten hyvinvointia ja terveytt\u00e4. Toisaalta tiedet\u00e4\u00e4n my\u00f6s, ett\u00e4 nyky-yhteiskunnan terveys- ja hyvinvointihaasteet ovat lis\u00e4\u00e4ntyneet. Terveysongelmat aiheuttavat Suomessa merkitt\u00e4vi\u00e4 kustannuksia. (Mets\u00e4hallitus 2024). Luonto vaikuttaa my\u00f6nteisesti terveyteen ja hyvinvointiin tutkitusti ainakin kolmen ulottuvuuden kautta. Fyysinen aktiivisuus lis\u00e4\u00e4ntyy luonnossa, luonto elvytt\u00e4\u00e4 ja auttaa palautumaan stressist\u00e4 ja luonnossa liikkuminen edist\u00e4\u00e4 sosiaalista [&hellip;]","og_url":"https:\/\/blogit.lab.fi\/labfocus\/luonto-on-otettava-vahvemmin-osaksi-ihmisten-arkea\/","og_site_name":"LAB Focus","article_published_time":"2024-12-11T06:29:38+00:00","article_modified_time":"2024-12-11T06:29:39+00:00","og_image":[{"width":1280,"height":721,"url":"https:\/\/blogit.lab.fi\/labfocus\/wp-content\/uploads\/sites\/8\/2024\/12\/1063_2024_Luonto-on-otettava-vahvemmin-osaksi-ihmisten-arkea.jpg","type":"image\/jpeg"}],"author":"tainask","twitter_card":"summary_large_image","twitter_creator":"@LABfinland","twitter_site":"@LABfinland","twitter_misc":{"Kirjoittanut":"tainask","Arvioitu lukuaika":"4 minuuttia"},"schema":{"@context":"https:\/\/schema.org","@graph":[{"@type":"Article","@id":"https:\/\/blogit.lab.fi\/labfocus\/luonto-on-otettava-vahvemmin-osaksi-ihmisten-arkea\/#article","isPartOf":{"@id":"https:\/\/blogit.lab.fi\/labfocus\/luonto-on-otettava-vahvemmin-osaksi-ihmisten-arkea\/"},"author":{"name":"tainask","@id":"https:\/\/blogit.lab.fi\/labfocus\/#\/schema\/person\/da729f65c4a2fb9fd8f0b1ec7a2ab7d0"},"headline":"Luonto on otettava vahvemmin osaksi ihmisten arkea","datePublished":"2024-12-11T06:29:38+00:00","dateModified":"2024-12-11T06:29:39+00:00","mainEntityOfPage":{"@id":"https:\/\/blogit.lab.fi\/labfocus\/luonto-on-otettava-vahvemmin-osaksi-ihmisten-arkea\/"},"wordCount":656,"publisher":{"@id":"https:\/\/blogit.lab.fi\/labfocus\/#organization"},"image":{"@id":"https:\/\/blogit.lab.fi\/labfocus\/luonto-on-otettava-vahvemmin-osaksi-ihmisten-arkea\/#primaryimage"},"thumbnailUrl":"https:\/\/blogit.lab.fi\/labfocus\/wp-content\/uploads\/sites\/8\/2024\/12\/1063_2024_Luonto-on-otettava-vahvemmin-osaksi-ihmisten-arkea.jpg","keywords":["Artikkeli D1","Hyvinvointi","luonto","LuoPaKe","terveysvaikutukset"],"articleSection":["Health","Hyvinvointia elinymp\u00e4rist\u00f6st\u00e4, liikkumisesta ja matkailusta"],"inLanguage":"fi"},{"@type":"WebPage","@id":"https:\/\/blogit.lab.fi\/labfocus\/luonto-on-otettava-vahvemmin-osaksi-ihmisten-arkea\/","url":"https:\/\/blogit.lab.fi\/labfocus\/luonto-on-otettava-vahvemmin-osaksi-ihmisten-arkea\/","name":"Luonto on otettava vahvemmin osaksi ihmisten arkea - LAB Focus","isPartOf":{"@id":"https:\/\/blogit.lab.fi\/labfocus\/#website"},"primaryImageOfPage":{"@id":"https:\/\/blogit.lab.fi\/labfocus\/luonto-on-otettava-vahvemmin-osaksi-ihmisten-arkea\/#primaryimage"},"image":{"@id":"https:\/\/blogit.lab.fi\/labfocus\/luonto-on-otettava-vahvemmin-osaksi-ihmisten-arkea\/#primaryimage"},"thumbnailUrl":"https:\/\/blogit.lab.fi\/labfocus\/wp-content\/uploads\/sites\/8\/2024\/12\/1063_2024_Luonto-on-otettava-vahvemmin-osaksi-ihmisten-arkea.jpg","datePublished":"2024-12-11T06:29:38+00:00","dateModified":"2024-12-11T06:29:39+00:00","breadcrumb":{"@id":"https:\/\/blogit.lab.fi\/labfocus\/luonto-on-otettava-vahvemmin-osaksi-ihmisten-arkea\/#breadcrumb"},"inLanguage":"fi","potentialAction":[{"@type":"ReadAction","target":["https:\/\/blogit.lab.fi\/labfocus\/luonto-on-otettava-vahvemmin-osaksi-ihmisten-arkea\/"]}]},{"@type":"ImageObject","inLanguage":"fi","@id":"https:\/\/blogit.lab.fi\/labfocus\/luonto-on-otettava-vahvemmin-osaksi-ihmisten-arkea\/#primaryimage","url":"https:\/\/blogit.lab.fi\/labfocus\/wp-content\/uploads\/sites\/8\/2024\/12\/1063_2024_Luonto-on-otettava-vahvemmin-osaksi-ihmisten-arkea.jpg","contentUrl":"https:\/\/blogit.lab.fi\/labfocus\/wp-content\/uploads\/sites\/8\/2024\/12\/1063_2024_Luonto-on-otettava-vahvemmin-osaksi-ihmisten-arkea.jpg","width":1280,"height":721},{"@type":"BreadcrumbList","@id":"https:\/\/blogit.lab.fi\/labfocus\/luonto-on-otettava-vahvemmin-osaksi-ihmisten-arkea\/#breadcrumb","itemListElement":[{"@type":"ListItem","position":1,"name":"Home","item":"https:\/\/blogit.lab.fi\/labfocus\/"},{"@type":"ListItem","position":2,"name":"Luonto on otettava vahvemmin osaksi ihmisten arkea"}]},{"@type":"WebSite","@id":"https:\/\/blogit.lab.fi\/labfocus\/#website","url":"https:\/\/blogit.lab.fi\/labfocus\/","name":"LAB Focus","description":"Focus Area blog | LAB University of Applied Sciences","publisher":{"@id":"https:\/\/blogit.lab.fi\/labfocus\/#organization"},"potentialAction":[{"@type":"SearchAction","target":{"@type":"EntryPoint","urlTemplate":"https:\/\/blogit.lab.fi\/labfocus\/?s={search_term_string}"},"query-input":{"@type":"PropertyValueSpecification","valueRequired":true,"valueName":"search_term_string"}}],"inLanguage":"fi"},{"@type":"Organization","@id":"https:\/\/blogit.lab.fi\/labfocus\/#organization","name":"LAB Focus","url":"https:\/\/blogit.lab.fi\/labfocus\/","logo":{"@type":"ImageObject","inLanguage":"fi","@id":"https:\/\/blogit.lab.fi\/labfocus\/#\/schema\/logo\/image\/","url":"https:\/\/blogit.lab.fi\/labfocus\/wp-content\/uploads\/sites\/8\/2020\/04\/cropped-cropped-tunnus_blogi-01.png","contentUrl":"https:\/\/blogit.lab.fi\/labfocus\/wp-content\/uploads\/sites\/8\/2020\/04\/cropped-cropped-tunnus_blogi-01.png","width":1342,"height":288,"caption":"LAB Focus"},"image":{"@id":"https:\/\/blogit.lab.fi\/labfocus\/#\/schema\/logo\/image\/"},"sameAs":["https:\/\/x.com\/LABfinland"]},{"@type":"Person","@id":"https:\/\/blogit.lab.fi\/labfocus\/#\/schema\/person\/da729f65c4a2fb9fd8f0b1ec7a2ab7d0","name":"tainask","image":{"@type":"ImageObject","inLanguage":"fi","@id":"https:\/\/secure.gravatar.com\/avatar\/4a96427877ef826b76e80c27f60b266128094f522551459346efcf14282febb3?s=96&d=mm&r=g","url":"https:\/\/secure.gravatar.com\/avatar\/4a96427877ef826b76e80c27f60b266128094f522551459346efcf14282febb3?s=96&d=mm&r=g","contentUrl":"https:\/\/secure.gravatar.com\/avatar\/4a96427877ef826b76e80c27f60b266128094f522551459346efcf14282febb3?s=96&d=mm&r=g","caption":"tainask"},"url":"https:\/\/blogit.lab.fi\/labfocus\/author\/tainask\/"}]}},"_links":{"self":[{"href":"https:\/\/blogit.lab.fi\/labfocus\/wp-json\/wp\/v2\/posts\/22443","targetHints":{"allow":["GET"]}}],"collection":[{"href":"https:\/\/blogit.lab.fi\/labfocus\/wp-json\/wp\/v2\/posts"}],"about":[{"href":"https:\/\/blogit.lab.fi\/labfocus\/wp-json\/wp\/v2\/types\/post"}],"author":[{"embeddable":true,"href":"https:\/\/blogit.lab.fi\/labfocus\/wp-json\/wp\/v2\/users\/17"}],"replies":[{"embeddable":true,"href":"https:\/\/blogit.lab.fi\/labfocus\/wp-json\/wp\/v2\/comments?post=22443"}],"version-history":[{"count":1,"href":"https:\/\/blogit.lab.fi\/labfocus\/wp-json\/wp\/v2\/posts\/22443\/revisions"}],"predecessor-version":[{"id":22446,"href":"https:\/\/blogit.lab.fi\/labfocus\/wp-json\/wp\/v2\/posts\/22443\/revisions\/22446"}],"wp:featuredmedia":[{"embeddable":true,"href":"https:\/\/blogit.lab.fi\/labfocus\/wp-json\/wp\/v2\/media\/22444"}],"wp:attachment":[{"href":"https:\/\/blogit.lab.fi\/labfocus\/wp-json\/wp\/v2\/media?parent=22443"}],"wp:term":[{"taxonomy":"category","embeddable":true,"href":"https:\/\/blogit.lab.fi\/labfocus\/wp-json\/wp\/v2\/categories?post=22443"},{"taxonomy":"post_tag","embeddable":true,"href":"https:\/\/blogit.lab.fi\/labfocus\/wp-json\/wp\/v2\/tags?post=22443"}],"curies":[{"name":"wp","href":"https:\/\/api.w.org\/{rel}","templated":true}]}}