{"id":2339,"date":"2020-11-25T10:36:32","date_gmt":"2020-11-25T08:36:32","guid":{"rendered":"https:\/\/blogit.lab.fi\/labfocus\/?p=2339"},"modified":"2020-11-25T10:38:12","modified_gmt":"2020-11-25T08:38:12","slug":"tekstiiliteollisuuden-arvoketjun-merkittavimmat-kestavyyteen-vaikuttavat-tekijat-tunnistettu","status":"publish","type":"post","link":"https:\/\/blogit.lab.fi\/labfocus\/tekstiiliteollisuuden-arvoketjun-merkittavimmat-kestavyyteen-vaikuttavat-tekijat-tunnistettu\/","title":{"rendered":"Tekstiiliteollisuuden arvoketjun merkitt\u00e4vimm\u00e4t kest\u00e4vyyteen vaikuttavat tekij\u00e4t tunnistettu"},"content":{"rendered":"\n<p>Tekstiiliteollisuuden ymp\u00e4rist\u00f6vaikutusten hallintaan ja pienent\u00e4miseen voidaan vaikuttaa hyvin erilaisin keinoin. EU:n kiertotalouden toimintasuunnitelman mukaan tarkastelun tulee ulottua koko tekstiilin raaka-aineiden ja tuotteiden elinkaareen (Euroopan Komissio 2020). On t\u00e4rke\u00e4\u00e4 tunnistaa mill\u00e4 keinoilla saadaan suurimmat kokonaisvaikutukset. Vaateteollisuuden hankintaketjujen toimijat eiv\u00e4t useinkaan tied\u00e4 toistensa toiminnasta, mik\u00e4 johtuu hankintaketjujen l\u00e4pin\u00e4kym\u00e4tt\u00f6myydest\u00e4. Lis\u00e4ksi keskeisess\u00e4 roolissa ovat koko toimialan arvoketjun sosiaaliset ja liiketaloudelliset vaikutukset, mik\u00e4 tekee tarkastelusta entist\u00e4 monimutkaisemman.&nbsp;<\/p>\n\n\n\n<p>Syyskuussa 2020 julkaistiin Yhdistyneiden kansakuntien ymp\u00e4rist\u00f6ohjelman raportti <a href=\"http:\/\/hdl.handle.net\/20.500.11822\/34184\" target=\"_blank\" rel=\"noreferrer noopener\">Circularity and Sustainability in the Textile Value Chain: Global Stocktaking<\/a>, jonka p\u00e4\u00e4kohdat esiteltiin lokakuun lopussa j\u00e4rjestetyss\u00e4 <a href=\"https:\/\/greengrowthknowledge.org\/webinar\/ggkp-webinar-sustainability-and-circularity-textiles-value-chain\" target=\"_blank\" rel=\"noreferrer noopener\">webinaarissa<\/a>. Raportissa on tunnistettu tekstiiliteollisuuden arvoketjun t\u00e4rkeimpi\u00e4 kohtia (hotspots) ymp\u00e4rist\u00f6n sek\u00e4 sosiaalisten ja liiketaloudellisten vaikutusten kannalta. Raportti suosittelee kiertotalouden mukaisten liiketoimintamallien mahdollistavaa ohjauspolitiikkaa, vahvempaa yhteisty\u00f6t\u00e4 ja rahoitusta sek\u00e4 muutosta kuluttajak\u00e4ytt\u00e4ytymiseen erilaisilla kannustimilla. (UNEP 2020)&nbsp;<\/p>\n\n\n\n<figure class=\"wp-block-image size-large\"><img loading=\"lazy\" decoding=\"async\" width=\"1024\" height=\"308\" src=\"https:\/\/blogit.lab.fi\/labfocus\/wp-content\/uploads\/sites\/8\/2020\/11\/image-19.png\" alt=\"\" class=\"wp-image-2340\" srcset=\"https:\/\/blogit.lab.fi\/labfocus\/wp-content\/uploads\/sites\/8\/2020\/11\/image-19.png 1024w, https:\/\/blogit.lab.fi\/labfocus\/wp-content\/uploads\/sites\/8\/2020\/11\/image-19-300x90.png 300w, https:\/\/blogit.lab.fi\/labfocus\/wp-content\/uploads\/sites\/8\/2020\/11\/image-19-768x231.png 768w\" sizes=\"auto, (max-width: 1024px) 100vw, 1024px\" \/><figcaption>KUVA 1. Tekstiiliteollisuuden lineaarinen tuotantoketju, joka sis\u00e4lt\u00e4\u00e4 kuitutuotannon, lanka- ja kangastuotannon, tekstiilituotteiden valmistuksen, kulutuksen ja k\u00e4yt\u00f6n j\u00e4lkeen kulutuksesta poiston. Kuva: UNEP.<\/figcaption><\/figure>\n\n\n\n<h2 class=\"wp-block-heading\"><strong>Raaka-ainetuotanto, k\u00e4sittelyt<\/strong><strong> ja kulutus aiheuttavat suurimmat kuormitukset<\/strong>&nbsp;<\/h2>\n\n\n\n<p>Circularity and Sustainability in the Textile Value Chain: Global Stocktaking -raportin mukaan ymp\u00e4rist\u00f6n kannalta suurimmat vaikutukset luonnonkuituraaka-aineen valmistuksessa syntyv\u00e4t puuvillan viljelyss\u00e4 k\u00e4ytett\u00e4vist\u00e4 lannoitteista ja torjunta-aineilla sek\u00e4 suuresta vedenk\u00e4yt\u00f6st\u00e4. Tekokuitujen osalta fossiiliset raaka-aineet tuovat ymp\u00e4rist\u00f6kuormitusta. Tuotannon aikana tekstiilille teht\u00e4v\u00e4t erilaiset k\u00e4sittelyt ja viimeistelyt kuluttavat paljon energiaa, kemikaaleja ja vett\u00e4. K\u00e4yt\u00f6n aikainen suurin ymp\u00e4rist\u00f6kuormitus tulee vaatteiden pesusta ja kuivauksesta. K\u00e4yt\u00f6st\u00e4 poistetulla tekstiilill\u00e4 ei ole t\u00e4m\u00e4n tarkastelun mukaan suuria ymp\u00e4rist\u00f6vaikutuksia. Suurin vaikutus on resurssien ja sen arvon menetys tekstiilimateriaalin hukan my\u00f6t\u00e4. (UNEP 2020)&nbsp;<\/p>\n\n\n\n<p>Ilmaston kannalta parasta on k\u00e4ytt\u00e4\u00e4 tekstiilej\u00e4 mahdollisimman pitk\u00e4\u00e4n sek\u00e4 muuttaa pesutottumuksia niin, ett\u00e4 energiaa ja vett\u00e4 kuluu v\u00e4hemm\u00e4n. Tuotannon aikaisista toimenpiteist\u00e4 suurin vaikutus on erilaisilla k\u00e4sittelyill\u00e4, mm. valkaisu, v\u00e4rj\u00e4ys ja viimeistelyt. (UNEP 2020)&nbsp;<\/p>\n\n\n\n<p>Tekstiiliteollisuudessa vett\u00e4 k\u00e4ytet\u00e4\u00e4n runsaasti monessa tuotantoketjun eri vaiheessa. Puuvillan viljely on eritt\u00e4in vesi-intensiivinen tuotantovaihe. Tekstiilien erilaiset k\u00e4sittelyt kuluttavat paljon vett\u00e4, mist\u00e4 syntyv\u00e4n j\u00e4teveden k\u00e4sittely on usein puutteellista. Vaatteiden liiallinen pesu on johtanut siihen, ett\u00e4 k\u00e4ytt\u00f6vaihe on vesivarantoihin suurimmin vaikuttava tekij\u00e4. Vaatteiden valmistusmaalla puolestaan on suuri merkitys siihen, miten suureksi vesijalanj\u00e4lki muodostuu. (UNEP 2020)&nbsp;<\/p>\n\n\n\n<h2 class=\"wp-block-heading\"><strong>Sosiaaliset ja liiketaloudelliset vaikutukset ovat moninaisia<\/strong>&nbsp;<\/h2>\n\n\n\n<p>Tekstiilintuotannon kemikaalien k\u00e4sittelyt aiheuttavat runsaasti ty\u00f6per\u00e4isi\u00e4 sairauksia. Erityisesti luonnonkuitujen valmistus on riskialtis ty\u00f6tapaturmille johtuen manuaalisesta ty\u00f6nteosta usein alkeellisissa olosuhteissa esim. puuvillapellolla. Pikamuodin nopeus sek\u00e4 mallistojen jatkuva vaihtuvuus pakottaa vaatteiden kokoonpanijat laittomiin ylipitkiin ty\u00f6p\u00e4iviin. Tekstiilij\u00e4tteen alhainen kierr\u00e4tysaste, maailmanlaajuisesti vain 10%, johtaa massiivisiin materiaalin arvonmenetyksiin. Toisaalta tekstiilij\u00e4tteen vienti kolmansiin maihin on johtanut paikallisen tekstiiliteollisuuden kuihtumiseen. (UNEP 2020)&nbsp;&nbsp;&nbsp;<\/p>\n\n\n\n<p class=\"has-background\" style=\"background-color:#b3edfb\"><strong>Kirjoittaja<\/strong><br><br><strong>Kirsti Cura<\/strong>, joka ty\u00f6skentelee Tekstiilien ja muovien materiaalikierrot -tutkimustiimin vet\u00e4j\u00e4n\u00e4 LAB-ammattikorkeakoulun Teknologia-yksik\u00f6ss\u00e4 ja toimii projektip\u00e4\u00e4llikk\u00f6n\u00e4 tekstiilin kiertotaloutta edist\u00e4viss\u00e4 Telaketju- <a href=\"http:\/\/www.telaketju.fi\" target=\"_blank\" rel=\"noreferrer noopener\">www.telaketju.fi<\/a> ja FINIX-hankkeissa <a href=\"https:\/\/finix.aalto.fi\/\" target=\"_blank\" rel=\"noreferrer noopener\">https:\/\/finix.aalto.fi\/<\/a> .&nbsp;<\/p>\n\n\n\n<h3 class=\"wp-block-heading\">L\u00e4hteet\u00a0<\/h3>\n\n\n\n<p>European Commission. 2020. EU Circular Economy action Plan. [Viitattu 23.10.2020]. Saatavissa:&nbsp;<a href=\"https:\/\/ec.europa.eu\/environment\/circular-economy\/\">https:\/\/ec.europa.eu\/environment\/circular-economy\/<\/a><\/p>\n\n\n\n<p>UNEP, 2020. Sustainability and circularity in the textile value chain: Global stocktaking. [Viitattu 23.10.2020]. Saatavissa: <a href=\"http:\/\/hdl.handle.net\/20.500.11822\/34184\" target=\"_blank\" rel=\"noreferrer noopener\">http:\/\/hdl.handle.net\/20.500.11822\/34184<\/a>&nbsp;<\/p>\n\n\n\n<h3 class=\"wp-block-heading\">Linkit<\/h3>\n\n\n\n<p>UNEP, 2020. Sustainability and circularity in the textile value chain: Global stocktaking. [Viitattu 23.10.2020]. Saatavissa: <a href=\"http:\/\/hdl.handle.net\/20.500.11822\/34184\" target=\"_blank\" rel=\"noreferrer noopener\">http:\/\/hdl.handle.net\/20.500.11822\/34184<\/a>&nbsp;<\/p>\n\n\n\n<p>Green Growth Knowledge Platform. 20.10.2020.&nbsp; GGKP Webinar. Sustainability and Circularity in the Textiles Value Chain. <a href=\"https:\/\/www.greengrowthknowledge.org\/webinar\/ggkp-webinar-sustainability-and-circularity-textiles-value-chain\" target=\"_blank\" rel=\"noreferrer noopener\">https:\/\/www.greengrowthknowledge.org\/webinar\/ggkp-webinar-sustainability-and-circularity-textiles-value-chain<\/a>&nbsp;<\/p>\n\n\n\n<p>Telaketju. 201X. Liiketoimintaa tekstiilien kiertotaloudesta. [Viitattu 23.10.2020]. Saatavissa: <a href=\"https:\/\/telaketju.turkuamk.fi\/\" target=\"_blank\" rel=\"noreferrer noopener\">https:\/\/telaketju.turkuamk.fi\/<\/a>&nbsp;<\/p>\n\n\n\n<p>FINIX. 2019. Sustainable textile systems: Co-creating resource-wise usiness for Finland in global textile networks. [Viitattu 23.10.2020]. Saatavissa: <a href=\"https:\/\/finix.aalto.fi\/\" target=\"_blank\" rel=\"noreferrer noopener\">https:\/\/finix.aalto.fi\/<\/a>&nbsp;<\/p>\n\n\n\n<h3 class=\"wp-block-heading\">Kuvat<\/h3>\n\n\n\n<p>KUVA . UNEP, 2020. Sustainability and circularity in the textile value chain: Global stocktaking. [Viitattu 23.10.2020]. Saatavissa: <a href=\"http:\/\/hdl.handle.net\/20.500.11822\/34184\" target=\"_blank\" rel=\"noreferrer noopener\">http:\/\/hdl.handle.net\/20.500.11822\/34184<\/a>&nbsp;<\/p>\n","protected":false},"excerpt":{"rendered":"<p>Tekstiiliteollisuuden ymp\u00e4rist\u00f6vaikutusten hallintaan ja pienent\u00e4miseen voidaan vaikuttaa hyvin erilaisin keinoin. EU:n kiertotalouden toimintasuunnitelman mukaan tarkastelun tulee ulottua koko tekstiilin raaka-aineiden ja tuotteiden elinkaareen (Euroopan Komissio 2020). On t\u00e4rke\u00e4\u00e4 tunnistaa mill\u00e4 keinoilla saadaan suurimmat kokonaisvaikutukset. Vaateteollisuuden hankintaketjujen toimijat eiv\u00e4t useinkaan tied\u00e4 toistensa toiminnasta, mik\u00e4 johtuu hankintaketjujen l\u00e4pin\u00e4kym\u00e4tt\u00f6myydest\u00e4. Lis\u00e4ksi keskeisess\u00e4 roolissa ovat koko toimialan arvoketjun sosiaaliset ja [&hellip;]<\/p>\n","protected":false},"author":16,"featured_media":2340,"comment_status":"open","ping_status":"open","sticky":false,"template":"","format":"standard","meta":{"footnotes":""},"categories":[23,35],"tags":[29,1508,39,1506],"class_list":{"0":"post-2339","1":"post","2":"type-post","3":"status-publish","4":"format-standard","5":"has-post-thumbnail","7":"category-circular-economy_fi","8":"category-kiertotalouden-uudistuvat-systeemit","9":"tag-artikkeli-e1","10":"tag-arvoketjut","11":"tag-kiertotalous","12":"tag-tekstiiliteollisuus","13":"czr-hentry"},"yoast_head":"<!-- This site is optimized with the Yoast SEO plugin v27.4 - https:\/\/yoast.com\/product\/yoast-seo-wordpress\/ -->\n<title>Tekstiiliteollisuuden arvoketjun merkitt\u00e4vimm\u00e4t kest\u00e4vyyteen vaikuttavat tekij\u00e4t tunnistettu - LAB Focus<\/title>\n<meta name=\"robots\" content=\"index, follow, max-snippet:-1, max-image-preview:large, max-video-preview:-1\" \/>\n<link rel=\"canonical\" href=\"https:\/\/blogit.lab.fi\/labfocus\/tekstiiliteollisuuden-arvoketjun-merkittavimmat-kestavyyteen-vaikuttavat-tekijat-tunnistettu\/\" \/>\n<meta property=\"og:locale\" content=\"fi_FI\" \/>\n<meta property=\"og:type\" content=\"article\" \/>\n<meta property=\"og:title\" content=\"Tekstiiliteollisuuden arvoketjun merkitt\u00e4vimm\u00e4t kest\u00e4vyyteen vaikuttavat tekij\u00e4t tunnistettu - LAB Focus\" \/>\n<meta property=\"og:description\" content=\"Tekstiiliteollisuuden ymp\u00e4rist\u00f6vaikutusten hallintaan ja pienent\u00e4miseen voidaan vaikuttaa hyvin erilaisin keinoin. EU:n kiertotalouden toimintasuunnitelman mukaan tarkastelun tulee ulottua koko tekstiilin raaka-aineiden ja tuotteiden elinkaareen (Euroopan Komissio 2020). On t\u00e4rke\u00e4\u00e4 tunnistaa mill\u00e4 keinoilla saadaan suurimmat kokonaisvaikutukset. Vaateteollisuuden hankintaketjujen toimijat eiv\u00e4t useinkaan tied\u00e4 toistensa toiminnasta, mik\u00e4 johtuu hankintaketjujen l\u00e4pin\u00e4kym\u00e4tt\u00f6myydest\u00e4. Lis\u00e4ksi keskeisess\u00e4 roolissa ovat koko toimialan arvoketjun sosiaaliset ja [&hellip;]\" \/>\n<meta property=\"og:url\" content=\"https:\/\/blogit.lab.fi\/labfocus\/tekstiiliteollisuuden-arvoketjun-merkittavimmat-kestavyyteen-vaikuttavat-tekijat-tunnistettu\/\" \/>\n<meta property=\"og:site_name\" content=\"LAB Focus\" \/>\n<meta property=\"article:published_time\" content=\"2020-11-25T08:36:32+00:00\" \/>\n<meta property=\"article:modified_time\" content=\"2020-11-25T08:38:12+00:00\" \/>\n<meta property=\"og:image\" content=\"https:\/\/blogit.lab.fi\/labfocus\/wp-content\/uploads\/sites\/8\/2020\/11\/image-19.png\" \/>\n\t<meta property=\"og:image:width\" content=\"1024\" \/>\n\t<meta property=\"og:image:height\" content=\"308\" \/>\n\t<meta property=\"og:image:type\" content=\"image\/png\" \/>\n<meta name=\"author\" content=\"akivir\" \/>\n<meta name=\"twitter:card\" content=\"summary_large_image\" \/>\n<meta name=\"twitter:creator\" content=\"@LABfinland\" \/>\n<meta name=\"twitter:site\" content=\"@LABfinland\" \/>\n<meta name=\"twitter:label1\" content=\"Kirjoittanut\" \/>\n\t<meta name=\"twitter:data1\" content=\"akivir\" \/>\n\t<meta name=\"twitter:label2\" content=\"Arvioitu lukuaika\" \/>\n\t<meta name=\"twitter:data2\" content=\"3 minuuttia\" \/>\n<script type=\"application\/ld+json\" class=\"yoast-schema-graph\">{\"@context\":\"https:\\\/\\\/schema.org\",\"@graph\":[{\"@type\":\"Article\",\"@id\":\"https:\\\/\\\/blogit.lab.fi\\\/labfocus\\\/tekstiiliteollisuuden-arvoketjun-merkittavimmat-kestavyyteen-vaikuttavat-tekijat-tunnistettu\\\/#article\",\"isPartOf\":{\"@id\":\"https:\\\/\\\/blogit.lab.fi\\\/labfocus\\\/tekstiiliteollisuuden-arvoketjun-merkittavimmat-kestavyyteen-vaikuttavat-tekijat-tunnistettu\\\/\"},\"author\":{\"name\":\"akivir\",\"@id\":\"https:\\\/\\\/blogit.lab.fi\\\/labfocus\\\/#\\\/schema\\\/person\\\/ae72d5381475757dda2321cdf93675c3\"},\"headline\":\"Tekstiiliteollisuuden arvoketjun merkitt\u00e4vimm\u00e4t kest\u00e4vyyteen vaikuttavat tekij\u00e4t tunnistettu\",\"datePublished\":\"2020-11-25T08:36:32+00:00\",\"dateModified\":\"2020-11-25T08:38:12+00:00\",\"mainEntityOfPage\":{\"@id\":\"https:\\\/\\\/blogit.lab.fi\\\/labfocus\\\/tekstiiliteollisuuden-arvoketjun-merkittavimmat-kestavyyteen-vaikuttavat-tekijat-tunnistettu\\\/\"},\"wordCount\":628,\"commentCount\":0,\"publisher\":{\"@id\":\"https:\\\/\\\/blogit.lab.fi\\\/labfocus\\\/#organization\"},\"image\":{\"@id\":\"https:\\\/\\\/blogit.lab.fi\\\/labfocus\\\/tekstiiliteollisuuden-arvoketjun-merkittavimmat-kestavyyteen-vaikuttavat-tekijat-tunnistettu\\\/#primaryimage\"},\"thumbnailUrl\":\"https:\\\/\\\/blogit.lab.fi\\\/labfocus\\\/wp-content\\\/uploads\\\/sites\\\/8\\\/2020\\\/11\\\/image-19.png\",\"keywords\":[\"Artikkeli E1\",\"arvoketjut\",\"kiertotalous\",\"tekstiiliteollisuus\"],\"articleSection\":[\"Circular Economy\",\"Kiertotalouden uudistuvat systeemit\"],\"inLanguage\":\"fi\",\"potentialAction\":[{\"@type\":\"CommentAction\",\"name\":\"Comment\",\"target\":[\"https:\\\/\\\/blogit.lab.fi\\\/labfocus\\\/tekstiiliteollisuuden-arvoketjun-merkittavimmat-kestavyyteen-vaikuttavat-tekijat-tunnistettu\\\/#respond\"]}]},{\"@type\":\"WebPage\",\"@id\":\"https:\\\/\\\/blogit.lab.fi\\\/labfocus\\\/tekstiiliteollisuuden-arvoketjun-merkittavimmat-kestavyyteen-vaikuttavat-tekijat-tunnistettu\\\/\",\"url\":\"https:\\\/\\\/blogit.lab.fi\\\/labfocus\\\/tekstiiliteollisuuden-arvoketjun-merkittavimmat-kestavyyteen-vaikuttavat-tekijat-tunnistettu\\\/\",\"name\":\"Tekstiiliteollisuuden arvoketjun merkitt\u00e4vimm\u00e4t kest\u00e4vyyteen vaikuttavat tekij\u00e4t tunnistettu - LAB Focus\",\"isPartOf\":{\"@id\":\"https:\\\/\\\/blogit.lab.fi\\\/labfocus\\\/#website\"},\"primaryImageOfPage\":{\"@id\":\"https:\\\/\\\/blogit.lab.fi\\\/labfocus\\\/tekstiiliteollisuuden-arvoketjun-merkittavimmat-kestavyyteen-vaikuttavat-tekijat-tunnistettu\\\/#primaryimage\"},\"image\":{\"@id\":\"https:\\\/\\\/blogit.lab.fi\\\/labfocus\\\/tekstiiliteollisuuden-arvoketjun-merkittavimmat-kestavyyteen-vaikuttavat-tekijat-tunnistettu\\\/#primaryimage\"},\"thumbnailUrl\":\"https:\\\/\\\/blogit.lab.fi\\\/labfocus\\\/wp-content\\\/uploads\\\/sites\\\/8\\\/2020\\\/11\\\/image-19.png\",\"datePublished\":\"2020-11-25T08:36:32+00:00\",\"dateModified\":\"2020-11-25T08:38:12+00:00\",\"breadcrumb\":{\"@id\":\"https:\\\/\\\/blogit.lab.fi\\\/labfocus\\\/tekstiiliteollisuuden-arvoketjun-merkittavimmat-kestavyyteen-vaikuttavat-tekijat-tunnistettu\\\/#breadcrumb\"},\"inLanguage\":\"fi\",\"potentialAction\":[{\"@type\":\"ReadAction\",\"target\":[\"https:\\\/\\\/blogit.lab.fi\\\/labfocus\\\/tekstiiliteollisuuden-arvoketjun-merkittavimmat-kestavyyteen-vaikuttavat-tekijat-tunnistettu\\\/\"]}]},{\"@type\":\"ImageObject\",\"inLanguage\":\"fi\",\"@id\":\"https:\\\/\\\/blogit.lab.fi\\\/labfocus\\\/tekstiiliteollisuuden-arvoketjun-merkittavimmat-kestavyyteen-vaikuttavat-tekijat-tunnistettu\\\/#primaryimage\",\"url\":\"https:\\\/\\\/blogit.lab.fi\\\/labfocus\\\/wp-content\\\/uploads\\\/sites\\\/8\\\/2020\\\/11\\\/image-19.png\",\"contentUrl\":\"https:\\\/\\\/blogit.lab.fi\\\/labfocus\\\/wp-content\\\/uploads\\\/sites\\\/8\\\/2020\\\/11\\\/image-19.png\",\"width\":1024,\"height\":308},{\"@type\":\"BreadcrumbList\",\"@id\":\"https:\\\/\\\/blogit.lab.fi\\\/labfocus\\\/tekstiiliteollisuuden-arvoketjun-merkittavimmat-kestavyyteen-vaikuttavat-tekijat-tunnistettu\\\/#breadcrumb\",\"itemListElement\":[{\"@type\":\"ListItem\",\"position\":1,\"name\":\"Home\",\"item\":\"https:\\\/\\\/blogit.lab.fi\\\/labfocus\\\/\"},{\"@type\":\"ListItem\",\"position\":2,\"name\":\"Tekstiiliteollisuuden arvoketjun merkitt\u00e4vimm\u00e4t kest\u00e4vyyteen vaikuttavat tekij\u00e4t tunnistettu\"}]},{\"@type\":\"WebSite\",\"@id\":\"https:\\\/\\\/blogit.lab.fi\\\/labfocus\\\/#website\",\"url\":\"https:\\\/\\\/blogit.lab.fi\\\/labfocus\\\/\",\"name\":\"LAB Focus\",\"description\":\"Focus Area blog | LAB University of Applied Sciences\",\"publisher\":{\"@id\":\"https:\\\/\\\/blogit.lab.fi\\\/labfocus\\\/#organization\"},\"potentialAction\":[{\"@type\":\"SearchAction\",\"target\":{\"@type\":\"EntryPoint\",\"urlTemplate\":\"https:\\\/\\\/blogit.lab.fi\\\/labfocus\\\/?s={search_term_string}\"},\"query-input\":{\"@type\":\"PropertyValueSpecification\",\"valueRequired\":true,\"valueName\":\"search_term_string\"}}],\"inLanguage\":\"fi\"},{\"@type\":\"Organization\",\"@id\":\"https:\\\/\\\/blogit.lab.fi\\\/labfocus\\\/#organization\",\"name\":\"LAB Focus\",\"url\":\"https:\\\/\\\/blogit.lab.fi\\\/labfocus\\\/\",\"logo\":{\"@type\":\"ImageObject\",\"inLanguage\":\"fi\",\"@id\":\"https:\\\/\\\/blogit.lab.fi\\\/labfocus\\\/#\\\/schema\\\/logo\\\/image\\\/\",\"url\":\"https:\\\/\\\/blogit.lab.fi\\\/labfocus\\\/wp-content\\\/uploads\\\/sites\\\/8\\\/2020\\\/04\\\/cropped-cropped-tunnus_blogi-01.png\",\"contentUrl\":\"https:\\\/\\\/blogit.lab.fi\\\/labfocus\\\/wp-content\\\/uploads\\\/sites\\\/8\\\/2020\\\/04\\\/cropped-cropped-tunnus_blogi-01.png\",\"width\":1342,\"height\":288,\"caption\":\"LAB Focus\"},\"image\":{\"@id\":\"https:\\\/\\\/blogit.lab.fi\\\/labfocus\\\/#\\\/schema\\\/logo\\\/image\\\/\"},\"sameAs\":[\"https:\\\/\\\/x.com\\\/LABfinland\"]},{\"@type\":\"Person\",\"@id\":\"https:\\\/\\\/blogit.lab.fi\\\/labfocus\\\/#\\\/schema\\\/person\\\/ae72d5381475757dda2321cdf93675c3\",\"name\":\"akivir\",\"image\":{\"@type\":\"ImageObject\",\"inLanguage\":\"fi\",\"@id\":\"https:\\\/\\\/secure.gravatar.com\\\/avatar\\\/f1723ab3a77803eeac70b31affe3ec8f5f4db77779053fca565725aaee8a3bee?s=96&d=mm&r=g\",\"url\":\"https:\\\/\\\/secure.gravatar.com\\\/avatar\\\/f1723ab3a77803eeac70b31affe3ec8f5f4db77779053fca565725aaee8a3bee?s=96&d=mm&r=g\",\"contentUrl\":\"https:\\\/\\\/secure.gravatar.com\\\/avatar\\\/f1723ab3a77803eeac70b31affe3ec8f5f4db77779053fca565725aaee8a3bee?s=96&d=mm&r=g\",\"caption\":\"akivir\"},\"url\":\"https:\\\/\\\/blogit.lab.fi\\\/labfocus\\\/author\\\/akivir\\\/\"}]}<\/script>\n<!-- \/ Yoast SEO plugin. -->","yoast_head_json":{"title":"Tekstiiliteollisuuden arvoketjun merkitt\u00e4vimm\u00e4t kest\u00e4vyyteen vaikuttavat tekij\u00e4t tunnistettu - LAB Focus","robots":{"index":"index","follow":"follow","max-snippet":"max-snippet:-1","max-image-preview":"max-image-preview:large","max-video-preview":"max-video-preview:-1"},"canonical":"https:\/\/blogit.lab.fi\/labfocus\/tekstiiliteollisuuden-arvoketjun-merkittavimmat-kestavyyteen-vaikuttavat-tekijat-tunnistettu\/","og_locale":"fi_FI","og_type":"article","og_title":"Tekstiiliteollisuuden arvoketjun merkitt\u00e4vimm\u00e4t kest\u00e4vyyteen vaikuttavat tekij\u00e4t tunnistettu - LAB Focus","og_description":"Tekstiiliteollisuuden ymp\u00e4rist\u00f6vaikutusten hallintaan ja pienent\u00e4miseen voidaan vaikuttaa hyvin erilaisin keinoin. EU:n kiertotalouden toimintasuunnitelman mukaan tarkastelun tulee ulottua koko tekstiilin raaka-aineiden ja tuotteiden elinkaareen (Euroopan Komissio 2020). On t\u00e4rke\u00e4\u00e4 tunnistaa mill\u00e4 keinoilla saadaan suurimmat kokonaisvaikutukset. Vaateteollisuuden hankintaketjujen toimijat eiv\u00e4t useinkaan tied\u00e4 toistensa toiminnasta, mik\u00e4 johtuu hankintaketjujen l\u00e4pin\u00e4kym\u00e4tt\u00f6myydest\u00e4. Lis\u00e4ksi keskeisess\u00e4 roolissa ovat koko toimialan arvoketjun sosiaaliset ja [&hellip;]","og_url":"https:\/\/blogit.lab.fi\/labfocus\/tekstiiliteollisuuden-arvoketjun-merkittavimmat-kestavyyteen-vaikuttavat-tekijat-tunnistettu\/","og_site_name":"LAB Focus","article_published_time":"2020-11-25T08:36:32+00:00","article_modified_time":"2020-11-25T08:38:12+00:00","og_image":[{"width":1024,"height":308,"url":"https:\/\/blogit.lab.fi\/labfocus\/wp-content\/uploads\/sites\/8\/2020\/11\/image-19.png","type":"image\/png"}],"author":"akivir","twitter_card":"summary_large_image","twitter_creator":"@LABfinland","twitter_site":"@LABfinland","twitter_misc":{"Kirjoittanut":"akivir","Arvioitu lukuaika":"3 minuuttia"},"schema":{"@context":"https:\/\/schema.org","@graph":[{"@type":"Article","@id":"https:\/\/blogit.lab.fi\/labfocus\/tekstiiliteollisuuden-arvoketjun-merkittavimmat-kestavyyteen-vaikuttavat-tekijat-tunnistettu\/#article","isPartOf":{"@id":"https:\/\/blogit.lab.fi\/labfocus\/tekstiiliteollisuuden-arvoketjun-merkittavimmat-kestavyyteen-vaikuttavat-tekijat-tunnistettu\/"},"author":{"name":"akivir","@id":"https:\/\/blogit.lab.fi\/labfocus\/#\/schema\/person\/ae72d5381475757dda2321cdf93675c3"},"headline":"Tekstiiliteollisuuden arvoketjun merkitt\u00e4vimm\u00e4t kest\u00e4vyyteen vaikuttavat tekij\u00e4t tunnistettu","datePublished":"2020-11-25T08:36:32+00:00","dateModified":"2020-11-25T08:38:12+00:00","mainEntityOfPage":{"@id":"https:\/\/blogit.lab.fi\/labfocus\/tekstiiliteollisuuden-arvoketjun-merkittavimmat-kestavyyteen-vaikuttavat-tekijat-tunnistettu\/"},"wordCount":628,"commentCount":0,"publisher":{"@id":"https:\/\/blogit.lab.fi\/labfocus\/#organization"},"image":{"@id":"https:\/\/blogit.lab.fi\/labfocus\/tekstiiliteollisuuden-arvoketjun-merkittavimmat-kestavyyteen-vaikuttavat-tekijat-tunnistettu\/#primaryimage"},"thumbnailUrl":"https:\/\/blogit.lab.fi\/labfocus\/wp-content\/uploads\/sites\/8\/2020\/11\/image-19.png","keywords":["Artikkeli E1","arvoketjut","kiertotalous","tekstiiliteollisuus"],"articleSection":["Circular Economy","Kiertotalouden uudistuvat systeemit"],"inLanguage":"fi","potentialAction":[{"@type":"CommentAction","name":"Comment","target":["https:\/\/blogit.lab.fi\/labfocus\/tekstiiliteollisuuden-arvoketjun-merkittavimmat-kestavyyteen-vaikuttavat-tekijat-tunnistettu\/#respond"]}]},{"@type":"WebPage","@id":"https:\/\/blogit.lab.fi\/labfocus\/tekstiiliteollisuuden-arvoketjun-merkittavimmat-kestavyyteen-vaikuttavat-tekijat-tunnistettu\/","url":"https:\/\/blogit.lab.fi\/labfocus\/tekstiiliteollisuuden-arvoketjun-merkittavimmat-kestavyyteen-vaikuttavat-tekijat-tunnistettu\/","name":"Tekstiiliteollisuuden arvoketjun merkitt\u00e4vimm\u00e4t kest\u00e4vyyteen vaikuttavat tekij\u00e4t tunnistettu - LAB Focus","isPartOf":{"@id":"https:\/\/blogit.lab.fi\/labfocus\/#website"},"primaryImageOfPage":{"@id":"https:\/\/blogit.lab.fi\/labfocus\/tekstiiliteollisuuden-arvoketjun-merkittavimmat-kestavyyteen-vaikuttavat-tekijat-tunnistettu\/#primaryimage"},"image":{"@id":"https:\/\/blogit.lab.fi\/labfocus\/tekstiiliteollisuuden-arvoketjun-merkittavimmat-kestavyyteen-vaikuttavat-tekijat-tunnistettu\/#primaryimage"},"thumbnailUrl":"https:\/\/blogit.lab.fi\/labfocus\/wp-content\/uploads\/sites\/8\/2020\/11\/image-19.png","datePublished":"2020-11-25T08:36:32+00:00","dateModified":"2020-11-25T08:38:12+00:00","breadcrumb":{"@id":"https:\/\/blogit.lab.fi\/labfocus\/tekstiiliteollisuuden-arvoketjun-merkittavimmat-kestavyyteen-vaikuttavat-tekijat-tunnistettu\/#breadcrumb"},"inLanguage":"fi","potentialAction":[{"@type":"ReadAction","target":["https:\/\/blogit.lab.fi\/labfocus\/tekstiiliteollisuuden-arvoketjun-merkittavimmat-kestavyyteen-vaikuttavat-tekijat-tunnistettu\/"]}]},{"@type":"ImageObject","inLanguage":"fi","@id":"https:\/\/blogit.lab.fi\/labfocus\/tekstiiliteollisuuden-arvoketjun-merkittavimmat-kestavyyteen-vaikuttavat-tekijat-tunnistettu\/#primaryimage","url":"https:\/\/blogit.lab.fi\/labfocus\/wp-content\/uploads\/sites\/8\/2020\/11\/image-19.png","contentUrl":"https:\/\/blogit.lab.fi\/labfocus\/wp-content\/uploads\/sites\/8\/2020\/11\/image-19.png","width":1024,"height":308},{"@type":"BreadcrumbList","@id":"https:\/\/blogit.lab.fi\/labfocus\/tekstiiliteollisuuden-arvoketjun-merkittavimmat-kestavyyteen-vaikuttavat-tekijat-tunnistettu\/#breadcrumb","itemListElement":[{"@type":"ListItem","position":1,"name":"Home","item":"https:\/\/blogit.lab.fi\/labfocus\/"},{"@type":"ListItem","position":2,"name":"Tekstiiliteollisuuden arvoketjun merkitt\u00e4vimm\u00e4t kest\u00e4vyyteen vaikuttavat tekij\u00e4t tunnistettu"}]},{"@type":"WebSite","@id":"https:\/\/blogit.lab.fi\/labfocus\/#website","url":"https:\/\/blogit.lab.fi\/labfocus\/","name":"LAB Focus","description":"Focus Area blog | LAB University of Applied Sciences","publisher":{"@id":"https:\/\/blogit.lab.fi\/labfocus\/#organization"},"potentialAction":[{"@type":"SearchAction","target":{"@type":"EntryPoint","urlTemplate":"https:\/\/blogit.lab.fi\/labfocus\/?s={search_term_string}"},"query-input":{"@type":"PropertyValueSpecification","valueRequired":true,"valueName":"search_term_string"}}],"inLanguage":"fi"},{"@type":"Organization","@id":"https:\/\/blogit.lab.fi\/labfocus\/#organization","name":"LAB Focus","url":"https:\/\/blogit.lab.fi\/labfocus\/","logo":{"@type":"ImageObject","inLanguage":"fi","@id":"https:\/\/blogit.lab.fi\/labfocus\/#\/schema\/logo\/image\/","url":"https:\/\/blogit.lab.fi\/labfocus\/wp-content\/uploads\/sites\/8\/2020\/04\/cropped-cropped-tunnus_blogi-01.png","contentUrl":"https:\/\/blogit.lab.fi\/labfocus\/wp-content\/uploads\/sites\/8\/2020\/04\/cropped-cropped-tunnus_blogi-01.png","width":1342,"height":288,"caption":"LAB Focus"},"image":{"@id":"https:\/\/blogit.lab.fi\/labfocus\/#\/schema\/logo\/image\/"},"sameAs":["https:\/\/x.com\/LABfinland"]},{"@type":"Person","@id":"https:\/\/blogit.lab.fi\/labfocus\/#\/schema\/person\/ae72d5381475757dda2321cdf93675c3","name":"akivir","image":{"@type":"ImageObject","inLanguage":"fi","@id":"https:\/\/secure.gravatar.com\/avatar\/f1723ab3a77803eeac70b31affe3ec8f5f4db77779053fca565725aaee8a3bee?s=96&d=mm&r=g","url":"https:\/\/secure.gravatar.com\/avatar\/f1723ab3a77803eeac70b31affe3ec8f5f4db77779053fca565725aaee8a3bee?s=96&d=mm&r=g","contentUrl":"https:\/\/secure.gravatar.com\/avatar\/f1723ab3a77803eeac70b31affe3ec8f5f4db77779053fca565725aaee8a3bee?s=96&d=mm&r=g","caption":"akivir"},"url":"https:\/\/blogit.lab.fi\/labfocus\/author\/akivir\/"}]}},"_links":{"self":[{"href":"https:\/\/blogit.lab.fi\/labfocus\/wp-json\/wp\/v2\/posts\/2339","targetHints":{"allow":["GET"]}}],"collection":[{"href":"https:\/\/blogit.lab.fi\/labfocus\/wp-json\/wp\/v2\/posts"}],"about":[{"href":"https:\/\/blogit.lab.fi\/labfocus\/wp-json\/wp\/v2\/types\/post"}],"author":[{"embeddable":true,"href":"https:\/\/blogit.lab.fi\/labfocus\/wp-json\/wp\/v2\/users\/16"}],"replies":[{"embeddable":true,"href":"https:\/\/blogit.lab.fi\/labfocus\/wp-json\/wp\/v2\/comments?post=2339"}],"version-history":[{"count":2,"href":"https:\/\/blogit.lab.fi\/labfocus\/wp-json\/wp\/v2\/posts\/2339\/revisions"}],"predecessor-version":[{"id":2342,"href":"https:\/\/blogit.lab.fi\/labfocus\/wp-json\/wp\/v2\/posts\/2339\/revisions\/2342"}],"wp:featuredmedia":[{"embeddable":true,"href":"https:\/\/blogit.lab.fi\/labfocus\/wp-json\/wp\/v2\/media\/2340"}],"wp:attachment":[{"href":"https:\/\/blogit.lab.fi\/labfocus\/wp-json\/wp\/v2\/media?parent=2339"}],"wp:term":[{"taxonomy":"category","embeddable":true,"href":"https:\/\/blogit.lab.fi\/labfocus\/wp-json\/wp\/v2\/categories?post=2339"},{"taxonomy":"post_tag","embeddable":true,"href":"https:\/\/blogit.lab.fi\/labfocus\/wp-json\/wp\/v2\/tags?post=2339"}],"curies":[{"name":"wp","href":"https:\/\/api.w.org\/{rel}","templated":true}]}}