{"id":2685,"date":"2021-01-20T10:48:15","date_gmt":"2021-01-20T08:48:15","guid":{"rendered":"https:\/\/blogit.lab.fi\/labfocus\/?p=2685"},"modified":"2021-01-20T10:48:17","modified_gmt":"2021-01-20T08:48:17","slug":"kehitykselliset-palvelut-integroitumista-lapsen-tukemiseksi","status":"publish","type":"post","link":"https:\/\/blogit.lab.fi\/labfocus\/kehitykselliset-palvelut-integroitumista-lapsen-tukemiseksi\/","title":{"rendered":"Kehitykselliset palvelut \u2013 integroitumista lapsen tukemiseksi"},"content":{"rendered":"\n<p>Palvelujen integroimisen eli yhteensovittamisen ensisijaisina tavoitteina on v\u00e4hent\u00e4\u00e4 tai ehk\u00e4ist\u00e4 palvelujen pirstaleisuutta ja asiakasprosessien sattumanvaraisuutta. Onnistuneen integraation lopputuloksena palvelu on joustavaa, saumatonta, responsiivista, asiakasta osallistavaa sek\u00e4 tuloksellista. Asiakkaan n\u00e4k\u00f6kulmasta palvelu tunnistaa ja ymm\u00e4rt\u00e4\u00e4 tuen tarpeen sek\u00e4 tukee kokonaisvaltaisesti. (Raitakari ym. 2019, 13-15.)&nbsp;&nbsp;<\/p>\n\n\n\n<p>Erityisesti terveydenhuollon puolella erityissairaanhoito ja sosiaalipalvelujen korjaavat tukitoimet ovat spesifioituneet tarkoin omaan osaamiseensa, johon laaja-alaista palvelua tarvitsevan asiakkaan laaja-alaisempi tuen tarve ei aina v\u00e4ltt\u00e4m\u00e4tt\u00e4 istu. Asiakkaiden tarpeet ovat yh\u00e4 harvemmin niin yksioikoisia, ett\u00e4 yksitt\u00e4inen palvelu kykenee yksin\u00e4\u00e4n antamaan riitt\u00e4v\u00e4\u00e4 apua. T\u00e4m\u00e4n vuoksi Kymsoten Kehitykselliset palvelut pyrkiv\u00e4t tarjoamaan mahdollisimman laaja-alaista apua alle 16-vuotiaiden lasten tarpeisiin.&nbsp;&nbsp;<\/p>\n\n\n\n<figure class=\"wp-block-image size-large\"><img loading=\"lazy\" decoding=\"async\" width=\"1024\" height=\"514\" src=\"https:\/\/blogit.lab.fi\/labfocus\/wp-content\/uploads\/sites\/8\/2021\/01\/284_2020_Kehitykselliset-palvelut-\u2013-integroitumista-lapsen-tukemiseksi_1-1024x514.jpg\" alt=\"\" class=\"wp-image-2687\" srcset=\"https:\/\/blogit.lab.fi\/labfocus\/wp-content\/uploads\/sites\/8\/2021\/01\/284_2020_Kehitykselliset-palvelut-\u2013-integroitumista-lapsen-tukemiseksi_1-1024x514.jpg 1024w, https:\/\/blogit.lab.fi\/labfocus\/wp-content\/uploads\/sites\/8\/2021\/01\/284_2020_Kehitykselliset-palvelut-\u2013-integroitumista-lapsen-tukemiseksi_1-300x150.jpg 300w, https:\/\/blogit.lab.fi\/labfocus\/wp-content\/uploads\/sites\/8\/2021\/01\/284_2020_Kehitykselliset-palvelut-\u2013-integroitumista-lapsen-tukemiseksi_1-768x385.jpg 768w, https:\/\/blogit.lab.fi\/labfocus\/wp-content\/uploads\/sites\/8\/2021\/01\/284_2020_Kehitykselliset-palvelut-\u2013-integroitumista-lapsen-tukemiseksi_1.jpg 1280w\" sizes=\"auto, (max-width: 1024px) 100vw, 1024px\" \/><figcaption>Kuva 1.\u202fTukitoimet on t\u00e4rke\u00e4\u00e4 sitoa lapsen ja perheen luonnolliseen toimintaymp\u00e4rist\u00f6\u00f6n. (Kuva: Emma Ihaksi)<\/figcaption><\/figure>\n\n\n\n<h2 class=\"wp-block-heading\"><strong>Hatusta Ketuksi<\/strong>&nbsp;<\/h2>\n\n\n\n<p>Kouvolassa pienten lasten tukemiseksi on jo kymmenisen vuotta toiminut moniammatillinen palvelumalli Hattu. Hattu on kehitysneuvola, jonka asiakkaita ovat erityist\u00e4 tukea tarvitsevat alle kouluik\u00e4iset lapset ja heid\u00e4n perheens\u00e4. Palveluun on p\u00e4\u00e4ssyt neuvolan tai varhaiskasvatuksen tekem\u00e4n l\u00e4hetteen avulla. Hattu koostuu moniammatillisesta tiimist\u00e4, johon kuuluu useita toimijoita erityisesti terveydenhuollon eri osaajista, kuten fysioterapeutti, l\u00e4\u00e4k\u00e4ri, toimintaterapeutti ja perhety\u00f6ntekij\u00e4. (Sepp\u00e4nen &amp; Reinman 2010.) Integratiivisen toimintamallin Hatusta tekee sen yli toiminta-alarajojen koottu moniammatillinen ty\u00f6yhteis\u00f6, joka yhdess\u00e4 asiakkaan kanssa suunnittelee kokonaisvaltaisen toiminta- ja kuntoutussuunnitelman.&nbsp;<\/p>\n\n\n\n<p>Kun Kymsote aloitti toimintansa, Kymenlaakson alueen palveluverkkoa on rakennettu uudelleen poimien kuntien parhaat toimintamallit yhteen. Vuoden 2020 alussa Kouvolassa toiminut Hattu-kehitysneuvola aloitti integroitumisen Kehityksellisiin palveluihin yhten\u00e4iseksi palvelukokonaisuudeksi, yhdess\u00e4 mm. Kotkan varhaisen tuen lasten ja nuorten palvelujen kanssa. Tavoitteena on tarjota mahdollisimman varhaista ja laaja-alaista tukea, hoitoa sek\u00e4 kuntoutusta, lapsen toimintaymp\u00e4rist\u00f6 huomioiden. Vaikka Kehitykselliset palvelut, eli Kettu, muodostavat moniammatillisen tiimin erityisesti terveydenhuollon palveluista, tehd\u00e4\u00e4n tiivist\u00e4 yhteisty\u00f6t\u00e4 sosiaalitoimen, lastensuojelun, varhaiskasvatuksen, koulun, perheneuvolan ja vammaispalvelujen kanssa, jotta annettava tuki saadaan yhdistetty\u00e4 lapsen arkeen. (Ronkainen 2020.)&nbsp;<\/p>\n\n\n\n<figure class=\"wp-block-image size-large\"><img loading=\"lazy\" decoding=\"async\" width=\"1024\" height=\"516\" src=\"https:\/\/blogit.lab.fi\/labfocus\/wp-content\/uploads\/sites\/8\/2021\/01\/284_2020_Kehitykselliset-palvelut-\u2013-integroitumista-lapsen-tukemiseksi_2-1024x516.jpg\" alt=\"\" class=\"wp-image-2688\" srcset=\"https:\/\/blogit.lab.fi\/labfocus\/wp-content\/uploads\/sites\/8\/2021\/01\/284_2020_Kehitykselliset-palvelut-\u2013-integroitumista-lapsen-tukemiseksi_2-1024x516.jpg 1024w, https:\/\/blogit.lab.fi\/labfocus\/wp-content\/uploads\/sites\/8\/2021\/01\/284_2020_Kehitykselliset-palvelut-\u2013-integroitumista-lapsen-tukemiseksi_2-300x151.jpg 300w, https:\/\/blogit.lab.fi\/labfocus\/wp-content\/uploads\/sites\/8\/2021\/01\/284_2020_Kehitykselliset-palvelut-\u2013-integroitumista-lapsen-tukemiseksi_2-768x387.jpg 768w, https:\/\/blogit.lab.fi\/labfocus\/wp-content\/uploads\/sites\/8\/2021\/01\/284_2020_Kehitykselliset-palvelut-\u2013-integroitumista-lapsen-tukemiseksi_2.jpg 1280w\" sizes=\"auto, (max-width: 1024px) 100vw, 1024px\" \/><figcaption>Kuva 2.\u202f\u202fKehitykselliset palvelut tarjoavat varhaista ja laaja-alaista tukea alle kouluik\u00e4isest\u00e4 teini-ik\u00e4\u00e4n. (Kuva: Emma Ihaksi)<\/figcaption><\/figure>\n\n\n\n<p>Aiemmin Hatun asiakkaiden polku katkesi kouluik\u00e4\u00e4n. Nyt Ketun vastaanotolla asiakkuus voi jatkua jopa 16-vuotiaaksi asti. Yksil\u00f6llinen palvelupolku alkaa, kun neuvola- tai kouluterveydenhoitaja tuo asiakkaan palvelutarpeen moniammatilliseen l\u00e4hetetiimiin. (Ronkainen 2020.) Terveydenhoitajan toimiminen linkkin\u00e4 muiden yhteisty\u00f6tahojen, kuten varhaiskasvatuksen, ja Ketun v\u00e4lill\u00e4 selkeytt\u00e4\u00e4 palveluketjua, sill\u00e4 jokainen lapsi k\u00e4ytt\u00e4\u00e4 terveydenhoitajan palveluja l\u00e4pi lapsuuden. L\u00e4hetteen j\u00e4lkeen Ketun tiimi luo kuntoutussuunnitelman yhdess\u00e4 perheen ja arjen ymp\u00e4rist\u00f6jen kanssa. Perhe saa lapsen kehityst\u00e4 tukevat palvelut yhdest\u00e4 paikasta, jossa eri toimijoiden yhteisty\u00f6 on sujuvaa ja yhteisiin tavoitteisiin perustuvaa ty\u00f6skentely\u00e4.&nbsp;<\/p>\n\n\n\n<p class=\"has-background\" style=\"background-color:#b3edfb\"><strong>Kirjoittajat<\/strong><br><br><strong>Emma Ihaksi <\/strong>on sosionomi (AMK) ja LAB-ammattikorkeakoulun sosionomi (YAMK) -opiskelija lapsi- ja perhepalveluiden kehitt\u00e4misen koulutuksesta. H\u00e4n ty\u00f6skentelee t\u00e4ll\u00e4 hetkell\u00e4 varhaiskasvatuksen opettajana ja varhaiskasvatusyksik\u00f6n varajohtajana Kouvolan kaupungilla.\u00a0\u00a0<br><br><strong>Raija Hovi-Pulsa <\/strong>on LAB-ammattikorkeakoulun sosiaali- ja terveysalan lehtori ja on kiinnostunut integratiivisten toimintamallien kehitt\u00e4misest\u00e4 lapsi- ja perhepalveluissa.\u00a0<\/p>\n\n\n\n<h3 class=\"wp-block-heading\"><strong>L\u00e4hteet<\/strong>\u00a0<\/h3>\n\n\n\n<p>Raitakari, S., R\u00e4s\u00e4nen, J.-M., Kostiainen, T. &amp; Juhila, K. 2019. Integroiva ty\u00f6tapa muotoutuvassa perhekeskuskontekstissa \u2013 Kriittisten tekij\u00f6iden tarkastelua. Tampere. Punamusta Oy \u2013 Yliopistopaino.&nbsp;<\/p>\n\n\n\n<p>Ronkainen, S. 2020. Kehityksellisten palvelujen palvelup\u00e4\u00e4llikk\u00f6. Kymsote. Puhelinhaastattelu 29.10.2020.&nbsp;<\/p>\n\n\n\n<p>Sepp\u00e4nen, A. &amp; Reinman, P. 2010. Kuvaus Hattu Kehitysneuvolan palveluketjusta. Kouvolan kaupunki. [Viitattu 10.10.2020]. Saatavissa: <a href=\"http:\/\/www.vlkunto.fi\/tutkimus\/Kouvola%20Kuvaus%20Hattu%20Kehitysneuvolan%20palveluketjusta%205%205%2011.pdf\" target=\"_blank\" rel=\"noreferrer noopener\">http:\/\/www.vlkunto.fi\/tutkimus\/Kouvola%20Kuvaus%20Hattu%20Kehitysneuvolan%20palveluketjusta%205%205%2011.pdf<\/a>&nbsp;&nbsp;<\/p>\n","protected":false},"excerpt":{"rendered":"<p>Palvelujen integroimisen eli yhteensovittamisen ensisijaisina tavoitteina on v\u00e4hent\u00e4\u00e4 tai ehk\u00e4ist\u00e4 palvelujen pirstaleisuutta ja asiakasprosessien sattumanvaraisuutta. Onnistuneen integraation lopputuloksena palvelu on joustavaa, saumatonta, responsiivista, asiakasta osallistavaa sek\u00e4 tuloksellista. Asiakkaan n\u00e4k\u00f6kulmasta palvelu tunnistaa ja ymm\u00e4rt\u00e4\u00e4 tuen tarpeen sek\u00e4 tukee kokonaisvaltaisesti. (Raitakari ym. 2019, 13-15.)&nbsp;&nbsp; Erityisesti terveydenhuollon puolella erityissairaanhoito ja sosiaalipalvelujen korjaavat tukitoimet ovat spesifioituneet tarkoin omaan osaamiseensa, [&hellip;]<\/p>\n","protected":false},"author":16,"featured_media":2687,"comment_status":"open","ping_status":"open","sticky":false,"template":"","format":"standard","meta":{"footnotes":""},"categories":[15],"tags":[29,1783,1789,1785,1787],"class_list":{"0":"post-2685","1":"post","2":"type-post","3":"status-publish","4":"format-standard","5":"has-post-thumbnail","7":"category-health_fi","8":"tag-artikkeli-e1","9":"tag-integroituminen","10":"tag-kehitykselliset-palvelut","11":"tag-monialaisuus","12":"tag-moniammatillinen-tiimi","13":"czr-hentry"},"yoast_head":"<!-- This site is optimized with the Yoast SEO plugin v27.4 - https:\/\/yoast.com\/product\/yoast-seo-wordpress\/ -->\n<title>Kehitykselliset palvelut \u2013 integroitumista lapsen tukemiseksi - LAB Focus<\/title>\n<meta name=\"robots\" content=\"index, follow, max-snippet:-1, max-image-preview:large, max-video-preview:-1\" \/>\n<link rel=\"canonical\" href=\"https:\/\/blogit.lab.fi\/labfocus\/kehitykselliset-palvelut-integroitumista-lapsen-tukemiseksi\/\" \/>\n<meta property=\"og:locale\" content=\"fi_FI\" \/>\n<meta property=\"og:type\" content=\"article\" \/>\n<meta property=\"og:title\" content=\"Kehitykselliset palvelut \u2013 integroitumista lapsen tukemiseksi - LAB Focus\" \/>\n<meta property=\"og:description\" content=\"Palvelujen integroimisen eli yhteensovittamisen ensisijaisina tavoitteina on v\u00e4hent\u00e4\u00e4 tai ehk\u00e4ist\u00e4 palvelujen pirstaleisuutta ja asiakasprosessien sattumanvaraisuutta. Onnistuneen integraation lopputuloksena palvelu on joustavaa, saumatonta, responsiivista, asiakasta osallistavaa sek\u00e4 tuloksellista. Asiakkaan n\u00e4k\u00f6kulmasta palvelu tunnistaa ja ymm\u00e4rt\u00e4\u00e4 tuen tarpeen sek\u00e4 tukee kokonaisvaltaisesti. (Raitakari ym. 2019, 13-15.)&nbsp;&nbsp; Erityisesti terveydenhuollon puolella erityissairaanhoito ja sosiaalipalvelujen korjaavat tukitoimet ovat spesifioituneet tarkoin omaan osaamiseensa, [&hellip;]\" \/>\n<meta property=\"og:url\" content=\"https:\/\/blogit.lab.fi\/labfocus\/kehitykselliset-palvelut-integroitumista-lapsen-tukemiseksi\/\" \/>\n<meta property=\"og:site_name\" content=\"LAB Focus\" \/>\n<meta property=\"article:published_time\" content=\"2021-01-20T08:48:15+00:00\" \/>\n<meta property=\"article:modified_time\" content=\"2021-01-20T08:48:17+00:00\" \/>\n<meta property=\"og:image\" content=\"https:\/\/blogit.lab.fi\/labfocus\/wp-content\/uploads\/sites\/8\/2021\/01\/284_2020_Kehitykselliset-palvelut-\u2013-integroitumista-lapsen-tukemiseksi_1.jpg\" \/>\n\t<meta property=\"og:image:width\" content=\"1280\" \/>\n\t<meta property=\"og:image:height\" content=\"642\" \/>\n\t<meta property=\"og:image:type\" content=\"image\/jpeg\" \/>\n<meta name=\"author\" content=\"akivir\" \/>\n<meta name=\"twitter:card\" content=\"summary_large_image\" \/>\n<meta name=\"twitter:creator\" content=\"@LABfinland\" \/>\n<meta name=\"twitter:site\" content=\"@LABfinland\" \/>\n<meta name=\"twitter:label1\" content=\"Kirjoittanut\" \/>\n\t<meta name=\"twitter:data1\" content=\"akivir\" \/>\n\t<meta name=\"twitter:label2\" content=\"Arvioitu lukuaika\" \/>\n\t<meta name=\"twitter:data2\" content=\"3 minuuttia\" \/>\n<script type=\"application\/ld+json\" class=\"yoast-schema-graph\">{\"@context\":\"https:\\\/\\\/schema.org\",\"@graph\":[{\"@type\":\"Article\",\"@id\":\"https:\\\/\\\/blogit.lab.fi\\\/labfocus\\\/kehitykselliset-palvelut-integroitumista-lapsen-tukemiseksi\\\/#article\",\"isPartOf\":{\"@id\":\"https:\\\/\\\/blogit.lab.fi\\\/labfocus\\\/kehitykselliset-palvelut-integroitumista-lapsen-tukemiseksi\\\/\"},\"author\":{\"name\":\"akivir\",\"@id\":\"https:\\\/\\\/blogit.lab.fi\\\/labfocus\\\/#\\\/schema\\\/person\\\/ae72d5381475757dda2321cdf93675c3\"},\"headline\":\"Kehitykselliset palvelut \u2013 integroitumista lapsen tukemiseksi\",\"datePublished\":\"2021-01-20T08:48:15+00:00\",\"dateModified\":\"2021-01-20T08:48:17+00:00\",\"mainEntityOfPage\":{\"@id\":\"https:\\\/\\\/blogit.lab.fi\\\/labfocus\\\/kehitykselliset-palvelut-integroitumista-lapsen-tukemiseksi\\\/\"},\"wordCount\":531,\"commentCount\":0,\"publisher\":{\"@id\":\"https:\\\/\\\/blogit.lab.fi\\\/labfocus\\\/#organization\"},\"image\":{\"@id\":\"https:\\\/\\\/blogit.lab.fi\\\/labfocus\\\/kehitykselliset-palvelut-integroitumista-lapsen-tukemiseksi\\\/#primaryimage\"},\"thumbnailUrl\":\"https:\\\/\\\/blogit.lab.fi\\\/labfocus\\\/wp-content\\\/uploads\\\/sites\\\/8\\\/2021\\\/01\\\/284_2020_Kehitykselliset-palvelut-\u2013-integroitumista-lapsen-tukemiseksi_1.jpg\",\"keywords\":[\"Artikkeli E1\",\"integroituminen\",\"kehitykselliset palvelut\",\"monialaisuus\",\"moniammatillinen tiimi\"],\"articleSection\":[\"Health\"],\"inLanguage\":\"fi\",\"potentialAction\":[{\"@type\":\"CommentAction\",\"name\":\"Comment\",\"target\":[\"https:\\\/\\\/blogit.lab.fi\\\/labfocus\\\/kehitykselliset-palvelut-integroitumista-lapsen-tukemiseksi\\\/#respond\"]}]},{\"@type\":\"WebPage\",\"@id\":\"https:\\\/\\\/blogit.lab.fi\\\/labfocus\\\/kehitykselliset-palvelut-integroitumista-lapsen-tukemiseksi\\\/\",\"url\":\"https:\\\/\\\/blogit.lab.fi\\\/labfocus\\\/kehitykselliset-palvelut-integroitumista-lapsen-tukemiseksi\\\/\",\"name\":\"Kehitykselliset palvelut \u2013 integroitumista lapsen tukemiseksi - LAB Focus\",\"isPartOf\":{\"@id\":\"https:\\\/\\\/blogit.lab.fi\\\/labfocus\\\/#website\"},\"primaryImageOfPage\":{\"@id\":\"https:\\\/\\\/blogit.lab.fi\\\/labfocus\\\/kehitykselliset-palvelut-integroitumista-lapsen-tukemiseksi\\\/#primaryimage\"},\"image\":{\"@id\":\"https:\\\/\\\/blogit.lab.fi\\\/labfocus\\\/kehitykselliset-palvelut-integroitumista-lapsen-tukemiseksi\\\/#primaryimage\"},\"thumbnailUrl\":\"https:\\\/\\\/blogit.lab.fi\\\/labfocus\\\/wp-content\\\/uploads\\\/sites\\\/8\\\/2021\\\/01\\\/284_2020_Kehitykselliset-palvelut-\u2013-integroitumista-lapsen-tukemiseksi_1.jpg\",\"datePublished\":\"2021-01-20T08:48:15+00:00\",\"dateModified\":\"2021-01-20T08:48:17+00:00\",\"breadcrumb\":{\"@id\":\"https:\\\/\\\/blogit.lab.fi\\\/labfocus\\\/kehitykselliset-palvelut-integroitumista-lapsen-tukemiseksi\\\/#breadcrumb\"},\"inLanguage\":\"fi\",\"potentialAction\":[{\"@type\":\"ReadAction\",\"target\":[\"https:\\\/\\\/blogit.lab.fi\\\/labfocus\\\/kehitykselliset-palvelut-integroitumista-lapsen-tukemiseksi\\\/\"]}]},{\"@type\":\"ImageObject\",\"inLanguage\":\"fi\",\"@id\":\"https:\\\/\\\/blogit.lab.fi\\\/labfocus\\\/kehitykselliset-palvelut-integroitumista-lapsen-tukemiseksi\\\/#primaryimage\",\"url\":\"https:\\\/\\\/blogit.lab.fi\\\/labfocus\\\/wp-content\\\/uploads\\\/sites\\\/8\\\/2021\\\/01\\\/284_2020_Kehitykselliset-palvelut-\u2013-integroitumista-lapsen-tukemiseksi_1.jpg\",\"contentUrl\":\"https:\\\/\\\/blogit.lab.fi\\\/labfocus\\\/wp-content\\\/uploads\\\/sites\\\/8\\\/2021\\\/01\\\/284_2020_Kehitykselliset-palvelut-\u2013-integroitumista-lapsen-tukemiseksi_1.jpg\",\"width\":1280,\"height\":642},{\"@type\":\"BreadcrumbList\",\"@id\":\"https:\\\/\\\/blogit.lab.fi\\\/labfocus\\\/kehitykselliset-palvelut-integroitumista-lapsen-tukemiseksi\\\/#breadcrumb\",\"itemListElement\":[{\"@type\":\"ListItem\",\"position\":1,\"name\":\"Home\",\"item\":\"https:\\\/\\\/blogit.lab.fi\\\/labfocus\\\/\"},{\"@type\":\"ListItem\",\"position\":2,\"name\":\"Kehitykselliset palvelut \u2013 integroitumista lapsen tukemiseksi\"}]},{\"@type\":\"WebSite\",\"@id\":\"https:\\\/\\\/blogit.lab.fi\\\/labfocus\\\/#website\",\"url\":\"https:\\\/\\\/blogit.lab.fi\\\/labfocus\\\/\",\"name\":\"LAB Focus\",\"description\":\"Focus Area blog | LAB University of Applied Sciences\",\"publisher\":{\"@id\":\"https:\\\/\\\/blogit.lab.fi\\\/labfocus\\\/#organization\"},\"potentialAction\":[{\"@type\":\"SearchAction\",\"target\":{\"@type\":\"EntryPoint\",\"urlTemplate\":\"https:\\\/\\\/blogit.lab.fi\\\/labfocus\\\/?s={search_term_string}\"},\"query-input\":{\"@type\":\"PropertyValueSpecification\",\"valueRequired\":true,\"valueName\":\"search_term_string\"}}],\"inLanguage\":\"fi\"},{\"@type\":\"Organization\",\"@id\":\"https:\\\/\\\/blogit.lab.fi\\\/labfocus\\\/#organization\",\"name\":\"LAB Focus\",\"url\":\"https:\\\/\\\/blogit.lab.fi\\\/labfocus\\\/\",\"logo\":{\"@type\":\"ImageObject\",\"inLanguage\":\"fi\",\"@id\":\"https:\\\/\\\/blogit.lab.fi\\\/labfocus\\\/#\\\/schema\\\/logo\\\/image\\\/\",\"url\":\"https:\\\/\\\/blogit.lab.fi\\\/labfocus\\\/wp-content\\\/uploads\\\/sites\\\/8\\\/2020\\\/04\\\/cropped-cropped-tunnus_blogi-01.png\",\"contentUrl\":\"https:\\\/\\\/blogit.lab.fi\\\/labfocus\\\/wp-content\\\/uploads\\\/sites\\\/8\\\/2020\\\/04\\\/cropped-cropped-tunnus_blogi-01.png\",\"width\":1342,\"height\":288,\"caption\":\"LAB Focus\"},\"image\":{\"@id\":\"https:\\\/\\\/blogit.lab.fi\\\/labfocus\\\/#\\\/schema\\\/logo\\\/image\\\/\"},\"sameAs\":[\"https:\\\/\\\/x.com\\\/LABfinland\"]},{\"@type\":\"Person\",\"@id\":\"https:\\\/\\\/blogit.lab.fi\\\/labfocus\\\/#\\\/schema\\\/person\\\/ae72d5381475757dda2321cdf93675c3\",\"name\":\"akivir\",\"image\":{\"@type\":\"ImageObject\",\"inLanguage\":\"fi\",\"@id\":\"https:\\\/\\\/secure.gravatar.com\\\/avatar\\\/f1723ab3a77803eeac70b31affe3ec8f5f4db77779053fca565725aaee8a3bee?s=96&d=mm&r=g\",\"url\":\"https:\\\/\\\/secure.gravatar.com\\\/avatar\\\/f1723ab3a77803eeac70b31affe3ec8f5f4db77779053fca565725aaee8a3bee?s=96&d=mm&r=g\",\"contentUrl\":\"https:\\\/\\\/secure.gravatar.com\\\/avatar\\\/f1723ab3a77803eeac70b31affe3ec8f5f4db77779053fca565725aaee8a3bee?s=96&d=mm&r=g\",\"caption\":\"akivir\"},\"url\":\"https:\\\/\\\/blogit.lab.fi\\\/labfocus\\\/author\\\/akivir\\\/\"}]}<\/script>\n<!-- \/ Yoast SEO plugin. -->","yoast_head_json":{"title":"Kehitykselliset palvelut \u2013 integroitumista lapsen tukemiseksi - LAB Focus","robots":{"index":"index","follow":"follow","max-snippet":"max-snippet:-1","max-image-preview":"max-image-preview:large","max-video-preview":"max-video-preview:-1"},"canonical":"https:\/\/blogit.lab.fi\/labfocus\/kehitykselliset-palvelut-integroitumista-lapsen-tukemiseksi\/","og_locale":"fi_FI","og_type":"article","og_title":"Kehitykselliset palvelut \u2013 integroitumista lapsen tukemiseksi - LAB Focus","og_description":"Palvelujen integroimisen eli yhteensovittamisen ensisijaisina tavoitteina on v\u00e4hent\u00e4\u00e4 tai ehk\u00e4ist\u00e4 palvelujen pirstaleisuutta ja asiakasprosessien sattumanvaraisuutta. Onnistuneen integraation lopputuloksena palvelu on joustavaa, saumatonta, responsiivista, asiakasta osallistavaa sek\u00e4 tuloksellista. Asiakkaan n\u00e4k\u00f6kulmasta palvelu tunnistaa ja ymm\u00e4rt\u00e4\u00e4 tuen tarpeen sek\u00e4 tukee kokonaisvaltaisesti. (Raitakari ym. 2019, 13-15.)&nbsp;&nbsp; Erityisesti terveydenhuollon puolella erityissairaanhoito ja sosiaalipalvelujen korjaavat tukitoimet ovat spesifioituneet tarkoin omaan osaamiseensa, [&hellip;]","og_url":"https:\/\/blogit.lab.fi\/labfocus\/kehitykselliset-palvelut-integroitumista-lapsen-tukemiseksi\/","og_site_name":"LAB Focus","article_published_time":"2021-01-20T08:48:15+00:00","article_modified_time":"2021-01-20T08:48:17+00:00","og_image":[{"width":1280,"height":642,"url":"https:\/\/blogit.lab.fi\/labfocus\/wp-content\/uploads\/sites\/8\/2021\/01\/284_2020_Kehitykselliset-palvelut-\u2013-integroitumista-lapsen-tukemiseksi_1.jpg","type":"image\/jpeg"}],"author":"akivir","twitter_card":"summary_large_image","twitter_creator":"@LABfinland","twitter_site":"@LABfinland","twitter_misc":{"Kirjoittanut":"akivir","Arvioitu lukuaika":"3 minuuttia"},"schema":{"@context":"https:\/\/schema.org","@graph":[{"@type":"Article","@id":"https:\/\/blogit.lab.fi\/labfocus\/kehitykselliset-palvelut-integroitumista-lapsen-tukemiseksi\/#article","isPartOf":{"@id":"https:\/\/blogit.lab.fi\/labfocus\/kehitykselliset-palvelut-integroitumista-lapsen-tukemiseksi\/"},"author":{"name":"akivir","@id":"https:\/\/blogit.lab.fi\/labfocus\/#\/schema\/person\/ae72d5381475757dda2321cdf93675c3"},"headline":"Kehitykselliset palvelut \u2013 integroitumista lapsen tukemiseksi","datePublished":"2021-01-20T08:48:15+00:00","dateModified":"2021-01-20T08:48:17+00:00","mainEntityOfPage":{"@id":"https:\/\/blogit.lab.fi\/labfocus\/kehitykselliset-palvelut-integroitumista-lapsen-tukemiseksi\/"},"wordCount":531,"commentCount":0,"publisher":{"@id":"https:\/\/blogit.lab.fi\/labfocus\/#organization"},"image":{"@id":"https:\/\/blogit.lab.fi\/labfocus\/kehitykselliset-palvelut-integroitumista-lapsen-tukemiseksi\/#primaryimage"},"thumbnailUrl":"https:\/\/blogit.lab.fi\/labfocus\/wp-content\/uploads\/sites\/8\/2021\/01\/284_2020_Kehitykselliset-palvelut-\u2013-integroitumista-lapsen-tukemiseksi_1.jpg","keywords":["Artikkeli E1","integroituminen","kehitykselliset palvelut","monialaisuus","moniammatillinen tiimi"],"articleSection":["Health"],"inLanguage":"fi","potentialAction":[{"@type":"CommentAction","name":"Comment","target":["https:\/\/blogit.lab.fi\/labfocus\/kehitykselliset-palvelut-integroitumista-lapsen-tukemiseksi\/#respond"]}]},{"@type":"WebPage","@id":"https:\/\/blogit.lab.fi\/labfocus\/kehitykselliset-palvelut-integroitumista-lapsen-tukemiseksi\/","url":"https:\/\/blogit.lab.fi\/labfocus\/kehitykselliset-palvelut-integroitumista-lapsen-tukemiseksi\/","name":"Kehitykselliset palvelut \u2013 integroitumista lapsen tukemiseksi - LAB Focus","isPartOf":{"@id":"https:\/\/blogit.lab.fi\/labfocus\/#website"},"primaryImageOfPage":{"@id":"https:\/\/blogit.lab.fi\/labfocus\/kehitykselliset-palvelut-integroitumista-lapsen-tukemiseksi\/#primaryimage"},"image":{"@id":"https:\/\/blogit.lab.fi\/labfocus\/kehitykselliset-palvelut-integroitumista-lapsen-tukemiseksi\/#primaryimage"},"thumbnailUrl":"https:\/\/blogit.lab.fi\/labfocus\/wp-content\/uploads\/sites\/8\/2021\/01\/284_2020_Kehitykselliset-palvelut-\u2013-integroitumista-lapsen-tukemiseksi_1.jpg","datePublished":"2021-01-20T08:48:15+00:00","dateModified":"2021-01-20T08:48:17+00:00","breadcrumb":{"@id":"https:\/\/blogit.lab.fi\/labfocus\/kehitykselliset-palvelut-integroitumista-lapsen-tukemiseksi\/#breadcrumb"},"inLanguage":"fi","potentialAction":[{"@type":"ReadAction","target":["https:\/\/blogit.lab.fi\/labfocus\/kehitykselliset-palvelut-integroitumista-lapsen-tukemiseksi\/"]}]},{"@type":"ImageObject","inLanguage":"fi","@id":"https:\/\/blogit.lab.fi\/labfocus\/kehitykselliset-palvelut-integroitumista-lapsen-tukemiseksi\/#primaryimage","url":"https:\/\/blogit.lab.fi\/labfocus\/wp-content\/uploads\/sites\/8\/2021\/01\/284_2020_Kehitykselliset-palvelut-\u2013-integroitumista-lapsen-tukemiseksi_1.jpg","contentUrl":"https:\/\/blogit.lab.fi\/labfocus\/wp-content\/uploads\/sites\/8\/2021\/01\/284_2020_Kehitykselliset-palvelut-\u2013-integroitumista-lapsen-tukemiseksi_1.jpg","width":1280,"height":642},{"@type":"BreadcrumbList","@id":"https:\/\/blogit.lab.fi\/labfocus\/kehitykselliset-palvelut-integroitumista-lapsen-tukemiseksi\/#breadcrumb","itemListElement":[{"@type":"ListItem","position":1,"name":"Home","item":"https:\/\/blogit.lab.fi\/labfocus\/"},{"@type":"ListItem","position":2,"name":"Kehitykselliset palvelut \u2013 integroitumista lapsen tukemiseksi"}]},{"@type":"WebSite","@id":"https:\/\/blogit.lab.fi\/labfocus\/#website","url":"https:\/\/blogit.lab.fi\/labfocus\/","name":"LAB Focus","description":"Focus Area blog | LAB University of Applied Sciences","publisher":{"@id":"https:\/\/blogit.lab.fi\/labfocus\/#organization"},"potentialAction":[{"@type":"SearchAction","target":{"@type":"EntryPoint","urlTemplate":"https:\/\/blogit.lab.fi\/labfocus\/?s={search_term_string}"},"query-input":{"@type":"PropertyValueSpecification","valueRequired":true,"valueName":"search_term_string"}}],"inLanguage":"fi"},{"@type":"Organization","@id":"https:\/\/blogit.lab.fi\/labfocus\/#organization","name":"LAB Focus","url":"https:\/\/blogit.lab.fi\/labfocus\/","logo":{"@type":"ImageObject","inLanguage":"fi","@id":"https:\/\/blogit.lab.fi\/labfocus\/#\/schema\/logo\/image\/","url":"https:\/\/blogit.lab.fi\/labfocus\/wp-content\/uploads\/sites\/8\/2020\/04\/cropped-cropped-tunnus_blogi-01.png","contentUrl":"https:\/\/blogit.lab.fi\/labfocus\/wp-content\/uploads\/sites\/8\/2020\/04\/cropped-cropped-tunnus_blogi-01.png","width":1342,"height":288,"caption":"LAB Focus"},"image":{"@id":"https:\/\/blogit.lab.fi\/labfocus\/#\/schema\/logo\/image\/"},"sameAs":["https:\/\/x.com\/LABfinland"]},{"@type":"Person","@id":"https:\/\/blogit.lab.fi\/labfocus\/#\/schema\/person\/ae72d5381475757dda2321cdf93675c3","name":"akivir","image":{"@type":"ImageObject","inLanguage":"fi","@id":"https:\/\/secure.gravatar.com\/avatar\/f1723ab3a77803eeac70b31affe3ec8f5f4db77779053fca565725aaee8a3bee?s=96&d=mm&r=g","url":"https:\/\/secure.gravatar.com\/avatar\/f1723ab3a77803eeac70b31affe3ec8f5f4db77779053fca565725aaee8a3bee?s=96&d=mm&r=g","contentUrl":"https:\/\/secure.gravatar.com\/avatar\/f1723ab3a77803eeac70b31affe3ec8f5f4db77779053fca565725aaee8a3bee?s=96&d=mm&r=g","caption":"akivir"},"url":"https:\/\/blogit.lab.fi\/labfocus\/author\/akivir\/"}]}},"_links":{"self":[{"href":"https:\/\/blogit.lab.fi\/labfocus\/wp-json\/wp\/v2\/posts\/2685","targetHints":{"allow":["GET"]}}],"collection":[{"href":"https:\/\/blogit.lab.fi\/labfocus\/wp-json\/wp\/v2\/posts"}],"about":[{"href":"https:\/\/blogit.lab.fi\/labfocus\/wp-json\/wp\/v2\/types\/post"}],"author":[{"embeddable":true,"href":"https:\/\/blogit.lab.fi\/labfocus\/wp-json\/wp\/v2\/users\/16"}],"replies":[{"embeddable":true,"href":"https:\/\/blogit.lab.fi\/labfocus\/wp-json\/wp\/v2\/comments?post=2685"}],"version-history":[{"count":1,"href":"https:\/\/blogit.lab.fi\/labfocus\/wp-json\/wp\/v2\/posts\/2685\/revisions"}],"predecessor-version":[{"id":2689,"href":"https:\/\/blogit.lab.fi\/labfocus\/wp-json\/wp\/v2\/posts\/2685\/revisions\/2689"}],"wp:featuredmedia":[{"embeddable":true,"href":"https:\/\/blogit.lab.fi\/labfocus\/wp-json\/wp\/v2\/media\/2687"}],"wp:attachment":[{"href":"https:\/\/blogit.lab.fi\/labfocus\/wp-json\/wp\/v2\/media?parent=2685"}],"wp:term":[{"taxonomy":"category","embeddable":true,"href":"https:\/\/blogit.lab.fi\/labfocus\/wp-json\/wp\/v2\/categories?post=2685"},{"taxonomy":"post_tag","embeddable":true,"href":"https:\/\/blogit.lab.fi\/labfocus\/wp-json\/wp\/v2\/tags?post=2685"}],"curies":[{"name":"wp","href":"https:\/\/api.w.org\/{rel}","templated":true}]}}