{"id":2708,"date":"2021-01-25T11:31:07","date_gmt":"2021-01-25T09:31:07","guid":{"rendered":"https:\/\/blogit.lab.fi\/labfocus\/?p=2708"},"modified":"2021-01-25T11:31:09","modified_gmt":"2021-01-25T09:31:09","slug":"modernille-markkinointiosaamiselle-koetaan-tarvetta","status":"publish","type":"post","link":"https:\/\/blogit.lab.fi\/labfocus\/modernille-markkinointiosaamiselle-koetaan-tarvetta\/","title":{"rendered":"Modernille markkinointiosaamiselle koetaan tarvetta"},"content":{"rendered":"\n<p>J\u00e4rjestimme tammikuussa koko p\u00e4iv\u00e4n kest\u00e4v\u00e4n \u201cModerni BtoB-markkinointi\u201d -seminaarin Skinnarilan kampuksella Lappeenrannassa ja saimme satapaikkaisen salin l\u00e4hes t\u00e4yteen osallistujia. T\u00e4m\u00e4 seminaari oli osa ESR-rahoitteista <a href=\"https:\/\/lab.fi\/fi\/projekti\/prima-osaamisella-kasvua-ja-kilpailukykya-etelakarjalaiseen-teollisuuteen\" target=\"_blank\" rel=\"noreferrer noopener\">PRIMA- Osaamisella kasvua ja kilpailukyky\u00e4 etel\u00e4karjalaiseen teollisuuteen<\/a> -hanketta. Seminaarin puhujana oli LAB-ammattikorkeakoulun liiketalouden lehtori ja digitaalisen markkinoinnin asiantuntija Sami Lanu.&nbsp;&nbsp;<\/p>\n\n\n\n<figure class=\"wp-block-image size-large\"><img loading=\"lazy\" decoding=\"async\" width=\"1024\" height=\"512\" src=\"https:\/\/blogit.lab.fi\/labfocus\/wp-content\/uploads\/sites\/8\/2021\/01\/image-6.jpeg\" alt=\"A group of people in a room\n\nDescription automatically generated\" class=\"wp-image-2709\" srcset=\"https:\/\/blogit.lab.fi\/labfocus\/wp-content\/uploads\/sites\/8\/2021\/01\/image-6.jpeg 1024w, https:\/\/blogit.lab.fi\/labfocus\/wp-content\/uploads\/sites\/8\/2021\/01\/image-6-300x150.jpeg 300w, https:\/\/blogit.lab.fi\/labfocus\/wp-content\/uploads\/sites\/8\/2021\/01\/image-6-768x384.jpeg 768w\" sizes=\"auto, (max-width: 1024px) 100vw, 1024px\" \/><figcaption>Kuva 1. Moderni B2B-markkinointi her\u00e4tt\u00e4\u00e4 runsaasti kiinnostusta (Kuva: Sampo Kokkonen)<\/figcaption><\/figure>\n\n\n\n<h2 class=\"wp-block-heading\">Kotistudiosta Hollywoodiin&nbsp;<\/h2>\n\n\n\n<p>Lanu (2020) oli rakentanut p\u00e4iv\u00e4n esityksens\u00e4 useiden el\u00e4v\u00e4n el\u00e4m\u00e4n esimerkkien ymp\u00e4rille. Vaikka esimerkit olivat eri toimialoilta, yhdistiv\u00e4t niit\u00e4 p\u00e4iv\u00e4n teemankin mukaisesti modernin markkinoinnin periaatteet. Ensimm\u00e4isen\u00e4 esimerkkin\u00e4 oli foley-artisti Heikki Kossi, jonka \u00e4\u00e4rimm\u00e4isen taidokkaat foley\u00e4\u00e4net ja miksaukset veiv\u00e4t h\u00e4net omasta kotistudiostaan aina Hollywood-tuotantoihin saakka. Nyky\u00e4\u00e4n ei en\u00e4\u00e4 ole juuri merkityst\u00e4 sill\u00e4, miss\u00e4 p\u00e4in maailmaa huippuosaaminen on, jos tuote tai palvelu voidaan siirt\u00e4\u00e4 digitaalisena. (Lanu 2020.)&nbsp;<\/p>\n\n\n\n<h2 class=\"wp-block-heading\">Referenssit ja uskottavuus&nbsp;<\/h2>\n\n\n\n<p>Kahdessa seuraavassa esimerkiss\u00e4\u00e4n konepajateollisuudesta sek\u00e4 operaattorialalta Lanun ehk\u00e4p\u00e4 t\u00e4rkeimm\u00e4t nostot olivat referenssien merkitys sek\u00e4 inbound-markkinoinnin malli, jossa asiakas pyrit\u00e4\u00e4n saamaan vuorovaikutukseen yrityksen kanssa tarjoamalla h\u00e4nelle aidosti mielenkiintoista sis\u00e4lt\u00f6\u00e4. Erityisesti suuria investointeja tehdess\u00e4\u00e4n asiakas haluaa varmuuden myyj\u00e4n kyvykkyydest\u00e4 ja luotettavuudesta. Referenssien kautta sen esitt\u00e4minen ja todentaminen on eritt\u00e4in tehokasta. Samoin inbound-markkinoinnin kautta omaa osaamista voidaan esitt\u00e4\u00e4 mahdolliselle asiakkaalle ja saada t\u00e4m\u00e4 tutustumaan ja jopa sitoutumaan myyj\u00e4\u00e4n ennen ensimm\u00e4ist\u00e4k\u00e4\u00e4n kauppaa. Vaikka inbound-markkinointi vaatii vaivan\u00e4k\u00f6\u00e4, on se todettu nykyaikaisessa markkinoinnissa eritt\u00e4in tehokkaaksi. (Lanu 2020.)&nbsp;<\/p>\n\n\n\n<h2 class=\"wp-block-heading\">\u201dJos kaikki tekee samalla tavalla, on jopa helppo erottua, kun tekee toisin.\u201d\u00a0<\/h2>\n\n\n\n<p>Viimeisess\u00e4 esimerkiss\u00e4\u00e4n autoteollisuudesta Lanu (2020) korosti erilaistumista. Monet B2C -markkinoinnin keinot toimivat my\u00f6s B2B-kent\u00e4ll\u00e4, sill\u00e4 ostajat ja p\u00e4\u00e4tt\u00e4j\u00e4t ovat kaikki ihmisi\u00e4. Esimerkiss\u00e4 nostettiin hieman von Hippelin \u201dlead user\u201d -hengess\u00e4 (edistyneet tuotteen k\u00e4ytt\u00e4j\u00e4t kehitt\u00e4misen keski\u00f6ss\u00e4) kuljettajien roolia ja n\u00e4kemyksi\u00e4 autoteollisuudessa perinteisten teknisten arvojen ja suorituskykyjen edelle (von Hippel 1986). N\u00e4in koko markkinointiviestint\u00e4\u00e4 saatiin muokattua ihmisl\u00e4heisemm\u00e4ksi sek\u00e4 kilpailijoista selke\u00e4sti erottuvaksi.&nbsp;<\/p>\n\n\n\n<p>Edell\u00e4 mainittujen esimerkkien lis\u00e4ksi seminaarissa k\u00e4siteltiin mm. br\u00e4ndin elementtej\u00e4 sek\u00e4 segmentoinnin merkityst\u00e4 eri aloilla. On t\u00e4rke\u00e4\u00e4 tiet\u00e4\u00e4, mit\u00e4 tarjotaan ja kenelle. Samaa tuoteperhett\u00e4 voidaan kohdentaa useille eri segmenteille, kunhan asiakkaiden tarve on riitt\u00e4v\u00e4sti tiedossa. Sami Lanu my\u00f6s korosti analysoinnin t\u00e4rkeytt\u00e4 nykyaikaisessa markkinoinnissa. Digitaalisessa markkinoinnissa mittaaminen ja seuraaminen on verrattain helppoa, joten analysoimalla markkinointia ja sen tuloksia voidaan toimintaa optimoida ja jopa muuttaa l\u00e4hes reaaliaikaisesti, jos siihen on tarvetta. (Lanu 2020.)&nbsp;<\/p>\n\n\n\n<p>Saimme osallistujilta kiitosta tapahtumasta, jossa saatoimme tuoda talon monipuolista osaamista esille suurelle joukolle l\u00e4hialueen yritysedustajia. P\u00e4iv\u00e4n onnistumisesta kertoo mm. se, ett\u00e4 96 % osallistujista aikoo jatkossa osallistua varmasti tai melko varmasti vastaavankaltaisiin koulutustilaisuuksiin.&nbsp;<\/p>\n\n\n\n<p class=\"has-background\" style=\"background-color:#b3edfb\"><strong>Kirjoittaja <\/strong><br><br><strong>Sampo Kokkonen<\/strong> toimii markkinoinnin lehtorina LAB-ammattikorkeakoulussa sek\u00e4 projektip\u00e4\u00e4llikk\u00f6n\u00e4 PRIMA-hankkeessa.\u00a0<\/p>\n\n\n\n<h3 class=\"wp-block-heading\">L\u00e4hteet\u00a0<\/h3>\n\n\n\n<p>Lanu, S. 2020. Moderni B2B-markkinointi. Esitys PRIMA-hankkeen B2B Sales &#8217;n&#8217; Marketing Schoolin seminaarip\u00e4iv\u00e4ss\u00e4 22.1.2020.&nbsp;<\/p>\n\n\n\n<p>von Hippel, E. 1986. Lead Users: A Source of Novel Product Concepts. Management Science. Vol 32 (7), 791-805.&nbsp;<\/p>\n\n\n\n<h3 class=\"wp-block-heading\">Linkit\u00a0<\/h3>\n\n\n\n<p>LAB-ammattikorkeakoulu. 2020. Prima \u2013 Osaamisella kasvua ja kilpailukyky\u00e4 etel\u00e4karjalaiseen teollisuuteen. [Viitattu 16.12.] Saatavissa: <a href=\"https:\/\/lab.fi\/fi\/projekti\/prima-osaamisella-kasvua-ja-kilpailukykya-etelakarjalaiseen-teollisuuteen\" target=\"_blank\" rel=\"noreferrer noopener\">https:\/\/lab.fi\/fi\/projekti\/prima-osaamisella-kasvua-ja-kilpailukykya-etelakarjalaiseen-teollisuuteen<\/a>&nbsp;&nbsp;<\/p>\n","protected":false},"excerpt":{"rendered":"<p>J\u00e4rjestimme tammikuussa koko p\u00e4iv\u00e4n kest\u00e4v\u00e4n \u201cModerni BtoB-markkinointi\u201d -seminaarin Skinnarilan kampuksella Lappeenrannassa ja saimme satapaikkaisen salin l\u00e4hes t\u00e4yteen osallistujia. T\u00e4m\u00e4 seminaari oli osa ESR-rahoitteista PRIMA- Osaamisella kasvua ja kilpailukyky\u00e4 etel\u00e4karjalaiseen teollisuuteen -hanketta. Seminaarin puhujana oli LAB-ammattikorkeakoulun liiketalouden lehtori ja digitaalisen markkinoinnin asiantuntija Sami Lanu.&nbsp;&nbsp; Kotistudiosta Hollywoodiin&nbsp; Lanu (2020) oli rakentanut p\u00e4iv\u00e4n esityksens\u00e4 useiden el\u00e4v\u00e4n el\u00e4m\u00e4n esimerkkien [&hellip;]<\/p>\n","protected":false},"author":16,"featured_media":2709,"comment_status":"open","ping_status":"open","sticky":false,"template":"","format":"standard","meta":{"footnotes":""},"categories":[19,403],"tags":[29,1533,1803,1805],"class_list":{"0":"post-2708","1":"post","2":"type-post","3":"status-publish","4":"format-standard","5":"has-post-thumbnail","7":"category-innovations_fi","8":"category-liiketoiminnan-muotoilu-ja-runsas-arvo","9":"tag-artikkeli-e1","10":"tag-b2b","11":"tag-b2b-markkinointi","12":"tag-digitaalinen-markkinointi","13":"czr-hentry"},"yoast_head":"<!-- This site is optimized with the Yoast SEO plugin v27.4 - https:\/\/yoast.com\/product\/yoast-seo-wordpress\/ -->\n<title>Modernille markkinointiosaamiselle koetaan tarvetta - LAB Focus<\/title>\n<meta name=\"robots\" content=\"index, follow, max-snippet:-1, max-image-preview:large, max-video-preview:-1\" \/>\n<link rel=\"canonical\" href=\"https:\/\/blogit.lab.fi\/labfocus\/modernille-markkinointiosaamiselle-koetaan-tarvetta\/\" \/>\n<meta property=\"og:locale\" content=\"fi_FI\" \/>\n<meta property=\"og:type\" content=\"article\" \/>\n<meta property=\"og:title\" content=\"Modernille markkinointiosaamiselle koetaan tarvetta - LAB Focus\" \/>\n<meta property=\"og:description\" content=\"J\u00e4rjestimme tammikuussa koko p\u00e4iv\u00e4n kest\u00e4v\u00e4n \u201cModerni BtoB-markkinointi\u201d -seminaarin Skinnarilan kampuksella Lappeenrannassa ja saimme satapaikkaisen salin l\u00e4hes t\u00e4yteen osallistujia. T\u00e4m\u00e4 seminaari oli osa ESR-rahoitteista PRIMA- Osaamisella kasvua ja kilpailukyky\u00e4 etel\u00e4karjalaiseen teollisuuteen -hanketta. Seminaarin puhujana oli LAB-ammattikorkeakoulun liiketalouden lehtori ja digitaalisen markkinoinnin asiantuntija Sami Lanu.&nbsp;&nbsp; Kotistudiosta Hollywoodiin&nbsp; Lanu (2020) oli rakentanut p\u00e4iv\u00e4n esityksens\u00e4 useiden el\u00e4v\u00e4n el\u00e4m\u00e4n esimerkkien [&hellip;]\" \/>\n<meta property=\"og:url\" content=\"https:\/\/blogit.lab.fi\/labfocus\/modernille-markkinointiosaamiselle-koetaan-tarvetta\/\" \/>\n<meta property=\"og:site_name\" content=\"LAB Focus\" \/>\n<meta property=\"article:published_time\" content=\"2021-01-25T09:31:07+00:00\" \/>\n<meta property=\"article:modified_time\" content=\"2021-01-25T09:31:09+00:00\" \/>\n<meta property=\"og:image\" content=\"https:\/\/blogit.lab.fi\/labfocus\/wp-content\/uploads\/sites\/8\/2021\/01\/image-6.jpeg\" \/>\n\t<meta property=\"og:image:width\" content=\"1024\" \/>\n\t<meta property=\"og:image:height\" content=\"512\" \/>\n\t<meta property=\"og:image:type\" content=\"image\/jpeg\" \/>\n<meta name=\"author\" content=\"akivir\" \/>\n<meta name=\"twitter:card\" content=\"summary_large_image\" \/>\n<meta name=\"twitter:creator\" content=\"@LABfinland\" \/>\n<meta name=\"twitter:site\" content=\"@LABfinland\" \/>\n<meta name=\"twitter:label1\" content=\"Kirjoittanut\" \/>\n\t<meta name=\"twitter:data1\" content=\"akivir\" \/>\n\t<meta name=\"twitter:label2\" content=\"Arvioitu lukuaika\" \/>\n\t<meta name=\"twitter:data2\" content=\"3 minuuttia\" \/>\n<script type=\"application\/ld+json\" class=\"yoast-schema-graph\">{\"@context\":\"https:\\\/\\\/schema.org\",\"@graph\":[{\"@type\":\"Article\",\"@id\":\"https:\\\/\\\/blogit.lab.fi\\\/labfocus\\\/modernille-markkinointiosaamiselle-koetaan-tarvetta\\\/#article\",\"isPartOf\":{\"@id\":\"https:\\\/\\\/blogit.lab.fi\\\/labfocus\\\/modernille-markkinointiosaamiselle-koetaan-tarvetta\\\/\"},\"author\":{\"name\":\"akivir\",\"@id\":\"https:\\\/\\\/blogit.lab.fi\\\/labfocus\\\/#\\\/schema\\\/person\\\/ae72d5381475757dda2321cdf93675c3\"},\"headline\":\"Modernille markkinointiosaamiselle koetaan tarvetta\",\"datePublished\":\"2021-01-25T09:31:07+00:00\",\"dateModified\":\"2021-01-25T09:31:09+00:00\",\"mainEntityOfPage\":{\"@id\":\"https:\\\/\\\/blogit.lab.fi\\\/labfocus\\\/modernille-markkinointiosaamiselle-koetaan-tarvetta\\\/\"},\"wordCount\":523,\"commentCount\":0,\"publisher\":{\"@id\":\"https:\\\/\\\/blogit.lab.fi\\\/labfocus\\\/#organization\"},\"image\":{\"@id\":\"https:\\\/\\\/blogit.lab.fi\\\/labfocus\\\/modernille-markkinointiosaamiselle-koetaan-tarvetta\\\/#primaryimage\"},\"thumbnailUrl\":\"https:\\\/\\\/blogit.lab.fi\\\/labfocus\\\/wp-content\\\/uploads\\\/sites\\\/8\\\/2021\\\/01\\\/image-6.jpeg\",\"keywords\":[\"Artikkeli E1\",\"B2B\",\"B2B-markkinointi\",\"digitaalinen markkinointi\"],\"articleSection\":[\"Innovations\",\"Liiketoiminnan muotoilu ja runsas arvo\"],\"inLanguage\":\"fi\",\"potentialAction\":[{\"@type\":\"CommentAction\",\"name\":\"Comment\",\"target\":[\"https:\\\/\\\/blogit.lab.fi\\\/labfocus\\\/modernille-markkinointiosaamiselle-koetaan-tarvetta\\\/#respond\"]}]},{\"@type\":\"WebPage\",\"@id\":\"https:\\\/\\\/blogit.lab.fi\\\/labfocus\\\/modernille-markkinointiosaamiselle-koetaan-tarvetta\\\/\",\"url\":\"https:\\\/\\\/blogit.lab.fi\\\/labfocus\\\/modernille-markkinointiosaamiselle-koetaan-tarvetta\\\/\",\"name\":\"Modernille markkinointiosaamiselle koetaan tarvetta - LAB Focus\",\"isPartOf\":{\"@id\":\"https:\\\/\\\/blogit.lab.fi\\\/labfocus\\\/#website\"},\"primaryImageOfPage\":{\"@id\":\"https:\\\/\\\/blogit.lab.fi\\\/labfocus\\\/modernille-markkinointiosaamiselle-koetaan-tarvetta\\\/#primaryimage\"},\"image\":{\"@id\":\"https:\\\/\\\/blogit.lab.fi\\\/labfocus\\\/modernille-markkinointiosaamiselle-koetaan-tarvetta\\\/#primaryimage\"},\"thumbnailUrl\":\"https:\\\/\\\/blogit.lab.fi\\\/labfocus\\\/wp-content\\\/uploads\\\/sites\\\/8\\\/2021\\\/01\\\/image-6.jpeg\",\"datePublished\":\"2021-01-25T09:31:07+00:00\",\"dateModified\":\"2021-01-25T09:31:09+00:00\",\"breadcrumb\":{\"@id\":\"https:\\\/\\\/blogit.lab.fi\\\/labfocus\\\/modernille-markkinointiosaamiselle-koetaan-tarvetta\\\/#breadcrumb\"},\"inLanguage\":\"fi\",\"potentialAction\":[{\"@type\":\"ReadAction\",\"target\":[\"https:\\\/\\\/blogit.lab.fi\\\/labfocus\\\/modernille-markkinointiosaamiselle-koetaan-tarvetta\\\/\"]}]},{\"@type\":\"ImageObject\",\"inLanguage\":\"fi\",\"@id\":\"https:\\\/\\\/blogit.lab.fi\\\/labfocus\\\/modernille-markkinointiosaamiselle-koetaan-tarvetta\\\/#primaryimage\",\"url\":\"https:\\\/\\\/blogit.lab.fi\\\/labfocus\\\/wp-content\\\/uploads\\\/sites\\\/8\\\/2021\\\/01\\\/image-6.jpeg\",\"contentUrl\":\"https:\\\/\\\/blogit.lab.fi\\\/labfocus\\\/wp-content\\\/uploads\\\/sites\\\/8\\\/2021\\\/01\\\/image-6.jpeg\",\"width\":1024,\"height\":512},{\"@type\":\"BreadcrumbList\",\"@id\":\"https:\\\/\\\/blogit.lab.fi\\\/labfocus\\\/modernille-markkinointiosaamiselle-koetaan-tarvetta\\\/#breadcrumb\",\"itemListElement\":[{\"@type\":\"ListItem\",\"position\":1,\"name\":\"Home\",\"item\":\"https:\\\/\\\/blogit.lab.fi\\\/labfocus\\\/\"},{\"@type\":\"ListItem\",\"position\":2,\"name\":\"Modernille markkinointiosaamiselle koetaan tarvetta\"}]},{\"@type\":\"WebSite\",\"@id\":\"https:\\\/\\\/blogit.lab.fi\\\/labfocus\\\/#website\",\"url\":\"https:\\\/\\\/blogit.lab.fi\\\/labfocus\\\/\",\"name\":\"LAB Focus\",\"description\":\"Focus Area blog | LAB University of Applied Sciences\",\"publisher\":{\"@id\":\"https:\\\/\\\/blogit.lab.fi\\\/labfocus\\\/#organization\"},\"potentialAction\":[{\"@type\":\"SearchAction\",\"target\":{\"@type\":\"EntryPoint\",\"urlTemplate\":\"https:\\\/\\\/blogit.lab.fi\\\/labfocus\\\/?s={search_term_string}\"},\"query-input\":{\"@type\":\"PropertyValueSpecification\",\"valueRequired\":true,\"valueName\":\"search_term_string\"}}],\"inLanguage\":\"fi\"},{\"@type\":\"Organization\",\"@id\":\"https:\\\/\\\/blogit.lab.fi\\\/labfocus\\\/#organization\",\"name\":\"LAB Focus\",\"url\":\"https:\\\/\\\/blogit.lab.fi\\\/labfocus\\\/\",\"logo\":{\"@type\":\"ImageObject\",\"inLanguage\":\"fi\",\"@id\":\"https:\\\/\\\/blogit.lab.fi\\\/labfocus\\\/#\\\/schema\\\/logo\\\/image\\\/\",\"url\":\"https:\\\/\\\/blogit.lab.fi\\\/labfocus\\\/wp-content\\\/uploads\\\/sites\\\/8\\\/2020\\\/04\\\/cropped-cropped-tunnus_blogi-01.png\",\"contentUrl\":\"https:\\\/\\\/blogit.lab.fi\\\/labfocus\\\/wp-content\\\/uploads\\\/sites\\\/8\\\/2020\\\/04\\\/cropped-cropped-tunnus_blogi-01.png\",\"width\":1342,\"height\":288,\"caption\":\"LAB Focus\"},\"image\":{\"@id\":\"https:\\\/\\\/blogit.lab.fi\\\/labfocus\\\/#\\\/schema\\\/logo\\\/image\\\/\"},\"sameAs\":[\"https:\\\/\\\/x.com\\\/LABfinland\"]},{\"@type\":\"Person\",\"@id\":\"https:\\\/\\\/blogit.lab.fi\\\/labfocus\\\/#\\\/schema\\\/person\\\/ae72d5381475757dda2321cdf93675c3\",\"name\":\"akivir\",\"image\":{\"@type\":\"ImageObject\",\"inLanguage\":\"fi\",\"@id\":\"https:\\\/\\\/secure.gravatar.com\\\/avatar\\\/f1723ab3a77803eeac70b31affe3ec8f5f4db77779053fca565725aaee8a3bee?s=96&d=mm&r=g\",\"url\":\"https:\\\/\\\/secure.gravatar.com\\\/avatar\\\/f1723ab3a77803eeac70b31affe3ec8f5f4db77779053fca565725aaee8a3bee?s=96&d=mm&r=g\",\"contentUrl\":\"https:\\\/\\\/secure.gravatar.com\\\/avatar\\\/f1723ab3a77803eeac70b31affe3ec8f5f4db77779053fca565725aaee8a3bee?s=96&d=mm&r=g\",\"caption\":\"akivir\"},\"url\":\"https:\\\/\\\/blogit.lab.fi\\\/labfocus\\\/author\\\/akivir\\\/\"}]}<\/script>\n<!-- \/ Yoast SEO plugin. -->","yoast_head_json":{"title":"Modernille markkinointiosaamiselle koetaan tarvetta - LAB Focus","robots":{"index":"index","follow":"follow","max-snippet":"max-snippet:-1","max-image-preview":"max-image-preview:large","max-video-preview":"max-video-preview:-1"},"canonical":"https:\/\/blogit.lab.fi\/labfocus\/modernille-markkinointiosaamiselle-koetaan-tarvetta\/","og_locale":"fi_FI","og_type":"article","og_title":"Modernille markkinointiosaamiselle koetaan tarvetta - LAB Focus","og_description":"J\u00e4rjestimme tammikuussa koko p\u00e4iv\u00e4n kest\u00e4v\u00e4n \u201cModerni BtoB-markkinointi\u201d -seminaarin Skinnarilan kampuksella Lappeenrannassa ja saimme satapaikkaisen salin l\u00e4hes t\u00e4yteen osallistujia. T\u00e4m\u00e4 seminaari oli osa ESR-rahoitteista PRIMA- Osaamisella kasvua ja kilpailukyky\u00e4 etel\u00e4karjalaiseen teollisuuteen -hanketta. Seminaarin puhujana oli LAB-ammattikorkeakoulun liiketalouden lehtori ja digitaalisen markkinoinnin asiantuntija Sami Lanu.&nbsp;&nbsp; Kotistudiosta Hollywoodiin&nbsp; Lanu (2020) oli rakentanut p\u00e4iv\u00e4n esityksens\u00e4 useiden el\u00e4v\u00e4n el\u00e4m\u00e4n esimerkkien [&hellip;]","og_url":"https:\/\/blogit.lab.fi\/labfocus\/modernille-markkinointiosaamiselle-koetaan-tarvetta\/","og_site_name":"LAB Focus","article_published_time":"2021-01-25T09:31:07+00:00","article_modified_time":"2021-01-25T09:31:09+00:00","og_image":[{"width":1024,"height":512,"url":"https:\/\/blogit.lab.fi\/labfocus\/wp-content\/uploads\/sites\/8\/2021\/01\/image-6.jpeg","type":"image\/jpeg"}],"author":"akivir","twitter_card":"summary_large_image","twitter_creator":"@LABfinland","twitter_site":"@LABfinland","twitter_misc":{"Kirjoittanut":"akivir","Arvioitu lukuaika":"3 minuuttia"},"schema":{"@context":"https:\/\/schema.org","@graph":[{"@type":"Article","@id":"https:\/\/blogit.lab.fi\/labfocus\/modernille-markkinointiosaamiselle-koetaan-tarvetta\/#article","isPartOf":{"@id":"https:\/\/blogit.lab.fi\/labfocus\/modernille-markkinointiosaamiselle-koetaan-tarvetta\/"},"author":{"name":"akivir","@id":"https:\/\/blogit.lab.fi\/labfocus\/#\/schema\/person\/ae72d5381475757dda2321cdf93675c3"},"headline":"Modernille markkinointiosaamiselle koetaan tarvetta","datePublished":"2021-01-25T09:31:07+00:00","dateModified":"2021-01-25T09:31:09+00:00","mainEntityOfPage":{"@id":"https:\/\/blogit.lab.fi\/labfocus\/modernille-markkinointiosaamiselle-koetaan-tarvetta\/"},"wordCount":523,"commentCount":0,"publisher":{"@id":"https:\/\/blogit.lab.fi\/labfocus\/#organization"},"image":{"@id":"https:\/\/blogit.lab.fi\/labfocus\/modernille-markkinointiosaamiselle-koetaan-tarvetta\/#primaryimage"},"thumbnailUrl":"https:\/\/blogit.lab.fi\/labfocus\/wp-content\/uploads\/sites\/8\/2021\/01\/image-6.jpeg","keywords":["Artikkeli E1","B2B","B2B-markkinointi","digitaalinen markkinointi"],"articleSection":["Innovations","Liiketoiminnan muotoilu ja runsas arvo"],"inLanguage":"fi","potentialAction":[{"@type":"CommentAction","name":"Comment","target":["https:\/\/blogit.lab.fi\/labfocus\/modernille-markkinointiosaamiselle-koetaan-tarvetta\/#respond"]}]},{"@type":"WebPage","@id":"https:\/\/blogit.lab.fi\/labfocus\/modernille-markkinointiosaamiselle-koetaan-tarvetta\/","url":"https:\/\/blogit.lab.fi\/labfocus\/modernille-markkinointiosaamiselle-koetaan-tarvetta\/","name":"Modernille markkinointiosaamiselle koetaan tarvetta - LAB Focus","isPartOf":{"@id":"https:\/\/blogit.lab.fi\/labfocus\/#website"},"primaryImageOfPage":{"@id":"https:\/\/blogit.lab.fi\/labfocus\/modernille-markkinointiosaamiselle-koetaan-tarvetta\/#primaryimage"},"image":{"@id":"https:\/\/blogit.lab.fi\/labfocus\/modernille-markkinointiosaamiselle-koetaan-tarvetta\/#primaryimage"},"thumbnailUrl":"https:\/\/blogit.lab.fi\/labfocus\/wp-content\/uploads\/sites\/8\/2021\/01\/image-6.jpeg","datePublished":"2021-01-25T09:31:07+00:00","dateModified":"2021-01-25T09:31:09+00:00","breadcrumb":{"@id":"https:\/\/blogit.lab.fi\/labfocus\/modernille-markkinointiosaamiselle-koetaan-tarvetta\/#breadcrumb"},"inLanguage":"fi","potentialAction":[{"@type":"ReadAction","target":["https:\/\/blogit.lab.fi\/labfocus\/modernille-markkinointiosaamiselle-koetaan-tarvetta\/"]}]},{"@type":"ImageObject","inLanguage":"fi","@id":"https:\/\/blogit.lab.fi\/labfocus\/modernille-markkinointiosaamiselle-koetaan-tarvetta\/#primaryimage","url":"https:\/\/blogit.lab.fi\/labfocus\/wp-content\/uploads\/sites\/8\/2021\/01\/image-6.jpeg","contentUrl":"https:\/\/blogit.lab.fi\/labfocus\/wp-content\/uploads\/sites\/8\/2021\/01\/image-6.jpeg","width":1024,"height":512},{"@type":"BreadcrumbList","@id":"https:\/\/blogit.lab.fi\/labfocus\/modernille-markkinointiosaamiselle-koetaan-tarvetta\/#breadcrumb","itemListElement":[{"@type":"ListItem","position":1,"name":"Home","item":"https:\/\/blogit.lab.fi\/labfocus\/"},{"@type":"ListItem","position":2,"name":"Modernille markkinointiosaamiselle koetaan tarvetta"}]},{"@type":"WebSite","@id":"https:\/\/blogit.lab.fi\/labfocus\/#website","url":"https:\/\/blogit.lab.fi\/labfocus\/","name":"LAB Focus","description":"Focus Area blog | LAB University of Applied Sciences","publisher":{"@id":"https:\/\/blogit.lab.fi\/labfocus\/#organization"},"potentialAction":[{"@type":"SearchAction","target":{"@type":"EntryPoint","urlTemplate":"https:\/\/blogit.lab.fi\/labfocus\/?s={search_term_string}"},"query-input":{"@type":"PropertyValueSpecification","valueRequired":true,"valueName":"search_term_string"}}],"inLanguage":"fi"},{"@type":"Organization","@id":"https:\/\/blogit.lab.fi\/labfocus\/#organization","name":"LAB Focus","url":"https:\/\/blogit.lab.fi\/labfocus\/","logo":{"@type":"ImageObject","inLanguage":"fi","@id":"https:\/\/blogit.lab.fi\/labfocus\/#\/schema\/logo\/image\/","url":"https:\/\/blogit.lab.fi\/labfocus\/wp-content\/uploads\/sites\/8\/2020\/04\/cropped-cropped-tunnus_blogi-01.png","contentUrl":"https:\/\/blogit.lab.fi\/labfocus\/wp-content\/uploads\/sites\/8\/2020\/04\/cropped-cropped-tunnus_blogi-01.png","width":1342,"height":288,"caption":"LAB Focus"},"image":{"@id":"https:\/\/blogit.lab.fi\/labfocus\/#\/schema\/logo\/image\/"},"sameAs":["https:\/\/x.com\/LABfinland"]},{"@type":"Person","@id":"https:\/\/blogit.lab.fi\/labfocus\/#\/schema\/person\/ae72d5381475757dda2321cdf93675c3","name":"akivir","image":{"@type":"ImageObject","inLanguage":"fi","@id":"https:\/\/secure.gravatar.com\/avatar\/f1723ab3a77803eeac70b31affe3ec8f5f4db77779053fca565725aaee8a3bee?s=96&d=mm&r=g","url":"https:\/\/secure.gravatar.com\/avatar\/f1723ab3a77803eeac70b31affe3ec8f5f4db77779053fca565725aaee8a3bee?s=96&d=mm&r=g","contentUrl":"https:\/\/secure.gravatar.com\/avatar\/f1723ab3a77803eeac70b31affe3ec8f5f4db77779053fca565725aaee8a3bee?s=96&d=mm&r=g","caption":"akivir"},"url":"https:\/\/blogit.lab.fi\/labfocus\/author\/akivir\/"}]}},"_links":{"self":[{"href":"https:\/\/blogit.lab.fi\/labfocus\/wp-json\/wp\/v2\/posts\/2708","targetHints":{"allow":["GET"]}}],"collection":[{"href":"https:\/\/blogit.lab.fi\/labfocus\/wp-json\/wp\/v2\/posts"}],"about":[{"href":"https:\/\/blogit.lab.fi\/labfocus\/wp-json\/wp\/v2\/types\/post"}],"author":[{"embeddable":true,"href":"https:\/\/blogit.lab.fi\/labfocus\/wp-json\/wp\/v2\/users\/16"}],"replies":[{"embeddable":true,"href":"https:\/\/blogit.lab.fi\/labfocus\/wp-json\/wp\/v2\/comments?post=2708"}],"version-history":[{"count":1,"href":"https:\/\/blogit.lab.fi\/labfocus\/wp-json\/wp\/v2\/posts\/2708\/revisions"}],"predecessor-version":[{"id":2710,"href":"https:\/\/blogit.lab.fi\/labfocus\/wp-json\/wp\/v2\/posts\/2708\/revisions\/2710"}],"wp:featuredmedia":[{"embeddable":true,"href":"https:\/\/blogit.lab.fi\/labfocus\/wp-json\/wp\/v2\/media\/2709"}],"wp:attachment":[{"href":"https:\/\/blogit.lab.fi\/labfocus\/wp-json\/wp\/v2\/media?parent=2708"}],"wp:term":[{"taxonomy":"category","embeddable":true,"href":"https:\/\/blogit.lab.fi\/labfocus\/wp-json\/wp\/v2\/categories?post=2708"},{"taxonomy":"post_tag","embeddable":true,"href":"https:\/\/blogit.lab.fi\/labfocus\/wp-json\/wp\/v2\/tags?post=2708"}],"curies":[{"name":"wp","href":"https:\/\/api.w.org\/{rel}","templated":true}]}}