{"id":27207,"date":"2026-04-28T08:07:53","date_gmt":"2026-04-28T05:07:53","guid":{"rendered":"https:\/\/blogit.lab.fi\/labfocus\/?p=27207"},"modified":"2026-04-28T08:07:54","modified_gmt":"2026-04-28T05:07:54","slug":"tapahtuma-ala-jarjestaytyy-miksi-se-on-tarkeaa-myos-labille","status":"publish","type":"post","link":"https:\/\/blogit.lab.fi\/labfocus\/tapahtuma-ala-jarjestaytyy-miksi-se-on-tarkeaa-myos-labille\/","title":{"rendered":"Tapahtuma-ala j\u00e4rjest\u00e4ytyy \u2013 miksi se on t\u00e4rke\u00e4\u00e4 my\u00f6s LABille?"},"content":{"rendered":"\n<p>Tapahtumat ovat keskeinen osa suomalaista elinvoimaa, kulttuuria ja aluetaloutta. Silti tapahtuma-alaa ei ole Suomessa viel\u00e4k\u00e4\u00e4n selke\u00e4sti tunnistettu omaksi elinkeinokseen. T\u00e4t\u00e4 ristiriitaa korjaamaan tapahtuma-ala on nyt j\u00e4rjest\u00e4ytynyt aiempaa vahvemmin.<\/p>\n\n\n\n<p>Tapahtumateollisuus ry luovutti maaliskuussa aloitteen laista ammattimaisesta tapahtumanj\u00e4rjest\u00e4misest\u00e4 ty\u00f6- ja elinkeinoministeri\u00f6lle. Aloite on merkitt\u00e4v\u00e4 askel kohti ennakoitavampaa ja oikeudenmukaisempaa toimintaymp\u00e4rist\u00f6\u00e4. Kyse ei ole pelk\u00e4st\u00e4\u00e4n lains\u00e4\u00e4d\u00e4nn\u00f6st\u00e4 \u2013 vaan siit\u00e4, miten ala oppii, kehittyy ja pystyy suunnittelemaan tulevaisuuttaan. Tapahtuma-alasta saadaan kannattavampi, vastuullisempi, turvallisempi ja saavutettavampi meille tapahtumista nauttiville. (Tapahtumateollisuus 2026)<\/p>\n\n\n\n<h2 class=\"wp-block-heading\">Miksi tapahtuma-ala j\u00e4rjest\u00e4ytyy juuri nyt?<\/h2>\n\n\n\n<p>Lakialoitteen taustalla on pitk\u00e4 kokemus ep\u00e4selv\u00e4st\u00e4 s\u00e4\u00e4ntelyst\u00e4. Tapahtuma-alaa koskee t\u00e4ll\u00e4 hetkell\u00e4 poikkeuksellisen suuri m\u00e4\u00e4r\u00e4 lupia, ilmoituksia ja viranomaisvaatimuksia, joita sovelletaan toisilla toimialoilla. Tapahtuman-alaa on rinnastettu muun muassa rakentamiseen, sote-alaan, ammattikuljettamisen ja matkailuun. T\u00e4m\u00e4 aiheuttaa ep\u00e4varmuutta ja my\u00f6s alueellisesti vaihtelevat tulkinnat aiheuttavat harmaita hiuksia tapahtumanj\u00e4rjest\u00e4jille.<\/p>\n\n\n\n<p>Koronapandemia teki ongelman n\u00e4kyv\u00e4ksi koko yhteiskunnalle: kun tapahtuma-alaa ei tunnistettu elinkeinona, sen toiminta voitiin keskeytt\u00e4\u00e4 l\u00e4hes kokonaan. &nbsp;Lakialoitteen keskeinen tavoite on my\u00f6s erottaa ammattimainen tapahtumaj\u00e4rjest\u00e4minen harrastusluonteisesta toiminnasta ja luoda sille oma selke\u00e4 s\u00e4\u00e4ntely. (Tapahtumateollisuus 2026)<\/p>\n\n\n\n<p>Ala on ymm\u00e4rt\u00e4nyt, ett\u00e4 ilman yhteist\u00e4 \u00e4\u00e4nt\u00e4 ei synny vaikutusvaltaa. J\u00e4rjest\u00e4ytyminen mahdollistaa sen, ett\u00e4 tapahtuma-ala pystyy osallistumaan vaalikeskusteluun, hallitusohjelmaty\u00f6h\u00f6n ja viranomaisyhteisty\u00f6h\u00f6n johdonmukaisesti. Samalla tuoden alalle kaivatun yhteisen \u00e4\u00e4nen. (Kerman 2026)<\/p>\n\n\n\n<figure class=\"wp-block-image size-large\"><img loading=\"lazy\" decoding=\"async\" width=\"1024\" height=\"625\" src=\"https:\/\/blogit.lab.fi\/labfocus\/wp-content\/uploads\/sites\/8\/2026\/04\/199_2026_Tapahtuma-ala-jarjestaytyy-miksi-se-on-tarkeaa-myos-LABille-1024x625.jpg\" alt=\"[Alt-teksti: esiintyji\u00e4 esiintymislavalla musiikkitapahtumassa.]\" class=\"wp-image-27208\" srcset=\"https:\/\/blogit.lab.fi\/labfocus\/wp-content\/uploads\/sites\/8\/2026\/04\/199_2026_Tapahtuma-ala-jarjestaytyy-miksi-se-on-tarkeaa-myos-LABille-1024x625.jpg 1024w, https:\/\/blogit.lab.fi\/labfocus\/wp-content\/uploads\/sites\/8\/2026\/04\/199_2026_Tapahtuma-ala-jarjestaytyy-miksi-se-on-tarkeaa-myos-LABille-300x183.jpg 300w, https:\/\/blogit.lab.fi\/labfocus\/wp-content\/uploads\/sites\/8\/2026\/04\/199_2026_Tapahtuma-ala-jarjestaytyy-miksi-se-on-tarkeaa-myos-LABille-768x469.jpg 768w, https:\/\/blogit.lab.fi\/labfocus\/wp-content\/uploads\/sites\/8\/2026\/04\/199_2026_Tapahtuma-ala-jarjestaytyy-miksi-se-on-tarkeaa-myos-LABille-570x348.jpg 570w, https:\/\/blogit.lab.fi\/labfocus\/wp-content\/uploads\/sites\/8\/2026\/04\/199_2026_Tapahtuma-ala-jarjestaytyy-miksi-se-on-tarkeaa-myos-LABille.jpg 1280w\" sizes=\"auto, (max-width: 1024px) 100vw, 1024px\" \/><figcaption class=\"wp-element-caption\">Kuva 1. \u00a0Tapahtumat tuovat k\u00e4vij\u00f6illeen el\u00e4myksi\u00e4 ja irtioton arjesta. Haastavassa tilanteessa ala on lis\u00e4nnyt yhteisty\u00f6t\u00e4. (Kuva: Mika Nikula)<\/figcaption><\/figure>\n\n\n\n<h2 class=\"wp-block-heading\">Mit\u00e4 t\u00e4m\u00e4 tarkoittaa opetukselle ja oppimiselle LAB-ammattikorkeakoulussa?<\/h2>\n\n\n\n<p>LAB-ammattikorkeakoulussa tapahtuma-alaa ei tarkastella irrallisena ilmi\u00f6n\u00e4, vaan osana palveluliiketoimintaa, matkailua, kulttuuria ja aluekehityst\u00e4. Alan j\u00e4rjest\u00e4ytyminen tekee ty\u00f6el\u00e4m\u00e4st\u00e4 n\u00e4kyv\u00e4mp\u00e4\u00e4 \u2013 ja samalla opetuksesta entist\u00e4 relevantimpaa.<\/p>\n\n\n\n<p>Lakialoite tuo opetukseen konkreettisen ajankohtaisen sis\u00e4ll\u00f6n. Opintojaksoilla voidaan k\u00e4sitell\u00e4 ammattimaista tapahtumanj\u00e4rjest\u00e4misest\u00e4 juridisesti. Alueiden tulkintaerot ja niiden vaikutus opetukseen my\u00f6s poistuu. S\u00e4\u00e4ntely luo my\u00f6s selke\u00e4mm\u00e4n pohjan alan liiketoimintamallien opetukseen.<\/p>\n\n\n\n<h2 class=\"wp-block-heading\">Tapahtumatuotannon ammatti-identiteetti vahvistuu<\/h2>\n\n\n\n<p>Kun t\u00e4m\u00e4 tunnistamaton kolmen miljardin ala tunnistetaan elinkeinona, my\u00f6s ammattiroolit selkiytyv\u00e4t. T\u00e4m\u00e4 tukee opiskelijoiden ammatti-identiteetin rakentumista: tapahtumatuottaja, tekninen tuotantop\u00e4\u00e4llikk\u00f6 tai tapahtumaliiketoiminnan kehitt\u00e4j\u00e4 ei ole \u201cprojektiharrastaja\u201d, vaan asiantuntija omalla toimialallaan. (Tapahtumateollisuus 2025). Selke\u00e4mpi toimintaymp\u00e4rist\u00f6 tekee tapahtumista houkuttelevampia my\u00f6s tutkimus- ja kehityskumppaneina. LABin TKI-hankkeet voivat kytkeyty\u00e4 esimerkiksi lupaprosessien kehitt\u00e4miseen, tapahtumakent\u00e4n vastuullisuuteen tai aluetaloudellisiin vaikutuksiin.<\/p>\n\n\n\n<h2 class=\"wp-block-heading\">Aluekehitys ja tapahtumat oppimisen alustana<\/h2>\n\n\n\n<p>P\u00e4ij\u00e4t-H\u00e4meess\u00e4 ja Lahden seudulla tapahtumat ovat keskeinen vetovoimatekij\u00e4. Kun tapahtuma-ala on j\u00e4rjest\u00e4ytynyt, my\u00f6s kunnat ja alueelliset toimijat uskaltavat investoida pitk\u00e4j\u00e4nteisemmin. Samalla pystymme osaltamme tukemaan P\u00e4ij\u00e4t-H\u00e4meen matkailustrategia 2030-tavoitteita nostaa alueen matkailua tapahtumakent\u00e4n tukena. (Lahden seutu \u2013 Lahti Region Oy 2025.)<\/p>\n\n\n\n<h2 class=\"wp-block-heading\">J\u00e4rjest\u00e4ytyminen tukee LABin perusteht\u00e4v\u00e4\u00e4<\/h2>\n\n\n\n<p>LAB-ammattikorkeakoulun teht\u00e4v\u00e4 on kouluttaa osaajia, jotka ymm\u00e4rt\u00e4v\u00e4t toimintaymp\u00e4rist\u00f6ns\u00e4 \u2013 ja pystyv\u00e4t kehitt\u00e4m\u00e4\u00e4n sit\u00e4. Tapahtuma-alan j\u00e4rjest\u00e4ytyminen antaa t\u00e4h\u00e4n erinomaisen alustan: se yhdist\u00e4\u00e4 politiikan, liiketoiminnan, turvallisuuden, vastuullisuuden ja luovan talouden.<\/p>\n\n\n\n<p>Tapahtumat eiv\u00e4t ole vain sis\u00e4lt\u00f6\u00e4 \u2013 ne ovat oppimisymp\u00e4rist\u00f6j\u00e4, kokeilualustoja ja alueellisen elinvoiman rakentajia. Siksi tapahtuma-alan aseman vahvistuminen on my\u00f6s LABin etu.<\/p>\n\n\n\n<div class=\"wp-block-group has-background\" style=\"background-color:#b3edfb\"><div class=\"wp-block-group__inner-container is-layout-constrained wp-block-group-is-layout-constrained\">\n<p>Kirjoittaja<\/p>\n\n\n\n<p><strong>Mika Nikula <\/strong>ty\u00f6skentelee LAB-ammattikorkeakoulussa tapahtumaliiketoiminnan lehtorina. H\u00e4n on j\u00e4rjest\u00e4nyt yli 20 vuoden aikana tuhansia tapahtumia niin julkisella kuin yksityisell\u00e4kin sektorilla.<\/p>\n<\/div><\/div>\n\n\n\n<h2 class=\"wp-block-heading\">L\u00e4hteet<\/h2>\n\n\n\n<p>Kerman, S. 2026. Tapahtumateollisuus: Katse kohti vaaleja. Avecmedia. 31.3.2026. Viitattu 21.3.2026. Saatavissa <a href=\"https:\/\/avecmedia.fi\/ihmiset\/tapahtumateollisuus-katse-kohti-vaaleja\/\">https:\/\/avecmedia.fi\/ihmiset\/tapahtumateollisuus-katse-kohti-vaaleja\/<\/a><\/p>\n\n\n\n<p>Lahden seutu \u2013 Lahti Region Oy. 2025. P\u00e4ij\u00e4t-H\u00e4meen matkailustrategia 2030. Viitattu 21.3.2026. Saatavissa <a href=\"https:\/\/visitlahti.fi\/wp-content\/uploads\/2025\/11\/matkailustrategia.pdf\">https:\/\/visitlahti.fi\/wp-content\/uploads\/2025\/11\/matkailustrategia.pdf<\/a><\/p>\n\n\n\n<p>Tapahtumateollisuus. 2025.Tapahtuma-ala jatkoi viime vuonna voimakasta kasvua ja rikkoi liikevaihdossa kolmen miljardin euron rajan. Viitattu 21.3.2026. Saatavissa <a href=\"https:\/\/tapahtumateollisuus.fi\/tapahtuma-ala-jatkoi-viime-vuonna-voimakasta-kasvua-ja-rikkoi-liikevaihdossa-kolmen-miljardin-euron-rajan\/\">https:\/\/tapahtumateollisuus.fi\/tapahtuma-ala-jatkoi-viime-vuonna-voimakasta-kasvua-ja-rikkoi-liikevaihdossa-kolmen-miljardin-euron-rajan\/<\/a> <\/p>\n\n\n\n<p>Tapahtumateollisuus. 2026. Aloite laiksi ammattimaisesta tapahtumaj\u00e4rjest\u00e4misest\u00e4. Viitattu 3.4.2026. Saatavissa <a href=\"https:\/\/tapahtumateollisuus.fi\/content\/uploads\/2026\/03\/Aloite-laiksi-ammattimaisesta-tapahtumajarjestamisesta_Tapahtumateollisuus_260310.pdf\">https:\/\/tapahtumateollisuus.fi\/content\/uploads\/2026\/03\/Aloite-laiksi-ammattimaisesta-tapahtumajarjestamisesta_Tapahtumateollisuus_260310.pdf<\/a><\/p>\n","protected":false},"excerpt":{"rendered":"<p>Tapahtumat ovat keskeinen osa suomalaista elinvoimaa, kulttuuria ja aluetaloutta. Silti tapahtuma-alaa ei ole Suomessa viel\u00e4k\u00e4\u00e4n selke\u00e4sti tunnistettu omaksi elinkeinokseen. T\u00e4t\u00e4 ristiriitaa korjaamaan tapahtuma-ala on nyt j\u00e4rjest\u00e4ytynyt aiempaa vahvemmin. Tapahtumateollisuus ry luovutti maaliskuussa aloitteen laista ammattimaisesta tapahtumanj\u00e4rjest\u00e4misest\u00e4 ty\u00f6- ja elinkeinoministeri\u00f6lle. Aloite on merkitt\u00e4v\u00e4 askel kohti ennakoitavampaa ja oikeudenmukaisempaa toimintaymp\u00e4rist\u00f6\u00e4. Kyse ei ole pelk\u00e4st\u00e4\u00e4n lains\u00e4\u00e4d\u00e4nn\u00f6st\u00e4 \u2013 vaan [&hellip;]<\/p>\n","protected":false},"author":17,"featured_media":27208,"comment_status":"closed","ping_status":"open","sticky":false,"template":"","format":"standard","meta":{"footnotes":""},"categories":[19,407],"tags":[9904,12706,10533,109,8559,2136],"class_list":{"0":"post-27207","1":"post","2":"type-post","3":"status-publish","4":"format-standard","5":"has-post-thumbnail","7":"category-innovations_fi","8":"category-uudistuva-ja-kehittyva-yrittajyys","9":"tag-artikkeli-d1","10":"tag-jarjestaytyminen","11":"tag-lainsaadanto","12":"tag-opetus","13":"tag-tapahtuma-ala","14":"tag-tapahtumat","15":"czr-hentry"},"yoast_head":"<!-- This site is optimized with the Yoast SEO plugin v27.5 - https:\/\/yoast.com\/product\/yoast-seo-wordpress\/ -->\n<title>Tapahtuma-ala j\u00e4rjest\u00e4ytyy \u2013 miksi se on t\u00e4rke\u00e4\u00e4 my\u00f6s LABille? - LAB Focus<\/title>\n<meta name=\"robots\" content=\"index, follow, max-snippet:-1, max-image-preview:large, max-video-preview:-1\" \/>\n<link rel=\"canonical\" href=\"https:\/\/blogit.lab.fi\/labfocus\/tapahtuma-ala-jarjestaytyy-miksi-se-on-tarkeaa-myos-labille\/\" \/>\n<meta property=\"og:locale\" content=\"fi_FI\" \/>\n<meta property=\"og:type\" content=\"article\" \/>\n<meta property=\"og:title\" content=\"Tapahtuma-ala j\u00e4rjest\u00e4ytyy \u2013 miksi se on t\u00e4rke\u00e4\u00e4 my\u00f6s LABille? - LAB Focus\" \/>\n<meta property=\"og:description\" content=\"Tapahtumat ovat keskeinen osa suomalaista elinvoimaa, kulttuuria ja aluetaloutta. Silti tapahtuma-alaa ei ole Suomessa viel\u00e4k\u00e4\u00e4n selke\u00e4sti tunnistettu omaksi elinkeinokseen. T\u00e4t\u00e4 ristiriitaa korjaamaan tapahtuma-ala on nyt j\u00e4rjest\u00e4ytynyt aiempaa vahvemmin. Tapahtumateollisuus ry luovutti maaliskuussa aloitteen laista ammattimaisesta tapahtumanj\u00e4rjest\u00e4misest\u00e4 ty\u00f6- ja elinkeinoministeri\u00f6lle. Aloite on merkitt\u00e4v\u00e4 askel kohti ennakoitavampaa ja oikeudenmukaisempaa toimintaymp\u00e4rist\u00f6\u00e4. Kyse ei ole pelk\u00e4st\u00e4\u00e4n lains\u00e4\u00e4d\u00e4nn\u00f6st\u00e4 \u2013 vaan [&hellip;]\" \/>\n<meta property=\"og:url\" content=\"https:\/\/blogit.lab.fi\/labfocus\/tapahtuma-ala-jarjestaytyy-miksi-se-on-tarkeaa-myos-labille\/\" \/>\n<meta property=\"og:site_name\" content=\"LAB Focus\" \/>\n<meta property=\"article:published_time\" content=\"2026-04-28T05:07:53+00:00\" \/>\n<meta property=\"article:modified_time\" content=\"2026-04-28T05:07:54+00:00\" \/>\n<meta property=\"og:image\" content=\"https:\/\/blogit.lab.fi\/labfocus\/wp-content\/uploads\/sites\/8\/2026\/04\/199_2026_Tapahtuma-ala-jarjestaytyy-miksi-se-on-tarkeaa-myos-LABille.jpg\" \/>\n\t<meta property=\"og:image:width\" content=\"1280\" \/>\n\t<meta property=\"og:image:height\" content=\"781\" \/>\n\t<meta property=\"og:image:type\" content=\"image\/jpeg\" \/>\n<meta name=\"author\" content=\"tainask\" \/>\n<meta name=\"twitter:card\" content=\"summary_large_image\" \/>\n<meta name=\"twitter:creator\" content=\"@LABfinland\" \/>\n<meta name=\"twitter:site\" content=\"@LABfinland\" \/>\n<meta name=\"twitter:label1\" content=\"Kirjoittanut\" \/>\n\t<meta name=\"twitter:data1\" content=\"tainask\" \/>\n\t<meta name=\"twitter:label2\" content=\"Arvioitu lukuaika\" \/>\n\t<meta name=\"twitter:data2\" content=\"4 minuuttia\" \/>\n<script type=\"application\/ld+json\" class=\"yoast-schema-graph\">{\"@context\":\"https:\\\/\\\/schema.org\",\"@graph\":[{\"@type\":\"Article\",\"@id\":\"https:\\\/\\\/blogit.lab.fi\\\/labfocus\\\/tapahtuma-ala-jarjestaytyy-miksi-se-on-tarkeaa-myos-labille\\\/#article\",\"isPartOf\":{\"@id\":\"https:\\\/\\\/blogit.lab.fi\\\/labfocus\\\/tapahtuma-ala-jarjestaytyy-miksi-se-on-tarkeaa-myos-labille\\\/\"},\"author\":{\"name\":\"tainask\",\"@id\":\"https:\\\/\\\/blogit.lab.fi\\\/labfocus\\\/#\\\/schema\\\/person\\\/da729f65c4a2fb9fd8f0b1ec7a2ab7d0\"},\"headline\":\"Tapahtuma-ala j\u00e4rjest\u00e4ytyy \u2013 miksi se on t\u00e4rke\u00e4\u00e4 my\u00f6s LABille?\",\"datePublished\":\"2026-04-28T05:07:53+00:00\",\"dateModified\":\"2026-04-28T05:07:54+00:00\",\"mainEntityOfPage\":{\"@id\":\"https:\\\/\\\/blogit.lab.fi\\\/labfocus\\\/tapahtuma-ala-jarjestaytyy-miksi-se-on-tarkeaa-myos-labille\\\/\"},\"wordCount\":631,\"publisher\":{\"@id\":\"https:\\\/\\\/blogit.lab.fi\\\/labfocus\\\/#organization\"},\"image\":{\"@id\":\"https:\\\/\\\/blogit.lab.fi\\\/labfocus\\\/tapahtuma-ala-jarjestaytyy-miksi-se-on-tarkeaa-myos-labille\\\/#primaryimage\"},\"thumbnailUrl\":\"https:\\\/\\\/blogit.lab.fi\\\/labfocus\\\/wp-content\\\/uploads\\\/sites\\\/8\\\/2026\\\/04\\\/199_2026_Tapahtuma-ala-jarjestaytyy-miksi-se-on-tarkeaa-myos-LABille.jpg\",\"keywords\":[\"Artikkeli D1\",\"j\u00e4rjest\u00e4ytyminen\",\"lains\u00e4\u00e4d\u00e4nt\u00f6\",\"opetus\",\"tapahtuma-ala\",\"tapahtumat\"],\"articleSection\":[\"Innovations\",\"Uudistuva ja kehittyv\u00e4 yritt\u00e4jyys\"],\"inLanguage\":\"fi\"},{\"@type\":\"WebPage\",\"@id\":\"https:\\\/\\\/blogit.lab.fi\\\/labfocus\\\/tapahtuma-ala-jarjestaytyy-miksi-se-on-tarkeaa-myos-labille\\\/\",\"url\":\"https:\\\/\\\/blogit.lab.fi\\\/labfocus\\\/tapahtuma-ala-jarjestaytyy-miksi-se-on-tarkeaa-myos-labille\\\/\",\"name\":\"Tapahtuma-ala j\u00e4rjest\u00e4ytyy \u2013 miksi se on t\u00e4rke\u00e4\u00e4 my\u00f6s LABille? - LAB Focus\",\"isPartOf\":{\"@id\":\"https:\\\/\\\/blogit.lab.fi\\\/labfocus\\\/#website\"},\"primaryImageOfPage\":{\"@id\":\"https:\\\/\\\/blogit.lab.fi\\\/labfocus\\\/tapahtuma-ala-jarjestaytyy-miksi-se-on-tarkeaa-myos-labille\\\/#primaryimage\"},\"image\":{\"@id\":\"https:\\\/\\\/blogit.lab.fi\\\/labfocus\\\/tapahtuma-ala-jarjestaytyy-miksi-se-on-tarkeaa-myos-labille\\\/#primaryimage\"},\"thumbnailUrl\":\"https:\\\/\\\/blogit.lab.fi\\\/labfocus\\\/wp-content\\\/uploads\\\/sites\\\/8\\\/2026\\\/04\\\/199_2026_Tapahtuma-ala-jarjestaytyy-miksi-se-on-tarkeaa-myos-LABille.jpg\",\"datePublished\":\"2026-04-28T05:07:53+00:00\",\"dateModified\":\"2026-04-28T05:07:54+00:00\",\"breadcrumb\":{\"@id\":\"https:\\\/\\\/blogit.lab.fi\\\/labfocus\\\/tapahtuma-ala-jarjestaytyy-miksi-se-on-tarkeaa-myos-labille\\\/#breadcrumb\"},\"inLanguage\":\"fi\",\"potentialAction\":[{\"@type\":\"ReadAction\",\"target\":[\"https:\\\/\\\/blogit.lab.fi\\\/labfocus\\\/tapahtuma-ala-jarjestaytyy-miksi-se-on-tarkeaa-myos-labille\\\/\"]}]},{\"@type\":\"ImageObject\",\"inLanguage\":\"fi\",\"@id\":\"https:\\\/\\\/blogit.lab.fi\\\/labfocus\\\/tapahtuma-ala-jarjestaytyy-miksi-se-on-tarkeaa-myos-labille\\\/#primaryimage\",\"url\":\"https:\\\/\\\/blogit.lab.fi\\\/labfocus\\\/wp-content\\\/uploads\\\/sites\\\/8\\\/2026\\\/04\\\/199_2026_Tapahtuma-ala-jarjestaytyy-miksi-se-on-tarkeaa-myos-LABille.jpg\",\"contentUrl\":\"https:\\\/\\\/blogit.lab.fi\\\/labfocus\\\/wp-content\\\/uploads\\\/sites\\\/8\\\/2026\\\/04\\\/199_2026_Tapahtuma-ala-jarjestaytyy-miksi-se-on-tarkeaa-myos-LABille.jpg\",\"width\":1280,\"height\":781},{\"@type\":\"BreadcrumbList\",\"@id\":\"https:\\\/\\\/blogit.lab.fi\\\/labfocus\\\/tapahtuma-ala-jarjestaytyy-miksi-se-on-tarkeaa-myos-labille\\\/#breadcrumb\",\"itemListElement\":[{\"@type\":\"ListItem\",\"position\":1,\"name\":\"Home\",\"item\":\"https:\\\/\\\/blogit.lab.fi\\\/labfocus\\\/\"},{\"@type\":\"ListItem\",\"position\":2,\"name\":\"Tapahtuma-ala j\u00e4rjest\u00e4ytyy \u2013 miksi se on t\u00e4rke\u00e4\u00e4 my\u00f6s LABille?\"}]},{\"@type\":\"WebSite\",\"@id\":\"https:\\\/\\\/blogit.lab.fi\\\/labfocus\\\/#website\",\"url\":\"https:\\\/\\\/blogit.lab.fi\\\/labfocus\\\/\",\"name\":\"LAB Focus\",\"description\":\"Focus Area blog | LAB University of Applied Sciences\",\"publisher\":{\"@id\":\"https:\\\/\\\/blogit.lab.fi\\\/labfocus\\\/#organization\"},\"potentialAction\":[{\"@type\":\"SearchAction\",\"target\":{\"@type\":\"EntryPoint\",\"urlTemplate\":\"https:\\\/\\\/blogit.lab.fi\\\/labfocus\\\/?s={search_term_string}\"},\"query-input\":{\"@type\":\"PropertyValueSpecification\",\"valueRequired\":true,\"valueName\":\"search_term_string\"}}],\"inLanguage\":\"fi\"},{\"@type\":\"Organization\",\"@id\":\"https:\\\/\\\/blogit.lab.fi\\\/labfocus\\\/#organization\",\"name\":\"LAB Focus\",\"url\":\"https:\\\/\\\/blogit.lab.fi\\\/labfocus\\\/\",\"logo\":{\"@type\":\"ImageObject\",\"inLanguage\":\"fi\",\"@id\":\"https:\\\/\\\/blogit.lab.fi\\\/labfocus\\\/#\\\/schema\\\/logo\\\/image\\\/\",\"url\":\"https:\\\/\\\/blogit.lab.fi\\\/labfocus\\\/wp-content\\\/uploads\\\/sites\\\/8\\\/2020\\\/04\\\/cropped-cropped-tunnus_blogi-01.png\",\"contentUrl\":\"https:\\\/\\\/blogit.lab.fi\\\/labfocus\\\/wp-content\\\/uploads\\\/sites\\\/8\\\/2020\\\/04\\\/cropped-cropped-tunnus_blogi-01.png\",\"width\":1342,\"height\":288,\"caption\":\"LAB Focus\"},\"image\":{\"@id\":\"https:\\\/\\\/blogit.lab.fi\\\/labfocus\\\/#\\\/schema\\\/logo\\\/image\\\/\"},\"sameAs\":[\"https:\\\/\\\/x.com\\\/LABfinland\"]},{\"@type\":\"Person\",\"@id\":\"https:\\\/\\\/blogit.lab.fi\\\/labfocus\\\/#\\\/schema\\\/person\\\/da729f65c4a2fb9fd8f0b1ec7a2ab7d0\",\"name\":\"tainask\",\"image\":{\"@type\":\"ImageObject\",\"inLanguage\":\"fi\",\"@id\":\"https:\\\/\\\/secure.gravatar.com\\\/avatar\\\/4a96427877ef826b76e80c27f60b266128094f522551459346efcf14282febb3?s=96&d=mm&r=g\",\"url\":\"https:\\\/\\\/secure.gravatar.com\\\/avatar\\\/4a96427877ef826b76e80c27f60b266128094f522551459346efcf14282febb3?s=96&d=mm&r=g\",\"contentUrl\":\"https:\\\/\\\/secure.gravatar.com\\\/avatar\\\/4a96427877ef826b76e80c27f60b266128094f522551459346efcf14282febb3?s=96&d=mm&r=g\",\"caption\":\"tainask\"},\"url\":\"https:\\\/\\\/blogit.lab.fi\\\/labfocus\\\/author\\\/tainask\\\/\"}]}<\/script>\n<!-- \/ Yoast SEO plugin. -->","yoast_head_json":{"title":"Tapahtuma-ala j\u00e4rjest\u00e4ytyy \u2013 miksi se on t\u00e4rke\u00e4\u00e4 my\u00f6s LABille? - LAB Focus","robots":{"index":"index","follow":"follow","max-snippet":"max-snippet:-1","max-image-preview":"max-image-preview:large","max-video-preview":"max-video-preview:-1"},"canonical":"https:\/\/blogit.lab.fi\/labfocus\/tapahtuma-ala-jarjestaytyy-miksi-se-on-tarkeaa-myos-labille\/","og_locale":"fi_FI","og_type":"article","og_title":"Tapahtuma-ala j\u00e4rjest\u00e4ytyy \u2013 miksi se on t\u00e4rke\u00e4\u00e4 my\u00f6s LABille? - LAB Focus","og_description":"Tapahtumat ovat keskeinen osa suomalaista elinvoimaa, kulttuuria ja aluetaloutta. Silti tapahtuma-alaa ei ole Suomessa viel\u00e4k\u00e4\u00e4n selke\u00e4sti tunnistettu omaksi elinkeinokseen. T\u00e4t\u00e4 ristiriitaa korjaamaan tapahtuma-ala on nyt j\u00e4rjest\u00e4ytynyt aiempaa vahvemmin. Tapahtumateollisuus ry luovutti maaliskuussa aloitteen laista ammattimaisesta tapahtumanj\u00e4rjest\u00e4misest\u00e4 ty\u00f6- ja elinkeinoministeri\u00f6lle. Aloite on merkitt\u00e4v\u00e4 askel kohti ennakoitavampaa ja oikeudenmukaisempaa toimintaymp\u00e4rist\u00f6\u00e4. Kyse ei ole pelk\u00e4st\u00e4\u00e4n lains\u00e4\u00e4d\u00e4nn\u00f6st\u00e4 \u2013 vaan [&hellip;]","og_url":"https:\/\/blogit.lab.fi\/labfocus\/tapahtuma-ala-jarjestaytyy-miksi-se-on-tarkeaa-myos-labille\/","og_site_name":"LAB Focus","article_published_time":"2026-04-28T05:07:53+00:00","article_modified_time":"2026-04-28T05:07:54+00:00","og_image":[{"width":1280,"height":781,"url":"https:\/\/blogit.lab.fi\/labfocus\/wp-content\/uploads\/sites\/8\/2026\/04\/199_2026_Tapahtuma-ala-jarjestaytyy-miksi-se-on-tarkeaa-myos-LABille.jpg","type":"image\/jpeg"}],"author":"tainask","twitter_card":"summary_large_image","twitter_creator":"@LABfinland","twitter_site":"@LABfinland","twitter_misc":{"Kirjoittanut":"tainask","Arvioitu lukuaika":"4 minuuttia"},"schema":{"@context":"https:\/\/schema.org","@graph":[{"@type":"Article","@id":"https:\/\/blogit.lab.fi\/labfocus\/tapahtuma-ala-jarjestaytyy-miksi-se-on-tarkeaa-myos-labille\/#article","isPartOf":{"@id":"https:\/\/blogit.lab.fi\/labfocus\/tapahtuma-ala-jarjestaytyy-miksi-se-on-tarkeaa-myos-labille\/"},"author":{"name":"tainask","@id":"https:\/\/blogit.lab.fi\/labfocus\/#\/schema\/person\/da729f65c4a2fb9fd8f0b1ec7a2ab7d0"},"headline":"Tapahtuma-ala j\u00e4rjest\u00e4ytyy \u2013 miksi se on t\u00e4rke\u00e4\u00e4 my\u00f6s LABille?","datePublished":"2026-04-28T05:07:53+00:00","dateModified":"2026-04-28T05:07:54+00:00","mainEntityOfPage":{"@id":"https:\/\/blogit.lab.fi\/labfocus\/tapahtuma-ala-jarjestaytyy-miksi-se-on-tarkeaa-myos-labille\/"},"wordCount":631,"publisher":{"@id":"https:\/\/blogit.lab.fi\/labfocus\/#organization"},"image":{"@id":"https:\/\/blogit.lab.fi\/labfocus\/tapahtuma-ala-jarjestaytyy-miksi-se-on-tarkeaa-myos-labille\/#primaryimage"},"thumbnailUrl":"https:\/\/blogit.lab.fi\/labfocus\/wp-content\/uploads\/sites\/8\/2026\/04\/199_2026_Tapahtuma-ala-jarjestaytyy-miksi-se-on-tarkeaa-myos-LABille.jpg","keywords":["Artikkeli D1","j\u00e4rjest\u00e4ytyminen","lains\u00e4\u00e4d\u00e4nt\u00f6","opetus","tapahtuma-ala","tapahtumat"],"articleSection":["Innovations","Uudistuva ja kehittyv\u00e4 yritt\u00e4jyys"],"inLanguage":"fi"},{"@type":"WebPage","@id":"https:\/\/blogit.lab.fi\/labfocus\/tapahtuma-ala-jarjestaytyy-miksi-se-on-tarkeaa-myos-labille\/","url":"https:\/\/blogit.lab.fi\/labfocus\/tapahtuma-ala-jarjestaytyy-miksi-se-on-tarkeaa-myos-labille\/","name":"Tapahtuma-ala j\u00e4rjest\u00e4ytyy \u2013 miksi se on t\u00e4rke\u00e4\u00e4 my\u00f6s LABille? - LAB Focus","isPartOf":{"@id":"https:\/\/blogit.lab.fi\/labfocus\/#website"},"primaryImageOfPage":{"@id":"https:\/\/blogit.lab.fi\/labfocus\/tapahtuma-ala-jarjestaytyy-miksi-se-on-tarkeaa-myos-labille\/#primaryimage"},"image":{"@id":"https:\/\/blogit.lab.fi\/labfocus\/tapahtuma-ala-jarjestaytyy-miksi-se-on-tarkeaa-myos-labille\/#primaryimage"},"thumbnailUrl":"https:\/\/blogit.lab.fi\/labfocus\/wp-content\/uploads\/sites\/8\/2026\/04\/199_2026_Tapahtuma-ala-jarjestaytyy-miksi-se-on-tarkeaa-myos-LABille.jpg","datePublished":"2026-04-28T05:07:53+00:00","dateModified":"2026-04-28T05:07:54+00:00","breadcrumb":{"@id":"https:\/\/blogit.lab.fi\/labfocus\/tapahtuma-ala-jarjestaytyy-miksi-se-on-tarkeaa-myos-labille\/#breadcrumb"},"inLanguage":"fi","potentialAction":[{"@type":"ReadAction","target":["https:\/\/blogit.lab.fi\/labfocus\/tapahtuma-ala-jarjestaytyy-miksi-se-on-tarkeaa-myos-labille\/"]}]},{"@type":"ImageObject","inLanguage":"fi","@id":"https:\/\/blogit.lab.fi\/labfocus\/tapahtuma-ala-jarjestaytyy-miksi-se-on-tarkeaa-myos-labille\/#primaryimage","url":"https:\/\/blogit.lab.fi\/labfocus\/wp-content\/uploads\/sites\/8\/2026\/04\/199_2026_Tapahtuma-ala-jarjestaytyy-miksi-se-on-tarkeaa-myos-LABille.jpg","contentUrl":"https:\/\/blogit.lab.fi\/labfocus\/wp-content\/uploads\/sites\/8\/2026\/04\/199_2026_Tapahtuma-ala-jarjestaytyy-miksi-se-on-tarkeaa-myos-LABille.jpg","width":1280,"height":781},{"@type":"BreadcrumbList","@id":"https:\/\/blogit.lab.fi\/labfocus\/tapahtuma-ala-jarjestaytyy-miksi-se-on-tarkeaa-myos-labille\/#breadcrumb","itemListElement":[{"@type":"ListItem","position":1,"name":"Home","item":"https:\/\/blogit.lab.fi\/labfocus\/"},{"@type":"ListItem","position":2,"name":"Tapahtuma-ala j\u00e4rjest\u00e4ytyy \u2013 miksi se on t\u00e4rke\u00e4\u00e4 my\u00f6s LABille?"}]},{"@type":"WebSite","@id":"https:\/\/blogit.lab.fi\/labfocus\/#website","url":"https:\/\/blogit.lab.fi\/labfocus\/","name":"LAB Focus","description":"Focus Area blog | LAB University of Applied Sciences","publisher":{"@id":"https:\/\/blogit.lab.fi\/labfocus\/#organization"},"potentialAction":[{"@type":"SearchAction","target":{"@type":"EntryPoint","urlTemplate":"https:\/\/blogit.lab.fi\/labfocus\/?s={search_term_string}"},"query-input":{"@type":"PropertyValueSpecification","valueRequired":true,"valueName":"search_term_string"}}],"inLanguage":"fi"},{"@type":"Organization","@id":"https:\/\/blogit.lab.fi\/labfocus\/#organization","name":"LAB Focus","url":"https:\/\/blogit.lab.fi\/labfocus\/","logo":{"@type":"ImageObject","inLanguage":"fi","@id":"https:\/\/blogit.lab.fi\/labfocus\/#\/schema\/logo\/image\/","url":"https:\/\/blogit.lab.fi\/labfocus\/wp-content\/uploads\/sites\/8\/2020\/04\/cropped-cropped-tunnus_blogi-01.png","contentUrl":"https:\/\/blogit.lab.fi\/labfocus\/wp-content\/uploads\/sites\/8\/2020\/04\/cropped-cropped-tunnus_blogi-01.png","width":1342,"height":288,"caption":"LAB Focus"},"image":{"@id":"https:\/\/blogit.lab.fi\/labfocus\/#\/schema\/logo\/image\/"},"sameAs":["https:\/\/x.com\/LABfinland"]},{"@type":"Person","@id":"https:\/\/blogit.lab.fi\/labfocus\/#\/schema\/person\/da729f65c4a2fb9fd8f0b1ec7a2ab7d0","name":"tainask","image":{"@type":"ImageObject","inLanguage":"fi","@id":"https:\/\/secure.gravatar.com\/avatar\/4a96427877ef826b76e80c27f60b266128094f522551459346efcf14282febb3?s=96&d=mm&r=g","url":"https:\/\/secure.gravatar.com\/avatar\/4a96427877ef826b76e80c27f60b266128094f522551459346efcf14282febb3?s=96&d=mm&r=g","contentUrl":"https:\/\/secure.gravatar.com\/avatar\/4a96427877ef826b76e80c27f60b266128094f522551459346efcf14282febb3?s=96&d=mm&r=g","caption":"tainask"},"url":"https:\/\/blogit.lab.fi\/labfocus\/author\/tainask\/"}]}},"_links":{"self":[{"href":"https:\/\/blogit.lab.fi\/labfocus\/wp-json\/wp\/v2\/posts\/27207","targetHints":{"allow":["GET"]}}],"collection":[{"href":"https:\/\/blogit.lab.fi\/labfocus\/wp-json\/wp\/v2\/posts"}],"about":[{"href":"https:\/\/blogit.lab.fi\/labfocus\/wp-json\/wp\/v2\/types\/post"}],"author":[{"embeddable":true,"href":"https:\/\/blogit.lab.fi\/labfocus\/wp-json\/wp\/v2\/users\/17"}],"replies":[{"embeddable":true,"href":"https:\/\/blogit.lab.fi\/labfocus\/wp-json\/wp\/v2\/comments?post=27207"}],"version-history":[{"count":3,"href":"https:\/\/blogit.lab.fi\/labfocus\/wp-json\/wp\/v2\/posts\/27207\/revisions"}],"predecessor-version":[{"id":27211,"href":"https:\/\/blogit.lab.fi\/labfocus\/wp-json\/wp\/v2\/posts\/27207\/revisions\/27211"}],"wp:featuredmedia":[{"embeddable":true,"href":"https:\/\/blogit.lab.fi\/labfocus\/wp-json\/wp\/v2\/media\/27208"}],"wp:attachment":[{"href":"https:\/\/blogit.lab.fi\/labfocus\/wp-json\/wp\/v2\/media?parent=27207"}],"wp:term":[{"taxonomy":"category","embeddable":true,"href":"https:\/\/blogit.lab.fi\/labfocus\/wp-json\/wp\/v2\/categories?post=27207"},{"taxonomy":"post_tag","embeddable":true,"href":"https:\/\/blogit.lab.fi\/labfocus\/wp-json\/wp\/v2\/tags?post=27207"}],"curies":[{"name":"wp","href":"https:\/\/api.w.org\/{rel}","templated":true}]}}