{"id":27217,"date":"2026-04-30T08:47:25","date_gmt":"2026-04-30T05:47:25","guid":{"rendered":"https:\/\/blogit.lab.fi\/labfocus\/?p=27217"},"modified":"2026-04-30T08:47:27","modified_gmt":"2026-04-30T05:47:27","slug":"enta-jos-tapahtumat-nahtaisiinkin-mahdollisuutena","status":"publish","type":"post","link":"https:\/\/blogit.lab.fi\/labfocus\/enta-jos-tapahtumat-nahtaisiinkin-mahdollisuutena\/","title":{"rendered":"Ent\u00e4 jos tapahtumat n\u00e4ht\u00e4isiinkin mahdollisuutena?"},"content":{"rendered":"\n<p>Etel\u00e4-Karjalan tapahtumaklusteri -hanke j\u00e4rjesti helmikuussa 2026 opintomatkan Ouluun. Vaikuttavan ja inspiroivan matkan tunnelmia voi k\u00e4yd\u00e4 lukemassa K\u00e4\u00e4ri\u00e4isen artikkelista (2026), jossa pohditaan oppien lis\u00e4ksi panostamista kulttuuriin.\u00a0 Yhten\u00e4 osana matkaa osallistuimme my\u00f6s Tapahtumateollisuus ry:n j\u00e4rjest\u00e4m\u00e4\u00e4n vuosittaiseen Tapahtumateollisuus NYT! -seminaariin.<\/p>\n\n\n\n<p>Yksi esitys j\u00e4i seminaarista erityisesti mieleen. Ruka-Kuusamon Matkailun Niina Kukan ja Kuusisto &amp; Partnersin Kati Kuusiston esityksess\u00e4 (2026) keskusteltiin tapahtumien j\u00e4rjest\u00e4misest\u00e4 p\u00e4\u00e4sesongin ulkopuolella. Ruka on edell\u00e4k\u00e4vij\u00e4 tapahtumien hy\u00f6dynt\u00e4misess\u00e4 matkailuun ja hiljaisen sesongin el\u00e4v\u00f6itt\u00e4misess\u00e4. Kest\u00e4v\u00e4n matkailun yhten\u00e4 tavoitteena onkin tasoittaa sesonkien v\u00e4list\u00e4 eroa (Kyyr\u00e4 2025). Tapahtumilla on kuitenkin haasteita osallistaa paikallisia yrityksi\u00e4, sill\u00e4 esimerkiksi NUTS Karhunkierros -tapahtuman aikaan useat yritykset ovat kiinni ja ty\u00f6ntekij\u00e4t talvikauden j\u00e4lkeen ansaitulla lomalla.<\/p>\n\n\n\n<figure class=\"wp-block-image size-large\"><img loading=\"lazy\" decoding=\"async\" width=\"1024\" height=\"527\" src=\"https:\/\/blogit.lab.fi\/labfocus\/wp-content\/uploads\/sites\/8\/2026\/04\/203_2026_Enta-jos-tapahtumat-nahtaisiinkin-mahdollisuutena_1-1024x527.jpg\" alt=\"[Alt-teksti: kaksi henkil\u00f6\u00e4 pit\u00e4m\u00e4ss\u00e4 esityst\u00e4 yleis\u00f6n edess\u00e4 istuen tuoleilla ja mikrofonit k\u00e4siss\u00e4.]\" class=\"wp-image-27218\" srcset=\"https:\/\/blogit.lab.fi\/labfocus\/wp-content\/uploads\/sites\/8\/2026\/04\/203_2026_Enta-jos-tapahtumat-nahtaisiinkin-mahdollisuutena_1-1024x527.jpg 1024w, https:\/\/blogit.lab.fi\/labfocus\/wp-content\/uploads\/sites\/8\/2026\/04\/203_2026_Enta-jos-tapahtumat-nahtaisiinkin-mahdollisuutena_1-300x154.jpg 300w, https:\/\/blogit.lab.fi\/labfocus\/wp-content\/uploads\/sites\/8\/2026\/04\/203_2026_Enta-jos-tapahtumat-nahtaisiinkin-mahdollisuutena_1-768x395.jpg 768w, https:\/\/blogit.lab.fi\/labfocus\/wp-content\/uploads\/sites\/8\/2026\/04\/203_2026_Enta-jos-tapahtumat-nahtaisiinkin-mahdollisuutena_1-570x293.jpg 570w, https:\/\/blogit.lab.fi\/labfocus\/wp-content\/uploads\/sites\/8\/2026\/04\/203_2026_Enta-jos-tapahtumat-nahtaisiinkin-mahdollisuutena_1.jpg 1280w\" sizes=\"auto, (max-width: 1024px) 100vw, 1024px\" \/><figcaption class=\"wp-element-caption\">Kuva 1. Niina Kukka Ruka-Kuusamon Matkailu ry:st\u00e4 sek\u00e4 Kati Kuusisto Kuusisto &amp; Partnersista pit\u00e4m\u00e4ss\u00e4 esityst\u00e4. (Kuva: Maria Murto)<\/figcaption><\/figure>\n\n\n\n<p>Samankaltainen haaste on my\u00f6s Etel\u00e4-Karjalassa. Esimerkiksi Saimaa Cycle Tour -tapahtumaj\u00e4rjest\u00e4j\u00e4n mukaan tapahtuman aikaan voi olla vaikeaa l\u00f6yt\u00e4\u00e4 illalla viel\u00e4 avoinna olevaa ravintolaa ja, josta saisi urheilusuoritusta tukevaa ruokaa. On ymm\u00e4rrett\u00e4v\u00e4\u00e4, ett\u00e4 aukiolo totutun ulkopuolella voi olla riski. Mit\u00e4 jos myynti\u00e4 ei tule riitt\u00e4v\u00e4sti tai mit\u00e4 jos varastoon j\u00e4\u00e4 sitten tavaraa, joka ei s\u00e4ily ja menee roskiin? Etel\u00e4-Karjalassa sesonki on kes\u00e4ll\u00e4, ja varautuminen poikkeustapauksiin voidaan suunnitella hyviss\u00e4 ajoin ennakkoon. Mahdollinen ruokah\u00e4vikki on helpompi minimoida verrattuna taas kohteisiin, jossa p\u00e4\u00e4sesonki on talvella ja tapahtuma olisi kes\u00e4ll\u00e4. Silloin varastoon ei kannata j\u00e4tt\u00e4\u00e4 raaka-aineita odottamaan seuraavaa talvea.<\/p>\n\n\n\n<h2 class=\"wp-block-heading\">Kohti kulttuuri-ilmastonmuutosta<\/h2>\n\n\n\n<p>Yhdess\u00e4 seminaarin paneelikeskustelussa sek\u00e4 opintomatkan aikana useammassa vierailukohteessa puhuttiin kulttuuri-ilmastonmuutoksesta. Se tarkoittaa halua yhdist\u00e4\u00e4 ihmisi\u00e4. Kulttuuri-ilmastonmuutoksessa tuodaan yhteen taidetta, teknologiaa, luontoa ja kulttuuria. Tavoitteena on tuoda iloa, ruokkia luovuutta, mutta my\u00f6s laajentaa tapoja ajatella ja ymm\u00e4rt\u00e4\u00e4. Oli todella vaikuttavaa, miten sama tarina ja viesti toistuivat joka paikassa! Lis\u00e4ksi sanat n\u00e4kyv\u00e4t tekoina, sill\u00e4 kulttuurip\u00e4\u00e4kaupunkivuoden ohjelmassa on useita tapahtumia, joissa yhdistyy eri aloja ja erilaista osaamista. (Oulu 2026).<\/p>\n\n\n\n<figure class=\"wp-block-image size-large\"><img loading=\"lazy\" decoding=\"async\" width=\"1024\" height=\"665\" src=\"https:\/\/blogit.lab.fi\/labfocus\/wp-content\/uploads\/sites\/8\/2026\/04\/203_2026_Enta-jos-tapahtumat-nahtaisiinkin-mahdollisuutena_2-1024x665.jpg\" alt=\"[Alt-teksti: talvinen katumaisema, jossa valaistut rakennukset ja valopylv\u00e4\u00e4t valaisevat pimeytt\u00e4.]\" class=\"wp-image-27219\" srcset=\"https:\/\/blogit.lab.fi\/labfocus\/wp-content\/uploads\/sites\/8\/2026\/04\/203_2026_Enta-jos-tapahtumat-nahtaisiinkin-mahdollisuutena_2-1024x665.jpg 1024w, https:\/\/blogit.lab.fi\/labfocus\/wp-content\/uploads\/sites\/8\/2026\/04\/203_2026_Enta-jos-tapahtumat-nahtaisiinkin-mahdollisuutena_2-300x195.jpg 300w, https:\/\/blogit.lab.fi\/labfocus\/wp-content\/uploads\/sites\/8\/2026\/04\/203_2026_Enta-jos-tapahtumat-nahtaisiinkin-mahdollisuutena_2-768x499.jpg 768w, https:\/\/blogit.lab.fi\/labfocus\/wp-content\/uploads\/sites\/8\/2026\/04\/203_2026_Enta-jos-tapahtumat-nahtaisiinkin-mahdollisuutena_2-570x370.jpg 570w, https:\/\/blogit.lab.fi\/labfocus\/wp-content\/uploads\/sites\/8\/2026\/04\/203_2026_Enta-jos-tapahtumat-nahtaisiinkin-mahdollisuutena_2.jpg 1280w\" sizes=\"auto, (max-width: 1024px) 100vw, 1024px\" \/><figcaption class=\"wp-element-caption\">Kuva 2. N\u00e4kym\u00e4 kulttuurip\u00e4\u00e4kaupunki Oulusta helmikuussa 2026. (Kuva: Maria Murto)<\/figcaption><\/figure>\n\n\n\n<p>Kenties t\u00e4\u00e4ll\u00e4kin olisi tarvetta kulttuuri-ilmastonmuutokselle. Lis\u00e4\u00e4 rohkeutta kokeilla ja tehd\u00e4 yhdess\u00e4. Tapahtumien yhteyteen voi kehitt\u00e4\u00e4 helposti erilaista ohjeisohjelmaa tai kehitell\u00e4 tapahtuman ajaksi teemaan sopivaa juomaa tai annosta. Yhteisty\u00f6n my\u00f6t\u00e4 oma yritys voi my\u00f6s saada eri tavalla n\u00e4kyvyytt\u00e4 ja lis\u00e4asiakkaita. Riippuen tapahtumasta k\u00e4vij\u00e4t usein kuluttavat my\u00f6s muita palveluita, kuten kuljetuspalveluita, kauppoja ja kahviloita. Vain luovuus on rajana; esimerkiksi Ilosaarirockissa voi k\u00e4yd\u00e4 t\u00e4n\u00e4kin kes\u00e4n\u00e4 kuuntelemassa It\u00e4-Suomen yliopiston tutkijoiden tietoiskuja (Ilosaarirock 2026). Saimaa Cycle Tourissa on taas tarjolla hierontapalveluita py\u00f6r\u00e4ilij\u00f6ille (Saimaa Cycle Tour 2026).<\/p>\n\n\n\n<p>Lopulta kyse on uskalluksesta n\u00e4hd\u00e4 tapahtumat mahdollisuuksina eik\u00e4 vain poikkeuksina arjessa. Kun eri toimijat tunnistavat yhteisen intressin ja uskaltavat kohdata toisensa matalalla kynnyksell\u00e4, syntyy uutta liiketoimintaa, el\u00e4myksi\u00e4 ja alueellista vetovoimaa kaikille osapuolille. Pienikin kokeilu voi avata oven pidempiaikaiselle yhteisty\u00f6lle, jossa opitaan yhdess\u00e4 ja jaetaan riskej\u00e4. Ehk\u00e4 kulttuuri\u2011ilmastonmuutos alkaakin juuri t\u00e4st\u00e4: siit\u00e4, ett\u00e4 joku pit\u00e4\u00e4 ovensa auki hieman pidemp\u00e4\u00e4n, toinen tarjoaa osaamistaan tapahtumak\u00e4vij\u00f6ille ja kolmas uskaltaa ehdottaa jotakin ennenn\u00e4kem\u00e4t\u00f6nt\u00e4. N\u00e4in tapahtumat eiv\u00e4t ole vain irrallisia hetki\u00e4 kalenterissa, vaan osa laajempaa, el\u00e4v\u00e4\u00e4 ekosysteemi\u00e4, joka hy\u00f6dytt\u00e4\u00e4 koko aluetta.<\/p>\n\n\n\n<div class=\"wp-block-group has-background\" style=\"background-color:#b3edfb\"><div class=\"wp-block-group__inner-container is-layout-constrained wp-block-group-is-layout-constrained\">\n<p>Kirjoittaja<br><strong>Maria Murto<\/strong> toimii LAB-ammattikorkeakoulussa liiketoimintayksik\u00f6ss\u00e4 TKI-asiantuntijana, ja h\u00e4n ty\u00f6skentelee projektip\u00e4\u00e4llikk\u00f6n\u00e4 Etel\u00e4-Karjalan tapahtumaklusteri -hankkeessa (LAB 2026).<\/p>\n<\/div><\/div>\n\n\n<div class=\"wp-block-image\">\n<figure class=\"aligncenter size-full is-resized\"><img loading=\"lazy\" decoding=\"async\" width=\"1000\" height=\"210\" src=\"https:\/\/blogit.lab.fi\/labfocus\/wp-content\/uploads\/sites\/8\/2026\/04\/Euroopan-unionin-osarahoittama-vaaka-keltatahdet_fi-2.jpg\" alt=\"\" class=\"wp-image-27220\" style=\"aspect-ratio:4.7619961612284065;width:335px;height:auto\" srcset=\"https:\/\/blogit.lab.fi\/labfocus\/wp-content\/uploads\/sites\/8\/2026\/04\/Euroopan-unionin-osarahoittama-vaaka-keltatahdet_fi-2.jpg 1000w, https:\/\/blogit.lab.fi\/labfocus\/wp-content\/uploads\/sites\/8\/2026\/04\/Euroopan-unionin-osarahoittama-vaaka-keltatahdet_fi-2-300x63.jpg 300w, https:\/\/blogit.lab.fi\/labfocus\/wp-content\/uploads\/sites\/8\/2026\/04\/Euroopan-unionin-osarahoittama-vaaka-keltatahdet_fi-2-768x161.jpg 768w, https:\/\/blogit.lab.fi\/labfocus\/wp-content\/uploads\/sites\/8\/2026\/04\/Euroopan-unionin-osarahoittama-vaaka-keltatahdet_fi-2-570x120.jpg 570w\" sizes=\"auto, (max-width: 1000px) 100vw, 1000px\" \/><\/figure>\n<\/div>\n\n<div class=\"wp-block-image\">\n<figure class=\"aligncenter size-large is-resized\"><img loading=\"lazy\" decoding=\"async\" width=\"1024\" height=\"361\" src=\"https:\/\/blogit.lab.fi\/labfocus\/wp-content\/uploads\/sites\/8\/2026\/04\/etela-karjalan-liitto-2-1024x361.jpg\" alt=\"\" class=\"wp-image-27221\" style=\"aspect-ratio:2.8366442761183364;width:297px;height:auto\" srcset=\"https:\/\/blogit.lab.fi\/labfocus\/wp-content\/uploads\/sites\/8\/2026\/04\/etela-karjalan-liitto-2-1024x361.jpg 1024w, https:\/\/blogit.lab.fi\/labfocus\/wp-content\/uploads\/sites\/8\/2026\/04\/etela-karjalan-liitto-2-300x106.jpg 300w, https:\/\/blogit.lab.fi\/labfocus\/wp-content\/uploads\/sites\/8\/2026\/04\/etela-karjalan-liitto-2-768x270.jpg 768w, https:\/\/blogit.lab.fi\/labfocus\/wp-content\/uploads\/sites\/8\/2026\/04\/etela-karjalan-liitto-2-570x201.jpg 570w, https:\/\/blogit.lab.fi\/labfocus\/wp-content\/uploads\/sites\/8\/2026\/04\/etela-karjalan-liitto-2.jpg 1082w\" sizes=\"auto, (max-width: 1024px) 100vw, 1024px\" \/><\/figure>\n<\/div>\n\n\n<h2 class=\"wp-block-heading\">L\u00e4hteet<\/h2>\n\n\n\n<p>Ilosaarirock. 2026. Tiedehetket. Viitattu 27.4.2026. Saatavissa <a href=\"https:\/\/ilosaarirock.fi\/ohjelma\/tiedehetket\/\">https:\/\/ilosaarirock.fi\/ohjelma\/tiedehetket\/<\/a><\/p>\n\n\n\n<p>Kukka, N. &amp; Kuusisto, K. 2026. Puheenvuoro Tapahtumateollisuus NYT -toimialaseminaarissa. 4.2.2026.<\/p>\n\n\n\n<p>Kyyr\u00e4, S. 2025. Yhdess\u00e4 enemm\u00e4n \u2013 kest\u00e4v\u00e4\u00e4 kasvua ja uudistumista Suomen matkailuun: Suomen matkailustrategia ja toimenpiteet 2025\u20132028. Ty\u00f6- ja elinkeinoministeri\u00f6n julkaisuja 2025:29. Helsinki: Valtioneuvosto. Viitattu 27.4.2026. Saatavissa <a href=\"https:\/\/julkaisut.valtioneuvosto.fi\/server\/api\/core\/bitstreams\/de461dc7-2798-4623-bf80-657de028357b\/content\">https:\/\/julkaisut.valtioneuvosto.fi\/server\/api\/core\/bitstreams\/de461dc7-2798-4623-bf80-657de028357b\/content<\/a><\/p>\n\n\n\n<p>K\u00e4\u00e4ri\u00e4inen, J. 2026. Oulu \u2013 toimijal\u00e4ht\u00f6inen kulttuurip\u00e4\u00e4kaupunki. LAB Pro. Viitattu 27.4.2026. Saatavissa <a href=\"https:\/\/www.labopen.fi\/lab-pro\/oulu-toimijalahtoinen-kulttuuripaakaupunki\/\">https:\/\/www.labopen.fi\/lab-pro\/oulu-toimijalahtoinen-kulttuuripaakaupunki\/<\/a><\/p>\n\n\n\n<p>LAB. 2026. Etel\u00e4-Karjalan tapahtumaklusteri. Hanke. LAB-ammattikorkeakoulu. Viitattu 27.4.2026. Saatavissa <a href=\"https:\/\/lab.fi\/fi\/projekti\/etela-karjalan-tapahtumaklusteri\">https:\/\/lab.fi\/fi\/projekti\/etela-karjalan-tapahtumaklusteri<\/a><\/p>\n\n\n\n<p>Oulu 2026. Materiaalit. Viitattu 27.4.2026. Saatavissa <a href=\"https:\/\/oulu2026.eu\/tietoa-meista\/materiaalit\/\">https:\/\/oulu2026.eu\/tietoa-meista\/materiaalit\/<\/a> <\/p>\n\n\n\n<p>Saimaa Cycle Tour. 2026. Ilmoittautuminen. Viitattu 27.4.2026. Saatavissa <a href=\"https:\/\/saimaacycletour.com\/products\/saimaa-cycle-tour-300-km-2026\">https:\/\/saimaacycletour.com\/products\/saimaa-cycle-tour-300-km-2026<\/a><\/p>\n","protected":false},"excerpt":{"rendered":"<p>Etel\u00e4-Karjalan tapahtumaklusteri -hanke j\u00e4rjesti helmikuussa 2026 opintomatkan Ouluun. Vaikuttavan ja inspiroivan matkan tunnelmia voi k\u00e4yd\u00e4 lukemassa K\u00e4\u00e4ri\u00e4isen artikkelista (2026), jossa pohditaan oppien lis\u00e4ksi panostamista kulttuuriin.\u00a0 Yhten\u00e4 osana matkaa osallistuimme my\u00f6s Tapahtumateollisuus ry:n j\u00e4rjest\u00e4m\u00e4\u00e4n vuosittaiseen Tapahtumateollisuus NYT! -seminaariin. Yksi esitys j\u00e4i seminaarista erityisesti mieleen. Ruka-Kuusamon Matkailun Niina Kukan ja Kuusisto &amp; Partnersin Kati Kuusiston esityksess\u00e4 (2026) [&hellip;]<\/p>\n","protected":false},"author":17,"featured_media":27219,"comment_status":"closed","ping_status":"open","sticky":false,"template":"","format":"standard","meta":{"footnotes":""},"categories":[19,407],"tags":[9904,8984,12708,3861,5297,2136],"class_list":{"0":"post-27217","1":"post","2":"type-post","3":"status-publish","4":"format-standard","5":"has-post-thumbnail","7":"category-innovations_fi","8":"category-uudistuva-ja-kehittyva-yrittajyys","9":"tag-artikkeli-d1","10":"tag-etela-karjalan-tapahtumaklusteri","11":"tag-kulttuuri-ilmastonmuutos","12":"tag-matkailu-fi","13":"tag-palvelu","14":"tag-tapahtumat","15":"czr-hentry"},"yoast_head":"<!-- This site is optimized with the Yoast SEO plugin v27.5 - https:\/\/yoast.com\/product\/yoast-seo-wordpress\/ -->\n<title>Ent\u00e4 jos tapahtumat n\u00e4ht\u00e4isiinkin mahdollisuutena? - LAB Focus<\/title>\n<meta name=\"robots\" content=\"index, follow, max-snippet:-1, max-image-preview:large, max-video-preview:-1\" \/>\n<link rel=\"canonical\" href=\"https:\/\/blogit.lab.fi\/labfocus\/enta-jos-tapahtumat-nahtaisiinkin-mahdollisuutena\/\" \/>\n<meta property=\"og:locale\" content=\"fi_FI\" \/>\n<meta property=\"og:type\" content=\"article\" \/>\n<meta property=\"og:title\" content=\"Ent\u00e4 jos tapahtumat n\u00e4ht\u00e4isiinkin mahdollisuutena? - LAB Focus\" \/>\n<meta property=\"og:description\" content=\"Etel\u00e4-Karjalan tapahtumaklusteri -hanke j\u00e4rjesti helmikuussa 2026 opintomatkan Ouluun. Vaikuttavan ja inspiroivan matkan tunnelmia voi k\u00e4yd\u00e4 lukemassa K\u00e4\u00e4ri\u00e4isen artikkelista (2026), jossa pohditaan oppien lis\u00e4ksi panostamista kulttuuriin.\u00a0 Yhten\u00e4 osana matkaa osallistuimme my\u00f6s Tapahtumateollisuus ry:n j\u00e4rjest\u00e4m\u00e4\u00e4n vuosittaiseen Tapahtumateollisuus NYT! -seminaariin. Yksi esitys j\u00e4i seminaarista erityisesti mieleen. Ruka-Kuusamon Matkailun Niina Kukan ja Kuusisto &amp; Partnersin Kati Kuusiston esityksess\u00e4 (2026) [&hellip;]\" \/>\n<meta property=\"og:url\" content=\"https:\/\/blogit.lab.fi\/labfocus\/enta-jos-tapahtumat-nahtaisiinkin-mahdollisuutena\/\" \/>\n<meta property=\"og:site_name\" content=\"LAB Focus\" \/>\n<meta property=\"article:published_time\" content=\"2026-04-30T05:47:25+00:00\" \/>\n<meta property=\"article:modified_time\" content=\"2026-04-30T05:47:27+00:00\" \/>\n<meta property=\"og:image\" content=\"https:\/\/blogit.lab.fi\/labfocus\/wp-content\/uploads\/sites\/8\/2026\/04\/203_2026_Enta-jos-tapahtumat-nahtaisiinkin-mahdollisuutena_2.jpg\" \/>\n\t<meta property=\"og:image:width\" content=\"1280\" \/>\n\t<meta property=\"og:image:height\" content=\"831\" \/>\n\t<meta property=\"og:image:type\" content=\"image\/jpeg\" \/>\n<meta name=\"author\" content=\"tainask\" \/>\n<meta name=\"twitter:card\" content=\"summary_large_image\" \/>\n<meta name=\"twitter:creator\" content=\"@LABfinland\" \/>\n<meta name=\"twitter:site\" content=\"@LABfinland\" \/>\n<meta name=\"twitter:label1\" content=\"Kirjoittanut\" \/>\n\t<meta name=\"twitter:data1\" content=\"tainask\" \/>\n\t<meta name=\"twitter:label2\" content=\"Arvioitu lukuaika\" \/>\n\t<meta name=\"twitter:data2\" content=\"5 minuuttia\" \/>\n<script type=\"application\/ld+json\" class=\"yoast-schema-graph\">{\"@context\":\"https:\\\/\\\/schema.org\",\"@graph\":[{\"@type\":\"Article\",\"@id\":\"https:\\\/\\\/blogit.lab.fi\\\/labfocus\\\/enta-jos-tapahtumat-nahtaisiinkin-mahdollisuutena\\\/#article\",\"isPartOf\":{\"@id\":\"https:\\\/\\\/blogit.lab.fi\\\/labfocus\\\/enta-jos-tapahtumat-nahtaisiinkin-mahdollisuutena\\\/\"},\"author\":{\"name\":\"tainask\",\"@id\":\"https:\\\/\\\/blogit.lab.fi\\\/labfocus\\\/#\\\/schema\\\/person\\\/da729f65c4a2fb9fd8f0b1ec7a2ab7d0\"},\"headline\":\"Ent\u00e4 jos tapahtumat n\u00e4ht\u00e4isiinkin mahdollisuutena?\",\"datePublished\":\"2026-04-30T05:47:25+00:00\",\"dateModified\":\"2026-04-30T05:47:27+00:00\",\"mainEntityOfPage\":{\"@id\":\"https:\\\/\\\/blogit.lab.fi\\\/labfocus\\\/enta-jos-tapahtumat-nahtaisiinkin-mahdollisuutena\\\/\"},\"wordCount\":684,\"publisher\":{\"@id\":\"https:\\\/\\\/blogit.lab.fi\\\/labfocus\\\/#organization\"},\"image\":{\"@id\":\"https:\\\/\\\/blogit.lab.fi\\\/labfocus\\\/enta-jos-tapahtumat-nahtaisiinkin-mahdollisuutena\\\/#primaryimage\"},\"thumbnailUrl\":\"https:\\\/\\\/blogit.lab.fi\\\/labfocus\\\/wp-content\\\/uploads\\\/sites\\\/8\\\/2026\\\/04\\\/203_2026_Enta-jos-tapahtumat-nahtaisiinkin-mahdollisuutena_2.jpg\",\"keywords\":[\"Artikkeli D1\",\"Etel\u00e4-Karjalan tapahtumaklusteri\",\"kulttuuri-ilmastonmuutos\",\"matkailu\",\"palvelu\",\"tapahtumat\"],\"articleSection\":[\"Innovations\",\"Uudistuva ja kehittyv\u00e4 yritt\u00e4jyys\"],\"inLanguage\":\"fi\"},{\"@type\":\"WebPage\",\"@id\":\"https:\\\/\\\/blogit.lab.fi\\\/labfocus\\\/enta-jos-tapahtumat-nahtaisiinkin-mahdollisuutena\\\/\",\"url\":\"https:\\\/\\\/blogit.lab.fi\\\/labfocus\\\/enta-jos-tapahtumat-nahtaisiinkin-mahdollisuutena\\\/\",\"name\":\"Ent\u00e4 jos tapahtumat n\u00e4ht\u00e4isiinkin mahdollisuutena? - LAB Focus\",\"isPartOf\":{\"@id\":\"https:\\\/\\\/blogit.lab.fi\\\/labfocus\\\/#website\"},\"primaryImageOfPage\":{\"@id\":\"https:\\\/\\\/blogit.lab.fi\\\/labfocus\\\/enta-jos-tapahtumat-nahtaisiinkin-mahdollisuutena\\\/#primaryimage\"},\"image\":{\"@id\":\"https:\\\/\\\/blogit.lab.fi\\\/labfocus\\\/enta-jos-tapahtumat-nahtaisiinkin-mahdollisuutena\\\/#primaryimage\"},\"thumbnailUrl\":\"https:\\\/\\\/blogit.lab.fi\\\/labfocus\\\/wp-content\\\/uploads\\\/sites\\\/8\\\/2026\\\/04\\\/203_2026_Enta-jos-tapahtumat-nahtaisiinkin-mahdollisuutena_2.jpg\",\"datePublished\":\"2026-04-30T05:47:25+00:00\",\"dateModified\":\"2026-04-30T05:47:27+00:00\",\"breadcrumb\":{\"@id\":\"https:\\\/\\\/blogit.lab.fi\\\/labfocus\\\/enta-jos-tapahtumat-nahtaisiinkin-mahdollisuutena\\\/#breadcrumb\"},\"inLanguage\":\"fi\",\"potentialAction\":[{\"@type\":\"ReadAction\",\"target\":[\"https:\\\/\\\/blogit.lab.fi\\\/labfocus\\\/enta-jos-tapahtumat-nahtaisiinkin-mahdollisuutena\\\/\"]}]},{\"@type\":\"ImageObject\",\"inLanguage\":\"fi\",\"@id\":\"https:\\\/\\\/blogit.lab.fi\\\/labfocus\\\/enta-jos-tapahtumat-nahtaisiinkin-mahdollisuutena\\\/#primaryimage\",\"url\":\"https:\\\/\\\/blogit.lab.fi\\\/labfocus\\\/wp-content\\\/uploads\\\/sites\\\/8\\\/2026\\\/04\\\/203_2026_Enta-jos-tapahtumat-nahtaisiinkin-mahdollisuutena_2.jpg\",\"contentUrl\":\"https:\\\/\\\/blogit.lab.fi\\\/labfocus\\\/wp-content\\\/uploads\\\/sites\\\/8\\\/2026\\\/04\\\/203_2026_Enta-jos-tapahtumat-nahtaisiinkin-mahdollisuutena_2.jpg\",\"width\":1280,\"height\":831},{\"@type\":\"BreadcrumbList\",\"@id\":\"https:\\\/\\\/blogit.lab.fi\\\/labfocus\\\/enta-jos-tapahtumat-nahtaisiinkin-mahdollisuutena\\\/#breadcrumb\",\"itemListElement\":[{\"@type\":\"ListItem\",\"position\":1,\"name\":\"Home\",\"item\":\"https:\\\/\\\/blogit.lab.fi\\\/labfocus\\\/\"},{\"@type\":\"ListItem\",\"position\":2,\"name\":\"Ent\u00e4 jos tapahtumat n\u00e4ht\u00e4isiinkin mahdollisuutena?\"}]},{\"@type\":\"WebSite\",\"@id\":\"https:\\\/\\\/blogit.lab.fi\\\/labfocus\\\/#website\",\"url\":\"https:\\\/\\\/blogit.lab.fi\\\/labfocus\\\/\",\"name\":\"LAB Focus\",\"description\":\"Focus Area blog | LAB University of Applied Sciences\",\"publisher\":{\"@id\":\"https:\\\/\\\/blogit.lab.fi\\\/labfocus\\\/#organization\"},\"potentialAction\":[{\"@type\":\"SearchAction\",\"target\":{\"@type\":\"EntryPoint\",\"urlTemplate\":\"https:\\\/\\\/blogit.lab.fi\\\/labfocus\\\/?s={search_term_string}\"},\"query-input\":{\"@type\":\"PropertyValueSpecification\",\"valueRequired\":true,\"valueName\":\"search_term_string\"}}],\"inLanguage\":\"fi\"},{\"@type\":\"Organization\",\"@id\":\"https:\\\/\\\/blogit.lab.fi\\\/labfocus\\\/#organization\",\"name\":\"LAB Focus\",\"url\":\"https:\\\/\\\/blogit.lab.fi\\\/labfocus\\\/\",\"logo\":{\"@type\":\"ImageObject\",\"inLanguage\":\"fi\",\"@id\":\"https:\\\/\\\/blogit.lab.fi\\\/labfocus\\\/#\\\/schema\\\/logo\\\/image\\\/\",\"url\":\"https:\\\/\\\/blogit.lab.fi\\\/labfocus\\\/wp-content\\\/uploads\\\/sites\\\/8\\\/2020\\\/04\\\/cropped-cropped-tunnus_blogi-01.png\",\"contentUrl\":\"https:\\\/\\\/blogit.lab.fi\\\/labfocus\\\/wp-content\\\/uploads\\\/sites\\\/8\\\/2020\\\/04\\\/cropped-cropped-tunnus_blogi-01.png\",\"width\":1342,\"height\":288,\"caption\":\"LAB Focus\"},\"image\":{\"@id\":\"https:\\\/\\\/blogit.lab.fi\\\/labfocus\\\/#\\\/schema\\\/logo\\\/image\\\/\"},\"sameAs\":[\"https:\\\/\\\/x.com\\\/LABfinland\"]},{\"@type\":\"Person\",\"@id\":\"https:\\\/\\\/blogit.lab.fi\\\/labfocus\\\/#\\\/schema\\\/person\\\/da729f65c4a2fb9fd8f0b1ec7a2ab7d0\",\"name\":\"tainask\",\"image\":{\"@type\":\"ImageObject\",\"inLanguage\":\"fi\",\"@id\":\"https:\\\/\\\/secure.gravatar.com\\\/avatar\\\/4a96427877ef826b76e80c27f60b266128094f522551459346efcf14282febb3?s=96&d=mm&r=g\",\"url\":\"https:\\\/\\\/secure.gravatar.com\\\/avatar\\\/4a96427877ef826b76e80c27f60b266128094f522551459346efcf14282febb3?s=96&d=mm&r=g\",\"contentUrl\":\"https:\\\/\\\/secure.gravatar.com\\\/avatar\\\/4a96427877ef826b76e80c27f60b266128094f522551459346efcf14282febb3?s=96&d=mm&r=g\",\"caption\":\"tainask\"},\"url\":\"https:\\\/\\\/blogit.lab.fi\\\/labfocus\\\/author\\\/tainask\\\/\"}]}<\/script>\n<!-- \/ Yoast SEO plugin. -->","yoast_head_json":{"title":"Ent\u00e4 jos tapahtumat n\u00e4ht\u00e4isiinkin mahdollisuutena? - LAB Focus","robots":{"index":"index","follow":"follow","max-snippet":"max-snippet:-1","max-image-preview":"max-image-preview:large","max-video-preview":"max-video-preview:-1"},"canonical":"https:\/\/blogit.lab.fi\/labfocus\/enta-jos-tapahtumat-nahtaisiinkin-mahdollisuutena\/","og_locale":"fi_FI","og_type":"article","og_title":"Ent\u00e4 jos tapahtumat n\u00e4ht\u00e4isiinkin mahdollisuutena? - LAB Focus","og_description":"Etel\u00e4-Karjalan tapahtumaklusteri -hanke j\u00e4rjesti helmikuussa 2026 opintomatkan Ouluun. Vaikuttavan ja inspiroivan matkan tunnelmia voi k\u00e4yd\u00e4 lukemassa K\u00e4\u00e4ri\u00e4isen artikkelista (2026), jossa pohditaan oppien lis\u00e4ksi panostamista kulttuuriin.\u00a0 Yhten\u00e4 osana matkaa osallistuimme my\u00f6s Tapahtumateollisuus ry:n j\u00e4rjest\u00e4m\u00e4\u00e4n vuosittaiseen Tapahtumateollisuus NYT! -seminaariin. Yksi esitys j\u00e4i seminaarista erityisesti mieleen. Ruka-Kuusamon Matkailun Niina Kukan ja Kuusisto &amp; Partnersin Kati Kuusiston esityksess\u00e4 (2026) [&hellip;]","og_url":"https:\/\/blogit.lab.fi\/labfocus\/enta-jos-tapahtumat-nahtaisiinkin-mahdollisuutena\/","og_site_name":"LAB Focus","article_published_time":"2026-04-30T05:47:25+00:00","article_modified_time":"2026-04-30T05:47:27+00:00","og_image":[{"width":1280,"height":831,"url":"https:\/\/blogit.lab.fi\/labfocus\/wp-content\/uploads\/sites\/8\/2026\/04\/203_2026_Enta-jos-tapahtumat-nahtaisiinkin-mahdollisuutena_2.jpg","type":"image\/jpeg"}],"author":"tainask","twitter_card":"summary_large_image","twitter_creator":"@LABfinland","twitter_site":"@LABfinland","twitter_misc":{"Kirjoittanut":"tainask","Arvioitu lukuaika":"5 minuuttia"},"schema":{"@context":"https:\/\/schema.org","@graph":[{"@type":"Article","@id":"https:\/\/blogit.lab.fi\/labfocus\/enta-jos-tapahtumat-nahtaisiinkin-mahdollisuutena\/#article","isPartOf":{"@id":"https:\/\/blogit.lab.fi\/labfocus\/enta-jos-tapahtumat-nahtaisiinkin-mahdollisuutena\/"},"author":{"name":"tainask","@id":"https:\/\/blogit.lab.fi\/labfocus\/#\/schema\/person\/da729f65c4a2fb9fd8f0b1ec7a2ab7d0"},"headline":"Ent\u00e4 jos tapahtumat n\u00e4ht\u00e4isiinkin mahdollisuutena?","datePublished":"2026-04-30T05:47:25+00:00","dateModified":"2026-04-30T05:47:27+00:00","mainEntityOfPage":{"@id":"https:\/\/blogit.lab.fi\/labfocus\/enta-jos-tapahtumat-nahtaisiinkin-mahdollisuutena\/"},"wordCount":684,"publisher":{"@id":"https:\/\/blogit.lab.fi\/labfocus\/#organization"},"image":{"@id":"https:\/\/blogit.lab.fi\/labfocus\/enta-jos-tapahtumat-nahtaisiinkin-mahdollisuutena\/#primaryimage"},"thumbnailUrl":"https:\/\/blogit.lab.fi\/labfocus\/wp-content\/uploads\/sites\/8\/2026\/04\/203_2026_Enta-jos-tapahtumat-nahtaisiinkin-mahdollisuutena_2.jpg","keywords":["Artikkeli D1","Etel\u00e4-Karjalan tapahtumaklusteri","kulttuuri-ilmastonmuutos","matkailu","palvelu","tapahtumat"],"articleSection":["Innovations","Uudistuva ja kehittyv\u00e4 yritt\u00e4jyys"],"inLanguage":"fi"},{"@type":"WebPage","@id":"https:\/\/blogit.lab.fi\/labfocus\/enta-jos-tapahtumat-nahtaisiinkin-mahdollisuutena\/","url":"https:\/\/blogit.lab.fi\/labfocus\/enta-jos-tapahtumat-nahtaisiinkin-mahdollisuutena\/","name":"Ent\u00e4 jos tapahtumat n\u00e4ht\u00e4isiinkin mahdollisuutena? - LAB Focus","isPartOf":{"@id":"https:\/\/blogit.lab.fi\/labfocus\/#website"},"primaryImageOfPage":{"@id":"https:\/\/blogit.lab.fi\/labfocus\/enta-jos-tapahtumat-nahtaisiinkin-mahdollisuutena\/#primaryimage"},"image":{"@id":"https:\/\/blogit.lab.fi\/labfocus\/enta-jos-tapahtumat-nahtaisiinkin-mahdollisuutena\/#primaryimage"},"thumbnailUrl":"https:\/\/blogit.lab.fi\/labfocus\/wp-content\/uploads\/sites\/8\/2026\/04\/203_2026_Enta-jos-tapahtumat-nahtaisiinkin-mahdollisuutena_2.jpg","datePublished":"2026-04-30T05:47:25+00:00","dateModified":"2026-04-30T05:47:27+00:00","breadcrumb":{"@id":"https:\/\/blogit.lab.fi\/labfocus\/enta-jos-tapahtumat-nahtaisiinkin-mahdollisuutena\/#breadcrumb"},"inLanguage":"fi","potentialAction":[{"@type":"ReadAction","target":["https:\/\/blogit.lab.fi\/labfocus\/enta-jos-tapahtumat-nahtaisiinkin-mahdollisuutena\/"]}]},{"@type":"ImageObject","inLanguage":"fi","@id":"https:\/\/blogit.lab.fi\/labfocus\/enta-jos-tapahtumat-nahtaisiinkin-mahdollisuutena\/#primaryimage","url":"https:\/\/blogit.lab.fi\/labfocus\/wp-content\/uploads\/sites\/8\/2026\/04\/203_2026_Enta-jos-tapahtumat-nahtaisiinkin-mahdollisuutena_2.jpg","contentUrl":"https:\/\/blogit.lab.fi\/labfocus\/wp-content\/uploads\/sites\/8\/2026\/04\/203_2026_Enta-jos-tapahtumat-nahtaisiinkin-mahdollisuutena_2.jpg","width":1280,"height":831},{"@type":"BreadcrumbList","@id":"https:\/\/blogit.lab.fi\/labfocus\/enta-jos-tapahtumat-nahtaisiinkin-mahdollisuutena\/#breadcrumb","itemListElement":[{"@type":"ListItem","position":1,"name":"Home","item":"https:\/\/blogit.lab.fi\/labfocus\/"},{"@type":"ListItem","position":2,"name":"Ent\u00e4 jos tapahtumat n\u00e4ht\u00e4isiinkin mahdollisuutena?"}]},{"@type":"WebSite","@id":"https:\/\/blogit.lab.fi\/labfocus\/#website","url":"https:\/\/blogit.lab.fi\/labfocus\/","name":"LAB Focus","description":"Focus Area blog | LAB University of Applied Sciences","publisher":{"@id":"https:\/\/blogit.lab.fi\/labfocus\/#organization"},"potentialAction":[{"@type":"SearchAction","target":{"@type":"EntryPoint","urlTemplate":"https:\/\/blogit.lab.fi\/labfocus\/?s={search_term_string}"},"query-input":{"@type":"PropertyValueSpecification","valueRequired":true,"valueName":"search_term_string"}}],"inLanguage":"fi"},{"@type":"Organization","@id":"https:\/\/blogit.lab.fi\/labfocus\/#organization","name":"LAB Focus","url":"https:\/\/blogit.lab.fi\/labfocus\/","logo":{"@type":"ImageObject","inLanguage":"fi","@id":"https:\/\/blogit.lab.fi\/labfocus\/#\/schema\/logo\/image\/","url":"https:\/\/blogit.lab.fi\/labfocus\/wp-content\/uploads\/sites\/8\/2020\/04\/cropped-cropped-tunnus_blogi-01.png","contentUrl":"https:\/\/blogit.lab.fi\/labfocus\/wp-content\/uploads\/sites\/8\/2020\/04\/cropped-cropped-tunnus_blogi-01.png","width":1342,"height":288,"caption":"LAB Focus"},"image":{"@id":"https:\/\/blogit.lab.fi\/labfocus\/#\/schema\/logo\/image\/"},"sameAs":["https:\/\/x.com\/LABfinland"]},{"@type":"Person","@id":"https:\/\/blogit.lab.fi\/labfocus\/#\/schema\/person\/da729f65c4a2fb9fd8f0b1ec7a2ab7d0","name":"tainask","image":{"@type":"ImageObject","inLanguage":"fi","@id":"https:\/\/secure.gravatar.com\/avatar\/4a96427877ef826b76e80c27f60b266128094f522551459346efcf14282febb3?s=96&d=mm&r=g","url":"https:\/\/secure.gravatar.com\/avatar\/4a96427877ef826b76e80c27f60b266128094f522551459346efcf14282febb3?s=96&d=mm&r=g","contentUrl":"https:\/\/secure.gravatar.com\/avatar\/4a96427877ef826b76e80c27f60b266128094f522551459346efcf14282febb3?s=96&d=mm&r=g","caption":"tainask"},"url":"https:\/\/blogit.lab.fi\/labfocus\/author\/tainask\/"}]}},"_links":{"self":[{"href":"https:\/\/blogit.lab.fi\/labfocus\/wp-json\/wp\/v2\/posts\/27217","targetHints":{"allow":["GET"]}}],"collection":[{"href":"https:\/\/blogit.lab.fi\/labfocus\/wp-json\/wp\/v2\/posts"}],"about":[{"href":"https:\/\/blogit.lab.fi\/labfocus\/wp-json\/wp\/v2\/types\/post"}],"author":[{"embeddable":true,"href":"https:\/\/blogit.lab.fi\/labfocus\/wp-json\/wp\/v2\/users\/17"}],"replies":[{"embeddable":true,"href":"https:\/\/blogit.lab.fi\/labfocus\/wp-json\/wp\/v2\/comments?post=27217"}],"version-history":[{"count":5,"href":"https:\/\/blogit.lab.fi\/labfocus\/wp-json\/wp\/v2\/posts\/27217\/revisions"}],"predecessor-version":[{"id":27226,"href":"https:\/\/blogit.lab.fi\/labfocus\/wp-json\/wp\/v2\/posts\/27217\/revisions\/27226"}],"wp:featuredmedia":[{"embeddable":true,"href":"https:\/\/blogit.lab.fi\/labfocus\/wp-json\/wp\/v2\/media\/27219"}],"wp:attachment":[{"href":"https:\/\/blogit.lab.fi\/labfocus\/wp-json\/wp\/v2\/media?parent=27217"}],"wp:term":[{"taxonomy":"category","embeddable":true,"href":"https:\/\/blogit.lab.fi\/labfocus\/wp-json\/wp\/v2\/categories?post=27217"},{"taxonomy":"post_tag","embeddable":true,"href":"https:\/\/blogit.lab.fi\/labfocus\/wp-json\/wp\/v2\/tags?post=27217"}],"curies":[{"name":"wp","href":"https:\/\/api.w.org\/{rel}","templated":true}]}}