{"id":28376,"date":"2026-09-01T13:59:09","date_gmt":"2026-09-01T10:59:09","guid":{"rendered":"https:\/\/blogit.lab.fi\/labfocus\/?p=28376"},"modified":"2026-09-01T13:59:10","modified_gmt":"2026-09-01T10:59:10","slug":"globaalikasvatus-ja-opettajuus-maailman-myllerryksessa","status":"publish","type":"post","link":"https:\/\/blogit.lab.fi\/labfocus\/globaalikasvatus-ja-opettajuus-maailman-myllerryksessa\/","title":{"rendered":"Globaalikasvatus ja opettajuus maailman myllerryksess\u00e4"},"content":{"rendered":"\n<p class=\"wp-block-paragraph\">Eurooppa on t\u00e4n\u00e4 kes\u00e4n\u00e4 k\u00e4rvistellyt helleaallon ja mets\u00e4palojen kourissa. Rasismikohut puolestaan puhututtavat suomalaisia jo l\u00e4hes joka kes\u00e4. Teko\u00e4ly muuttaa koulutusta ja opettajuutta kyseenalaistaen opettajien ja l\u00e4hiopetuksen tarpeen.<\/p>\n\n\n\n<p class=\"wp-block-paragraph\">European Education Research Association EERA j\u00e4rjest\u00e4\u00e4 vuosittain koulutuksen tutkimuksen konferenssin ECER, jonka t\u00e4n\u00e4 vuonna j\u00e4rjesti Tampereen yliopisto. Konferenssi kokosi Tampereelle 3826 osallistujaa 84 maasta ja houkutteli osallistujia monipuolisuudellaan, 3080 esityksell\u00e4. Keskustelua her\u00e4tt\u00e4neit\u00e4 aiheita olivat muun muassa teko\u00e4lyn vaikutus koulutukseen, v\u00e4hemmist\u00f6ihin kuuluvien opiskelijoiden osallisuuden ja inkluusion kehitt\u00e4minen sek\u00e4 monikulttuurisuuteen, monikielisyyteen ja globaalikasvatukseen liittyv\u00e4t teemat.<\/p>\n\n\n\n<figure class=\"wp-block-image size-large\"><img loading=\"lazy\" decoding=\"async\" width=\"1024\" height=\"685\" src=\"https:\/\/blogit.lab.fi\/labfocus\/wp-content\/uploads\/sites\/8\/2026\/09\/443_2026_Globaalikasvatus-ja-opettajuus-maailman-myllerryksessa-1024x685.jpg\" alt=\"[Alt-teksti: henkil\u00f6 n\u00e4ytt\u00f6taulun vierell\u00e4 valmiina pit\u00e4m\u00e4\u00e4n esityst\u00e4, taululla on teksti\u00e4 ja kuvia.]\" class=\"wp-image-28377\" srcset=\"https:\/\/blogit.lab.fi\/labfocus\/wp-content\/uploads\/sites\/8\/2026\/09\/443_2026_Globaalikasvatus-ja-opettajuus-maailman-myllerryksessa-1024x685.jpg 1024w, https:\/\/blogit.lab.fi\/labfocus\/wp-content\/uploads\/sites\/8\/2026\/09\/443_2026_Globaalikasvatus-ja-opettajuus-maailman-myllerryksessa-300x201.jpg 300w, https:\/\/blogit.lab.fi\/labfocus\/wp-content\/uploads\/sites\/8\/2026\/09\/443_2026_Globaalikasvatus-ja-opettajuus-maailman-myllerryksessa-767x513.jpg 767w, https:\/\/blogit.lab.fi\/labfocus\/wp-content\/uploads\/sites\/8\/2026\/09\/443_2026_Globaalikasvatus-ja-opettajuus-maailman-myllerryksessa-570x381.jpg 570w, https:\/\/blogit.lab.fi\/labfocus\/wp-content\/uploads\/sites\/8\/2026\/09\/443_2026_Globaalikasvatus-ja-opettajuus-maailman-myllerryksessa.jpg 1280w\" sizes=\"auto, (max-width: 1024px) 100vw, 1024px\" \/><figcaption class=\"wp-element-caption\">Kuva 1. Jaana H\u00e4klin konferenssiesityksen p\u00e4\u00e4teemoja olivat maailmankansalaisuuden opettaminen ja transformatiivinen oppiminen. (Kuva: Jaana H\u00e4kli)<\/figcaption><\/figure>\n\n\n\n<h2 class=\"wp-block-heading\">Opettajuuden haasteet puhututtavat<\/h2>\n\n\n\n<p class=\"wp-block-paragraph\">Tuleeko opettajista teknologian hallitsijoita, jotka osaavat koodata teko\u00e4lyn avustamina ja luovat arvopohjaista, inklusiivista opetusta, jota teko\u00e4lyyn pohjautuvat koulutukset eiv\u00e4t korvaa? (Helgetun 2026.) Ent\u00e4 miten luoda opetusta, joka saa opiskelijat saapumaan kampukselle, ilman yksitt\u00e4isi\u00e4 opintopisteit\u00e4 (Mickwitz 2026)? Opiskelijoiden ajank\u00e4yt\u00f6st\u00e4 kilpailevat l\u00e4hiopetuksen lis\u00e4ksi perhevelvollisuudet, osa-aikaty\u00f6 ja harrastukset. Onko opettaja ja aihe tarpeeksi innostava, ett\u00e4 kenties taloudellisista haasteista k\u00e4rsiv\u00e4 opiskelija k\u00e4ytt\u00e4\u00e4 rahaa matkustaakseen l\u00e4hiopetukseen? Miten saada kursseihin el\u00e4myksellisyytt\u00e4 ja k\u00e4yt\u00e4nn\u00f6nl\u00e4heisyytt\u00e4, jotta opiskelijat kokevat opetuksen mielekk\u00e4\u00e4ksi?<\/p>\n\n\n\n<p class=\"wp-block-paragraph\">Mit\u00e4 tapahtuukaan opettajien akateemiselle vapaudelle, kun valtio alkaa ohjata opetuksen sis\u00e4lt\u00f6j\u00e4, arvottaa oppiaineita ja tutkimuskohteita sek\u00e4 jopa kielt\u00e4\u00e4 sis\u00e4lt\u00f6j\u00e4 opetussuunnitelmissa. Puolassa globaalikasvatus on saanut v\u00e4isty\u00e4 kansallisten, usein konservatiivisempien opetussis\u00e4lt\u00f6jen vallatessa alaa opetussuunnitelmista (Kuleta-Hulboj 2026). Yhdysvalloissa Trumpin hallinnon vastustama woke-kulttuuri on saanut aikaan sen, ett\u00e4 teemojen kuten ilmastonmuutos, inkluusio ja yhdenvertaisuus sis\u00e4llytt\u00e4minen opetukseen on punainen vaate ja tarpeetonta opetussis\u00e4lt\u00f6\u00e4 (Pen America 2026).<\/p>\n\n\n\n<p class=\"wp-block-paragraph\">Globaalikasvatuksen sis\u00e4llytt\u00e4minen kurssikohtaiseen korkeakouluopetukseen ei v\u00e4ltt\u00e4m\u00e4tt\u00e4 ole edes mahdollista, koska maassa on osavaltiokohtaiset opetussuunnitelmat. Korkeakouluissa opettajat ja professorit puolestaan usein toteavat, ett\u00e4 heid\u00e4n teht\u00e4v\u00e4n\u00e4\u00e4n ei ole en\u00e4\u00e4 saksalaisen Bildung-ajattelun mukaan sivist\u00e4\u00e4 ja kouluttaa vaan ainoastaan opettaa sis\u00e4lt\u00f6\u00e4 (Timm 2026). Loppuuko tarve sivistykselle aikuistumisen kynnyksell\u00e4, kun opiskelija vapaaehtoisesti siirtyy korkeakoulutukseen?<\/p>\n\n\n\n<p class=\"wp-block-paragraph\">Globaalikasvatuksessa k\u00e4yd\u00e4\u00e4nkin nyt keskustelua siit\u00e4, pit\u00e4\u00e4k\u00f6 opettajan olla sankari, asiaansa uskova soihdunkantaja, joka nationalistisista n\u00e4kemyksist\u00e4 huolimatta jatkaa globaalikasvatuksen teemojen opettamista. Miten kauan menee, kun t\u00e4m\u00e4 sankariopettaja uupuu yksin\u00e4isyyteens\u00e4? Vai mit\u00e4 tapahtuu, jos opiskelijat valittavat, kun opettaja sis\u00e4llytt\u00e4\u00e4 opetukseensa kulttuurisensitiivisesti arkojakin aiheita, joihin kyseisess\u00e4 maassa suhtaudutaan varauksella tai v\u00e4h\u00e4tellen.<\/p>\n\n\n\n<h2 class=\"wp-block-heading\">LAB toimii suunnann\u00e4ytt\u00e4j\u00e4n\u00e4<\/h2>\n\n\n\n<p class=\"wp-block-paragraph\">Kansainv\u00e4lisesti korkeakouluissa globaalikasvatus loistaa usein poissaolollaan, eik\u00e4 kest\u00e4v\u00e4n kehityksen teemoja v\u00e4ltt\u00e4m\u00e4tt\u00e4 opeteta osana opintoja eri Euroopan kolkissa. Globaalikasvatuksen teemojen integrointi esimerkiksi liikematematiikkaan voi olla niinkin yksinkertaista kuin laskea, kuinka monta prosenttia ruandalaisista tai venezuelalaisista el\u00e4\u00e4 t\u00e4n\u00e4 p\u00e4iv\u00e4n\u00e4 alle k\u00f6yhyysrajan. Tai ent\u00e4p\u00e4 jos matkailun liiketoiminnan negatiivisista ja positiivisista vaikutuksista puhuttaessa esimerkit liittyisiv\u00e4tkin maihin kuten Haiti tai Nepal eiv\u00e4tk\u00e4 teollistuneisiin maihin.<\/p>\n\n\n\n<p class=\"wp-block-paragraph\">Globaali perspektiivi hy\u00f6dytt\u00e4\u00e4 kaikkia. Globaalikasvatus sivist\u00e4\u00e4 ja kehitt\u00e4\u00e4 opiskelijoiden empatiakyky\u00e4 ja suvaitsevaisuutta. LAB-ammattikorkeakoulussa positiivista on, ett\u00e4 jokaiseen tutkintoon kuuluvat pakolliset Orientation to Sustainability Thinking sek\u00e4 Intercultural Competence -opintojaksot. Olemme ylpe\u00e4sti globaalikasvatuksen suunnann\u00e4ytt\u00e4ji\u00e4.<\/p>\n\n\n\n<div class=\"wp-block-group has-background\" style=\"background-color:#b3edfb\"><div class=\"wp-block-group__inner-container is-layout-constrained wp-block-group-is-layout-constrained\">\n<p class=\"wp-block-paragraph\">Kirjoittaja<\/p>\n\n\n\n<p class=\"wp-block-paragraph\"><strong>Jaana H\u00e4kli<\/strong> toimii LAB-ammattikorkeakoulun Kielikeskuksessa kulttuurienv\u00e4lisen viestinn\u00e4n lehtorina.<\/p>\n<\/div><\/div>\n\n\n\n<h2 class=\"wp-block-heading\">L\u00e4hteet<\/h2>\n\n\n\n<p class=\"wp-block-paragraph\">Helgetun, J. 2026. Can there be a a \u201cGlobal Teacher\u201d Policy Solution? Teachers, the State and AI\u2019s Impact on the Educational \u201cPoly-Crisis\u201d. Konferenssiesitelm\u00e4. European Education Research Association ECER2026. Tampere. 20.8.2026.<\/p>\n\n\n\n<p class=\"wp-block-paragraph\">Kuleta-Hulboj, M. 2026. Teachers\u2019 Strategies for Overcoming Resistance towards Global Citizenship Education and Education for Sustainable Development in Poland. Konferessiesitelm\u00e4. European Education Research Association ECER2026. Tampere. 19.8.2026.<\/p>\n\n\n\n<p class=\"wp-block-paragraph\">Mickwitz, \u00c5., Bj\u00f6rkas, C., Holmqvist-J\u00e4ms\u00e9n, S., Gyllenberg, F. &amp; S\u00f6derlund K. 2026. I Would Always Attend If I\u2019m Getting Points: A Value-Perspective Study of University Students. Konferenssiesitelm\u00e4. European Education Research Association ECER2026. &nbsp;Tampere. 19.8.2026.<\/p>\n\n\n\n<p class=\"wp-block-paragraph\">Pen America. 2026. Federal Government\u2019s Growing Banned Words List Is Chilling Act of Censorship. Viitattu 24.8.2026. Saatavissa <a href=\"https:\/\/pen.org\/banned-words-lis\">https:\/\/pen.org\/banned-words-lis<\/a> <\/p>\n\n\n\n<p class=\"wp-block-paragraph\">Timm, S. 2026. Complexity of Teaching Global Responsibility through the Lenses of Teachers: Empirical Evidence for Teacher Training on Global Social in Germany. Konferenssiesitelm\u00e4. European Education Research Association ECER2026. Tampere. 19.8.2026.<\/p>\n","protected":false},"excerpt":{"rendered":"<p>Eurooppa on t\u00e4n\u00e4 kes\u00e4n\u00e4 k\u00e4rvistellyt helleaallon ja mets\u00e4palojen kourissa. Rasismikohut puolestaan puhututtavat suomalaisia jo l\u00e4hes joka kes\u00e4. Teko\u00e4ly muuttaa koulutusta ja opettajuutta kyseenalaistaen opettajien ja l\u00e4hiopetuksen tarpeen. European Education Research Association EERA j\u00e4rjest\u00e4\u00e4 vuosittain koulutuksen tutkimuksen konferenssin ECER, jonka t\u00e4n\u00e4 vuonna j\u00e4rjesti Tampereen yliopisto. Konferenssi kokosi Tampereelle 3826 osallistujaa 84 maasta ja houkutteli osallistujia monipuolisuudellaan, [&hellip;]<\/p>\n","protected":false},"author":17,"featured_media":28377,"comment_status":"closed","ping_status":"open","sticky":false,"template":"","format":"standard","meta":{"footnotes":""},"categories":[43],"tags":[9904,6230,1159],"class_list":["post-28376","post","type-post","status-publish","format-standard","has-post-thumbnail","category-yleinen-fi","tag-artikkeli-d1","tag-globaalikasvatus","tag-opettajuus","czr-hentry"],"yoast_head":"<!-- This site is optimized with the Yoast SEO plugin v28.3 - https:\/\/yoast.com\/product\/yoast-seo-wordpress\/ -->\n<title>Globaalikasvatus ja opettajuus maailman myllerryksess\u00e4 - LAB Focus<\/title>\n<meta name=\"robots\" content=\"index, follow, max-snippet:-1, max-image-preview:large, max-video-preview:-1\" \/>\n<link rel=\"canonical\" href=\"https:\/\/blogit.lab.fi\/labfocus\/globaalikasvatus-ja-opettajuus-maailman-myllerryksessa\/\" \/>\n<meta property=\"og:locale\" content=\"fi_FI\" \/>\n<meta property=\"og:type\" content=\"article\" \/>\n<meta property=\"og:title\" content=\"Globaalikasvatus ja opettajuus maailman myllerryksess\u00e4 - LAB Focus\" \/>\n<meta property=\"og:description\" content=\"Eurooppa on t\u00e4n\u00e4 kes\u00e4n\u00e4 k\u00e4rvistellyt helleaallon ja mets\u00e4palojen kourissa. Rasismikohut puolestaan puhututtavat suomalaisia jo l\u00e4hes joka kes\u00e4. Teko\u00e4ly muuttaa koulutusta ja opettajuutta kyseenalaistaen opettajien ja l\u00e4hiopetuksen tarpeen. European Education Research Association EERA j\u00e4rjest\u00e4\u00e4 vuosittain koulutuksen tutkimuksen konferenssin ECER, jonka t\u00e4n\u00e4 vuonna j\u00e4rjesti Tampereen yliopisto. Konferenssi kokosi Tampereelle 3826 osallistujaa 84 maasta ja houkutteli osallistujia monipuolisuudellaan, [&hellip;]\" \/>\n<meta property=\"og:url\" content=\"https:\/\/blogit.lab.fi\/labfocus\/globaalikasvatus-ja-opettajuus-maailman-myllerryksessa\/\" \/>\n<meta property=\"og:site_name\" content=\"LAB Focus\" \/>\n<meta property=\"article:published_time\" content=\"2026-09-01T10:59:09+00:00\" \/>\n<meta property=\"article:modified_time\" content=\"2026-09-01T10:59:10+00:00\" \/>\n<meta property=\"og:image\" content=\"https:\/\/blogit.lab.fi\/labfocus\/wp-content\/uploads\/sites\/8\/2026\/09\/443_2026_Globaalikasvatus-ja-opettajuus-maailman-myllerryksessa.jpg\" \/>\n\t<meta property=\"og:image:width\" content=\"1280\" \/>\n\t<meta property=\"og:image:height\" content=\"856\" \/>\n\t<meta property=\"og:image:type\" content=\"image\/jpeg\" \/>\n<meta name=\"author\" content=\"tainask\" \/>\n<meta name=\"twitter:card\" content=\"summary_large_image\" \/>\n<meta name=\"twitter:creator\" content=\"@LABfinland\" \/>\n<meta name=\"twitter:site\" content=\"@LABfinland\" \/>\n<meta name=\"twitter:label1\" content=\"Kirjoittanut\" \/>\n\t<meta name=\"twitter:data1\" content=\"tainask\" \/>\n\t<meta name=\"twitter:label2\" content=\"Arvioitu lukuaika\" \/>\n\t<meta name=\"twitter:data2\" content=\"4 minuuttia\" \/>\n<script type=\"application\/ld+json\" class=\"yoast-schema-graph\">{\"@context\":\"https:\\\/\\\/schema.org\",\"@graph\":[{\"@type\":\"Article\",\"@id\":\"https:\\\/\\\/blogit.lab.fi\\\/labfocus\\\/globaalikasvatus-ja-opettajuus-maailman-myllerryksessa\\\/#article\",\"isPartOf\":{\"@id\":\"https:\\\/\\\/blogit.lab.fi\\\/labfocus\\\/globaalikasvatus-ja-opettajuus-maailman-myllerryksessa\\\/\"},\"author\":{\"name\":\"tainask\",\"@id\":\"https:\\\/\\\/blogit.lab.fi\\\/labfocus\\\/#\\\/schema\\\/person\\\/da729f65c4a2fb9fd8f0b1ec7a2ab7d0\"},\"headline\":\"Globaalikasvatus ja opettajuus maailman myllerryksess\u00e4\",\"datePublished\":\"2026-09-01T10:59:09+00:00\",\"dateModified\":\"2026-09-01T10:59:10+00:00\",\"mainEntityOfPage\":{\"@id\":\"https:\\\/\\\/blogit.lab.fi\\\/labfocus\\\/globaalikasvatus-ja-opettajuus-maailman-myllerryksessa\\\/\"},\"wordCount\":658,\"publisher\":{\"@id\":\"https:\\\/\\\/blogit.lab.fi\\\/labfocus\\\/#organization\"},\"image\":{\"@id\":\"https:\\\/\\\/blogit.lab.fi\\\/labfocus\\\/globaalikasvatus-ja-opettajuus-maailman-myllerryksessa\\\/#primaryimage\"},\"thumbnailUrl\":\"https:\\\/\\\/blogit.lab.fi\\\/labfocus\\\/wp-content\\\/uploads\\\/sites\\\/8\\\/2026\\\/09\\\/443_2026_Globaalikasvatus-ja-opettajuus-maailman-myllerryksessa.jpg\",\"keywords\":[\"Artikkeli D1\",\"globaalikasvatus\",\"opettajuus\"],\"inLanguage\":\"fi\"},{\"@type\":\"WebPage\",\"@id\":\"https:\\\/\\\/blogit.lab.fi\\\/labfocus\\\/globaalikasvatus-ja-opettajuus-maailman-myllerryksessa\\\/\",\"url\":\"https:\\\/\\\/blogit.lab.fi\\\/labfocus\\\/globaalikasvatus-ja-opettajuus-maailman-myllerryksessa\\\/\",\"name\":\"Globaalikasvatus ja opettajuus maailman myllerryksess\u00e4 - LAB Focus\",\"isPartOf\":{\"@id\":\"https:\\\/\\\/blogit.lab.fi\\\/labfocus\\\/#website\"},\"primaryImageOfPage\":{\"@id\":\"https:\\\/\\\/blogit.lab.fi\\\/labfocus\\\/globaalikasvatus-ja-opettajuus-maailman-myllerryksessa\\\/#primaryimage\"},\"image\":{\"@id\":\"https:\\\/\\\/blogit.lab.fi\\\/labfocus\\\/globaalikasvatus-ja-opettajuus-maailman-myllerryksessa\\\/#primaryimage\"},\"thumbnailUrl\":\"https:\\\/\\\/blogit.lab.fi\\\/labfocus\\\/wp-content\\\/uploads\\\/sites\\\/8\\\/2026\\\/09\\\/443_2026_Globaalikasvatus-ja-opettajuus-maailman-myllerryksessa.jpg\",\"datePublished\":\"2026-09-01T10:59:09+00:00\",\"dateModified\":\"2026-09-01T10:59:10+00:00\",\"breadcrumb\":{\"@id\":\"https:\\\/\\\/blogit.lab.fi\\\/labfocus\\\/globaalikasvatus-ja-opettajuus-maailman-myllerryksessa\\\/#breadcrumb\"},\"inLanguage\":\"fi\",\"potentialAction\":[{\"@type\":\"ReadAction\",\"target\":[\"https:\\\/\\\/blogit.lab.fi\\\/labfocus\\\/globaalikasvatus-ja-opettajuus-maailman-myllerryksessa\\\/\"]}]},{\"@type\":\"ImageObject\",\"inLanguage\":\"fi\",\"@id\":\"https:\\\/\\\/blogit.lab.fi\\\/labfocus\\\/globaalikasvatus-ja-opettajuus-maailman-myllerryksessa\\\/#primaryimage\",\"url\":\"https:\\\/\\\/blogit.lab.fi\\\/labfocus\\\/wp-content\\\/uploads\\\/sites\\\/8\\\/2026\\\/09\\\/443_2026_Globaalikasvatus-ja-opettajuus-maailman-myllerryksessa.jpg\",\"contentUrl\":\"https:\\\/\\\/blogit.lab.fi\\\/labfocus\\\/wp-content\\\/uploads\\\/sites\\\/8\\\/2026\\\/09\\\/443_2026_Globaalikasvatus-ja-opettajuus-maailman-myllerryksessa.jpg\",\"width\":1280,\"height\":856},{\"@type\":\"BreadcrumbList\",\"@id\":\"https:\\\/\\\/blogit.lab.fi\\\/labfocus\\\/globaalikasvatus-ja-opettajuus-maailman-myllerryksessa\\\/#breadcrumb\",\"itemListElement\":[{\"@type\":\"ListItem\",\"position\":1,\"name\":\"Home\",\"item\":\"https:\\\/\\\/blogit.lab.fi\\\/labfocus\\\/\"},{\"@type\":\"ListItem\",\"position\":2,\"name\":\"Globaalikasvatus ja opettajuus maailman myllerryksess\u00e4\"}]},{\"@type\":\"WebSite\",\"@id\":\"https:\\\/\\\/blogit.lab.fi\\\/labfocus\\\/#website\",\"url\":\"https:\\\/\\\/blogit.lab.fi\\\/labfocus\\\/\",\"name\":\"LAB Focus\",\"description\":\"Focus Area blog | LAB University of Applied Sciences\",\"publisher\":{\"@id\":\"https:\\\/\\\/blogit.lab.fi\\\/labfocus\\\/#organization\"},\"potentialAction\":[{\"@type\":\"SearchAction\",\"target\":{\"@type\":\"EntryPoint\",\"urlTemplate\":\"https:\\\/\\\/blogit.lab.fi\\\/labfocus\\\/?s={search_term_string}\"},\"query-input\":{\"@type\":\"PropertyValueSpecification\",\"valueRequired\":true,\"valueName\":\"search_term_string\"}}],\"inLanguage\":\"fi\"},{\"@type\":\"Organization\",\"@id\":\"https:\\\/\\\/blogit.lab.fi\\\/labfocus\\\/#organization\",\"name\":\"LAB Focus\",\"url\":\"https:\\\/\\\/blogit.lab.fi\\\/labfocus\\\/\",\"logo\":{\"@type\":\"ImageObject\",\"inLanguage\":\"fi\",\"@id\":\"https:\\\/\\\/blogit.lab.fi\\\/labfocus\\\/#\\\/schema\\\/logo\\\/image\\\/\",\"url\":\"https:\\\/\\\/blogit.lab.fi\\\/labfocus\\\/wp-content\\\/uploads\\\/sites\\\/8\\\/2020\\\/04\\\/cropped-cropped-tunnus_blogi-01.png\",\"contentUrl\":\"https:\\\/\\\/blogit.lab.fi\\\/labfocus\\\/wp-content\\\/uploads\\\/sites\\\/8\\\/2020\\\/04\\\/cropped-cropped-tunnus_blogi-01.png\",\"width\":1342,\"height\":288,\"caption\":\"LAB Focus\"},\"image\":{\"@id\":\"https:\\\/\\\/blogit.lab.fi\\\/labfocus\\\/#\\\/schema\\\/logo\\\/image\\\/\"},\"sameAs\":[\"https:\\\/\\\/x.com\\\/LABfinland\"]},{\"@type\":\"Person\",\"@id\":\"https:\\\/\\\/blogit.lab.fi\\\/labfocus\\\/#\\\/schema\\\/person\\\/da729f65c4a2fb9fd8f0b1ec7a2ab7d0\",\"name\":\"tainask\",\"image\":{\"@type\":\"ImageObject\",\"inLanguage\":\"fi\",\"@id\":\"https:\\\/\\\/secure.gravatar.com\\\/avatar\\\/4a96427877ef826b76e80c27f60b266128094f522551459346efcf14282febb3?s=96&d=mm&r=g\",\"url\":\"https:\\\/\\\/secure.gravatar.com\\\/avatar\\\/4a96427877ef826b76e80c27f60b266128094f522551459346efcf14282febb3?s=96&d=mm&r=g\",\"contentUrl\":\"https:\\\/\\\/secure.gravatar.com\\\/avatar\\\/4a96427877ef826b76e80c27f60b266128094f522551459346efcf14282febb3?s=96&d=mm&r=g\",\"caption\":\"tainask\"},\"url\":\"https:\\\/\\\/blogit.lab.fi\\\/labfocus\\\/author\\\/tainask\\\/\"}]}<\/script>\n<!-- \/ Yoast SEO plugin. -->","yoast_head_json":{"title":"Globaalikasvatus ja opettajuus maailman myllerryksess\u00e4 - LAB Focus","robots":{"index":"index","follow":"follow","max-snippet":"max-snippet:-1","max-image-preview":"max-image-preview:large","max-video-preview":"max-video-preview:-1"},"canonical":"https:\/\/blogit.lab.fi\/labfocus\/globaalikasvatus-ja-opettajuus-maailman-myllerryksessa\/","og_locale":"fi_FI","og_type":"article","og_title":"Globaalikasvatus ja opettajuus maailman myllerryksess\u00e4 - LAB Focus","og_description":"Eurooppa on t\u00e4n\u00e4 kes\u00e4n\u00e4 k\u00e4rvistellyt helleaallon ja mets\u00e4palojen kourissa. Rasismikohut puolestaan puhututtavat suomalaisia jo l\u00e4hes joka kes\u00e4. Teko\u00e4ly muuttaa koulutusta ja opettajuutta kyseenalaistaen opettajien ja l\u00e4hiopetuksen tarpeen. European Education Research Association EERA j\u00e4rjest\u00e4\u00e4 vuosittain koulutuksen tutkimuksen konferenssin ECER, jonka t\u00e4n\u00e4 vuonna j\u00e4rjesti Tampereen yliopisto. Konferenssi kokosi Tampereelle 3826 osallistujaa 84 maasta ja houkutteli osallistujia monipuolisuudellaan, [&hellip;]","og_url":"https:\/\/blogit.lab.fi\/labfocus\/globaalikasvatus-ja-opettajuus-maailman-myllerryksessa\/","og_site_name":"LAB Focus","article_published_time":"2026-09-01T10:59:09+00:00","article_modified_time":"2026-09-01T10:59:10+00:00","og_image":[{"width":1280,"height":856,"url":"https:\/\/blogit.lab.fi\/labfocus\/wp-content\/uploads\/sites\/8\/2026\/09\/443_2026_Globaalikasvatus-ja-opettajuus-maailman-myllerryksessa.jpg","type":"image\/jpeg"}],"author":"tainask","twitter_card":"summary_large_image","twitter_creator":"@LABfinland","twitter_site":"@LABfinland","twitter_misc":{"Kirjoittanut":"tainask","Arvioitu lukuaika":"4 minuuttia"},"schema":{"@context":"https:\/\/schema.org","@graph":[{"@type":"Article","@id":"https:\/\/blogit.lab.fi\/labfocus\/globaalikasvatus-ja-opettajuus-maailman-myllerryksessa\/#article","isPartOf":{"@id":"https:\/\/blogit.lab.fi\/labfocus\/globaalikasvatus-ja-opettajuus-maailman-myllerryksessa\/"},"author":{"name":"tainask","@id":"https:\/\/blogit.lab.fi\/labfocus\/#\/schema\/person\/da729f65c4a2fb9fd8f0b1ec7a2ab7d0"},"headline":"Globaalikasvatus ja opettajuus maailman myllerryksess\u00e4","datePublished":"2026-09-01T10:59:09+00:00","dateModified":"2026-09-01T10:59:10+00:00","mainEntityOfPage":{"@id":"https:\/\/blogit.lab.fi\/labfocus\/globaalikasvatus-ja-opettajuus-maailman-myllerryksessa\/"},"wordCount":658,"publisher":{"@id":"https:\/\/blogit.lab.fi\/labfocus\/#organization"},"image":{"@id":"https:\/\/blogit.lab.fi\/labfocus\/globaalikasvatus-ja-opettajuus-maailman-myllerryksessa\/#primaryimage"},"thumbnailUrl":"https:\/\/blogit.lab.fi\/labfocus\/wp-content\/uploads\/sites\/8\/2026\/09\/443_2026_Globaalikasvatus-ja-opettajuus-maailman-myllerryksessa.jpg","keywords":["Artikkeli D1","globaalikasvatus","opettajuus"],"inLanguage":"fi"},{"@type":"WebPage","@id":"https:\/\/blogit.lab.fi\/labfocus\/globaalikasvatus-ja-opettajuus-maailman-myllerryksessa\/","url":"https:\/\/blogit.lab.fi\/labfocus\/globaalikasvatus-ja-opettajuus-maailman-myllerryksessa\/","name":"Globaalikasvatus ja opettajuus maailman myllerryksess\u00e4 - LAB Focus","isPartOf":{"@id":"https:\/\/blogit.lab.fi\/labfocus\/#website"},"primaryImageOfPage":{"@id":"https:\/\/blogit.lab.fi\/labfocus\/globaalikasvatus-ja-opettajuus-maailman-myllerryksessa\/#primaryimage"},"image":{"@id":"https:\/\/blogit.lab.fi\/labfocus\/globaalikasvatus-ja-opettajuus-maailman-myllerryksessa\/#primaryimage"},"thumbnailUrl":"https:\/\/blogit.lab.fi\/labfocus\/wp-content\/uploads\/sites\/8\/2026\/09\/443_2026_Globaalikasvatus-ja-opettajuus-maailman-myllerryksessa.jpg","datePublished":"2026-09-01T10:59:09+00:00","dateModified":"2026-09-01T10:59:10+00:00","breadcrumb":{"@id":"https:\/\/blogit.lab.fi\/labfocus\/globaalikasvatus-ja-opettajuus-maailman-myllerryksessa\/#breadcrumb"},"inLanguage":"fi","potentialAction":[{"@type":"ReadAction","target":["https:\/\/blogit.lab.fi\/labfocus\/globaalikasvatus-ja-opettajuus-maailman-myllerryksessa\/"]}]},{"@type":"ImageObject","inLanguage":"fi","@id":"https:\/\/blogit.lab.fi\/labfocus\/globaalikasvatus-ja-opettajuus-maailman-myllerryksessa\/#primaryimage","url":"https:\/\/blogit.lab.fi\/labfocus\/wp-content\/uploads\/sites\/8\/2026\/09\/443_2026_Globaalikasvatus-ja-opettajuus-maailman-myllerryksessa.jpg","contentUrl":"https:\/\/blogit.lab.fi\/labfocus\/wp-content\/uploads\/sites\/8\/2026\/09\/443_2026_Globaalikasvatus-ja-opettajuus-maailman-myllerryksessa.jpg","width":1280,"height":856},{"@type":"BreadcrumbList","@id":"https:\/\/blogit.lab.fi\/labfocus\/globaalikasvatus-ja-opettajuus-maailman-myllerryksessa\/#breadcrumb","itemListElement":[{"@type":"ListItem","position":1,"name":"Home","item":"https:\/\/blogit.lab.fi\/labfocus\/"},{"@type":"ListItem","position":2,"name":"Globaalikasvatus ja opettajuus maailman myllerryksess\u00e4"}]},{"@type":"WebSite","@id":"https:\/\/blogit.lab.fi\/labfocus\/#website","url":"https:\/\/blogit.lab.fi\/labfocus\/","name":"LAB Focus","description":"Focus Area blog | LAB University of Applied Sciences","publisher":{"@id":"https:\/\/blogit.lab.fi\/labfocus\/#organization"},"potentialAction":[{"@type":"SearchAction","target":{"@type":"EntryPoint","urlTemplate":"https:\/\/blogit.lab.fi\/labfocus\/?s={search_term_string}"},"query-input":{"@type":"PropertyValueSpecification","valueRequired":true,"valueName":"search_term_string"}}],"inLanguage":"fi"},{"@type":"Organization","@id":"https:\/\/blogit.lab.fi\/labfocus\/#organization","name":"LAB Focus","url":"https:\/\/blogit.lab.fi\/labfocus\/","logo":{"@type":"ImageObject","inLanguage":"fi","@id":"https:\/\/blogit.lab.fi\/labfocus\/#\/schema\/logo\/image\/","url":"https:\/\/blogit.lab.fi\/labfocus\/wp-content\/uploads\/sites\/8\/2020\/04\/cropped-cropped-tunnus_blogi-01.png","contentUrl":"https:\/\/blogit.lab.fi\/labfocus\/wp-content\/uploads\/sites\/8\/2020\/04\/cropped-cropped-tunnus_blogi-01.png","width":1342,"height":288,"caption":"LAB Focus"},"image":{"@id":"https:\/\/blogit.lab.fi\/labfocus\/#\/schema\/logo\/image\/"},"sameAs":["https:\/\/x.com\/LABfinland"]},{"@type":"Person","@id":"https:\/\/blogit.lab.fi\/labfocus\/#\/schema\/person\/da729f65c4a2fb9fd8f0b1ec7a2ab7d0","name":"tainask","image":{"@type":"ImageObject","inLanguage":"fi","@id":"https:\/\/secure.gravatar.com\/avatar\/4a96427877ef826b76e80c27f60b266128094f522551459346efcf14282febb3?s=96&d=mm&r=g","url":"https:\/\/secure.gravatar.com\/avatar\/4a96427877ef826b76e80c27f60b266128094f522551459346efcf14282febb3?s=96&d=mm&r=g","contentUrl":"https:\/\/secure.gravatar.com\/avatar\/4a96427877ef826b76e80c27f60b266128094f522551459346efcf14282febb3?s=96&d=mm&r=g","caption":"tainask"},"url":"https:\/\/blogit.lab.fi\/labfocus\/author\/tainask\/"}]}},"_links":{"self":[{"href":"https:\/\/blogit.lab.fi\/labfocus\/wp-json\/wp\/v2\/posts\/28376","targetHints":{"allow":["GET"]}}],"collection":[{"href":"https:\/\/blogit.lab.fi\/labfocus\/wp-json\/wp\/v2\/posts"}],"about":[{"href":"https:\/\/blogit.lab.fi\/labfocus\/wp-json\/wp\/v2\/types\/post"}],"author":[{"embeddable":true,"href":"https:\/\/blogit.lab.fi\/labfocus\/wp-json\/wp\/v2\/users\/17"}],"replies":[{"embeddable":true,"href":"https:\/\/blogit.lab.fi\/labfocus\/wp-json\/wp\/v2\/comments?post=28376"}],"version-history":[{"count":1,"href":"https:\/\/blogit.lab.fi\/labfocus\/wp-json\/wp\/v2\/posts\/28376\/revisions"}],"predecessor-version":[{"id":28378,"href":"https:\/\/blogit.lab.fi\/labfocus\/wp-json\/wp\/v2\/posts\/28376\/revisions\/28378"}],"wp:featuredmedia":[{"embeddable":true,"href":"https:\/\/blogit.lab.fi\/labfocus\/wp-json\/wp\/v2\/media\/28377"}],"wp:attachment":[{"href":"https:\/\/blogit.lab.fi\/labfocus\/wp-json\/wp\/v2\/media?parent=28376"}],"wp:term":[{"taxonomy":"category","embeddable":true,"href":"https:\/\/blogit.lab.fi\/labfocus\/wp-json\/wp\/v2\/categories?post=28376"},{"taxonomy":"post_tag","embeddable":true,"href":"https:\/\/blogit.lab.fi\/labfocus\/wp-json\/wp\/v2\/tags?post=28376"}],"curies":[{"name":"wp","href":"https:\/\/api.w.org\/{rel}","templated":true}]}}