{"id":28387,"date":"2026-09-01T16:18:43","date_gmt":"2026-09-01T13:18:43","guid":{"rendered":"https:\/\/blogit.lab.fi\/labfocus\/?p=28387"},"modified":"2026-09-01T16:18:44","modified_gmt":"2026-09-01T13:18:44","slug":"resilienssi-voimavarana-hoitotyossa","status":"publish","type":"post","link":"https:\/\/blogit.lab.fi\/labfocus\/resilienssi-voimavarana-hoitotyossa\/","title":{"rendered":"Resilienssi voimavarana hoitoty\u00f6ss\u00e4"},"content":{"rendered":"\n<p class=\"wp-block-paragraph\">Sosiaali- ja terveydenhuolto el\u00e4\u00e4 jatkuvassa muutoksessa. V\u00e4est\u00f6n ik\u00e4\u00e4ntyminen, henkil\u00f6st\u00f6pula, teknologian kehittyminen sek\u00e4 asiakkaiden monenlaiset tarpeet haastavat hoitoty\u00f6n ammattilaisia p\u00e4ivitt\u00e4in. He kohtaavat ty\u00f6ss\u00e4\u00e4n tilanteita, joissa vaaditaan nopeaa p\u00e4\u00e4t\u00f6ksentekoa, vahvaa ammatillista osaamista sek\u00e4 kyky\u00e4 toimia paineen alla. N\u00e4iden vaatimusten lis\u00e4ksi yhdeksi t\u00e4rke\u00e4ksi taidoksi nostan my\u00f6s resilienssin.<\/p>\n\n\n\n<h2 class=\"wp-block-heading\">Mit\u00e4 resilienssi on ja miten sit\u00e4 voi vahvistaa?<\/h2>\n\n\n\n<p class=\"wp-block-paragraph\">Aiemmin resilienssi n\u00e4htiin yksil\u00f6n kykyn\u00e4 kest\u00e4\u00e4 vastoink\u00e4ymisi\u00e4 sek\u00e4 selviyty\u00e4 haastavista tilanteista. Nykyisin resilienssi ymm\u00e4rret\u00e4\u00e4n laajempana dynaamisena prosessina. Se rakentuu henkil\u00f6n ominaisuuksista, kokemuksista, voimavaroista, sosiaalisista suhteista, yhteis\u00f6llisest\u00e4 tuesta sek\u00e4 toimintaymp\u00e4rist\u00f6n tarjoamista mahdollisuuksista. Keskeist\u00e4 on my\u00f6s henkil\u00f6n kyky oppia kokemuksistaan, mukautua uusiin tilanteisiin sek\u00e4 l\u00f6yt\u00e4\u00e4 muutosten keskell\u00e4 uusia toimintatapoja. (M\u00e4kipaaso 2021.)<\/p>\n\n\n\n<p class=\"wp-block-paragraph\">Aarnisalo (2026) ja Nietosniitty (2026) m\u00e4\u00e4rittelev\u00e4t resilienssin yksil\u00f6n psyykkiseksi palautumiskyvyksi vaikeuksien kohdatessa. Laajemmin tarkasteltuna resilienssill\u00e4 tarkoitetaan henkist\u00e4 joustavuutta eli kyky\u00e4 selviyty\u00e4 haastavista tilanteista, sopeutua muutoksiin sek\u00e4 yll\u00e4pit\u00e4\u00e4 toimintakyky\u00e4 vastoink\u00e4ymisten aikana ja palautua niist\u00e4.<\/p>\n\n\n\n<p class=\"wp-block-paragraph\">Resilienssi\u00e4 voidaan vahvistaa ja sit\u00e4 vahvistaa pitk\u00e4lti samat asiat kuin ne, jotka tukevat muutenkin henkil\u00f6n hyvinvointia. Yksil\u00f6tasolla psyykkinen joustavuus ja usko omaan pystyvyyteen ovat t\u00e4rkeit\u00e4 resilienssi\u00e4 vahvistavia tekij\u00f6it\u00e4. Sosiaalisen tuen merkitys korostuu, silloin kuin henkil\u00f6 selviytyy suuremmista vastoink\u00e4ymisist\u00e4. T\u00e4m\u00e4n vuoksi on t\u00e4rke\u00e4\u00e4 osata pyyt\u00e4\u00e4 apua ja ottaa sit\u00e4 vastaan. Lis\u00e4ksi on t\u00e4rke\u00e4\u00e4 osata arvioida, millaista apua toivoo saavansa n\u00e4iss\u00e4 tilanteissa. (Aarnisalo 2026.)<\/p>\n\n\n\n<p class=\"wp-block-paragraph\">Hoitoty\u00f6ss\u00e4 resilienssi tulisi ymm\u00e4rt\u00e4\u00e4 my\u00f6s yhteis\u00f6llisen\u00e4 voimana sek\u00e4 yhten\u00e4 johtamisen osatekij\u00e4n\u00e4. Kollegoiden tuki tarjoaa hyv\u00e4n mahdollisuuden jakaa ja tuoda esiin hoitoty\u00f6ss\u00e4 esiin tulleita kokemuksia sek\u00e4 purkaa stressi\u00e4. Tutkijoiden mukaan hoitoty\u00f6n johtajilla on ammatillinen velvollisuus kasvattaa ty\u00f6ntekij\u00e4n, ty\u00f6yhteis\u00f6n ja koko organisaation resilienssi\u00e4. (Grann 2020.)<\/p>\n\n\n\n<h2 class=\"wp-block-heading\">Resilienssi hoitoty\u00f6n koulutuksessa<\/h2>\n\n\n\n<p class=\"wp-block-paragraph\">Hoitoty\u00f6ss\u00e4 resilienssi nousee esiin monin tavoin. Se auttaa hoitoty\u00f6n ammattilaista kohtaamaan vaikeita asiakas- ja potilastilanteita, k\u00e4sittelem\u00e4\u00e4n kuormittavia tilanteita sek\u00e4 yll\u00e4pit\u00e4m\u00e4\u00e4n ty\u00f6kyky\u00e4 muutosten keskell\u00e4. Hoitoty\u00f6n ammattilainen tarvitsee resilienssi\u00e4 esimerkiksi silloin, kun ty\u00f6vuoro on kiireinen, resurssit ovat niukat tai kohdataan vakavasti sairastunut asiakas tai potilas. Hoitoty\u00f6n ammattilainen ei ole ty\u00f6st\u00e4 tulevalle kuormitukselle immuuni. Hoitajan tulee tunnistaa omat rajat ja tarvittaessa h\u00e4nen tulee osata pyyt\u00e4\u00e4 apua muilta.<\/p>\n\n\n\n<p class=\"wp-block-paragraph\">Tulevaisuudessa hoitoty\u00f6n ammattilaiset tarvitsevat kliinisen osaamisen rinnalle taitoja, jotka auttavat toimimaan jatkuvassa muutoksessa. T\u00e4m\u00e4n vuoksi ajattelen, ett\u00e4 resilienssin kehitt\u00e4minen on t\u00e4rke\u00e4 osa hoitoty\u00f6n koulutusta. Hoitoty\u00f6n opiskelijat voivat harjoitella resilienssi\u00e4 simulaatioharjoituksissa sek\u00e4 ty\u00f6el\u00e4m\u00e4\u00e4n suuntautuvilla harjoittelujaksoilla.<\/p>\n\n\n\n<p class=\"wp-block-paragraph\">LAB-ammattikorkeakoulussa simulaatio-opetusta on integroitu useisiin sairaanhoitajakoulutuksen opintojaksoihin. Lis\u00e4ksi tutkintoon sis\u00e4ltyy yhteens\u00e4 75 opintopistett\u00e4 kliinisi\u00e4 harjoittelujaksoja ty\u00f6el\u00e4m\u00e4ss\u00e4. N\u00e4m\u00e4 harjoittelujaksot tarjoavat opiskelijoille hyv\u00e4n mahdollisuuden kehitt\u00e4\u00e4 ammatillista osaamistaan ja resilienssi\u00e4\u00e4n ty\u00f6el\u00e4m\u00e4ymp\u00e4rist\u00f6iss\u00e4.<\/p>\n\n\n\n<h2 class=\"wp-block-heading\">Resilienssi auttaa kohtaamaan hoitoty\u00f6n haasteet<\/h2>\n\n\n\n<p class=\"wp-block-paragraph\">Hoitoty\u00f6n n\u00e4k\u00f6kulmasta resilienssi on keskeinen taito, sill\u00e4 hoitoty\u00f6n ammattilaiset ty\u00f6skentelev\u00e4t alati muuttuvissa ja kuormittavissa ty\u00f6ymp\u00e4rist\u00f6iss\u00e4 sek\u00e4 haastavien hoitoty\u00f6n tilanteiden parissa. &nbsp;N\u00e4iden lis\u00e4ksi hoitoty\u00f6n tekij\u00e4n odotetaan tekev\u00e4n ty\u00f6t\u00e4\u00e4n yh\u00e4 nopeammin.<\/p>\n\n\n\n<p class=\"wp-block-paragraph\">Resilienssi tukee ty\u00f6ss\u00e4 jaksamista, vahvistaa psyykkist\u00e4 hyvinvointia ja auttaa s\u00e4ilytt\u00e4m\u00e4\u00e4n toimintakyvyn my\u00f6s paineen, ep\u00e4varmuuden ja muutosten keskell\u00e4 ja vahvistaa kyky\u00e4 kohdata haastavia asiakas- ja potilastilanteita.<\/p>\n\n\n\n<div class=\"wp-block-group has-background\" style=\"background-color:#b3edfb\"><div class=\"wp-block-group__inner-container is-layout-constrained wp-block-group-is-layout-constrained\">\n<p class=\"wp-block-paragraph\">Kirjoittaja:<\/p>\n\n\n\n<p class=\"wp-block-paragraph\"><strong>Marjut Lintunen<\/strong>\u202ftoimii LAB-ammattikorkeakoulussa hoitoty\u00f6n lehtorina. H\u00e4nen mielenkiintonsa kohteita ovat sis\u00e4tauti-kirurgisen hoitoty\u00f6n koulutuksen ja ty\u00f6el\u00e4m\u00e4l\u00e4ht\u00f6isen koulutuksen kehitt\u00e4minen.<\/p>\n<\/div><\/div>\n\n\n\n<h2 class=\"wp-block-heading\">L\u00e4hteet<\/h2>\n\n\n\n<p class=\"wp-block-paragraph\">Aarnisalo, P. 2026. Resielienssi ja onnellisuus. Duodecim terveyskirjasto. Viitattu 20.8.2026. Saatavissa: <a href=\"https:\/\/www.terveyskirjasto.fi\/ont00012\">https:\/\/www.terveyskirjasto.fi\/ont00012<\/a><\/p>\n\n\n\n<p class=\"wp-block-paragraph\">Ann, H. 2021. Resilience. Artikkelikuva. Pexels. Saatavissa: <a href=\"https:\/\/www.pexels.com\/photo\/printed-text-on-blue-surface-6980428\/\">https:\/\/www.pexels.com\/photo\/printed-text-on-blue-surface-6980428\/<\/a><\/p>\n\n\n\n<p class=\"wp-block-paragraph\">Grann, M. 2020. Hoitoty\u00f6ntekij\u00f6iden resilienssi vanhusty\u00f6n muutoksessa. Gerontologia 3\/2020. Viitattu: 24.8.2026. Saatavissa: <a href=\"\/Users\/z062090\/Downloads\/mrisnen,+keskusteluja_Mirva_Grann_korjattu.pdf\">file:\/\/\/C:\/Users\/z062090\/Downloads\/mrisnen,+keskusteluja_Mirva_Grann_korjattu.pdf<\/a><\/p>\n\n\n\n<p class=\"wp-block-paragraph\">M\u00e4kipaaso, H. 2021. Kotihoidon l\u00e4hihoitajien resilienssi. Pro gradu tutkielma. It\u00e4-Suomen yliopisto. Hoitotieteenlaitos. Viitattu 20.8.2026. Saatavissa: <a href=\"https:\/\/erepo.uef.fi\/server\/api\/core\/bitstreams\/e35541e7-ab3d-459c-905b-17863503c0e8\/content\">https:\/\/erepo.uef.fi\/server\/api\/core\/bitstreams\/e35541e7-ab3d-459c-905b-17863503c0e8\/content<\/a><\/p>\n\n\n\n<p class=\"wp-block-paragraph\">Nietosniitty, J. 2026. Mit\u00e4 reliessi tarkoittaa? Opas kehitt\u00e4miseen. Viitattu: 20.8.2026. Saatavissa: <a href=\"https:\/\/www.aichologist.io\/fi\/aiheet\/resilienssi\/mita-resilienssi-tarkoittaa\/\">https:\/\/www.aichologist.io\/fi\/aiheet\/resilienssi\/mita-resilienssi-tarkoittaa\/<\/a><\/p>\n","protected":false},"excerpt":{"rendered":"<p>Sosiaali- ja terveydenhuolto el\u00e4\u00e4 jatkuvassa muutoksessa. V\u00e4est\u00f6n ik\u00e4\u00e4ntyminen, henkil\u00f6st\u00f6pula, teknologian kehittyminen sek\u00e4 asiakkaiden monenlaiset tarpeet haastavat hoitoty\u00f6n ammattilaisia p\u00e4ivitt\u00e4in. He kohtaavat ty\u00f6ss\u00e4\u00e4n tilanteita, joissa vaaditaan nopeaa p\u00e4\u00e4t\u00f6ksentekoa, vahvaa ammatillista osaamista sek\u00e4 kyky\u00e4 toimia paineen alla. N\u00e4iden vaatimusten lis\u00e4ksi yhdeksi t\u00e4rke\u00e4ksi taidoksi nostan my\u00f6s resilienssin. Mit\u00e4 resilienssi on ja miten sit\u00e4 voi vahvistaa? Aiemmin resilienssi n\u00e4htiin [&hellip;]<\/p>\n","protected":false},"author":32,"featured_media":28388,"comment_status":"closed","ping_status":"open","sticky":false,"template":"","format":"standard","meta":{"footnotes":""},"categories":[15,119],"tags":[9904,531,107,3694],"class_list":["post-28387","post","type-post","status-publish","format-standard","has-post-thumbnail","category-health_fi","category-osallisuuden-edistaminen-ja-turvallinen-arki","tag-artikkeli-d1","tag-hoitotyo","tag-koulutus","tag-resilienssi","czr-hentry"],"yoast_head":"<!-- This site is optimized with the Yoast SEO plugin v28.3 - https:\/\/yoast.com\/product\/yoast-seo-wordpress\/ -->\n<title>Resilienssi voimavarana hoitoty\u00f6ss\u00e4 - LAB Focus<\/title>\n<meta name=\"robots\" content=\"index, follow, max-snippet:-1, max-image-preview:large, max-video-preview:-1\" \/>\n<link rel=\"canonical\" href=\"https:\/\/blogit.lab.fi\/labfocus\/resilienssi-voimavarana-hoitotyossa\/\" \/>\n<meta property=\"og:locale\" content=\"fi_FI\" \/>\n<meta property=\"og:type\" content=\"article\" \/>\n<meta property=\"og:title\" content=\"Resilienssi voimavarana hoitoty\u00f6ss\u00e4 - LAB Focus\" \/>\n<meta property=\"og:description\" content=\"Sosiaali- ja terveydenhuolto el\u00e4\u00e4 jatkuvassa muutoksessa. V\u00e4est\u00f6n ik\u00e4\u00e4ntyminen, henkil\u00f6st\u00f6pula, teknologian kehittyminen sek\u00e4 asiakkaiden monenlaiset tarpeet haastavat hoitoty\u00f6n ammattilaisia p\u00e4ivitt\u00e4in. He kohtaavat ty\u00f6ss\u00e4\u00e4n tilanteita, joissa vaaditaan nopeaa p\u00e4\u00e4t\u00f6ksentekoa, vahvaa ammatillista osaamista sek\u00e4 kyky\u00e4 toimia paineen alla. N\u00e4iden vaatimusten lis\u00e4ksi yhdeksi t\u00e4rke\u00e4ksi taidoksi nostan my\u00f6s resilienssin. Mit\u00e4 resilienssi on ja miten sit\u00e4 voi vahvistaa? Aiemmin resilienssi n\u00e4htiin [&hellip;]\" \/>\n<meta property=\"og:url\" content=\"https:\/\/blogit.lab.fi\/labfocus\/resilienssi-voimavarana-hoitotyossa\/\" \/>\n<meta property=\"og:site_name\" content=\"LAB Focus\" \/>\n<meta property=\"article:published_time\" content=\"2026-09-01T13:18:43+00:00\" \/>\n<meta property=\"article:modified_time\" content=\"2026-09-01T13:18:44+00:00\" \/>\n<meta property=\"og:image\" content=\"https:\/\/blogit.lab.fi\/labfocus\/wp-content\/uploads\/sites\/8\/2026\/09\/445_2026_Resilienssi-voimavarana-hoitotyossa.jpg\" \/>\n\t<meta property=\"og:image:width\" content=\"1280\" \/>\n\t<meta property=\"og:image:height\" content=\"634\" \/>\n\t<meta property=\"og:image:type\" content=\"image\/jpeg\" \/>\n<meta name=\"author\" content=\"heinisa\" \/>\n<meta name=\"twitter:card\" content=\"summary_large_image\" \/>\n<meta name=\"twitter:creator\" content=\"@LABfinland\" \/>\n<meta name=\"twitter:site\" content=\"@LABfinland\" \/>\n<meta name=\"twitter:label1\" content=\"Kirjoittanut\" \/>\n\t<meta name=\"twitter:data1\" content=\"heinisa\" \/>\n\t<meta name=\"twitter:label2\" content=\"Arvioitu lukuaika\" \/>\n\t<meta name=\"twitter:data2\" content=\"4 minuuttia\" \/>\n<script type=\"application\/ld+json\" class=\"yoast-schema-graph\">{\"@context\":\"https:\\\/\\\/schema.org\",\"@graph\":[{\"@type\":\"Article\",\"@id\":\"https:\\\/\\\/blogit.lab.fi\\\/labfocus\\\/resilienssi-voimavarana-hoitotyossa\\\/#article\",\"isPartOf\":{\"@id\":\"https:\\\/\\\/blogit.lab.fi\\\/labfocus\\\/resilienssi-voimavarana-hoitotyossa\\\/\"},\"author\":{\"name\":\"heinisa\",\"@id\":\"https:\\\/\\\/blogit.lab.fi\\\/labfocus\\\/#\\\/schema\\\/person\\\/01a703d7a7f22b0354ec4f4eb4ad4190\"},\"headline\":\"Resilienssi voimavarana hoitoty\u00f6ss\u00e4\",\"datePublished\":\"2026-09-01T13:18:43+00:00\",\"dateModified\":\"2026-09-01T13:18:44+00:00\",\"mainEntityOfPage\":{\"@id\":\"https:\\\/\\\/blogit.lab.fi\\\/labfocus\\\/resilienssi-voimavarana-hoitotyossa\\\/\"},\"wordCount\":676,\"publisher\":{\"@id\":\"https:\\\/\\\/blogit.lab.fi\\\/labfocus\\\/#organization\"},\"image\":{\"@id\":\"https:\\\/\\\/blogit.lab.fi\\\/labfocus\\\/resilienssi-voimavarana-hoitotyossa\\\/#primaryimage\"},\"thumbnailUrl\":\"https:\\\/\\\/blogit.lab.fi\\\/labfocus\\\/wp-content\\\/uploads\\\/sites\\\/8\\\/2026\\\/09\\\/445_2026_Resilienssi-voimavarana-hoitotyossa.jpg\",\"keywords\":[\"Artikkeli D1\",\"hoitoty\u00f6\",\"koulutus\",\"resilienssi\"],\"articleSection\":[\"Health\",\"Osallisuus, ty\u00f6el\u00e4m\u00e4 ja turvallinen arki\"],\"inLanguage\":\"fi\"},{\"@type\":\"WebPage\",\"@id\":\"https:\\\/\\\/blogit.lab.fi\\\/labfocus\\\/resilienssi-voimavarana-hoitotyossa\\\/\",\"url\":\"https:\\\/\\\/blogit.lab.fi\\\/labfocus\\\/resilienssi-voimavarana-hoitotyossa\\\/\",\"name\":\"Resilienssi voimavarana hoitoty\u00f6ss\u00e4 - LAB Focus\",\"isPartOf\":{\"@id\":\"https:\\\/\\\/blogit.lab.fi\\\/labfocus\\\/#website\"},\"primaryImageOfPage\":{\"@id\":\"https:\\\/\\\/blogit.lab.fi\\\/labfocus\\\/resilienssi-voimavarana-hoitotyossa\\\/#primaryimage\"},\"image\":{\"@id\":\"https:\\\/\\\/blogit.lab.fi\\\/labfocus\\\/resilienssi-voimavarana-hoitotyossa\\\/#primaryimage\"},\"thumbnailUrl\":\"https:\\\/\\\/blogit.lab.fi\\\/labfocus\\\/wp-content\\\/uploads\\\/sites\\\/8\\\/2026\\\/09\\\/445_2026_Resilienssi-voimavarana-hoitotyossa.jpg\",\"datePublished\":\"2026-09-01T13:18:43+00:00\",\"dateModified\":\"2026-09-01T13:18:44+00:00\",\"breadcrumb\":{\"@id\":\"https:\\\/\\\/blogit.lab.fi\\\/labfocus\\\/resilienssi-voimavarana-hoitotyossa\\\/#breadcrumb\"},\"inLanguage\":\"fi\",\"potentialAction\":[{\"@type\":\"ReadAction\",\"target\":[\"https:\\\/\\\/blogit.lab.fi\\\/labfocus\\\/resilienssi-voimavarana-hoitotyossa\\\/\"]}]},{\"@type\":\"ImageObject\",\"inLanguage\":\"fi\",\"@id\":\"https:\\\/\\\/blogit.lab.fi\\\/labfocus\\\/resilienssi-voimavarana-hoitotyossa\\\/#primaryimage\",\"url\":\"https:\\\/\\\/blogit.lab.fi\\\/labfocus\\\/wp-content\\\/uploads\\\/sites\\\/8\\\/2026\\\/09\\\/445_2026_Resilienssi-voimavarana-hoitotyossa.jpg\",\"contentUrl\":\"https:\\\/\\\/blogit.lab.fi\\\/labfocus\\\/wp-content\\\/uploads\\\/sites\\\/8\\\/2026\\\/09\\\/445_2026_Resilienssi-voimavarana-hoitotyossa.jpg\",\"width\":1280,\"height\":634},{\"@type\":\"BreadcrumbList\",\"@id\":\"https:\\\/\\\/blogit.lab.fi\\\/labfocus\\\/resilienssi-voimavarana-hoitotyossa\\\/#breadcrumb\",\"itemListElement\":[{\"@type\":\"ListItem\",\"position\":1,\"name\":\"Home\",\"item\":\"https:\\\/\\\/blogit.lab.fi\\\/labfocus\\\/\"},{\"@type\":\"ListItem\",\"position\":2,\"name\":\"Resilienssi voimavarana hoitoty\u00f6ss\u00e4\"}]},{\"@type\":\"WebSite\",\"@id\":\"https:\\\/\\\/blogit.lab.fi\\\/labfocus\\\/#website\",\"url\":\"https:\\\/\\\/blogit.lab.fi\\\/labfocus\\\/\",\"name\":\"LAB Focus\",\"description\":\"Focus Area blog | LAB University of Applied Sciences\",\"publisher\":{\"@id\":\"https:\\\/\\\/blogit.lab.fi\\\/labfocus\\\/#organization\"},\"potentialAction\":[{\"@type\":\"SearchAction\",\"target\":{\"@type\":\"EntryPoint\",\"urlTemplate\":\"https:\\\/\\\/blogit.lab.fi\\\/labfocus\\\/?s={search_term_string}\"},\"query-input\":{\"@type\":\"PropertyValueSpecification\",\"valueRequired\":true,\"valueName\":\"search_term_string\"}}],\"inLanguage\":\"fi\"},{\"@type\":\"Organization\",\"@id\":\"https:\\\/\\\/blogit.lab.fi\\\/labfocus\\\/#organization\",\"name\":\"LAB Focus\",\"url\":\"https:\\\/\\\/blogit.lab.fi\\\/labfocus\\\/\",\"logo\":{\"@type\":\"ImageObject\",\"inLanguage\":\"fi\",\"@id\":\"https:\\\/\\\/blogit.lab.fi\\\/labfocus\\\/#\\\/schema\\\/logo\\\/image\\\/\",\"url\":\"https:\\\/\\\/blogit.lab.fi\\\/labfocus\\\/wp-content\\\/uploads\\\/sites\\\/8\\\/2020\\\/04\\\/cropped-cropped-tunnus_blogi-01.png\",\"contentUrl\":\"https:\\\/\\\/blogit.lab.fi\\\/labfocus\\\/wp-content\\\/uploads\\\/sites\\\/8\\\/2020\\\/04\\\/cropped-cropped-tunnus_blogi-01.png\",\"width\":1342,\"height\":288,\"caption\":\"LAB Focus\"},\"image\":{\"@id\":\"https:\\\/\\\/blogit.lab.fi\\\/labfocus\\\/#\\\/schema\\\/logo\\\/image\\\/\"},\"sameAs\":[\"https:\\\/\\\/x.com\\\/LABfinland\"]},{\"@type\":\"Person\",\"@id\":\"https:\\\/\\\/blogit.lab.fi\\\/labfocus\\\/#\\\/schema\\\/person\\\/01a703d7a7f22b0354ec4f4eb4ad4190\",\"name\":\"heinisa\",\"image\":{\"@type\":\"ImageObject\",\"inLanguage\":\"fi\",\"@id\":\"https:\\\/\\\/secure.gravatar.com\\\/avatar\\\/238710bc619040185eea432882b6f8f41423836c806712ccd71317ce2ddd986f?s=96&d=mm&r=g\",\"url\":\"https:\\\/\\\/secure.gravatar.com\\\/avatar\\\/238710bc619040185eea432882b6f8f41423836c806712ccd71317ce2ddd986f?s=96&d=mm&r=g\",\"contentUrl\":\"https:\\\/\\\/secure.gravatar.com\\\/avatar\\\/238710bc619040185eea432882b6f8f41423836c806712ccd71317ce2ddd986f?s=96&d=mm&r=g\",\"caption\":\"heinisa\"},\"url\":\"https:\\\/\\\/blogit.lab.fi\\\/labfocus\\\/author\\\/heinisa\\\/\"}]}<\/script>\n<!-- \/ Yoast SEO plugin. -->","yoast_head_json":{"title":"Resilienssi voimavarana hoitoty\u00f6ss\u00e4 - LAB Focus","robots":{"index":"index","follow":"follow","max-snippet":"max-snippet:-1","max-image-preview":"max-image-preview:large","max-video-preview":"max-video-preview:-1"},"canonical":"https:\/\/blogit.lab.fi\/labfocus\/resilienssi-voimavarana-hoitotyossa\/","og_locale":"fi_FI","og_type":"article","og_title":"Resilienssi voimavarana hoitoty\u00f6ss\u00e4 - LAB Focus","og_description":"Sosiaali- ja terveydenhuolto el\u00e4\u00e4 jatkuvassa muutoksessa. V\u00e4est\u00f6n ik\u00e4\u00e4ntyminen, henkil\u00f6st\u00f6pula, teknologian kehittyminen sek\u00e4 asiakkaiden monenlaiset tarpeet haastavat hoitoty\u00f6n ammattilaisia p\u00e4ivitt\u00e4in. He kohtaavat ty\u00f6ss\u00e4\u00e4n tilanteita, joissa vaaditaan nopeaa p\u00e4\u00e4t\u00f6ksentekoa, vahvaa ammatillista osaamista sek\u00e4 kyky\u00e4 toimia paineen alla. N\u00e4iden vaatimusten lis\u00e4ksi yhdeksi t\u00e4rke\u00e4ksi taidoksi nostan my\u00f6s resilienssin. Mit\u00e4 resilienssi on ja miten sit\u00e4 voi vahvistaa? Aiemmin resilienssi n\u00e4htiin [&hellip;]","og_url":"https:\/\/blogit.lab.fi\/labfocus\/resilienssi-voimavarana-hoitotyossa\/","og_site_name":"LAB Focus","article_published_time":"2026-09-01T13:18:43+00:00","article_modified_time":"2026-09-01T13:18:44+00:00","og_image":[{"width":1280,"height":634,"url":"https:\/\/blogit.lab.fi\/labfocus\/wp-content\/uploads\/sites\/8\/2026\/09\/445_2026_Resilienssi-voimavarana-hoitotyossa.jpg","type":"image\/jpeg"}],"author":"heinisa","twitter_card":"summary_large_image","twitter_creator":"@LABfinland","twitter_site":"@LABfinland","twitter_misc":{"Kirjoittanut":"heinisa","Arvioitu lukuaika":"4 minuuttia"},"schema":{"@context":"https:\/\/schema.org","@graph":[{"@type":"Article","@id":"https:\/\/blogit.lab.fi\/labfocus\/resilienssi-voimavarana-hoitotyossa\/#article","isPartOf":{"@id":"https:\/\/blogit.lab.fi\/labfocus\/resilienssi-voimavarana-hoitotyossa\/"},"author":{"name":"heinisa","@id":"https:\/\/blogit.lab.fi\/labfocus\/#\/schema\/person\/01a703d7a7f22b0354ec4f4eb4ad4190"},"headline":"Resilienssi voimavarana hoitoty\u00f6ss\u00e4","datePublished":"2026-09-01T13:18:43+00:00","dateModified":"2026-09-01T13:18:44+00:00","mainEntityOfPage":{"@id":"https:\/\/blogit.lab.fi\/labfocus\/resilienssi-voimavarana-hoitotyossa\/"},"wordCount":676,"publisher":{"@id":"https:\/\/blogit.lab.fi\/labfocus\/#organization"},"image":{"@id":"https:\/\/blogit.lab.fi\/labfocus\/resilienssi-voimavarana-hoitotyossa\/#primaryimage"},"thumbnailUrl":"https:\/\/blogit.lab.fi\/labfocus\/wp-content\/uploads\/sites\/8\/2026\/09\/445_2026_Resilienssi-voimavarana-hoitotyossa.jpg","keywords":["Artikkeli D1","hoitoty\u00f6","koulutus","resilienssi"],"articleSection":["Health","Osallisuus, ty\u00f6el\u00e4m\u00e4 ja turvallinen arki"],"inLanguage":"fi"},{"@type":"WebPage","@id":"https:\/\/blogit.lab.fi\/labfocus\/resilienssi-voimavarana-hoitotyossa\/","url":"https:\/\/blogit.lab.fi\/labfocus\/resilienssi-voimavarana-hoitotyossa\/","name":"Resilienssi voimavarana hoitoty\u00f6ss\u00e4 - LAB Focus","isPartOf":{"@id":"https:\/\/blogit.lab.fi\/labfocus\/#website"},"primaryImageOfPage":{"@id":"https:\/\/blogit.lab.fi\/labfocus\/resilienssi-voimavarana-hoitotyossa\/#primaryimage"},"image":{"@id":"https:\/\/blogit.lab.fi\/labfocus\/resilienssi-voimavarana-hoitotyossa\/#primaryimage"},"thumbnailUrl":"https:\/\/blogit.lab.fi\/labfocus\/wp-content\/uploads\/sites\/8\/2026\/09\/445_2026_Resilienssi-voimavarana-hoitotyossa.jpg","datePublished":"2026-09-01T13:18:43+00:00","dateModified":"2026-09-01T13:18:44+00:00","breadcrumb":{"@id":"https:\/\/blogit.lab.fi\/labfocus\/resilienssi-voimavarana-hoitotyossa\/#breadcrumb"},"inLanguage":"fi","potentialAction":[{"@type":"ReadAction","target":["https:\/\/blogit.lab.fi\/labfocus\/resilienssi-voimavarana-hoitotyossa\/"]}]},{"@type":"ImageObject","inLanguage":"fi","@id":"https:\/\/blogit.lab.fi\/labfocus\/resilienssi-voimavarana-hoitotyossa\/#primaryimage","url":"https:\/\/blogit.lab.fi\/labfocus\/wp-content\/uploads\/sites\/8\/2026\/09\/445_2026_Resilienssi-voimavarana-hoitotyossa.jpg","contentUrl":"https:\/\/blogit.lab.fi\/labfocus\/wp-content\/uploads\/sites\/8\/2026\/09\/445_2026_Resilienssi-voimavarana-hoitotyossa.jpg","width":1280,"height":634},{"@type":"BreadcrumbList","@id":"https:\/\/blogit.lab.fi\/labfocus\/resilienssi-voimavarana-hoitotyossa\/#breadcrumb","itemListElement":[{"@type":"ListItem","position":1,"name":"Home","item":"https:\/\/blogit.lab.fi\/labfocus\/"},{"@type":"ListItem","position":2,"name":"Resilienssi voimavarana hoitoty\u00f6ss\u00e4"}]},{"@type":"WebSite","@id":"https:\/\/blogit.lab.fi\/labfocus\/#website","url":"https:\/\/blogit.lab.fi\/labfocus\/","name":"LAB Focus","description":"Focus Area blog | LAB University of Applied Sciences","publisher":{"@id":"https:\/\/blogit.lab.fi\/labfocus\/#organization"},"potentialAction":[{"@type":"SearchAction","target":{"@type":"EntryPoint","urlTemplate":"https:\/\/blogit.lab.fi\/labfocus\/?s={search_term_string}"},"query-input":{"@type":"PropertyValueSpecification","valueRequired":true,"valueName":"search_term_string"}}],"inLanguage":"fi"},{"@type":"Organization","@id":"https:\/\/blogit.lab.fi\/labfocus\/#organization","name":"LAB Focus","url":"https:\/\/blogit.lab.fi\/labfocus\/","logo":{"@type":"ImageObject","inLanguage":"fi","@id":"https:\/\/blogit.lab.fi\/labfocus\/#\/schema\/logo\/image\/","url":"https:\/\/blogit.lab.fi\/labfocus\/wp-content\/uploads\/sites\/8\/2020\/04\/cropped-cropped-tunnus_blogi-01.png","contentUrl":"https:\/\/blogit.lab.fi\/labfocus\/wp-content\/uploads\/sites\/8\/2020\/04\/cropped-cropped-tunnus_blogi-01.png","width":1342,"height":288,"caption":"LAB Focus"},"image":{"@id":"https:\/\/blogit.lab.fi\/labfocus\/#\/schema\/logo\/image\/"},"sameAs":["https:\/\/x.com\/LABfinland"]},{"@type":"Person","@id":"https:\/\/blogit.lab.fi\/labfocus\/#\/schema\/person\/01a703d7a7f22b0354ec4f4eb4ad4190","name":"heinisa","image":{"@type":"ImageObject","inLanguage":"fi","@id":"https:\/\/secure.gravatar.com\/avatar\/238710bc619040185eea432882b6f8f41423836c806712ccd71317ce2ddd986f?s=96&d=mm&r=g","url":"https:\/\/secure.gravatar.com\/avatar\/238710bc619040185eea432882b6f8f41423836c806712ccd71317ce2ddd986f?s=96&d=mm&r=g","contentUrl":"https:\/\/secure.gravatar.com\/avatar\/238710bc619040185eea432882b6f8f41423836c806712ccd71317ce2ddd986f?s=96&d=mm&r=g","caption":"heinisa"},"url":"https:\/\/blogit.lab.fi\/labfocus\/author\/heinisa\/"}]}},"_links":{"self":[{"href":"https:\/\/blogit.lab.fi\/labfocus\/wp-json\/wp\/v2\/posts\/28387","targetHints":{"allow":["GET"]}}],"collection":[{"href":"https:\/\/blogit.lab.fi\/labfocus\/wp-json\/wp\/v2\/posts"}],"about":[{"href":"https:\/\/blogit.lab.fi\/labfocus\/wp-json\/wp\/v2\/types\/post"}],"author":[{"embeddable":true,"href":"https:\/\/blogit.lab.fi\/labfocus\/wp-json\/wp\/v2\/users\/32"}],"replies":[{"embeddable":true,"href":"https:\/\/blogit.lab.fi\/labfocus\/wp-json\/wp\/v2\/comments?post=28387"}],"version-history":[{"count":1,"href":"https:\/\/blogit.lab.fi\/labfocus\/wp-json\/wp\/v2\/posts\/28387\/revisions"}],"predecessor-version":[{"id":28389,"href":"https:\/\/blogit.lab.fi\/labfocus\/wp-json\/wp\/v2\/posts\/28387\/revisions\/28389"}],"wp:featuredmedia":[{"embeddable":true,"href":"https:\/\/blogit.lab.fi\/labfocus\/wp-json\/wp\/v2\/media\/28388"}],"wp:attachment":[{"href":"https:\/\/blogit.lab.fi\/labfocus\/wp-json\/wp\/v2\/media?parent=28387"}],"wp:term":[{"taxonomy":"category","embeddable":true,"href":"https:\/\/blogit.lab.fi\/labfocus\/wp-json\/wp\/v2\/categories?post=28387"},{"taxonomy":"post_tag","embeddable":true,"href":"https:\/\/blogit.lab.fi\/labfocus\/wp-json\/wp\/v2\/tags?post=28387"}],"curies":[{"name":"wp","href":"https:\/\/api.w.org\/{rel}","templated":true}]}}