{"id":28390,"date":"2026-09-02T10:27:23","date_gmt":"2026-09-02T07:27:23","guid":{"rendered":"https:\/\/blogit.lab.fi\/labfocus\/?p=28390"},"modified":"2026-09-02T10:27:25","modified_gmt":"2026-09-02T07:27:25","slug":"yritykset-lajitteluviidakossa","status":"publish","type":"post","link":"https:\/\/blogit.lab.fi\/labfocus\/yritykset-lajitteluviidakossa\/","title":{"rendered":"Yritykset lajitteluviidakossa"},"content":{"rendered":"\n<p class=\"wp-block-paragraph\">Ilmastonmuutoksen ja luontokadon merkitt\u00e4vin syy l\u00f6ytyy ylikulutuksesta, ja me suomalaiset olemme ik\u00e4v\u00e4 kyll\u00e4 maailman k\u00e4rkikastissa t\u00e4ss\u00e4. Asukaslukua kohden meid\u00e4n luonnonvarojen kulutus ylitt\u00e4\u00e4 reilusti globaalit rajat, verrataan niit\u00e4 sitten muihin Euroopan maihin tai koko maailmaan. (Toiskallio 2024.) Suomessa j\u00e4tepolitiikan tavoitteena on varmistaa, ettei j\u00e4tteist\u00e4 aiheudu haittaa terveydelle ja ymp\u00e4rist\u00f6lle; tavoitteena on my\u00f6s edist\u00e4\u00e4 luonnonvarojen kest\u00e4v\u00e4\u00e4 k\u00e4ytt\u00f6\u00e4, ja t\u00e4t\u00e4 varten on laadittu j\u00e4telaki. (Ymp\u00e4rist\u00f6ministeri\u00f6 2026.)<\/p>\n\n\n\n<p class=\"wp-block-paragraph\">RosKarelia \u2500 my\u00f6 lajitellaan (LAB 2026) on LAB-ammattikorkeakoulun, Lappeenrannan kaupungin, Etel\u00e4-Karjalan j\u00e4tehuollon ja Etel\u00e4-Karjalan liiton yhteinen hanke, jonka tarkoituksena on tukea yrityksi\u00e4 j\u00e4tteen v\u00e4hent\u00e4misess\u00e4 ja lajittelun tehostamisessa. Tavoitteena on edist\u00e4\u00e4 Etel\u00e4-Karjalan elinvoimaa ja kest\u00e4vyytt\u00e4 kehitt\u00e4m\u00e4ll\u00e4 uusia ratkaisuja yritysten materiaalikierr\u00e4tykseen. Hankkeessa on jo tehty pohjakartoitusta siit\u00e4, millaisia tapoja yrityksill\u00e4 on kierr\u00e4tt\u00e4\u00e4 ja millaisia haasteita niiss\u00e4 on. T\u00e4m\u00e4 jatkuu laajempana nyt syksyll\u00e4 2026, kun varsinaisesti jalkaudumme kiert\u00e4m\u00e4\u00e4n eri yrityksiss\u00e4.<\/p>\n\n\n\n<p class=\"wp-block-paragraph\">Eri alojen yrityksill\u00e4 on erilaisia haasteita; yhden suurin j\u00e4tem\u00e4\u00e4r\u00e4 tulee metallista, toisen bioj\u00e4tteest\u00e4 ja kolmannella jostain muusta. Yhteenvedon pohjakartoituksesta saamme siis my\u00f6hemmin.<\/p>\n\n\n\n<figure class=\"wp-block-image size-large\"><img loading=\"lazy\" decoding=\"async\" width=\"1024\" height=\"512\" src=\"https:\/\/blogit.lab.fi\/labfocus\/wp-content\/uploads\/sites\/8\/2026\/09\/442_2026_Yritykset-lajitteluviidakossa-1024x512.jpg\" alt=\"[Alt-teksti: tyylitelty kuva roska-astioista, joiden vieress\u00e4 on teksti v\u00e4henn\u00e4, k\u00e4yt\u00e4 uudelleen, kierr\u00e4t\u00e4, toista.]\" class=\"wp-image-28391\" srcset=\"https:\/\/blogit.lab.fi\/labfocus\/wp-content\/uploads\/sites\/8\/2026\/09\/442_2026_Yritykset-lajitteluviidakossa-1024x512.jpg 1024w, https:\/\/blogit.lab.fi\/labfocus\/wp-content\/uploads\/sites\/8\/2026\/09\/442_2026_Yritykset-lajitteluviidakossa-300x150.jpg 300w, https:\/\/blogit.lab.fi\/labfocus\/wp-content\/uploads\/sites\/8\/2026\/09\/442_2026_Yritykset-lajitteluviidakossa-768x384.jpg 768w, https:\/\/blogit.lab.fi\/labfocus\/wp-content\/uploads\/sites\/8\/2026\/09\/442_2026_Yritykset-lajitteluviidakossa-570x285.jpg 570w, https:\/\/blogit.lab.fi\/labfocus\/wp-content\/uploads\/sites\/8\/2026\/09\/442_2026_Yritykset-lajitteluviidakossa.jpg 1280w\" sizes=\"auto, (max-width: 1024px) 100vw, 1024px\" \/><figcaption class=\"wp-element-caption\">Kuva 1. Kierr\u00e4tyksen s\u00e4\u00e4nn\u00f6t. (Kuva: Minna Tynkkynen)<\/figcaption><\/figure>\n\n\n\n<h2 class=\"wp-block-heading\">Toimenpiteit\u00e4 luonnonvarojen suojelemiseksi<\/h2>\n\n\n\n<p class=\"wp-block-paragraph\">Miten t\u00e4m\u00e4n ylikulutuksen saisi loppumaan? Yksinkertaisin tapa on laittaa riitt\u00e4v\u00e4n iso hintalappu luonnonvarojen k\u00e4yt\u00f6lle ja siit\u00e4 aiheutuville haitoille. Ylikulutustamme ei voi selitt\u00e4\u00e4 pohjoisella sijainnilla, suomalaisen teollisuuden profiililla tai v\u00e4est\u00f6tiheydell\u00e4, k\u00e4yt\u00e4mme yksinkertaisesti liikaa raaka-aineita, sanoo Jussi Nikula, joka on yksi Fair Finnish Footprint -raportin p\u00e4\u00e4kirjoittajista. H\u00e4n toteaa my\u00f6s kiertotaloustoimien voimakkaalla vahvistamisella sek\u00e4 kest\u00e4vyyssiirtym\u00e4n oikeudenmukaisuudesta huolehtimisella olevan suuri merkitys hinnoittelun lis\u00e4ksi. (Toiskallio 2024.)<\/p>\n\n\n\n<p class=\"wp-block-paragraph\">Tuottajavastuu on osa yrityksen yhteiskuntavastuuta, ja se on lakis\u00e4\u00e4teist\u00e4. Se mahdollistaa kuluttajille vaivattoman ja maksuttoman tuotteiden kierr\u00e4tyksen, joka taas auttaa v\u00e4hent\u00e4m\u00e4\u00e4n luonnonvarojen ylikulutusta. Tuottajavastuu koskee muun muassa erilaisten pakkausten, s\u00e4hk\u00f6- ja elektroniikkalaitteiden sek\u00e4 akkujen ja paristojen valmistajia. Tuottajavastuun hoitaminen ei ole sit\u00e4, ett\u00e4 hankkii j\u00e4teastioita tuotannon tiloihin, vaan tiettyjen tuotteiden tuottajien tulee liitty\u00e4 tuottajayhteis\u00f6ihin, joiden kautta tuotteet lopulta kierr\u00e4tet\u00e4\u00e4n ja jotka raportoivat t\u00e4st\u00e4 valvoville viranomaisille vuosittain. (Lupa- ja valvontavirasto 2026.)<\/p>\n\n\n\n<h2 class=\"wp-block-heading\">Kohti selke\u00e4\u00e4 lajitteluopasta<\/h2>\n\n\n\n<p class=\"wp-block-paragraph\">Ent\u00e4 ne tuhannet yritykset, joilla ei ole tuottajavastuuta? Kaikilla yrityksill\u00e4 on kuitenkin ymp\u00e4rist\u00f6vastuita ja -velvoitteita. Yritykset, jotka eiv\u00e4t tuota paljoa tavanomaista yhdyskuntaj\u00e4tett\u00e4 ja sijaitsevat asuinkiinteist\u00f6iss\u00e4 tai kauppakeskuksissa, voivat j\u00e4rjest\u00e4\u00e4 j\u00e4tehuollon kiinteist\u00f6n kanssa. Jos yritys sijaitsee muualla, kuten omalla tontilla, on yrityksen teht\u00e4v\u00e4 erillinen j\u00e4tteenk\u00e4sittelysopimus ja hankittava kiinteist\u00f6lle asianmukaiset j\u00e4teastiat. Yrityksen on j\u00e4rjestett\u00e4v\u00e4 paperi-, kartonki-, lasi-, metalli-, muovi- ja bioj\u00e4tteen erillisker\u00e4ys, sek\u00e4 tietysti kierr\u00e4tett\u00e4v\u00e4 erikseen vaarallinen j\u00e4te, kuten akut, \u00f6ljyt ja maalit. Toiminnan mukaan voi olla my\u00f6s erityisi\u00e4 velvoitteita kierr\u00e4tykselle, kuten elintarvikerasvaj\u00e4te, joka tulee ker\u00e4t\u00e4 talteen erityisen rasvanerottimen avulla. (Suomi.fi 2026)<\/p>\n\n\n\n<p class=\"wp-block-paragraph\">Hakemalla kierr\u00e4tysopasta yrityksille netist\u00e4 t\u00f6rm\u00e4\u00e4 usein vai lakiin ja s\u00e4\u00e4nn\u00f6ksiin, eik\u00e4 selkokielist\u00e4 opasta l\u00f6ydy ainakaan helpolla. Yksi RosKarelian tavoitteista onkin selvitt\u00e4\u00e4, millaisia selkokielisi\u00e4 kierr\u00e4tysoppaita yritykset tarvitsevat, ja auttaa yrityksi\u00e4 nopeiden kokeiluiden avulla kierr\u00e4tyspulmissa. Tuloksena syntyy yrityksille ja asuinkerrostaloille lajitteluopas, jota voidaan jakaa koko Etel\u00e4-Karjalan alueella. (LAB 2026.)<\/p>\n\n\n\n<div class=\"wp-block-group\"><div class=\"wp-block-group__inner-container is-layout-constrained wp-block-group-is-layout-constrained\">\n<div class=\"wp-block-group has-background\" style=\"background-color:#b3edfb\"><div class=\"wp-block-group__inner-container is-layout-constrained wp-block-group-is-layout-constrained\">\n<p class=\"wp-block-paragraph\">Kirjoittaja<\/p>\n\n\n\n<p class=\"wp-block-paragraph\"><strong>Minna Tynkkynen<\/strong> on LAB-ammattikorkeakoulun liiketoimintayksik\u00f6n TKI-asiantuntija, joka toimii RosKarelia-hankkeessa yritysrajapinnassa.<\/p>\n<\/div><\/div>\n<\/div><\/div>\n\n\n<div class=\"wp-block-image\">\n<figure class=\"aligncenter size-full is-resized\"><img loading=\"lazy\" decoding=\"async\" width=\"1000\" height=\"210\" src=\"https:\/\/blogit.lab.fi\/labfocus\/wp-content\/uploads\/sites\/8\/2026\/09\/Euroopan-unionin-osarahoittama-vaaka-keltatahdet_fi.jpg\" alt=\"\" class=\"wp-image-28392\" style=\"aspect-ratio:4.762001933197293;width:297px;height:auto\" srcset=\"https:\/\/blogit.lab.fi\/labfocus\/wp-content\/uploads\/sites\/8\/2026\/09\/Euroopan-unionin-osarahoittama-vaaka-keltatahdet_fi.jpg 1000w, https:\/\/blogit.lab.fi\/labfocus\/wp-content\/uploads\/sites\/8\/2026\/09\/Euroopan-unionin-osarahoittama-vaaka-keltatahdet_fi-300x63.jpg 300w, https:\/\/blogit.lab.fi\/labfocus\/wp-content\/uploads\/sites\/8\/2026\/09\/Euroopan-unionin-osarahoittama-vaaka-keltatahdet_fi-767x161.jpg 767w, https:\/\/blogit.lab.fi\/labfocus\/wp-content\/uploads\/sites\/8\/2026\/09\/Euroopan-unionin-osarahoittama-vaaka-keltatahdet_fi-570x120.jpg 570w\" sizes=\"auto, (max-width: 1000px) 100vw, 1000px\" \/><\/figure>\n<\/div>\n\n<div class=\"wp-block-image\">\n<figure class=\"aligncenter size-large is-resized\"><img loading=\"lazy\" decoding=\"async\" width=\"1024\" height=\"361\" src=\"https:\/\/blogit.lab.fi\/labfocus\/wp-content\/uploads\/sites\/8\/2026\/09\/etela-karjalan-liitto-1024x361.jpg\" alt=\"\" class=\"wp-image-28393\" style=\"aspect-ratio:2.836606743010684;width:326px;height:auto\" srcset=\"https:\/\/blogit.lab.fi\/labfocus\/wp-content\/uploads\/sites\/8\/2026\/09\/etela-karjalan-liitto-1024x361.jpg 1024w, https:\/\/blogit.lab.fi\/labfocus\/wp-content\/uploads\/sites\/8\/2026\/09\/etela-karjalan-liitto-300x106.jpg 300w, https:\/\/blogit.lab.fi\/labfocus\/wp-content\/uploads\/sites\/8\/2026\/09\/etela-karjalan-liitto-767x270.jpg 767w, https:\/\/blogit.lab.fi\/labfocus\/wp-content\/uploads\/sites\/8\/2026\/09\/etela-karjalan-liitto-570x201.jpg 570w, https:\/\/blogit.lab.fi\/labfocus\/wp-content\/uploads\/sites\/8\/2026\/09\/etela-karjalan-liitto.jpg 1082w\" sizes=\"auto, (max-width: 1024px) 100vw, 1024px\" \/><\/figure>\n<\/div>\n\n\n<h2 class=\"wp-block-heading\">L\u00e4hteet<\/h2>\n\n\n\n<p class=\"wp-block-paragraph\">LAB. 2026. RosKarelia \u2500 my\u00f6 lajitellaan. Viitattu 25.8.2026. Saatavissa <a href=\"https:\/\/lab.fi\/fi\/projekti\/roskarelia-myo-lajitellaan\">https:\/\/lab.fi\/fi\/projekti\/roskarelia-myo-lajitellaan<\/a><\/p>\n\n\n\n<p class=\"wp-block-paragraph\">Lupa- ja valvontavirasto. 2026. N\u00e4in hoidat tuottajavastuun. Viitattu 25.8.2026. Saatavissa <a href=\"https:\/\/lvv.fi\/ymparisto\/nain-hoidat-tuottajavastuun\">https:\/\/lvv.fi\/ymparisto\/nain-hoidat-tuottajavastuun<\/a><\/p>\n\n\n\n<p class=\"wp-block-paragraph\">Suomi.fi. 2026. Yrityksen j\u00e4tehuollon j\u00e4rjest\u00e4minen. Viitattu 25.8.2026. Saatavissa <a href=\"https:\/\/www.suomi.fi\/yritykselle\/vastuut-ja-velvollisuudet\/ymparistovastuut-ja-velvoitteet\/opas\/yrityksen-jatehuolto\/yrityksen-jatehuollon-jarjestaminen\">https:\/\/www.suomi.fi\/yritykselle\/vastuut-ja-velvollisuudet\/ymparistovastuut-ja-velvoitteet\/opas\/yrityksen-jatehuolto\/yrityksen-jatehuollon-jarjestaminen<\/a><\/p>\n\n\n\n<p class=\"wp-block-paragraph\">Toiskallio, T. 2026. Raportti: Suomalainen luonnonvarojen kulutus selv\u00e4sti Euroopan maiden keskiarvoa korkeampaa. WWF. Viitattu 24.8.2026. Saatavissa <a href=\"https:\/\/wwf.fi\/uutiset\/2024\/06\/raportti-suomalainen-luonnonvarojen-kulutus-selvasti-euroopan-maiden-keskiarvoa-korkeampaa\/\">https:\/\/wwf.fi\/uutiset\/2024\/06\/raportti-suomalainen-luonnonvarojen-kulutus-selvasti-euroopan-maiden-keskiarvoa-korkeampaa\/<\/a><\/p>\n","protected":false},"excerpt":{"rendered":"<p>Ilmastonmuutoksen ja luontokadon merkitt\u00e4vin syy l\u00f6ytyy ylikulutuksesta, ja me suomalaiset olemme ik\u00e4v\u00e4 kyll\u00e4 maailman k\u00e4rkikastissa t\u00e4ss\u00e4. Asukaslukua kohden meid\u00e4n luonnonvarojen kulutus ylitt\u00e4\u00e4 reilusti globaalit rajat, verrataan niit\u00e4 sitten muihin Euroopan maihin tai koko maailmaan. (Toiskallio 2024.) Suomessa j\u00e4tepolitiikan tavoitteena on varmistaa, ettei j\u00e4tteist\u00e4 aiheudu haittaa terveydelle ja ymp\u00e4rist\u00f6lle; tavoitteena on my\u00f6s edist\u00e4\u00e4 luonnonvarojen kest\u00e4v\u00e4\u00e4 k\u00e4ytt\u00f6\u00e4, [&hellip;]<\/p>\n","protected":false},"author":17,"featured_media":28391,"comment_status":"closed","ping_status":"open","sticky":false,"template":"","format":"standard","meta":{"footnotes":""},"categories":[23,33],"tags":[9904,6170,13328,13330,526],"class_list":["post-28390","post","type-post","status-publish","format-standard","has-post-thumbnail","category-circular-economy_fi","category-kestavat-yhteisot","tag-artikkeli-d1","tag-lajittelu","tag-roskarelia","tag-ylikulutus","tag-yritykset","czr-hentry"],"yoast_head":"<!-- This site is optimized with the Yoast SEO plugin v28.4 - https:\/\/yoast.com\/product\/yoast-seo-wordpress\/ -->\n<title>Yritykset lajitteluviidakossa - LAB Focus<\/title>\n<meta name=\"robots\" content=\"index, follow, max-snippet:-1, max-image-preview:large, max-video-preview:-1\" \/>\n<link rel=\"canonical\" href=\"https:\/\/blogit.lab.fi\/labfocus\/yritykset-lajitteluviidakossa\/\" \/>\n<meta property=\"og:locale\" content=\"fi_FI\" \/>\n<meta property=\"og:type\" content=\"article\" \/>\n<meta property=\"og:title\" content=\"Yritykset lajitteluviidakossa - LAB Focus\" \/>\n<meta property=\"og:description\" content=\"Ilmastonmuutoksen ja luontokadon merkitt\u00e4vin syy l\u00f6ytyy ylikulutuksesta, ja me suomalaiset olemme ik\u00e4v\u00e4 kyll\u00e4 maailman k\u00e4rkikastissa t\u00e4ss\u00e4. Asukaslukua kohden meid\u00e4n luonnonvarojen kulutus ylitt\u00e4\u00e4 reilusti globaalit rajat, verrataan niit\u00e4 sitten muihin Euroopan maihin tai koko maailmaan. (Toiskallio 2024.) Suomessa j\u00e4tepolitiikan tavoitteena on varmistaa, ettei j\u00e4tteist\u00e4 aiheudu haittaa terveydelle ja ymp\u00e4rist\u00f6lle; tavoitteena on my\u00f6s edist\u00e4\u00e4 luonnonvarojen kest\u00e4v\u00e4\u00e4 k\u00e4ytt\u00f6\u00e4, [&hellip;]\" \/>\n<meta property=\"og:url\" content=\"https:\/\/blogit.lab.fi\/labfocus\/yritykset-lajitteluviidakossa\/\" \/>\n<meta property=\"og:site_name\" content=\"LAB Focus\" \/>\n<meta property=\"article:published_time\" content=\"2026-09-02T07:27:23+00:00\" \/>\n<meta property=\"article:modified_time\" content=\"2026-09-02T07:27:25+00:00\" \/>\n<meta property=\"og:image\" content=\"https:\/\/blogit.lab.fi\/labfocus\/wp-content\/uploads\/sites\/8\/2026\/09\/442_2026_Yritykset-lajitteluviidakossa.jpg\" \/>\n\t<meta property=\"og:image:width\" content=\"1280\" \/>\n\t<meta property=\"og:image:height\" content=\"640\" \/>\n\t<meta property=\"og:image:type\" content=\"image\/jpeg\" \/>\n<meta name=\"author\" content=\"tainask\" \/>\n<meta name=\"twitter:card\" content=\"summary_large_image\" \/>\n<meta name=\"twitter:creator\" content=\"@LABfinland\" \/>\n<meta name=\"twitter:site\" content=\"@LABfinland\" \/>\n<meta name=\"twitter:label1\" content=\"Kirjoittanut\" \/>\n\t<meta name=\"twitter:data1\" content=\"tainask\" \/>\n\t<meta name=\"twitter:label2\" content=\"Arvioitu lukuaika\" \/>\n\t<meta name=\"twitter:data2\" content=\"4 minuuttia\" \/>\n<script type=\"application\/ld+json\" class=\"yoast-schema-graph\">{\"@context\":\"https:\\\/\\\/schema.org\",\"@graph\":[{\"@type\":\"Article\",\"@id\":\"https:\\\/\\\/blogit.lab.fi\\\/labfocus\\\/yritykset-lajitteluviidakossa\\\/#article\",\"isPartOf\":{\"@id\":\"https:\\\/\\\/blogit.lab.fi\\\/labfocus\\\/yritykset-lajitteluviidakossa\\\/\"},\"author\":{\"name\":\"tainask\",\"@id\":\"https:\\\/\\\/blogit.lab.fi\\\/labfocus\\\/#\\\/schema\\\/person\\\/da729f65c4a2fb9fd8f0b1ec7a2ab7d0\"},\"headline\":\"Yritykset lajitteluviidakossa\",\"datePublished\":\"2026-09-02T07:27:23+00:00\",\"dateModified\":\"2026-09-02T07:27:25+00:00\",\"mainEntityOfPage\":{\"@id\":\"https:\\\/\\\/blogit.lab.fi\\\/labfocus\\\/yritykset-lajitteluviidakossa\\\/\"},\"wordCount\":605,\"publisher\":{\"@id\":\"https:\\\/\\\/blogit.lab.fi\\\/labfocus\\\/#organization\"},\"image\":{\"@id\":\"https:\\\/\\\/blogit.lab.fi\\\/labfocus\\\/yritykset-lajitteluviidakossa\\\/#primaryimage\"},\"thumbnailUrl\":\"https:\\\/\\\/blogit.lab.fi\\\/labfocus\\\/wp-content\\\/uploads\\\/sites\\\/8\\\/2026\\\/09\\\/442_2026_Yritykset-lajitteluviidakossa.jpg\",\"keywords\":[\"Artikkeli D1\",\"lajittelu\",\"RosKarelia\",\"ylikulutus\",\"yritykset\"],\"articleSection\":[\"Circular Economy\",\"Kest\u00e4v\u00e4t yhteis\u00f6t\"],\"inLanguage\":\"fi\"},{\"@type\":\"WebPage\",\"@id\":\"https:\\\/\\\/blogit.lab.fi\\\/labfocus\\\/yritykset-lajitteluviidakossa\\\/\",\"url\":\"https:\\\/\\\/blogit.lab.fi\\\/labfocus\\\/yritykset-lajitteluviidakossa\\\/\",\"name\":\"Yritykset lajitteluviidakossa - LAB Focus\",\"isPartOf\":{\"@id\":\"https:\\\/\\\/blogit.lab.fi\\\/labfocus\\\/#website\"},\"primaryImageOfPage\":{\"@id\":\"https:\\\/\\\/blogit.lab.fi\\\/labfocus\\\/yritykset-lajitteluviidakossa\\\/#primaryimage\"},\"image\":{\"@id\":\"https:\\\/\\\/blogit.lab.fi\\\/labfocus\\\/yritykset-lajitteluviidakossa\\\/#primaryimage\"},\"thumbnailUrl\":\"https:\\\/\\\/blogit.lab.fi\\\/labfocus\\\/wp-content\\\/uploads\\\/sites\\\/8\\\/2026\\\/09\\\/442_2026_Yritykset-lajitteluviidakossa.jpg\",\"datePublished\":\"2026-09-02T07:27:23+00:00\",\"dateModified\":\"2026-09-02T07:27:25+00:00\",\"breadcrumb\":{\"@id\":\"https:\\\/\\\/blogit.lab.fi\\\/labfocus\\\/yritykset-lajitteluviidakossa\\\/#breadcrumb\"},\"inLanguage\":\"fi\",\"potentialAction\":[{\"@type\":\"ReadAction\",\"target\":[\"https:\\\/\\\/blogit.lab.fi\\\/labfocus\\\/yritykset-lajitteluviidakossa\\\/\"]}]},{\"@type\":\"ImageObject\",\"inLanguage\":\"fi\",\"@id\":\"https:\\\/\\\/blogit.lab.fi\\\/labfocus\\\/yritykset-lajitteluviidakossa\\\/#primaryimage\",\"url\":\"https:\\\/\\\/blogit.lab.fi\\\/labfocus\\\/wp-content\\\/uploads\\\/sites\\\/8\\\/2026\\\/09\\\/442_2026_Yritykset-lajitteluviidakossa.jpg\",\"contentUrl\":\"https:\\\/\\\/blogit.lab.fi\\\/labfocus\\\/wp-content\\\/uploads\\\/sites\\\/8\\\/2026\\\/09\\\/442_2026_Yritykset-lajitteluviidakossa.jpg\",\"width\":1280,\"height\":640},{\"@type\":\"BreadcrumbList\",\"@id\":\"https:\\\/\\\/blogit.lab.fi\\\/labfocus\\\/yritykset-lajitteluviidakossa\\\/#breadcrumb\",\"itemListElement\":[{\"@type\":\"ListItem\",\"position\":1,\"name\":\"Home\",\"item\":\"https:\\\/\\\/blogit.lab.fi\\\/labfocus\\\/\"},{\"@type\":\"ListItem\",\"position\":2,\"name\":\"Yritykset lajitteluviidakossa\"}]},{\"@type\":\"WebSite\",\"@id\":\"https:\\\/\\\/blogit.lab.fi\\\/labfocus\\\/#website\",\"url\":\"https:\\\/\\\/blogit.lab.fi\\\/labfocus\\\/\",\"name\":\"LAB Focus\",\"description\":\"Focus Area blog | LAB University of Applied Sciences\",\"publisher\":{\"@id\":\"https:\\\/\\\/blogit.lab.fi\\\/labfocus\\\/#organization\"},\"potentialAction\":[{\"@type\":\"SearchAction\",\"target\":{\"@type\":\"EntryPoint\",\"urlTemplate\":\"https:\\\/\\\/blogit.lab.fi\\\/labfocus\\\/?s={search_term_string}\"},\"query-input\":{\"@type\":\"PropertyValueSpecification\",\"valueRequired\":true,\"valueName\":\"search_term_string\"}}],\"inLanguage\":\"fi\"},{\"@type\":\"Organization\",\"@id\":\"https:\\\/\\\/blogit.lab.fi\\\/labfocus\\\/#organization\",\"name\":\"LAB Focus\",\"url\":\"https:\\\/\\\/blogit.lab.fi\\\/labfocus\\\/\",\"logo\":{\"@type\":\"ImageObject\",\"inLanguage\":\"fi\",\"@id\":\"https:\\\/\\\/blogit.lab.fi\\\/labfocus\\\/#\\\/schema\\\/logo\\\/image\\\/\",\"url\":\"https:\\\/\\\/blogit.lab.fi\\\/labfocus\\\/wp-content\\\/uploads\\\/sites\\\/8\\\/2020\\\/04\\\/cropped-cropped-tunnus_blogi-01.png\",\"contentUrl\":\"https:\\\/\\\/blogit.lab.fi\\\/labfocus\\\/wp-content\\\/uploads\\\/sites\\\/8\\\/2020\\\/04\\\/cropped-cropped-tunnus_blogi-01.png\",\"width\":1342,\"height\":288,\"caption\":\"LAB Focus\"},\"image\":{\"@id\":\"https:\\\/\\\/blogit.lab.fi\\\/labfocus\\\/#\\\/schema\\\/logo\\\/image\\\/\"},\"sameAs\":[\"https:\\\/\\\/x.com\\\/LABfinland\"]},{\"@type\":\"Person\",\"@id\":\"https:\\\/\\\/blogit.lab.fi\\\/labfocus\\\/#\\\/schema\\\/person\\\/da729f65c4a2fb9fd8f0b1ec7a2ab7d0\",\"name\":\"tainask\",\"image\":{\"@type\":\"ImageObject\",\"inLanguage\":\"fi\",\"@id\":\"https:\\\/\\\/secure.gravatar.com\\\/avatar\\\/4a96427877ef826b76e80c27f60b266128094f522551459346efcf14282febb3?s=96&d=mm&r=g\",\"url\":\"https:\\\/\\\/secure.gravatar.com\\\/avatar\\\/4a96427877ef826b76e80c27f60b266128094f522551459346efcf14282febb3?s=96&d=mm&r=g\",\"contentUrl\":\"https:\\\/\\\/secure.gravatar.com\\\/avatar\\\/4a96427877ef826b76e80c27f60b266128094f522551459346efcf14282febb3?s=96&d=mm&r=g\",\"caption\":\"tainask\"},\"url\":\"https:\\\/\\\/blogit.lab.fi\\\/labfocus\\\/author\\\/tainask\\\/\"}]}<\/script>\n<!-- \/ Yoast SEO plugin. -->","yoast_head_json":{"title":"Yritykset lajitteluviidakossa - LAB Focus","robots":{"index":"index","follow":"follow","max-snippet":"max-snippet:-1","max-image-preview":"max-image-preview:large","max-video-preview":"max-video-preview:-1"},"canonical":"https:\/\/blogit.lab.fi\/labfocus\/yritykset-lajitteluviidakossa\/","og_locale":"fi_FI","og_type":"article","og_title":"Yritykset lajitteluviidakossa - LAB Focus","og_description":"Ilmastonmuutoksen ja luontokadon merkitt\u00e4vin syy l\u00f6ytyy ylikulutuksesta, ja me suomalaiset olemme ik\u00e4v\u00e4 kyll\u00e4 maailman k\u00e4rkikastissa t\u00e4ss\u00e4. Asukaslukua kohden meid\u00e4n luonnonvarojen kulutus ylitt\u00e4\u00e4 reilusti globaalit rajat, verrataan niit\u00e4 sitten muihin Euroopan maihin tai koko maailmaan. (Toiskallio 2024.) Suomessa j\u00e4tepolitiikan tavoitteena on varmistaa, ettei j\u00e4tteist\u00e4 aiheudu haittaa terveydelle ja ymp\u00e4rist\u00f6lle; tavoitteena on my\u00f6s edist\u00e4\u00e4 luonnonvarojen kest\u00e4v\u00e4\u00e4 k\u00e4ytt\u00f6\u00e4, [&hellip;]","og_url":"https:\/\/blogit.lab.fi\/labfocus\/yritykset-lajitteluviidakossa\/","og_site_name":"LAB Focus","article_published_time":"2026-09-02T07:27:23+00:00","article_modified_time":"2026-09-02T07:27:25+00:00","og_image":[{"width":1280,"height":640,"url":"https:\/\/blogit.lab.fi\/labfocus\/wp-content\/uploads\/sites\/8\/2026\/09\/442_2026_Yritykset-lajitteluviidakossa.jpg","type":"image\/jpeg"}],"author":"tainask","twitter_card":"summary_large_image","twitter_creator":"@LABfinland","twitter_site":"@LABfinland","twitter_misc":{"Kirjoittanut":"tainask","Arvioitu lukuaika":"4 minuuttia"},"schema":{"@context":"https:\/\/schema.org","@graph":[{"@type":"Article","@id":"https:\/\/blogit.lab.fi\/labfocus\/yritykset-lajitteluviidakossa\/#article","isPartOf":{"@id":"https:\/\/blogit.lab.fi\/labfocus\/yritykset-lajitteluviidakossa\/"},"author":{"name":"tainask","@id":"https:\/\/blogit.lab.fi\/labfocus\/#\/schema\/person\/da729f65c4a2fb9fd8f0b1ec7a2ab7d0"},"headline":"Yritykset lajitteluviidakossa","datePublished":"2026-09-02T07:27:23+00:00","dateModified":"2026-09-02T07:27:25+00:00","mainEntityOfPage":{"@id":"https:\/\/blogit.lab.fi\/labfocus\/yritykset-lajitteluviidakossa\/"},"wordCount":605,"publisher":{"@id":"https:\/\/blogit.lab.fi\/labfocus\/#organization"},"image":{"@id":"https:\/\/blogit.lab.fi\/labfocus\/yritykset-lajitteluviidakossa\/#primaryimage"},"thumbnailUrl":"https:\/\/blogit.lab.fi\/labfocus\/wp-content\/uploads\/sites\/8\/2026\/09\/442_2026_Yritykset-lajitteluviidakossa.jpg","keywords":["Artikkeli D1","lajittelu","RosKarelia","ylikulutus","yritykset"],"articleSection":["Circular Economy","Kest\u00e4v\u00e4t yhteis\u00f6t"],"inLanguage":"fi"},{"@type":"WebPage","@id":"https:\/\/blogit.lab.fi\/labfocus\/yritykset-lajitteluviidakossa\/","url":"https:\/\/blogit.lab.fi\/labfocus\/yritykset-lajitteluviidakossa\/","name":"Yritykset lajitteluviidakossa - LAB Focus","isPartOf":{"@id":"https:\/\/blogit.lab.fi\/labfocus\/#website"},"primaryImageOfPage":{"@id":"https:\/\/blogit.lab.fi\/labfocus\/yritykset-lajitteluviidakossa\/#primaryimage"},"image":{"@id":"https:\/\/blogit.lab.fi\/labfocus\/yritykset-lajitteluviidakossa\/#primaryimage"},"thumbnailUrl":"https:\/\/blogit.lab.fi\/labfocus\/wp-content\/uploads\/sites\/8\/2026\/09\/442_2026_Yritykset-lajitteluviidakossa.jpg","datePublished":"2026-09-02T07:27:23+00:00","dateModified":"2026-09-02T07:27:25+00:00","breadcrumb":{"@id":"https:\/\/blogit.lab.fi\/labfocus\/yritykset-lajitteluviidakossa\/#breadcrumb"},"inLanguage":"fi","potentialAction":[{"@type":"ReadAction","target":["https:\/\/blogit.lab.fi\/labfocus\/yritykset-lajitteluviidakossa\/"]}]},{"@type":"ImageObject","inLanguage":"fi","@id":"https:\/\/blogit.lab.fi\/labfocus\/yritykset-lajitteluviidakossa\/#primaryimage","url":"https:\/\/blogit.lab.fi\/labfocus\/wp-content\/uploads\/sites\/8\/2026\/09\/442_2026_Yritykset-lajitteluviidakossa.jpg","contentUrl":"https:\/\/blogit.lab.fi\/labfocus\/wp-content\/uploads\/sites\/8\/2026\/09\/442_2026_Yritykset-lajitteluviidakossa.jpg","width":1280,"height":640},{"@type":"BreadcrumbList","@id":"https:\/\/blogit.lab.fi\/labfocus\/yritykset-lajitteluviidakossa\/#breadcrumb","itemListElement":[{"@type":"ListItem","position":1,"name":"Home","item":"https:\/\/blogit.lab.fi\/labfocus\/"},{"@type":"ListItem","position":2,"name":"Yritykset lajitteluviidakossa"}]},{"@type":"WebSite","@id":"https:\/\/blogit.lab.fi\/labfocus\/#website","url":"https:\/\/blogit.lab.fi\/labfocus\/","name":"LAB Focus","description":"Focus Area blog | LAB University of Applied Sciences","publisher":{"@id":"https:\/\/blogit.lab.fi\/labfocus\/#organization"},"potentialAction":[{"@type":"SearchAction","target":{"@type":"EntryPoint","urlTemplate":"https:\/\/blogit.lab.fi\/labfocus\/?s={search_term_string}"},"query-input":{"@type":"PropertyValueSpecification","valueRequired":true,"valueName":"search_term_string"}}],"inLanguage":"fi"},{"@type":"Organization","@id":"https:\/\/blogit.lab.fi\/labfocus\/#organization","name":"LAB Focus","url":"https:\/\/blogit.lab.fi\/labfocus\/","logo":{"@type":"ImageObject","inLanguage":"fi","@id":"https:\/\/blogit.lab.fi\/labfocus\/#\/schema\/logo\/image\/","url":"https:\/\/blogit.lab.fi\/labfocus\/wp-content\/uploads\/sites\/8\/2020\/04\/cropped-cropped-tunnus_blogi-01.png","contentUrl":"https:\/\/blogit.lab.fi\/labfocus\/wp-content\/uploads\/sites\/8\/2020\/04\/cropped-cropped-tunnus_blogi-01.png","width":1342,"height":288,"caption":"LAB Focus"},"image":{"@id":"https:\/\/blogit.lab.fi\/labfocus\/#\/schema\/logo\/image\/"},"sameAs":["https:\/\/x.com\/LABfinland"]},{"@type":"Person","@id":"https:\/\/blogit.lab.fi\/labfocus\/#\/schema\/person\/da729f65c4a2fb9fd8f0b1ec7a2ab7d0","name":"tainask","image":{"@type":"ImageObject","inLanguage":"fi","@id":"https:\/\/secure.gravatar.com\/avatar\/4a96427877ef826b76e80c27f60b266128094f522551459346efcf14282febb3?s=96&d=mm&r=g","url":"https:\/\/secure.gravatar.com\/avatar\/4a96427877ef826b76e80c27f60b266128094f522551459346efcf14282febb3?s=96&d=mm&r=g","contentUrl":"https:\/\/secure.gravatar.com\/avatar\/4a96427877ef826b76e80c27f60b266128094f522551459346efcf14282febb3?s=96&d=mm&r=g","caption":"tainask"},"url":"https:\/\/blogit.lab.fi\/labfocus\/author\/tainask\/"}]}},"_links":{"self":[{"href":"https:\/\/blogit.lab.fi\/labfocus\/wp-json\/wp\/v2\/posts\/28390","targetHints":{"allow":["GET"]}}],"collection":[{"href":"https:\/\/blogit.lab.fi\/labfocus\/wp-json\/wp\/v2\/posts"}],"about":[{"href":"https:\/\/blogit.lab.fi\/labfocus\/wp-json\/wp\/v2\/types\/post"}],"author":[{"embeddable":true,"href":"https:\/\/blogit.lab.fi\/labfocus\/wp-json\/wp\/v2\/users\/17"}],"replies":[{"embeddable":true,"href":"https:\/\/blogit.lab.fi\/labfocus\/wp-json\/wp\/v2\/comments?post=28390"}],"version-history":[{"count":3,"href":"https:\/\/blogit.lab.fi\/labfocus\/wp-json\/wp\/v2\/posts\/28390\/revisions"}],"predecessor-version":[{"id":28396,"href":"https:\/\/blogit.lab.fi\/labfocus\/wp-json\/wp\/v2\/posts\/28390\/revisions\/28396"}],"wp:featuredmedia":[{"embeddable":true,"href":"https:\/\/blogit.lab.fi\/labfocus\/wp-json\/wp\/v2\/media\/28391"}],"wp:attachment":[{"href":"https:\/\/blogit.lab.fi\/labfocus\/wp-json\/wp\/v2\/media?parent=28390"}],"wp:term":[{"taxonomy":"category","embeddable":true,"href":"https:\/\/blogit.lab.fi\/labfocus\/wp-json\/wp\/v2\/categories?post=28390"},{"taxonomy":"post_tag","embeddable":true,"href":"https:\/\/blogit.lab.fi\/labfocus\/wp-json\/wp\/v2\/tags?post=28390"}],"curies":[{"name":"wp","href":"https:\/\/api.w.org\/{rel}","templated":true}]}}