{"id":28397,"date":"2026-09-02T13:01:48","date_gmt":"2026-09-02T10:01:48","guid":{"rendered":"https:\/\/blogit.lab.fi\/labfocus\/?p=28397"},"modified":"2026-09-02T13:01:49","modified_gmt":"2026-09-02T10:01:49","slug":"oikeudenkaynti-siirtyy-osittain-verkkoon","status":"publish","type":"post","link":"https:\/\/blogit.lab.fi\/labfocus\/oikeudenkaynti-siirtyy-osittain-verkkoon\/","title":{"rendered":"Oikeudenk\u00e4ynti siirtyy osittain verkkoon"},"content":{"rendered":"\n<p class=\"wp-block-paragraph\">Tuomioistuimet ottivat vuonna 2025 askeleen kohti digitaalisempaa oikeudenk\u00e4ynti\u00e4. Lakimuutokset laajensivat et\u00e4yhteyksien k\u00e4ytt\u00f6\u00e4 merkitt\u00e4v\u00e4sti, mik\u00e4 mahdollistaa oikeudenk\u00e4yntien toteuttamisen aiempaa joustavammin ilman kaikkien osapuolten fyysist\u00e4 l\u00e4sn\u00e4oloa tuomioistuimessa. Muutokset ulottuvat aina rikosasioista riita-asioihin (Oikeusministeri\u00f6 2022).<\/p>\n\n\n\n<p class=\"wp-block-paragraph\">Uudistusten tavoitteena on tehd\u00e4 oikeudenk\u00e4ynnist\u00e4 nykyist\u00e4 tehokkaampaa vaarantamatta silti oikeudenmukaisen oikeudenk\u00e4ynnin toteutumista. Et\u00e4yhteyksien ja digitaalisten ty\u00f6skentelytapojen monipuolisempi k\u00e4ytt\u00f6 kytkeytyy laajempaan kehitykseen, jossa pyrit\u00e4\u00e4n nopeuttamaan asioiden k\u00e4sittely\u00e4 ja parantamaan tuomioistuinten toiminnan sujuvuutta (Valtioneuvosto 2024).<\/p>\n\n\n\n<h2 class=\"wp-block-heading\">Oikeussali ei en\u00e4\u00e4 sido tuomaria tiettyyn paikkaan<\/h2>\n\n\n\n<p class=\"wp-block-paragraph\">Merkitt\u00e4vin uudistus lienee se, ett\u00e4 tuomioistuimen j\u00e4sen voi osallistua suulliseen k\u00e4sittelyyn et\u00e4yhteyden v\u00e4lityksell\u00e4. Aiemmin l\u00e4ht\u00f6kohtana oli tuomioistuimen j\u00e4senten fyysinen l\u00e4sn\u00e4olo istuntosalissa. Jatkossa tuomari voi tietyin edellytyksin osallistua k\u00e4sittelyyn toisesta paikasta luotettavan tietoliikenneyhteyden avulla. Tavoitteena on parantaa tuomioistuinten toimintakyky\u00e4 tilanteissa, joissa fyysinen l\u00e4sn\u00e4olo ei ole v\u00e4ltt\u00e4m\u00e4t\u00f6nt\u00e4 asian k\u00e4sittelemiseksi (Valtioneuvosto 2024).<\/p>\n\n\n\n<p class=\"wp-block-paragraph\">My\u00f6s koko ratkaisukokoonpano voi osallistua k\u00e4sittelyyn et\u00e4yhteydell\u00e4 silloin, kun laissa s\u00e4\u00e4detyt edellytykset t\u00e4yttyv\u00e4t. T\u00e4m\u00e4 mahdollistaa aiempaa suuremman toiminnallisen joustavuuden sek\u00e4 asioiden tehokkaan k\u00e4sittelyn erilaisissa toimintaymp\u00e4rist\u00f6iss\u00e4 (OK 2:15 \u00a7).<\/p>\n\n\n\n<figure class=\"wp-block-image size-large\"><img loading=\"lazy\" decoding=\"async\" width=\"1024\" height=\"583\" src=\"https:\/\/blogit.lab.fi\/labfocus\/wp-content\/uploads\/sites\/8\/2026\/09\/446_2026_Oikeudenkaynti-siirtyy-osittain-verkkoon-1024x583.jpg\" alt=\"\" class=\"wp-image-28398\" srcset=\"https:\/\/blogit.lab.fi\/labfocus\/wp-content\/uploads\/sites\/8\/2026\/09\/446_2026_Oikeudenkaynti-siirtyy-osittain-verkkoon-1024x583.jpg 1024w, https:\/\/blogit.lab.fi\/labfocus\/wp-content\/uploads\/sites\/8\/2026\/09\/446_2026_Oikeudenkaynti-siirtyy-osittain-verkkoon-300x171.jpg 300w, https:\/\/blogit.lab.fi\/labfocus\/wp-content\/uploads\/sites\/8\/2026\/09\/446_2026_Oikeudenkaynti-siirtyy-osittain-verkkoon-767x437.jpg 767w, https:\/\/blogit.lab.fi\/labfocus\/wp-content\/uploads\/sites\/8\/2026\/09\/446_2026_Oikeudenkaynti-siirtyy-osittain-verkkoon-570x325.jpg 570w, https:\/\/blogit.lab.fi\/labfocus\/wp-content\/uploads\/sites\/8\/2026\/09\/446_2026_Oikeudenkaynti-siirtyy-osittain-verkkoon.jpg 1280w\" sizes=\"auto, (max-width: 1024px) 100vw, 1024px\" \/><figcaption class=\"wp-element-caption\">Kuva 1. Et\u00e4yhteyksien toivotaan jopa nopeuttavan oikeusprosesseja. (Mohamed_hassan 2020)<\/figcaption><\/figure>\n\n\n\n<h2 class=\"wp-block-heading\">Todistajien ja asianosaisten et\u00e4kuuleminen helpottuu<\/h2>\n\n\n\n<p class=\"wp-block-paragraph\">Oikeudenk\u00e4ynneiss\u00e4 on jo aikaisemminkin voitu k\u00e4ytt\u00e4\u00e4 videoyhteyksi\u00e4, mutta vuonna 2025 voimaan tulleet muutokset laajensivat merkitt\u00e4v\u00e4sti niiden k\u00e4ytt\u00f6mahdollisuuksia. Esimerkiksi suullinen todistelu voidaan vastaanottaa aiempaa helpommin et\u00e4yhteyden v\u00e4lityksell\u00e4 (Valtioneuvosto 2024).<\/p>\n\n\n\n<p class=\"wp-block-paragraph\">K\u00e4yt\u00e4nn\u00f6ss\u00e4 t\u00e4m\u00e4 tarkoittaa, ett\u00e4 todistaja, asiantuntija tai muu kuultava henkil\u00f6 voi osallistua oikeudenk\u00e4yntiin toiselta paikkakunnalta ilman matkustamista tuomioistuimeen. Erityisesti asiantuntijatodistelussa ja laajoissa riita-asioissa muutos voi v\u00e4hent\u00e4\u00e4 huomattavasti oikeudenk\u00e4ynnin kustannuksia ja k\u00e4sittelyn viiv\u00e4stymist\u00e4 (Valtioneuvosto 2024).<\/p>\n\n\n\n<p class=\"wp-block-paragraph\">My\u00f6s p\u00e4\u00e4k\u00e4sittelyst\u00e4 pois j\u00e4\u00e4nytt\u00e4 henkil\u00f6\u00e4 voidaan tietyiss\u00e4 tilanteissa kuulla puhelimitse. T\u00e4ll\u00e4 pyrit\u00e4\u00e4n v\u00e4ltt\u00e4m\u00e4\u00e4n asian k\u00e4sittelyn lykk\u00e4\u00e4ntyminen poissaolon vuoksi (HE 63\/2024).<\/p>\n\n\n\n<h2 class=\"wp-block-heading\">Asianosaisen et\u00e4osallistuminen ei aina edellyt\u00e4 suostumusta<\/h2>\n\n\n\n<p class=\"wp-block-paragraph\">Tuomioistuimella on nykyisin aiempaa laajempi harkintavalta toteuttaa asianosaisen osallistuminen et\u00e4yhteyden v\u00e4lityksell\u00e4. Uusi s\u00e4\u00e4ntely mahdollistaa sen, ettei asianosaisen et\u00e4osallistuminen en\u00e4\u00e4 edellyt\u00e4 suostumusta, mik\u00e4 laajentaa tuomioistuimen mahdollisuuksia j\u00e4rjest\u00e4\u00e4 k\u00e4sittely tarkoituksenmukaisella tavalla (OK 2:15 \u00a7).<\/p>\n\n\n\n<p class=\"wp-block-paragraph\">Oikeuslaitos voi hy\u00f6dynt\u00e4\u00e4 et\u00e4yhteyksi\u00e4 silloin, kun ne edist\u00e4v\u00e4t asian joutuisampaa k\u00e4sittely\u00e4 ilman, ett\u00e4 oikeusturva tai oikeudenk\u00e4ynnin asianmukaisuus vaarantuu. Lopullinen ratkaisu et\u00e4menettelyn k\u00e4ytt\u00e4misest\u00e4 j\u00e4\u00e4 kuitenkin tuomioistuimen tapauskohtaisen harkinnan varaan (Valtioneuvosto 2024).<\/p>\n\n\n\n<h2 class=\"wp-block-heading\">Kohti digitaalista oikeudenk\u00e4ynti\u00e4<\/h2>\n\n\n\n<p class=\"wp-block-paragraph\">Et\u00e4yhteyksien k\u00e4ytt\u00f6\u00e4 koskevat uudistukset ovat osa oikeudenhoidon laajempaa digitalisaatiota. Tavoitteena on tehd\u00e4 oikeudenk\u00e4ynneist\u00e4 aiempaa sujuvampia v\u00e4hent\u00e4m\u00e4ll\u00e4 matkustamista, lyhent\u00e4m\u00e4ll\u00e4 k\u00e4sittelyaikoja ja parantamalla tuomioistuinten resurssien tehokasta hy\u00f6dynt\u00e4mist\u00e4. Samalla lains\u00e4\u00e4d\u00e4nt\u00f6 korostaa, ett\u00e4 teknologian hy\u00f6dynt\u00e4minen ei saa vaarantaa asianosaisten oikeusturvaa eik\u00e4 oikeudenmukaisen oikeudenk\u00e4ynnin keskeisi\u00e4 periaatteita.<\/p>\n\n\n\n<p class=\"wp-block-paragraph\">K\u00e4yt\u00e4nn\u00f6ss\u00e4 uudistukset merkitsev\u00e4t sit\u00e4, ett\u00e4 monet tulevaisuuden oikeudenk\u00e4ynnit voidaan toteuttaa osittain tai kokonaan et\u00e4yhteyksien avulla. Erityisen suuria vaikutuksia muutoksilla voidaan odottaa olevan laajoissa riita-asioissa, asiantuntijakuulemisiin perustuvissa jutuissa sek\u00e4 tilanteissa, joissa osapuolet sijaitsevat eri puolilla Suomea (HE 63\/2024).<\/p>\n\n\n\n<p class=\"wp-block-paragraph\">LAB-ammattikorkeakoulussa opetetaan my\u00f6s rikos- ja prosessioikeutta. Osana kurssia on oikeudenk\u00e4ynnin seuraaminen paikan p\u00e4\u00e4ll\u00e4.<\/p>\n\n\n\n<div class=\"wp-block-group has-background\" style=\"background-color:#b3edfb\"><div class=\"wp-block-group__inner-container is-layout-constrained wp-block-group-is-layout-constrained\">\n<p class=\"wp-block-paragraph\">Kirjoittaja<\/p>\n\n\n\n<p class=\"wp-block-paragraph\"><strong>Jarmo Kemppinen<\/strong> toimii juridiikan lehtorina LAB-ammattikorkeakoulun liiketoimintayksik\u00f6ss\u00e4.<\/p>\n<\/div><\/div>\n\n\n\n<h2 class=\"wp-block-heading\">L\u00e4hteet<\/h2>\n\n\n\n<p class=\"wp-block-paragraph\">Hallituksen esitys eduskunnalle et\u00e4yhteyksien k\u00e4yt\u00f6n edist\u00e4mist\u00e4 oikeudenk\u00e4ynneiss\u00e4 yleisiss\u00e4 tuomioistuimissa koskevaksi lains\u00e4\u00e4d\u00e4nn\u00f6ksi HE 63\/2024. Viitattu 25.8.2026. Saatavissa <a href=\"https:\/\/www.finlex.fi\/fi\/hallituksen-esitykset\/2024\/63\">https:\/\/www.finlex.fi\/fi\/hallituksen-esitykset\/2024\/63<\/a><\/p>\n\n\n\n<p class=\"wp-block-paragraph\">Mohamed_hassan. 2020. Videokonferenssi, puhelu verkossa. Pixabay. Viitattu 31.8.2026. Saatavissa <a href=\"https:\/\/pixabay.com\/fi\/illustrations\/video-konferenssi-puhelu-verkossa-5059159\/\">https:\/\/pixabay.com\/fi\/illustrations\/video-konferenssi-puhelu-verkossa-5059159\/<\/a><\/p>\n\n\n\n<p class=\"wp-block-paragraph\">Oikeudenk\u00e4ymiskaari 4\/1734, 2 luku Et\u00e4yhteydet oikeudenk\u00e4ynniss\u00e4, 14\u201315 \u00a7 (laki 886\/2024). Viitattu 25.8.2026. Saatavissa <a href=\"https:\/\/www.finlex.fi\/fi\/lainsaadanto\/1734\/4-000#chp_2__sec_14\">https:\/\/www.finlex.fi\/fi\/lainsaadanto\/1734\/4-000#chp_2__sec_14<\/a><\/p>\n\n\n\n<p class=\"wp-block-paragraph\">Oikeusministeri\u00f6. 2022. Et\u00e4yhteydet oikeudenk\u00e4ynneiss\u00e4 yleisiss\u00e4 tuomioistuimissa. OM075:00\/2022. Viitattu 25.8.2026. Saatavissa <a href=\"https:\/\/oikeusministerio.fi\/hanke?tunnus=OM075:00\/2022\">https:\/\/oikeusministerio.fi\/hanke?tunnus=OM075:00\/2022<\/a><\/p>\n\n\n\n<p class=\"wp-block-paragraph\">Valtioneuvosto. 2024. Et\u00e4yhteyksien k\u00e4ytt\u00f6 sujuvoittaisi oikeudenk\u00e4yntej\u00e4. Oikeusministeri\u00f6. Tiedote 10.1.2024. Viitattu 25.8.2026. Saatavissa <a href=\"https:\/\/valtioneuvosto.fi\/-\/1410853\/etayhteyksien-kaytto-sujuvoittaisi-oikeudenkaynteja\">https:\/\/valtioneuvosto.fi\/-\/1410853\/etayhteyksien-kaytto-sujuvoittaisi-oikeudenkaynteja<\/a><\/p>\n","protected":false},"excerpt":{"rendered":"<p>Tuomioistuimet ottivat vuonna 2025 askeleen kohti digitaalisempaa oikeudenk\u00e4ynti\u00e4. Lakimuutokset laajensivat et\u00e4yhteyksien k\u00e4ytt\u00f6\u00e4 merkitt\u00e4v\u00e4sti, mik\u00e4 mahdollistaa oikeudenk\u00e4yntien toteuttamisen aiempaa joustavammin ilman kaikkien osapuolten fyysist\u00e4 l\u00e4sn\u00e4oloa tuomioistuimessa. Muutokset ulottuvat aina rikosasioista riita-asioihin (Oikeusministeri\u00f6 2022). Uudistusten tavoitteena on tehd\u00e4 oikeudenk\u00e4ynnist\u00e4 nykyist\u00e4 tehokkaampaa vaarantamatta silti oikeudenmukaisen oikeudenk\u00e4ynnin toteutumista. Et\u00e4yhteyksien ja digitaalisten ty\u00f6skentelytapojen monipuolisempi k\u00e4ytt\u00f6 kytkeytyy laajempaan kehitykseen, jossa pyrit\u00e4\u00e4n [&hellip;]<\/p>\n","protected":false},"author":17,"featured_media":28398,"comment_status":"closed","ping_status":"open","sticky":false,"template":"","format":"standard","meta":{"footnotes":""},"categories":[43],"tags":[9904,137,12194,13332],"class_list":["post-28397","post","type-post","status-publish","format-standard","has-post-thumbnail","category-yleinen-fi","tag-artikkeli-d1","tag-digitalisaatio","tag-etayhteys","tag-oikeudenkaynti","czr-hentry"],"yoast_head":"<!-- This site is optimized with the Yoast SEO plugin v28.4 - https:\/\/yoast.com\/product\/yoast-seo-wordpress\/ -->\n<title>Oikeudenk\u00e4ynti siirtyy osittain verkkoon - LAB Focus<\/title>\n<meta name=\"robots\" content=\"index, follow, max-snippet:-1, max-image-preview:large, max-video-preview:-1\" \/>\n<link rel=\"canonical\" href=\"https:\/\/blogit.lab.fi\/labfocus\/oikeudenkaynti-siirtyy-osittain-verkkoon\/\" \/>\n<meta property=\"og:locale\" content=\"fi_FI\" \/>\n<meta property=\"og:type\" content=\"article\" \/>\n<meta property=\"og:title\" content=\"Oikeudenk\u00e4ynti siirtyy osittain verkkoon - LAB Focus\" \/>\n<meta property=\"og:description\" content=\"Tuomioistuimet ottivat vuonna 2025 askeleen kohti digitaalisempaa oikeudenk\u00e4ynti\u00e4. Lakimuutokset laajensivat et\u00e4yhteyksien k\u00e4ytt\u00f6\u00e4 merkitt\u00e4v\u00e4sti, mik\u00e4 mahdollistaa oikeudenk\u00e4yntien toteuttamisen aiempaa joustavammin ilman kaikkien osapuolten fyysist\u00e4 l\u00e4sn\u00e4oloa tuomioistuimessa. Muutokset ulottuvat aina rikosasioista riita-asioihin (Oikeusministeri\u00f6 2022). Uudistusten tavoitteena on tehd\u00e4 oikeudenk\u00e4ynnist\u00e4 nykyist\u00e4 tehokkaampaa vaarantamatta silti oikeudenmukaisen oikeudenk\u00e4ynnin toteutumista. Et\u00e4yhteyksien ja digitaalisten ty\u00f6skentelytapojen monipuolisempi k\u00e4ytt\u00f6 kytkeytyy laajempaan kehitykseen, jossa pyrit\u00e4\u00e4n [&hellip;]\" \/>\n<meta property=\"og:url\" content=\"https:\/\/blogit.lab.fi\/labfocus\/oikeudenkaynti-siirtyy-osittain-verkkoon\/\" \/>\n<meta property=\"og:site_name\" content=\"LAB Focus\" \/>\n<meta property=\"article:published_time\" content=\"2026-09-02T10:01:48+00:00\" \/>\n<meta property=\"article:modified_time\" content=\"2026-09-02T10:01:49+00:00\" \/>\n<meta property=\"og:image\" content=\"https:\/\/blogit.lab.fi\/labfocus\/wp-content\/uploads\/sites\/8\/2026\/09\/446_2026_Oikeudenkaynti-siirtyy-osittain-verkkoon.jpg\" \/>\n\t<meta property=\"og:image:width\" content=\"1280\" \/>\n\t<meta property=\"og:image:height\" content=\"729\" \/>\n\t<meta property=\"og:image:type\" content=\"image\/jpeg\" \/>\n<meta name=\"author\" content=\"tainask\" \/>\n<meta name=\"twitter:card\" content=\"summary_large_image\" \/>\n<meta name=\"twitter:creator\" content=\"@LABfinland\" \/>\n<meta name=\"twitter:site\" content=\"@LABfinland\" \/>\n<meta name=\"twitter:label1\" content=\"Kirjoittanut\" \/>\n\t<meta name=\"twitter:data1\" content=\"tainask\" \/>\n\t<meta name=\"twitter:label2\" content=\"Arvioitu lukuaika\" \/>\n\t<meta name=\"twitter:data2\" content=\"4 minuuttia\" \/>\n<script type=\"application\/ld+json\" class=\"yoast-schema-graph\">{\"@context\":\"https:\\\/\\\/schema.org\",\"@graph\":[{\"@type\":\"Article\",\"@id\":\"https:\\\/\\\/blogit.lab.fi\\\/labfocus\\\/oikeudenkaynti-siirtyy-osittain-verkkoon\\\/#article\",\"isPartOf\":{\"@id\":\"https:\\\/\\\/blogit.lab.fi\\\/labfocus\\\/oikeudenkaynti-siirtyy-osittain-verkkoon\\\/\"},\"author\":{\"name\":\"tainask\",\"@id\":\"https:\\\/\\\/blogit.lab.fi\\\/labfocus\\\/#\\\/schema\\\/person\\\/da729f65c4a2fb9fd8f0b1ec7a2ab7d0\"},\"headline\":\"Oikeudenk\u00e4ynti siirtyy osittain verkkoon\",\"datePublished\":\"2026-09-02T10:01:48+00:00\",\"dateModified\":\"2026-09-02T10:01:49+00:00\",\"mainEntityOfPage\":{\"@id\":\"https:\\\/\\\/blogit.lab.fi\\\/labfocus\\\/oikeudenkaynti-siirtyy-osittain-verkkoon\\\/\"},\"wordCount\":617,\"publisher\":{\"@id\":\"https:\\\/\\\/blogit.lab.fi\\\/labfocus\\\/#organization\"},\"image\":{\"@id\":\"https:\\\/\\\/blogit.lab.fi\\\/labfocus\\\/oikeudenkaynti-siirtyy-osittain-verkkoon\\\/#primaryimage\"},\"thumbnailUrl\":\"https:\\\/\\\/blogit.lab.fi\\\/labfocus\\\/wp-content\\\/uploads\\\/sites\\\/8\\\/2026\\\/09\\\/446_2026_Oikeudenkaynti-siirtyy-osittain-verkkoon.jpg\",\"keywords\":[\"Artikkeli D1\",\"digitalisaatio\",\"et\u00e4yhteys\",\"oikeudenk\u00e4ynti\"],\"inLanguage\":\"fi\"},{\"@type\":\"WebPage\",\"@id\":\"https:\\\/\\\/blogit.lab.fi\\\/labfocus\\\/oikeudenkaynti-siirtyy-osittain-verkkoon\\\/\",\"url\":\"https:\\\/\\\/blogit.lab.fi\\\/labfocus\\\/oikeudenkaynti-siirtyy-osittain-verkkoon\\\/\",\"name\":\"Oikeudenk\u00e4ynti siirtyy osittain verkkoon - LAB Focus\",\"isPartOf\":{\"@id\":\"https:\\\/\\\/blogit.lab.fi\\\/labfocus\\\/#website\"},\"primaryImageOfPage\":{\"@id\":\"https:\\\/\\\/blogit.lab.fi\\\/labfocus\\\/oikeudenkaynti-siirtyy-osittain-verkkoon\\\/#primaryimage\"},\"image\":{\"@id\":\"https:\\\/\\\/blogit.lab.fi\\\/labfocus\\\/oikeudenkaynti-siirtyy-osittain-verkkoon\\\/#primaryimage\"},\"thumbnailUrl\":\"https:\\\/\\\/blogit.lab.fi\\\/labfocus\\\/wp-content\\\/uploads\\\/sites\\\/8\\\/2026\\\/09\\\/446_2026_Oikeudenkaynti-siirtyy-osittain-verkkoon.jpg\",\"datePublished\":\"2026-09-02T10:01:48+00:00\",\"dateModified\":\"2026-09-02T10:01:49+00:00\",\"breadcrumb\":{\"@id\":\"https:\\\/\\\/blogit.lab.fi\\\/labfocus\\\/oikeudenkaynti-siirtyy-osittain-verkkoon\\\/#breadcrumb\"},\"inLanguage\":\"fi\",\"potentialAction\":[{\"@type\":\"ReadAction\",\"target\":[\"https:\\\/\\\/blogit.lab.fi\\\/labfocus\\\/oikeudenkaynti-siirtyy-osittain-verkkoon\\\/\"]}]},{\"@type\":\"ImageObject\",\"inLanguage\":\"fi\",\"@id\":\"https:\\\/\\\/blogit.lab.fi\\\/labfocus\\\/oikeudenkaynti-siirtyy-osittain-verkkoon\\\/#primaryimage\",\"url\":\"https:\\\/\\\/blogit.lab.fi\\\/labfocus\\\/wp-content\\\/uploads\\\/sites\\\/8\\\/2026\\\/09\\\/446_2026_Oikeudenkaynti-siirtyy-osittain-verkkoon.jpg\",\"contentUrl\":\"https:\\\/\\\/blogit.lab.fi\\\/labfocus\\\/wp-content\\\/uploads\\\/sites\\\/8\\\/2026\\\/09\\\/446_2026_Oikeudenkaynti-siirtyy-osittain-verkkoon.jpg\",\"width\":1280,\"height\":729},{\"@type\":\"BreadcrumbList\",\"@id\":\"https:\\\/\\\/blogit.lab.fi\\\/labfocus\\\/oikeudenkaynti-siirtyy-osittain-verkkoon\\\/#breadcrumb\",\"itemListElement\":[{\"@type\":\"ListItem\",\"position\":1,\"name\":\"Home\",\"item\":\"https:\\\/\\\/blogit.lab.fi\\\/labfocus\\\/\"},{\"@type\":\"ListItem\",\"position\":2,\"name\":\"Oikeudenk\u00e4ynti siirtyy osittain verkkoon\"}]},{\"@type\":\"WebSite\",\"@id\":\"https:\\\/\\\/blogit.lab.fi\\\/labfocus\\\/#website\",\"url\":\"https:\\\/\\\/blogit.lab.fi\\\/labfocus\\\/\",\"name\":\"LAB Focus\",\"description\":\"Focus Area blog | LAB University of Applied Sciences\",\"publisher\":{\"@id\":\"https:\\\/\\\/blogit.lab.fi\\\/labfocus\\\/#organization\"},\"potentialAction\":[{\"@type\":\"SearchAction\",\"target\":{\"@type\":\"EntryPoint\",\"urlTemplate\":\"https:\\\/\\\/blogit.lab.fi\\\/labfocus\\\/?s={search_term_string}\"},\"query-input\":{\"@type\":\"PropertyValueSpecification\",\"valueRequired\":true,\"valueName\":\"search_term_string\"}}],\"inLanguage\":\"fi\"},{\"@type\":\"Organization\",\"@id\":\"https:\\\/\\\/blogit.lab.fi\\\/labfocus\\\/#organization\",\"name\":\"LAB Focus\",\"url\":\"https:\\\/\\\/blogit.lab.fi\\\/labfocus\\\/\",\"logo\":{\"@type\":\"ImageObject\",\"inLanguage\":\"fi\",\"@id\":\"https:\\\/\\\/blogit.lab.fi\\\/labfocus\\\/#\\\/schema\\\/logo\\\/image\\\/\",\"url\":\"https:\\\/\\\/blogit.lab.fi\\\/labfocus\\\/wp-content\\\/uploads\\\/sites\\\/8\\\/2020\\\/04\\\/cropped-cropped-tunnus_blogi-01.png\",\"contentUrl\":\"https:\\\/\\\/blogit.lab.fi\\\/labfocus\\\/wp-content\\\/uploads\\\/sites\\\/8\\\/2020\\\/04\\\/cropped-cropped-tunnus_blogi-01.png\",\"width\":1342,\"height\":288,\"caption\":\"LAB Focus\"},\"image\":{\"@id\":\"https:\\\/\\\/blogit.lab.fi\\\/labfocus\\\/#\\\/schema\\\/logo\\\/image\\\/\"},\"sameAs\":[\"https:\\\/\\\/x.com\\\/LABfinland\"]},{\"@type\":\"Person\",\"@id\":\"https:\\\/\\\/blogit.lab.fi\\\/labfocus\\\/#\\\/schema\\\/person\\\/da729f65c4a2fb9fd8f0b1ec7a2ab7d0\",\"name\":\"tainask\",\"image\":{\"@type\":\"ImageObject\",\"inLanguage\":\"fi\",\"@id\":\"https:\\\/\\\/secure.gravatar.com\\\/avatar\\\/4a96427877ef826b76e80c27f60b266128094f522551459346efcf14282febb3?s=96&d=mm&r=g\",\"url\":\"https:\\\/\\\/secure.gravatar.com\\\/avatar\\\/4a96427877ef826b76e80c27f60b266128094f522551459346efcf14282febb3?s=96&d=mm&r=g\",\"contentUrl\":\"https:\\\/\\\/secure.gravatar.com\\\/avatar\\\/4a96427877ef826b76e80c27f60b266128094f522551459346efcf14282febb3?s=96&d=mm&r=g\",\"caption\":\"tainask\"},\"url\":\"https:\\\/\\\/blogit.lab.fi\\\/labfocus\\\/author\\\/tainask\\\/\"}]}<\/script>\n<!-- \/ Yoast SEO plugin. -->","yoast_head_json":{"title":"Oikeudenk\u00e4ynti siirtyy osittain verkkoon - LAB Focus","robots":{"index":"index","follow":"follow","max-snippet":"max-snippet:-1","max-image-preview":"max-image-preview:large","max-video-preview":"max-video-preview:-1"},"canonical":"https:\/\/blogit.lab.fi\/labfocus\/oikeudenkaynti-siirtyy-osittain-verkkoon\/","og_locale":"fi_FI","og_type":"article","og_title":"Oikeudenk\u00e4ynti siirtyy osittain verkkoon - LAB Focus","og_description":"Tuomioistuimet ottivat vuonna 2025 askeleen kohti digitaalisempaa oikeudenk\u00e4ynti\u00e4. Lakimuutokset laajensivat et\u00e4yhteyksien k\u00e4ytt\u00f6\u00e4 merkitt\u00e4v\u00e4sti, mik\u00e4 mahdollistaa oikeudenk\u00e4yntien toteuttamisen aiempaa joustavammin ilman kaikkien osapuolten fyysist\u00e4 l\u00e4sn\u00e4oloa tuomioistuimessa. Muutokset ulottuvat aina rikosasioista riita-asioihin (Oikeusministeri\u00f6 2022). Uudistusten tavoitteena on tehd\u00e4 oikeudenk\u00e4ynnist\u00e4 nykyist\u00e4 tehokkaampaa vaarantamatta silti oikeudenmukaisen oikeudenk\u00e4ynnin toteutumista. Et\u00e4yhteyksien ja digitaalisten ty\u00f6skentelytapojen monipuolisempi k\u00e4ytt\u00f6 kytkeytyy laajempaan kehitykseen, jossa pyrit\u00e4\u00e4n [&hellip;]","og_url":"https:\/\/blogit.lab.fi\/labfocus\/oikeudenkaynti-siirtyy-osittain-verkkoon\/","og_site_name":"LAB Focus","article_published_time":"2026-09-02T10:01:48+00:00","article_modified_time":"2026-09-02T10:01:49+00:00","og_image":[{"width":1280,"height":729,"url":"https:\/\/blogit.lab.fi\/labfocus\/wp-content\/uploads\/sites\/8\/2026\/09\/446_2026_Oikeudenkaynti-siirtyy-osittain-verkkoon.jpg","type":"image\/jpeg"}],"author":"tainask","twitter_card":"summary_large_image","twitter_creator":"@LABfinland","twitter_site":"@LABfinland","twitter_misc":{"Kirjoittanut":"tainask","Arvioitu lukuaika":"4 minuuttia"},"schema":{"@context":"https:\/\/schema.org","@graph":[{"@type":"Article","@id":"https:\/\/blogit.lab.fi\/labfocus\/oikeudenkaynti-siirtyy-osittain-verkkoon\/#article","isPartOf":{"@id":"https:\/\/blogit.lab.fi\/labfocus\/oikeudenkaynti-siirtyy-osittain-verkkoon\/"},"author":{"name":"tainask","@id":"https:\/\/blogit.lab.fi\/labfocus\/#\/schema\/person\/da729f65c4a2fb9fd8f0b1ec7a2ab7d0"},"headline":"Oikeudenk\u00e4ynti siirtyy osittain verkkoon","datePublished":"2026-09-02T10:01:48+00:00","dateModified":"2026-09-02T10:01:49+00:00","mainEntityOfPage":{"@id":"https:\/\/blogit.lab.fi\/labfocus\/oikeudenkaynti-siirtyy-osittain-verkkoon\/"},"wordCount":617,"publisher":{"@id":"https:\/\/blogit.lab.fi\/labfocus\/#organization"},"image":{"@id":"https:\/\/blogit.lab.fi\/labfocus\/oikeudenkaynti-siirtyy-osittain-verkkoon\/#primaryimage"},"thumbnailUrl":"https:\/\/blogit.lab.fi\/labfocus\/wp-content\/uploads\/sites\/8\/2026\/09\/446_2026_Oikeudenkaynti-siirtyy-osittain-verkkoon.jpg","keywords":["Artikkeli D1","digitalisaatio","et\u00e4yhteys","oikeudenk\u00e4ynti"],"inLanguage":"fi"},{"@type":"WebPage","@id":"https:\/\/blogit.lab.fi\/labfocus\/oikeudenkaynti-siirtyy-osittain-verkkoon\/","url":"https:\/\/blogit.lab.fi\/labfocus\/oikeudenkaynti-siirtyy-osittain-verkkoon\/","name":"Oikeudenk\u00e4ynti siirtyy osittain verkkoon - LAB Focus","isPartOf":{"@id":"https:\/\/blogit.lab.fi\/labfocus\/#website"},"primaryImageOfPage":{"@id":"https:\/\/blogit.lab.fi\/labfocus\/oikeudenkaynti-siirtyy-osittain-verkkoon\/#primaryimage"},"image":{"@id":"https:\/\/blogit.lab.fi\/labfocus\/oikeudenkaynti-siirtyy-osittain-verkkoon\/#primaryimage"},"thumbnailUrl":"https:\/\/blogit.lab.fi\/labfocus\/wp-content\/uploads\/sites\/8\/2026\/09\/446_2026_Oikeudenkaynti-siirtyy-osittain-verkkoon.jpg","datePublished":"2026-09-02T10:01:48+00:00","dateModified":"2026-09-02T10:01:49+00:00","breadcrumb":{"@id":"https:\/\/blogit.lab.fi\/labfocus\/oikeudenkaynti-siirtyy-osittain-verkkoon\/#breadcrumb"},"inLanguage":"fi","potentialAction":[{"@type":"ReadAction","target":["https:\/\/blogit.lab.fi\/labfocus\/oikeudenkaynti-siirtyy-osittain-verkkoon\/"]}]},{"@type":"ImageObject","inLanguage":"fi","@id":"https:\/\/blogit.lab.fi\/labfocus\/oikeudenkaynti-siirtyy-osittain-verkkoon\/#primaryimage","url":"https:\/\/blogit.lab.fi\/labfocus\/wp-content\/uploads\/sites\/8\/2026\/09\/446_2026_Oikeudenkaynti-siirtyy-osittain-verkkoon.jpg","contentUrl":"https:\/\/blogit.lab.fi\/labfocus\/wp-content\/uploads\/sites\/8\/2026\/09\/446_2026_Oikeudenkaynti-siirtyy-osittain-verkkoon.jpg","width":1280,"height":729},{"@type":"BreadcrumbList","@id":"https:\/\/blogit.lab.fi\/labfocus\/oikeudenkaynti-siirtyy-osittain-verkkoon\/#breadcrumb","itemListElement":[{"@type":"ListItem","position":1,"name":"Home","item":"https:\/\/blogit.lab.fi\/labfocus\/"},{"@type":"ListItem","position":2,"name":"Oikeudenk\u00e4ynti siirtyy osittain verkkoon"}]},{"@type":"WebSite","@id":"https:\/\/blogit.lab.fi\/labfocus\/#website","url":"https:\/\/blogit.lab.fi\/labfocus\/","name":"LAB Focus","description":"Focus Area blog | LAB University of Applied Sciences","publisher":{"@id":"https:\/\/blogit.lab.fi\/labfocus\/#organization"},"potentialAction":[{"@type":"SearchAction","target":{"@type":"EntryPoint","urlTemplate":"https:\/\/blogit.lab.fi\/labfocus\/?s={search_term_string}"},"query-input":{"@type":"PropertyValueSpecification","valueRequired":true,"valueName":"search_term_string"}}],"inLanguage":"fi"},{"@type":"Organization","@id":"https:\/\/blogit.lab.fi\/labfocus\/#organization","name":"LAB Focus","url":"https:\/\/blogit.lab.fi\/labfocus\/","logo":{"@type":"ImageObject","inLanguage":"fi","@id":"https:\/\/blogit.lab.fi\/labfocus\/#\/schema\/logo\/image\/","url":"https:\/\/blogit.lab.fi\/labfocus\/wp-content\/uploads\/sites\/8\/2020\/04\/cropped-cropped-tunnus_blogi-01.png","contentUrl":"https:\/\/blogit.lab.fi\/labfocus\/wp-content\/uploads\/sites\/8\/2020\/04\/cropped-cropped-tunnus_blogi-01.png","width":1342,"height":288,"caption":"LAB Focus"},"image":{"@id":"https:\/\/blogit.lab.fi\/labfocus\/#\/schema\/logo\/image\/"},"sameAs":["https:\/\/x.com\/LABfinland"]},{"@type":"Person","@id":"https:\/\/blogit.lab.fi\/labfocus\/#\/schema\/person\/da729f65c4a2fb9fd8f0b1ec7a2ab7d0","name":"tainask","image":{"@type":"ImageObject","inLanguage":"fi","@id":"https:\/\/secure.gravatar.com\/avatar\/4a96427877ef826b76e80c27f60b266128094f522551459346efcf14282febb3?s=96&d=mm&r=g","url":"https:\/\/secure.gravatar.com\/avatar\/4a96427877ef826b76e80c27f60b266128094f522551459346efcf14282febb3?s=96&d=mm&r=g","contentUrl":"https:\/\/secure.gravatar.com\/avatar\/4a96427877ef826b76e80c27f60b266128094f522551459346efcf14282febb3?s=96&d=mm&r=g","caption":"tainask"},"url":"https:\/\/blogit.lab.fi\/labfocus\/author\/tainask\/"}]}},"_links":{"self":[{"href":"https:\/\/blogit.lab.fi\/labfocus\/wp-json\/wp\/v2\/posts\/28397","targetHints":{"allow":["GET"]}}],"collection":[{"href":"https:\/\/blogit.lab.fi\/labfocus\/wp-json\/wp\/v2\/posts"}],"about":[{"href":"https:\/\/blogit.lab.fi\/labfocus\/wp-json\/wp\/v2\/types\/post"}],"author":[{"embeddable":true,"href":"https:\/\/blogit.lab.fi\/labfocus\/wp-json\/wp\/v2\/users\/17"}],"replies":[{"embeddable":true,"href":"https:\/\/blogit.lab.fi\/labfocus\/wp-json\/wp\/v2\/comments?post=28397"}],"version-history":[{"count":1,"href":"https:\/\/blogit.lab.fi\/labfocus\/wp-json\/wp\/v2\/posts\/28397\/revisions"}],"predecessor-version":[{"id":28399,"href":"https:\/\/blogit.lab.fi\/labfocus\/wp-json\/wp\/v2\/posts\/28397\/revisions\/28399"}],"wp:featuredmedia":[{"embeddable":true,"href":"https:\/\/blogit.lab.fi\/labfocus\/wp-json\/wp\/v2\/media\/28398"}],"wp:attachment":[{"href":"https:\/\/blogit.lab.fi\/labfocus\/wp-json\/wp\/v2\/media?parent=28397"}],"wp:term":[{"taxonomy":"category","embeddable":true,"href":"https:\/\/blogit.lab.fi\/labfocus\/wp-json\/wp\/v2\/categories?post=28397"},{"taxonomy":"post_tag","embeddable":true,"href":"https:\/\/blogit.lab.fi\/labfocus\/wp-json\/wp\/v2\/tags?post=28397"}],"curies":[{"name":"wp","href":"https:\/\/api.w.org\/{rel}","templated":true}]}}