{"id":3082,"date":"2021-03-19T16:03:27","date_gmt":"2021-03-19T14:03:27","guid":{"rendered":"https:\/\/blogit.lab.fi\/labfocus\/?p=3082"},"modified":"2021-03-19T16:03:29","modified_gmt":"2021-03-19T14:03:29","slug":"palveluintegraatiolla-vaikuttavampia-tuloksia-syrjaytyneiden-nuorten-auttamisessa","status":"publish","type":"post","link":"https:\/\/blogit.lab.fi\/labfocus\/palveluintegraatiolla-vaikuttavampia-tuloksia-syrjaytyneiden-nuorten-auttamisessa\/","title":{"rendered":"Palveluintegraatiolla vaikuttavampia tuloksia syrj\u00e4ytyneiden nuorten auttamisessa"},"content":{"rendered":"\n<p>Vamos on Diakonissalaitoksen nuorten palvelu, joka on tarkoitettu 16\u201329-vuotiaille nuorille, jotka ovat ty\u00f6el\u00e4m\u00e4n ja koulutuksen ulkopuolella. Vamos auttaa nuorta el\u00e4m\u00e4nhallinnassa ja tulevaisuudensuunnittelussa yksil\u00f6valmennuksen sek\u00e4 ryhm\u00e4toiminnan avulla. Vamos pyrkii tukemaan heikossa asemassa ja huonossa psyykkisess\u00e4 kunnossa olevia helsinkil\u00e4isnuoria ja paikkaamaan julkista palveluj\u00e4rjestelm\u00e4\u00e4. Vamos ryhtyi tarjoamaan sellaisia matalan kynnyksen palveluja, joihin nuoret kiinnittyisiv\u00e4t ja joiden avulla he vahvistuisivat siin\u00e4 m\u00e4\u00e4rin, ett\u00e4 voisivat siirty\u00e4 t\u00f6ihin tai opiskelemaan. Vamoksen toiminnalla on vaikuttavuutta osittain sen ansiosta, ett\u00e4 se toimii yhdess\u00e4 muiden toimijoiden kanssa. (Alanen ym. 2014, 8.)<\/p>\n\n\n\n<h2 class=\"wp-block-heading\">Psykiatrinen hoito integroituu l\u00e4hemm\u00e4s nuorten aikuisten arjen ymp\u00e4rist\u00f6j\u00e4 Vamoksessa<\/h2>\n\n\n\n<p>Integraatiossa kyse on siit\u00e4, ett\u00e4 asiakas saa palvelunsa oikea-aikaisesti ja saumattomasti eri toimijoilta. T\u00e4st\u00e4 hy\u00f6tyv\u00e4t erityisesti paljon palveluja k\u00e4ytt\u00e4v\u00e4t asiakkaat, joita on v\u00e4est\u00f6st\u00e4 arviolta noin 10 prosenttia (Terveyden ja hyvinvoinnin laitos 2020). Heihin lukeutuvat my\u00f6s syrj\u00e4ytyneet nuoret, joita Vamos palvelee.<\/p>\n\n\n\n<p>Yksi esimerkki toimivasta integraatiok\u00e4yt\u00e4nteest\u00e4 on Vamoksessa kerran viikossa toimiva Helsingin kaupungin psykiatrisen sairaanhoitajan vastaanotto ja toinen kerran kuussa nuorisopsykiatrian erikoisl\u00e4\u00e4k\u00e4rin konsultaatio ty\u00f6ntekij\u00f6ille sek\u00e4 vastaanotto nuorille. T\u00e4m\u00e4 on madaltanut monien nuorten kynnyst\u00e4 hakeutua hoitoon, kun sen on saanut aloittaa tutussa toimintaymp\u00e4rist\u00f6ss\u00e4. N\u00e4in kolmannen sektorin ja terveyspalveluiden ty\u00f6ntekij\u00f6iden raja-aidat madaltuvat. Tiedonkulku on todella vaivatonta, kun psykiatrinen sairaanhoitaja ja Vamoksen ty\u00f6ntekij\u00e4t tuntevat toisensa, istuvat kerran viikossa samassa taukotilassa ja kohtaavat samoilla k\u00e4yt\u00e4vill\u00e4. My\u00f6s nuorisopsykiatrian erikoisl\u00e4\u00e4k\u00e4rin konsultaatio on eritt\u00e4in arvokas tuki valmentajille, jotka ty\u00f6skentelev\u00e4t p\u00e4ivitt\u00e4in asiakkaiden mielenterveyden ongelmien aiheuttamien ilmi\u00f6iden kanssa, mutta joilta puuttuu psykologian, psykiatrian tai l\u00e4\u00e4ketieteen tausta. He voivat menn\u00e4 konsultaatioihin jonkin asiakastapauksen vuoksi tai keskustelemaan yleisell\u00e4 tasolla jostakin mielenterveyteen liittyv\u00e4st\u00e4 ilmi\u00f6st\u00e4. T\u00e4m\u00e4 on kehitt\u00e4nyt Vamoksen valmentajien ammatillisuutta.<\/p>\n\n\n\n<figure class=\"wp-block-image size-large is-resized\"><img loading=\"lazy\" decoding=\"async\" src=\"https:\/\/blogit.lab.fi\/labfocus\/wp-content\/uploads\/sites\/8\/2021\/03\/309_2020-PALVELUINTEGRAATIOLLA-VAIKUTTAVAMPIA-TULOKSIA-SYRJAYTYNEIDEN-NUORTEN-AUTTAMISESSA-_kuva1-1024x574.png\" alt=\"\" class=\"wp-image-3084\" width=\"763\" height=\"427\" srcset=\"https:\/\/blogit.lab.fi\/labfocus\/wp-content\/uploads\/sites\/8\/2021\/03\/309_2020-PALVELUINTEGRAATIOLLA-VAIKUTTAVAMPIA-TULOKSIA-SYRJAYTYNEIDEN-NUORTEN-AUTTAMISESSA-_kuva1-1024x574.png 1024w, https:\/\/blogit.lab.fi\/labfocus\/wp-content\/uploads\/sites\/8\/2021\/03\/309_2020-PALVELUINTEGRAATIOLLA-VAIKUTTAVAMPIA-TULOKSIA-SYRJAYTYNEIDEN-NUORTEN-AUTTAMISESSA-_kuva1-300x168.png 300w, https:\/\/blogit.lab.fi\/labfocus\/wp-content\/uploads\/sites\/8\/2021\/03\/309_2020-PALVELUINTEGRAATIOLLA-VAIKUTTAVAMPIA-TULOKSIA-SYRJAYTYNEIDEN-NUORTEN-AUTTAMISESSA-_kuva1-768x431.png 768w, https:\/\/blogit.lab.fi\/labfocus\/wp-content\/uploads\/sites\/8\/2021\/03\/309_2020-PALVELUINTEGRAATIOLLA-VAIKUTTAVAMPIA-TULOKSIA-SYRJAYTYNEIDEN-NUORTEN-AUTTAMISESSA-_kuva1.png 1141w\" sizes=\"auto, (max-width: 763px) 100vw, 763px\" \/><figcaption>Kuva 1. Vamos tukee kahdeksalla paikkakunnalla nuoria, jotka ovat ty\u00f6n tai koulutuksen ulkopuolella (Helsingin Diakonissalaitos)<\/figcaption><\/figure>\n\n\n\n<h2 class=\"wp-block-heading\">Tahtotilana yhteisty\u00f6 ja integraatio<\/h2>\n\n\n\n<p>Sosiaali- ja terveysalan palveluj\u00e4rjestelm\u00e4n nykytilannetta kuvataan usein hajanaiseksi, pirstaleiseksi ja byrokraattiseksi. Puutteita koetaan olevan lapsen, nuoren ja perheen palvelutarpeen selvitt\u00e4misess\u00e4, asiakkaiden osallisuudessa sek\u00e4 ammattilaisten keskin\u00e4isess\u00e4 tiedonv\u00e4lityksess\u00e4. Jos oikeat palvelut eiv\u00e4t saavuta asiakkaita, seurauksena on muun muassa palvelujen yhteensovittamisen ja vaikuttavuuden heikkenemist\u00e4 sek\u00e4 erityispalvelujen k\u00e4yt\u00f6n lis\u00e4\u00e4ntymist\u00e4. (Joronen ym. 2018, 1.)<\/p>\n\n\n\n<p>Onneksi suunta on nyt poisp\u00e4in tilanteesta, jossa nuori poukkoilee palvelukarsinasta toiseen, enemm\u00e4n kohti sit\u00e4, ett\u00e4 verkoston palvelut tuodaan mukaan nuoren tilanteeseen h\u00e4nen tarpeidensa mukaisesti. Yksi keino lis\u00e4t\u00e4 integraatiota ja yhteisty\u00f6t\u00e4 on tuoda eri toimijat saman katon alle ja luoda yhteisi\u00e4 rakenteita. Fyysisesti samoissa tiloissa nuorten parhaaksi toimittaessa asiakkaat koetaan enemm\u00e4n yhteisiksi.<\/p>\n\n\n\n<p class=\"has-background\" style=\"background-color:#b3edfb\">Kirjoittajat<br><br><strong>Nina Hammarberg <\/strong>on yhteis\u00f6pedagogi (AMK) ja LAB-ammattikorkeakoulun sosionomi YAMK-opiskelija lapsi- ja perhepalveluiden kehitt\u00e4misen koulutuksessa. H\u00e4n ty\u00f6skentelee nuorten syrj\u00e4ytymisen ehk\u00e4isyn parissa Helsingin Diakonissalaitoksen Vamos-palveluissa.<br><br><strong>Raija Hovi-Pulsa <\/strong>on LAB-ammattikorkeakoulun sosiaali- ja terveysalan lehtori ja kiinnostunut integratiivisten toimintamallien kehitt\u00e4misest\u00e4 lapsi- ja perhepalveluissa.\u00a0<\/p>\n\n\n\n<h3 class=\"wp-block-heading\">L\u00e4hteet<\/h3>\n\n\n\n<p>Alanen, O., Kainulainen, S. &amp; Saari, J. 2014. Vamos tekee vaikutuksen \u2013 Vamos-nuorten hyvinvointikokemukset ja tulevaisuuden odotukset. HDL Raportti 1\/2014. Helsingin Diakonissalaitos. [Viitattu 2.11.2020]. Saatavissa: <a href=\"https:\/\/www.hdl.fi\/wp-content\/uploads\/2018\/01\/Helsingin-Diakonissalaitos-julkaisu-vamos-tekee-vaikutuksen.pdf\">https:\/\/www.hdl.fi\/wp-content\/uploads\/2018\/01\/Helsingin-Diakonissalaitos-julkaisu-vamos-tekee-vaikutuksen.pdf<\/a><\/p>\n\n\n\n<p>Joronen, K., Kanste, O., Halme, N., Per\u00e4l\u00e4, M-L. &amp; Pelkonen, M. 2018. Lasten ja nuorten terveytt\u00e4, hyvinvointia, kasvua ja oppimista edist\u00e4vien palvelujen integraatiota tukevat toimet eri maissa. Valtioneuvoston selvitys- ja tutkimustoiminnan julkaisusarja 35\/2018. [Viitattu 1.11.2020]. Saatavissa: <a href=\"https:\/\/tietokayttoon.fi\/documents\/10616\/6354562\/35-2018-Lasten+ja+nuorten+palveluiden+integraatio+eri+maissa.pdf\/33a4657e-0fda-4bd0-a7f3-5dcd9a131e39\/35-2018-Lasten+ja+nuorten+palveluiden+integraatio+eri+maissa.pdf?version=1.0&amp;t=1523361137000\">https:\/\/tietokayttoon.fi\/documents\/10616\/6354562\/35-2018-Lasten+ja+nuorten+palveluiden+integraatio+eri+maissa.pdf\/33a4657e-0fda-4bd0-a7f3-5dcd9a131e39\/35-2018-Lasten+ja+nuorten+palveluiden+integraatio+eri+maissa.pdf?version=1.0&amp;t=1523361137000<\/a><\/p>\n\n\n\n<p>Terveyden ja hyvinvoinnin laitos. 2020. Sote-palvelujen integraatio. [Viitattu 2.11.2020]. Saatavissa: <a href=\"https:\/\/thl.fi\/fi\/web\/sote-uudistus\/palvelujen-tuottaminen\/sote-palveluiden-integraatio\">https:\/\/thl.fi\/fi\/web\/sote-uudistus\/palvelujen-tuottaminen\/sote-palveluiden-integraatio<\/a><\/p>\n","protected":false},"excerpt":{"rendered":"<p>Vamos on Diakonissalaitoksen nuorten palvelu, joka on tarkoitettu 16\u201329-vuotiaille nuorille, jotka ovat ty\u00f6el\u00e4m\u00e4n ja koulutuksen ulkopuolella. Vamos auttaa nuorta el\u00e4m\u00e4nhallinnassa ja tulevaisuudensuunnittelussa yksil\u00f6valmennuksen sek\u00e4 ryhm\u00e4toiminnan avulla. Vamos pyrkii tukemaan heikossa asemassa ja huonossa psyykkisess\u00e4 kunnossa olevia helsinkil\u00e4isnuoria ja paikkaamaan julkista palveluj\u00e4rjestelm\u00e4\u00e4. Vamos ryhtyi tarjoamaan sellaisia matalan kynnyksen palveluja, joihin nuoret kiinnittyisiv\u00e4t ja joiden avulla he [&hellip;]<\/p>\n","protected":false},"author":7,"featured_media":3084,"comment_status":"open","ping_status":"open","sticky":false,"template":"","format":"standard","meta":{"footnotes":""},"categories":[15],"tags":[29,1771,1809,1807],"class_list":{"0":"post-3082","1":"post","2":"type-post","3":"status-publish","4":"format-standard","5":"has-post-thumbnail","7":"category-health_fi","8":"tag-artikkeli-e1","9":"tag-integraatio","10":"tag-psykiatrinen-sairaanhoito","11":"tag-sosiaalinen-kuntoutus","12":"czr-hentry"},"yoast_head":"<!-- This site is optimized with the Yoast SEO plugin v27.5 - https:\/\/yoast.com\/product\/yoast-seo-wordpress\/ -->\n<title>Palveluintegraatiolla vaikuttavampia tuloksia syrj\u00e4ytyneiden nuorten auttamisessa - LAB Focus<\/title>\n<meta name=\"robots\" content=\"index, follow, max-snippet:-1, max-image-preview:large, max-video-preview:-1\" \/>\n<link rel=\"canonical\" href=\"https:\/\/blogit.lab.fi\/labfocus\/palveluintegraatiolla-vaikuttavampia-tuloksia-syrjaytyneiden-nuorten-auttamisessa\/\" \/>\n<meta property=\"og:locale\" content=\"fi_FI\" \/>\n<meta property=\"og:type\" content=\"article\" \/>\n<meta property=\"og:title\" content=\"Palveluintegraatiolla vaikuttavampia tuloksia syrj\u00e4ytyneiden nuorten auttamisessa - LAB Focus\" \/>\n<meta property=\"og:description\" content=\"Vamos on Diakonissalaitoksen nuorten palvelu, joka on tarkoitettu 16\u201329-vuotiaille nuorille, jotka ovat ty\u00f6el\u00e4m\u00e4n ja koulutuksen ulkopuolella. Vamos auttaa nuorta el\u00e4m\u00e4nhallinnassa ja tulevaisuudensuunnittelussa yksil\u00f6valmennuksen sek\u00e4 ryhm\u00e4toiminnan avulla. Vamos pyrkii tukemaan heikossa asemassa ja huonossa psyykkisess\u00e4 kunnossa olevia helsinkil\u00e4isnuoria ja paikkaamaan julkista palveluj\u00e4rjestelm\u00e4\u00e4. Vamos ryhtyi tarjoamaan sellaisia matalan kynnyksen palveluja, joihin nuoret kiinnittyisiv\u00e4t ja joiden avulla he [&hellip;]\" \/>\n<meta property=\"og:url\" content=\"https:\/\/blogit.lab.fi\/labfocus\/palveluintegraatiolla-vaikuttavampia-tuloksia-syrjaytyneiden-nuorten-auttamisessa\/\" \/>\n<meta property=\"og:site_name\" content=\"LAB Focus\" \/>\n<meta property=\"article:published_time\" content=\"2021-03-19T14:03:27+00:00\" \/>\n<meta property=\"article:modified_time\" content=\"2021-03-19T14:03:29+00:00\" \/>\n<meta property=\"og:image\" content=\"https:\/\/blogit.lab.fi\/labfocus\/wp-content\/uploads\/sites\/8\/2021\/03\/309_2020-PALVELUINTEGRAATIOLLA-VAIKUTTAVAMPIA-TULOKSIA-SYRJAYTYNEIDEN-NUORTEN-AUTTAMISESSA-_kuva1.png\" \/>\n\t<meta property=\"og:image:width\" content=\"1141\" \/>\n\t<meta property=\"og:image:height\" content=\"640\" \/>\n\t<meta property=\"og:image:type\" content=\"image\/png\" \/>\n<meta name=\"author\" content=\"niinasal\" \/>\n<meta name=\"twitter:card\" content=\"summary_large_image\" \/>\n<meta name=\"twitter:creator\" content=\"@LABfinland\" \/>\n<meta name=\"twitter:site\" content=\"@LABfinland\" \/>\n<meta name=\"twitter:label1\" content=\"Kirjoittanut\" \/>\n\t<meta name=\"twitter:data1\" content=\"niinasal\" \/>\n\t<meta name=\"twitter:label2\" content=\"Arvioitu lukuaika\" \/>\n\t<meta name=\"twitter:data2\" content=\"3 minuuttia\" \/>\n<script type=\"application\/ld+json\" class=\"yoast-schema-graph\">{\"@context\":\"https:\\\/\\\/schema.org\",\"@graph\":[{\"@type\":\"Article\",\"@id\":\"https:\\\/\\\/blogit.lab.fi\\\/labfocus\\\/palveluintegraatiolla-vaikuttavampia-tuloksia-syrjaytyneiden-nuorten-auttamisessa\\\/#article\",\"isPartOf\":{\"@id\":\"https:\\\/\\\/blogit.lab.fi\\\/labfocus\\\/palveluintegraatiolla-vaikuttavampia-tuloksia-syrjaytyneiden-nuorten-auttamisessa\\\/\"},\"author\":{\"name\":\"niinasal\",\"@id\":\"https:\\\/\\\/blogit.lab.fi\\\/labfocus\\\/#\\\/schema\\\/person\\\/f02f818b1b6bf8794d4aec1c49669077\"},\"headline\":\"Palveluintegraatiolla vaikuttavampia tuloksia syrj\u00e4ytyneiden nuorten auttamisessa\",\"datePublished\":\"2021-03-19T14:03:27+00:00\",\"dateModified\":\"2021-03-19T14:03:29+00:00\",\"mainEntityOfPage\":{\"@id\":\"https:\\\/\\\/blogit.lab.fi\\\/labfocus\\\/palveluintegraatiolla-vaikuttavampia-tuloksia-syrjaytyneiden-nuorten-auttamisessa\\\/\"},\"wordCount\":602,\"commentCount\":0,\"publisher\":{\"@id\":\"https:\\\/\\\/blogit.lab.fi\\\/labfocus\\\/#organization\"},\"image\":{\"@id\":\"https:\\\/\\\/blogit.lab.fi\\\/labfocus\\\/palveluintegraatiolla-vaikuttavampia-tuloksia-syrjaytyneiden-nuorten-auttamisessa\\\/#primaryimage\"},\"thumbnailUrl\":\"https:\\\/\\\/blogit.lab.fi\\\/labfocus\\\/wp-content\\\/uploads\\\/sites\\\/8\\\/2021\\\/03\\\/309_2020-PALVELUINTEGRAATIOLLA-VAIKUTTAVAMPIA-TULOKSIA-SYRJAYTYNEIDEN-NUORTEN-AUTTAMISESSA-_kuva1.png\",\"keywords\":[\"Artikkeli E1\",\"integraatio\",\"psykiatrinen sairaanhoito\",\"sosiaalinen kuntoutus\"],\"articleSection\":[\"Health\"],\"inLanguage\":\"fi\",\"potentialAction\":[{\"@type\":\"CommentAction\",\"name\":\"Comment\",\"target\":[\"https:\\\/\\\/blogit.lab.fi\\\/labfocus\\\/palveluintegraatiolla-vaikuttavampia-tuloksia-syrjaytyneiden-nuorten-auttamisessa\\\/#respond\"]}]},{\"@type\":\"WebPage\",\"@id\":\"https:\\\/\\\/blogit.lab.fi\\\/labfocus\\\/palveluintegraatiolla-vaikuttavampia-tuloksia-syrjaytyneiden-nuorten-auttamisessa\\\/\",\"url\":\"https:\\\/\\\/blogit.lab.fi\\\/labfocus\\\/palveluintegraatiolla-vaikuttavampia-tuloksia-syrjaytyneiden-nuorten-auttamisessa\\\/\",\"name\":\"Palveluintegraatiolla vaikuttavampia tuloksia syrj\u00e4ytyneiden nuorten auttamisessa - LAB Focus\",\"isPartOf\":{\"@id\":\"https:\\\/\\\/blogit.lab.fi\\\/labfocus\\\/#website\"},\"primaryImageOfPage\":{\"@id\":\"https:\\\/\\\/blogit.lab.fi\\\/labfocus\\\/palveluintegraatiolla-vaikuttavampia-tuloksia-syrjaytyneiden-nuorten-auttamisessa\\\/#primaryimage\"},\"image\":{\"@id\":\"https:\\\/\\\/blogit.lab.fi\\\/labfocus\\\/palveluintegraatiolla-vaikuttavampia-tuloksia-syrjaytyneiden-nuorten-auttamisessa\\\/#primaryimage\"},\"thumbnailUrl\":\"https:\\\/\\\/blogit.lab.fi\\\/labfocus\\\/wp-content\\\/uploads\\\/sites\\\/8\\\/2021\\\/03\\\/309_2020-PALVELUINTEGRAATIOLLA-VAIKUTTAVAMPIA-TULOKSIA-SYRJAYTYNEIDEN-NUORTEN-AUTTAMISESSA-_kuva1.png\",\"datePublished\":\"2021-03-19T14:03:27+00:00\",\"dateModified\":\"2021-03-19T14:03:29+00:00\",\"breadcrumb\":{\"@id\":\"https:\\\/\\\/blogit.lab.fi\\\/labfocus\\\/palveluintegraatiolla-vaikuttavampia-tuloksia-syrjaytyneiden-nuorten-auttamisessa\\\/#breadcrumb\"},\"inLanguage\":\"fi\",\"potentialAction\":[{\"@type\":\"ReadAction\",\"target\":[\"https:\\\/\\\/blogit.lab.fi\\\/labfocus\\\/palveluintegraatiolla-vaikuttavampia-tuloksia-syrjaytyneiden-nuorten-auttamisessa\\\/\"]}]},{\"@type\":\"ImageObject\",\"inLanguage\":\"fi\",\"@id\":\"https:\\\/\\\/blogit.lab.fi\\\/labfocus\\\/palveluintegraatiolla-vaikuttavampia-tuloksia-syrjaytyneiden-nuorten-auttamisessa\\\/#primaryimage\",\"url\":\"https:\\\/\\\/blogit.lab.fi\\\/labfocus\\\/wp-content\\\/uploads\\\/sites\\\/8\\\/2021\\\/03\\\/309_2020-PALVELUINTEGRAATIOLLA-VAIKUTTAVAMPIA-TULOKSIA-SYRJAYTYNEIDEN-NUORTEN-AUTTAMISESSA-_kuva1.png\",\"contentUrl\":\"https:\\\/\\\/blogit.lab.fi\\\/labfocus\\\/wp-content\\\/uploads\\\/sites\\\/8\\\/2021\\\/03\\\/309_2020-PALVELUINTEGRAATIOLLA-VAIKUTTAVAMPIA-TULOKSIA-SYRJAYTYNEIDEN-NUORTEN-AUTTAMISESSA-_kuva1.png\",\"width\":1141,\"height\":640},{\"@type\":\"BreadcrumbList\",\"@id\":\"https:\\\/\\\/blogit.lab.fi\\\/labfocus\\\/palveluintegraatiolla-vaikuttavampia-tuloksia-syrjaytyneiden-nuorten-auttamisessa\\\/#breadcrumb\",\"itemListElement\":[{\"@type\":\"ListItem\",\"position\":1,\"name\":\"Home\",\"item\":\"https:\\\/\\\/blogit.lab.fi\\\/labfocus\\\/\"},{\"@type\":\"ListItem\",\"position\":2,\"name\":\"Palveluintegraatiolla vaikuttavampia tuloksia syrj\u00e4ytyneiden nuorten auttamisessa\"}]},{\"@type\":\"WebSite\",\"@id\":\"https:\\\/\\\/blogit.lab.fi\\\/labfocus\\\/#website\",\"url\":\"https:\\\/\\\/blogit.lab.fi\\\/labfocus\\\/\",\"name\":\"LAB Focus\",\"description\":\"Focus Area blog | LAB University of Applied Sciences\",\"publisher\":{\"@id\":\"https:\\\/\\\/blogit.lab.fi\\\/labfocus\\\/#organization\"},\"potentialAction\":[{\"@type\":\"SearchAction\",\"target\":{\"@type\":\"EntryPoint\",\"urlTemplate\":\"https:\\\/\\\/blogit.lab.fi\\\/labfocus\\\/?s={search_term_string}\"},\"query-input\":{\"@type\":\"PropertyValueSpecification\",\"valueRequired\":true,\"valueName\":\"search_term_string\"}}],\"inLanguage\":\"fi\"},{\"@type\":\"Organization\",\"@id\":\"https:\\\/\\\/blogit.lab.fi\\\/labfocus\\\/#organization\",\"name\":\"LAB Focus\",\"url\":\"https:\\\/\\\/blogit.lab.fi\\\/labfocus\\\/\",\"logo\":{\"@type\":\"ImageObject\",\"inLanguage\":\"fi\",\"@id\":\"https:\\\/\\\/blogit.lab.fi\\\/labfocus\\\/#\\\/schema\\\/logo\\\/image\\\/\",\"url\":\"https:\\\/\\\/blogit.lab.fi\\\/labfocus\\\/wp-content\\\/uploads\\\/sites\\\/8\\\/2020\\\/04\\\/cropped-cropped-tunnus_blogi-01.png\",\"contentUrl\":\"https:\\\/\\\/blogit.lab.fi\\\/labfocus\\\/wp-content\\\/uploads\\\/sites\\\/8\\\/2020\\\/04\\\/cropped-cropped-tunnus_blogi-01.png\",\"width\":1342,\"height\":288,\"caption\":\"LAB Focus\"},\"image\":{\"@id\":\"https:\\\/\\\/blogit.lab.fi\\\/labfocus\\\/#\\\/schema\\\/logo\\\/image\\\/\"},\"sameAs\":[\"https:\\\/\\\/x.com\\\/LABfinland\"]},{\"@type\":\"Person\",\"@id\":\"https:\\\/\\\/blogit.lab.fi\\\/labfocus\\\/#\\\/schema\\\/person\\\/f02f818b1b6bf8794d4aec1c49669077\",\"name\":\"niinasal\",\"image\":{\"@type\":\"ImageObject\",\"inLanguage\":\"fi\",\"@id\":\"https:\\\/\\\/secure.gravatar.com\\\/avatar\\\/56ff6f7f7fa10477834cd38d238f13f5db501df633669a1696900e3827da4bcd?s=96&d=mm&r=g\",\"url\":\"https:\\\/\\\/secure.gravatar.com\\\/avatar\\\/56ff6f7f7fa10477834cd38d238f13f5db501df633669a1696900e3827da4bcd?s=96&d=mm&r=g\",\"contentUrl\":\"https:\\\/\\\/secure.gravatar.com\\\/avatar\\\/56ff6f7f7fa10477834cd38d238f13f5db501df633669a1696900e3827da4bcd?s=96&d=mm&r=g\",\"caption\":\"niinasal\"},\"url\":\"https:\\\/\\\/blogit.lab.fi\\\/labfocus\\\/author\\\/niinasal\\\/\"}]}<\/script>\n<!-- \/ Yoast SEO plugin. -->","yoast_head_json":{"title":"Palveluintegraatiolla vaikuttavampia tuloksia syrj\u00e4ytyneiden nuorten auttamisessa - LAB Focus","robots":{"index":"index","follow":"follow","max-snippet":"max-snippet:-1","max-image-preview":"max-image-preview:large","max-video-preview":"max-video-preview:-1"},"canonical":"https:\/\/blogit.lab.fi\/labfocus\/palveluintegraatiolla-vaikuttavampia-tuloksia-syrjaytyneiden-nuorten-auttamisessa\/","og_locale":"fi_FI","og_type":"article","og_title":"Palveluintegraatiolla vaikuttavampia tuloksia syrj\u00e4ytyneiden nuorten auttamisessa - LAB Focus","og_description":"Vamos on Diakonissalaitoksen nuorten palvelu, joka on tarkoitettu 16\u201329-vuotiaille nuorille, jotka ovat ty\u00f6el\u00e4m\u00e4n ja koulutuksen ulkopuolella. Vamos auttaa nuorta el\u00e4m\u00e4nhallinnassa ja tulevaisuudensuunnittelussa yksil\u00f6valmennuksen sek\u00e4 ryhm\u00e4toiminnan avulla. Vamos pyrkii tukemaan heikossa asemassa ja huonossa psyykkisess\u00e4 kunnossa olevia helsinkil\u00e4isnuoria ja paikkaamaan julkista palveluj\u00e4rjestelm\u00e4\u00e4. Vamos ryhtyi tarjoamaan sellaisia matalan kynnyksen palveluja, joihin nuoret kiinnittyisiv\u00e4t ja joiden avulla he [&hellip;]","og_url":"https:\/\/blogit.lab.fi\/labfocus\/palveluintegraatiolla-vaikuttavampia-tuloksia-syrjaytyneiden-nuorten-auttamisessa\/","og_site_name":"LAB Focus","article_published_time":"2021-03-19T14:03:27+00:00","article_modified_time":"2021-03-19T14:03:29+00:00","og_image":[{"width":1141,"height":640,"url":"https:\/\/blogit.lab.fi\/labfocus\/wp-content\/uploads\/sites\/8\/2021\/03\/309_2020-PALVELUINTEGRAATIOLLA-VAIKUTTAVAMPIA-TULOKSIA-SYRJAYTYNEIDEN-NUORTEN-AUTTAMISESSA-_kuva1.png","type":"image\/png"}],"author":"niinasal","twitter_card":"summary_large_image","twitter_creator":"@LABfinland","twitter_site":"@LABfinland","twitter_misc":{"Kirjoittanut":"niinasal","Arvioitu lukuaika":"3 minuuttia"},"schema":{"@context":"https:\/\/schema.org","@graph":[{"@type":"Article","@id":"https:\/\/blogit.lab.fi\/labfocus\/palveluintegraatiolla-vaikuttavampia-tuloksia-syrjaytyneiden-nuorten-auttamisessa\/#article","isPartOf":{"@id":"https:\/\/blogit.lab.fi\/labfocus\/palveluintegraatiolla-vaikuttavampia-tuloksia-syrjaytyneiden-nuorten-auttamisessa\/"},"author":{"name":"niinasal","@id":"https:\/\/blogit.lab.fi\/labfocus\/#\/schema\/person\/f02f818b1b6bf8794d4aec1c49669077"},"headline":"Palveluintegraatiolla vaikuttavampia tuloksia syrj\u00e4ytyneiden nuorten auttamisessa","datePublished":"2021-03-19T14:03:27+00:00","dateModified":"2021-03-19T14:03:29+00:00","mainEntityOfPage":{"@id":"https:\/\/blogit.lab.fi\/labfocus\/palveluintegraatiolla-vaikuttavampia-tuloksia-syrjaytyneiden-nuorten-auttamisessa\/"},"wordCount":602,"commentCount":0,"publisher":{"@id":"https:\/\/blogit.lab.fi\/labfocus\/#organization"},"image":{"@id":"https:\/\/blogit.lab.fi\/labfocus\/palveluintegraatiolla-vaikuttavampia-tuloksia-syrjaytyneiden-nuorten-auttamisessa\/#primaryimage"},"thumbnailUrl":"https:\/\/blogit.lab.fi\/labfocus\/wp-content\/uploads\/sites\/8\/2021\/03\/309_2020-PALVELUINTEGRAATIOLLA-VAIKUTTAVAMPIA-TULOKSIA-SYRJAYTYNEIDEN-NUORTEN-AUTTAMISESSA-_kuva1.png","keywords":["Artikkeli E1","integraatio","psykiatrinen sairaanhoito","sosiaalinen kuntoutus"],"articleSection":["Health"],"inLanguage":"fi","potentialAction":[{"@type":"CommentAction","name":"Comment","target":["https:\/\/blogit.lab.fi\/labfocus\/palveluintegraatiolla-vaikuttavampia-tuloksia-syrjaytyneiden-nuorten-auttamisessa\/#respond"]}]},{"@type":"WebPage","@id":"https:\/\/blogit.lab.fi\/labfocus\/palveluintegraatiolla-vaikuttavampia-tuloksia-syrjaytyneiden-nuorten-auttamisessa\/","url":"https:\/\/blogit.lab.fi\/labfocus\/palveluintegraatiolla-vaikuttavampia-tuloksia-syrjaytyneiden-nuorten-auttamisessa\/","name":"Palveluintegraatiolla vaikuttavampia tuloksia syrj\u00e4ytyneiden nuorten auttamisessa - LAB Focus","isPartOf":{"@id":"https:\/\/blogit.lab.fi\/labfocus\/#website"},"primaryImageOfPage":{"@id":"https:\/\/blogit.lab.fi\/labfocus\/palveluintegraatiolla-vaikuttavampia-tuloksia-syrjaytyneiden-nuorten-auttamisessa\/#primaryimage"},"image":{"@id":"https:\/\/blogit.lab.fi\/labfocus\/palveluintegraatiolla-vaikuttavampia-tuloksia-syrjaytyneiden-nuorten-auttamisessa\/#primaryimage"},"thumbnailUrl":"https:\/\/blogit.lab.fi\/labfocus\/wp-content\/uploads\/sites\/8\/2021\/03\/309_2020-PALVELUINTEGRAATIOLLA-VAIKUTTAVAMPIA-TULOKSIA-SYRJAYTYNEIDEN-NUORTEN-AUTTAMISESSA-_kuva1.png","datePublished":"2021-03-19T14:03:27+00:00","dateModified":"2021-03-19T14:03:29+00:00","breadcrumb":{"@id":"https:\/\/blogit.lab.fi\/labfocus\/palveluintegraatiolla-vaikuttavampia-tuloksia-syrjaytyneiden-nuorten-auttamisessa\/#breadcrumb"},"inLanguage":"fi","potentialAction":[{"@type":"ReadAction","target":["https:\/\/blogit.lab.fi\/labfocus\/palveluintegraatiolla-vaikuttavampia-tuloksia-syrjaytyneiden-nuorten-auttamisessa\/"]}]},{"@type":"ImageObject","inLanguage":"fi","@id":"https:\/\/blogit.lab.fi\/labfocus\/palveluintegraatiolla-vaikuttavampia-tuloksia-syrjaytyneiden-nuorten-auttamisessa\/#primaryimage","url":"https:\/\/blogit.lab.fi\/labfocus\/wp-content\/uploads\/sites\/8\/2021\/03\/309_2020-PALVELUINTEGRAATIOLLA-VAIKUTTAVAMPIA-TULOKSIA-SYRJAYTYNEIDEN-NUORTEN-AUTTAMISESSA-_kuva1.png","contentUrl":"https:\/\/blogit.lab.fi\/labfocus\/wp-content\/uploads\/sites\/8\/2021\/03\/309_2020-PALVELUINTEGRAATIOLLA-VAIKUTTAVAMPIA-TULOKSIA-SYRJAYTYNEIDEN-NUORTEN-AUTTAMISESSA-_kuva1.png","width":1141,"height":640},{"@type":"BreadcrumbList","@id":"https:\/\/blogit.lab.fi\/labfocus\/palveluintegraatiolla-vaikuttavampia-tuloksia-syrjaytyneiden-nuorten-auttamisessa\/#breadcrumb","itemListElement":[{"@type":"ListItem","position":1,"name":"Home","item":"https:\/\/blogit.lab.fi\/labfocus\/"},{"@type":"ListItem","position":2,"name":"Palveluintegraatiolla vaikuttavampia tuloksia syrj\u00e4ytyneiden nuorten auttamisessa"}]},{"@type":"WebSite","@id":"https:\/\/blogit.lab.fi\/labfocus\/#website","url":"https:\/\/blogit.lab.fi\/labfocus\/","name":"LAB Focus","description":"Focus Area blog | LAB University of Applied Sciences","publisher":{"@id":"https:\/\/blogit.lab.fi\/labfocus\/#organization"},"potentialAction":[{"@type":"SearchAction","target":{"@type":"EntryPoint","urlTemplate":"https:\/\/blogit.lab.fi\/labfocus\/?s={search_term_string}"},"query-input":{"@type":"PropertyValueSpecification","valueRequired":true,"valueName":"search_term_string"}}],"inLanguage":"fi"},{"@type":"Organization","@id":"https:\/\/blogit.lab.fi\/labfocus\/#organization","name":"LAB Focus","url":"https:\/\/blogit.lab.fi\/labfocus\/","logo":{"@type":"ImageObject","inLanguage":"fi","@id":"https:\/\/blogit.lab.fi\/labfocus\/#\/schema\/logo\/image\/","url":"https:\/\/blogit.lab.fi\/labfocus\/wp-content\/uploads\/sites\/8\/2020\/04\/cropped-cropped-tunnus_blogi-01.png","contentUrl":"https:\/\/blogit.lab.fi\/labfocus\/wp-content\/uploads\/sites\/8\/2020\/04\/cropped-cropped-tunnus_blogi-01.png","width":1342,"height":288,"caption":"LAB Focus"},"image":{"@id":"https:\/\/blogit.lab.fi\/labfocus\/#\/schema\/logo\/image\/"},"sameAs":["https:\/\/x.com\/LABfinland"]},{"@type":"Person","@id":"https:\/\/blogit.lab.fi\/labfocus\/#\/schema\/person\/f02f818b1b6bf8794d4aec1c49669077","name":"niinasal","image":{"@type":"ImageObject","inLanguage":"fi","@id":"https:\/\/secure.gravatar.com\/avatar\/56ff6f7f7fa10477834cd38d238f13f5db501df633669a1696900e3827da4bcd?s=96&d=mm&r=g","url":"https:\/\/secure.gravatar.com\/avatar\/56ff6f7f7fa10477834cd38d238f13f5db501df633669a1696900e3827da4bcd?s=96&d=mm&r=g","contentUrl":"https:\/\/secure.gravatar.com\/avatar\/56ff6f7f7fa10477834cd38d238f13f5db501df633669a1696900e3827da4bcd?s=96&d=mm&r=g","caption":"niinasal"},"url":"https:\/\/blogit.lab.fi\/labfocus\/author\/niinasal\/"}]}},"_links":{"self":[{"href":"https:\/\/blogit.lab.fi\/labfocus\/wp-json\/wp\/v2\/posts\/3082","targetHints":{"allow":["GET"]}}],"collection":[{"href":"https:\/\/blogit.lab.fi\/labfocus\/wp-json\/wp\/v2\/posts"}],"about":[{"href":"https:\/\/blogit.lab.fi\/labfocus\/wp-json\/wp\/v2\/types\/post"}],"author":[{"embeddable":true,"href":"https:\/\/blogit.lab.fi\/labfocus\/wp-json\/wp\/v2\/users\/7"}],"replies":[{"embeddable":true,"href":"https:\/\/blogit.lab.fi\/labfocus\/wp-json\/wp\/v2\/comments?post=3082"}],"version-history":[{"count":1,"href":"https:\/\/blogit.lab.fi\/labfocus\/wp-json\/wp\/v2\/posts\/3082\/revisions"}],"predecessor-version":[{"id":3085,"href":"https:\/\/blogit.lab.fi\/labfocus\/wp-json\/wp\/v2\/posts\/3082\/revisions\/3085"}],"wp:featuredmedia":[{"embeddable":true,"href":"https:\/\/blogit.lab.fi\/labfocus\/wp-json\/wp\/v2\/media\/3084"}],"wp:attachment":[{"href":"https:\/\/blogit.lab.fi\/labfocus\/wp-json\/wp\/v2\/media?parent=3082"}],"wp:term":[{"taxonomy":"category","embeddable":true,"href":"https:\/\/blogit.lab.fi\/labfocus\/wp-json\/wp\/v2\/categories?post=3082"},{"taxonomy":"post_tag","embeddable":true,"href":"https:\/\/blogit.lab.fi\/labfocus\/wp-json\/wp\/v2\/tags?post=3082"}],"curies":[{"name":"wp","href":"https:\/\/api.w.org\/{rel}","templated":true}]}}