{"id":3469,"date":"2021-04-19T11:07:07","date_gmt":"2021-04-19T08:07:07","guid":{"rendered":"https:\/\/blogit.lab.fi\/labfocus\/?p=3469"},"modified":"2021-04-29T08:07:38","modified_gmt":"2021-04-29T05:07:38","slug":"sosiaalihuollon-asiakastietojen-kayttooikeudet","status":"publish","type":"post","link":"https:\/\/blogit.lab.fi\/labfocus\/sosiaalihuollon-asiakastietojen-kayttooikeudet\/","title":{"rendered":"Sosiaalihuollon asiakastietojen k\u00e4ytt\u00f6oikeudet"},"content":{"rendered":"\n<p>Sosiaalihuoltolaissa korostetaan asiakasl\u00e4ht\u00f6isyytt\u00e4, joten ty\u00f6ntekij\u00e4n tulee arvioida laajasti palvelutarve ja my\u00f6nt\u00e4\u00e4 asiakkaan tarvitsemat palvelut. Asiakastietojen k\u00e4ytt\u00f6oikeuksista ei ole kuitenkaan k\u00e4yty riitt\u00e4v\u00e4sti yhteist\u00e4 keskustelua organisaatioissa, ja k\u00e4yt\u00e4nn\u00f6t ovat vaihdelleet kuntakohtaisesti.<\/p>\n\n\n\n<p>Terveyden ja hyvinvoinnin laitoksen m\u00e4\u00e4r\u00e4ys k\u00e4ytt\u00f6oikeuksien m\u00e4\u00e4rittelyn perusteista sosiaalihuollon asiakastietoihin (THL 2020) yhten\u00e4ist\u00e4\u00e4 asiakastietojen k\u00e4ytt\u00f6oikeuksia s\u00e4hk\u00f6isiss\u00e4 j\u00e4rjestelmiss\u00e4 ja tukee palvelujen koordinointia omassa organisaatiossa. K\u00e4ytt\u00f6oikeuksien m\u00e4\u00e4rittely pohjautuu sosiaalihuollon palveluteht\u00e4viin luokitteluun, joista on annettu oma m\u00e4\u00e4r\u00e4ys 2016 voimaantuloaikoineen (THL 2016).<\/p>\n\n\n\n<figure class=\"wp-block-image size-large\"><img loading=\"lazy\" decoding=\"async\" width=\"1024\" height=\"576\" src=\"https:\/\/blogit.lab.fi\/labfocus\/wp-content\/uploads\/sites\/8\/2021\/04\/144_2021_Sosiaalihuollon-asiakastietojen-kayttooikeudet-1024x576.jpg\" alt=\"\" class=\"wp-image-3470\" srcset=\"https:\/\/blogit.lab.fi\/labfocus\/wp-content\/uploads\/sites\/8\/2021\/04\/144_2021_Sosiaalihuollon-asiakastietojen-kayttooikeudet-1024x576.jpg 1024w, https:\/\/blogit.lab.fi\/labfocus\/wp-content\/uploads\/sites\/8\/2021\/04\/144_2021_Sosiaalihuollon-asiakastietojen-kayttooikeudet-300x169.jpg 300w, https:\/\/blogit.lab.fi\/labfocus\/wp-content\/uploads\/sites\/8\/2021\/04\/144_2021_Sosiaalihuollon-asiakastietojen-kayttooikeudet-768x432.jpg 768w, https:\/\/blogit.lab.fi\/labfocus\/wp-content\/uploads\/sites\/8\/2021\/04\/144_2021_Sosiaalihuollon-asiakastietojen-kayttooikeudet-1110x624.jpg 1110w, https:\/\/blogit.lab.fi\/labfocus\/wp-content\/uploads\/sites\/8\/2021\/04\/144_2021_Sosiaalihuollon-asiakastietojen-kayttooikeudet-528x297.jpg 528w, https:\/\/blogit.lab.fi\/labfocus\/wp-content\/uploads\/sites\/8\/2021\/04\/144_2021_Sosiaalihuollon-asiakastietojen-kayttooikeudet.jpg 1280w\" sizes=\"auto, (max-width: 1024px) 100vw, 1024px\" \/><figcaption>Kuva 1. Asiakastietojen k\u00e4ytt\u00f6\u00f6n tulee kouluttaa, ja keskustella ty\u00f6yhteis\u00f6iss\u00e4 yhteisist\u00e4 toimintatavoista (K\u00e4lvi\u00e4 2021)<\/figcaption><\/figure>\n\n\n\n<h2 class=\"wp-block-heading\">K\u00e4ytt\u00f6oikeuksien mallinnus organisaatioissa<\/h2>\n\n\n\n<p>K\u00e4lvi\u00e4n (2021) tavoitteena oli laatia prosessimallinnus asiakastietoj\u00e4rjestelm\u00e4n k\u00e4ytt\u00f6oikeuksista osana ty\u00f6el\u00e4m\u00e4n kehitt\u00e4misteht\u00e4v\u00e4\u00e4. THL:n Sosmeta-palvelu (Sosmeta 2020) tuottaa l\u00e4pin\u00e4kyv\u00e4ksi tietoja, joita sosiaalipalveluissa kirjataan, ja samalla kuvauksen palveluteht\u00e4vien asiakirjoista, joita saa n\u00e4hd\u00e4 eri k\u00e4ytt\u00f6oikeuksin.<\/p>\n\n\n\n<p>K\u00e4ytt\u00f6oikeusm\u00e4\u00e4r\u00e4ys kertoo vastaavasti palvelut ja ty\u00f6teht\u00e4v\u00e4t, joiden perusteella asiakastietoihin on k\u00e4ytt\u00f6oikeudet (THL 2020). Asiakastietoj\u00e4rjestelm\u00e4ss\u00e4 tietoihin yhdistyy palveluyksikk\u00f6.<\/p>\n\n\n\n<p>K\u00e4ytt\u00f6oikeuksien m\u00e4\u00e4rittely edellytt\u00e4\u00e4 kirjaamisen sis\u00e4ll\u00f6n koulutuksen lis\u00e4ksi l\u00e4pik\u00e4ynti\u00e4, miten tietoa tulee ty\u00f6ss\u00e4 k\u00e4ytt\u00e4\u00e4 ja hy\u00f6dynt\u00e4\u00e4.<\/p>\n\n\n\n<p>Samoin tulee mahdollistaa sujuva k\u00e4ytt\u00f6oikeuksien haku ty\u00f6ntekij\u00e4lle ja ajantasaisten k\u00e4ytt\u00e4j\u00e4tietojen yll\u00e4pito. Tietojen yll\u00e4pitovastuut on sovittava selke\u00e4sti.<\/p>\n\n\n\n<h2 class=\"wp-block-heading\">Ty\u00f6ntekij\u00e4n k\u00e4ytt\u00f6oikeudet asiakastietoihin<\/h2>\n\n\n\n<p>K\u00e4ytt\u00f6oikeusm\u00e4\u00e4r\u00e4yksen m\u00e4\u00e4rittely on lis\u00e4nnyt keskustelua ty\u00f6ntekij\u00f6iden toimenkuvista ja selkiytt\u00e4nyt k\u00e4sityst\u00e4 siit\u00e4, mik\u00e4 asia kuuluu palvelun j\u00e4rjest\u00e4miseen ja mik\u00e4 toteuttamiseen. On k\u00e4yty l\u00e4pi uudelleen muun muassa p\u00e4\u00e4t\u00f6ksentekoon liittyvi\u00e4 vastuita ja oikeuksia.<\/p>\n\n\n\n<p>K\u00e4ytt\u00f6oikeuksien my\u00f6nt\u00e4minen on pohjautunut aiemmin eri henkil\u00f6rekistereihin, joista on s\u00e4\u00e4detty useissa sosiaalihuoltoa koskevissa laissa (Tietosuojavaltuutetun toimisto 2016, 12). K\u00e4ytt\u00f6oikeudet ovat olleet osassa ty\u00f6teht\u00e4vi\u00e4 t\u00e4m\u00e4n takia hyvinkin rajatut.<\/p>\n\n\n\n<p>Kansalliset prosessit lis\u00e4\u00e4v\u00e4t vaativuutta tietojen k\u00e4ytt\u00f6\u00f6n, kun sosiaalihuollossa on yhteinen asiakasrekisteri. My\u00f6s omaty\u00f6ntekij\u00e4n m\u00e4\u00e4ritteleminen on ollut vaativa prosessi (Laki sosiaalihuoltolain 42 \u00a7:n muuttamisesta 1347\/2016), ja sen kautta laajemmin k\u00e4ytt\u00f6oikeudet palvelujen koordinointiin ja palvelutarpeen arviointiin. Kun k\u00e4yt\u00e4nn\u00f6ss\u00e4 sosiaality\u00f6n osaamista ja vastuita tulee kuitenkin jakaa, niin miten huolehditaan yhteisty\u00f6st\u00e4?<\/p>\n\n\n\n<p>K\u00e4ytt\u00f6oikeuksien ja asiakastiedon kirjaamisen opetus osana sosiaalialan opintoja on hyv\u00e4 tapa valmistaa opiskelijoita ty\u00f6el\u00e4m\u00e4n ja asiakasty\u00f6n moninaisiin tilanteisiin.<\/p>\n\n\n\n<h2 class=\"wp-block-heading\">Asiakkaan oikeudet asiakastietoihin<\/h2>\n\n\n\n<p>Ratkaiseva hetki tulee organisaation liittyess\u00e4 Kanta II -vaiheen mukaiseen tietojen k\u00e4ytt\u00f6\u00f6n. Asiakastietojen kirjaamisen tulee olla reaaliaikaista ja asiakasta osallistavaa. Asiakas voi lukea omat tietonsa Kanta-palvelun kautta.<\/p>\n\n\n\n<p>Siin\u00e4 kohtaa jokaisen sosiaalialalla ty\u00f6skentelev\u00e4n ty\u00f6ntekij\u00e4n tulee tiet\u00e4\u00e4 asiakastietojen k\u00e4ytt\u00f6oikeuksien ja kirjaamisen periaatteet.<\/p>\n\n\n\n<div class=\"wp-block-group has-background\" style=\"background-color:#b3edfb\"><div class=\"wp-block-group__inner-container is-layout-flow wp-block-group-is-layout-flow\">\n<p>Kirjoittajat<br><strong>Minna K\u00e4lvi\u00e4<\/strong> on sosionomi (AMK) ja LAB-ammattikorkeakoulun YAMK-opiskelija sosiaali- ja terveysalan kehitt\u00e4minen ja johtaminen -koulutuksessa. H\u00e4n on kiinnostunut sosiaalihuollon tiedonhallinnasta osana sosiaalialan ty\u00f6t\u00e4. Minna K\u00e4lvi\u00e4 toimii p\u00e4\u00e4ty\u00f6ss\u00e4\u00e4n IT-palvelup\u00e4\u00e4llikk\u00f6n\u00e4 Eksoten tietohallinnossa.<br><strong>Kristiina Helminen<\/strong> on LAB-ammattikorkeakoulun lehtori. H\u00e4n toimi K\u00e4lvi\u00e4n opinn\u00e4ytety\u00f6n ohjaajana.<\/p>\n<\/div><\/div>\n\n\n\n<h2 class=\"wp-block-heading\">L\u00e4hteet<\/h2>\n\n\n\n<p>K\u00e4lvi\u00e4, M. 2021. Sosiaalihuollon asiakastietojen k\u00e4ytt\u00f6oikeuksien prosessimallinnus k\u00e4ytt\u00f6valtuushallinnan tueksi. Ylempi AMK \u2013 opinn\u00e4ytety\u00f6. Lappeenranta LAB ammattikorkeakoulu. [Viitattu 14.3.2021]. Saatavissa:\u00a0<a href=\"http:\/\/urn.fi\/URN:NBN:fi:amk-202104276086\">http:\/\/urn.fi\/URN:NBN:fi:amk-202104276086<\/a><\/p>\n\n\n\n<p>Laki sosiaalihuoltolain 42 \u00a7:n muuttamisesta 1347\/2016. [Viitattu 11.7.2020]. &nbsp;<a href=\"https:\/\/www.finlex.fi\/fi\/laki\/alkup\/2016\/20161347\">https:\/\/www.finlex.fi\/fi\/laki\/alkup\/2016\/20161347<\/a>.<\/p>\n\n\n\n<p>Sosmeta 2020. Sosiaalihuollon asiakirjarakenteiden ja metatietojen palvelu. Terveyden ja hyvinvoinnin laitos. Helsinki. [Viitattu 15.2.2021]. <a href=\"https:\/\/sosmeta.thl.fi\/sosmeta-publish-ui\/\">https:\/\/sosmeta.thl.fi\/sosmeta-publish-ui\/<\/a>.<\/p>\n\n\n\n<p>THL 2016. M\u00e4\u00e4r\u00e4ys 1\/2016: M\u00e4\u00e4r\u00e4ys sosiaalihuollon palveluteht\u00e4vien luokituksesta. M\u00e4\u00e4r\u00e4ys 1\/2016. Terveyden ja hyvinvoinnin laitos. Helsinki. [Viitattu 11.4.2021]. <a href=\"https:\/\/www.thl.fi\/attachments\/tiedonhallinta\/Maarays_1_2016_sosiaalihuolto.pdf\">https:\/\/www.thl.fi\/attachments\/tiedonhallinta\/Maarays_1_2016_sosiaalihuolto.pdf<\/a>.<\/p>\n\n\n\n<p>THL 2020. M\u00e4\u00e4r\u00e4ys 1\/2020: M\u00e4\u00e4r\u00e4ys k\u00e4ytt\u00f6oikeuksien m\u00e4\u00e4rittelyn perusteista sosiaalihuollon asiakastietoihin. Terveyden ja hyvinvoinnin laitos. Helsinki. [Viitattu 11.7.2020]. https:\/\/thl.fi\/documents\/920442\/0\/THL+Ma%CC%88a%CC%88ra%CC%88ys+1-2020+Ka%CC%88ytto%CC%88oikeuksien+ma%CC%88a%CC%88rittelyn+perusteet+sosiaalihuollon+asiakastietoihin+%281%29.pdf\/098c29e0-e3f0-cfba-a6dd-b27242ca73b5?t=1581514766768.<\/p>\n\n\n\n<p>Tietosuojavaltuutetun toimisto 2016. Sosiaalihuollon asiakastietojen k\u00e4sittelyst\u00e4 22.4.2016. Tietosuojavaltuutetun toimisto. Helsinki. [Viitattu 8.3.2021]. https:\/\/tietosuoja.fi\/documents\/6927448\/10594424\/Sosiaalihuollon+asiakastietojen+k%C3%A4sittely\/dffae2c6-3ef5-f4ca-1695-40f9db4e8d39\/Sosiaalihuollon+asiakastietojen+k%C3%A4sittely.pdf.<\/p>\n\n\n\n<h2 class=\"wp-block-heading\">Kuva<\/h2>\n\n\n\n<p>Kuva 1. Minna K\u00e4lvi\u00e4 2021.<\/p>\n","protected":false},"excerpt":{"rendered":"<p>Sosiaalihuoltolaissa korostetaan asiakasl\u00e4ht\u00f6isyytt\u00e4, joten ty\u00f6ntekij\u00e4n tulee arvioida laajasti palvelutarve ja my\u00f6nt\u00e4\u00e4 asiakkaan tarvitsemat palvelut. Asiakastietojen k\u00e4ytt\u00f6oikeuksista ei ole kuitenkaan k\u00e4yty riitt\u00e4v\u00e4sti yhteist\u00e4 keskustelua organisaatioissa, ja k\u00e4yt\u00e4nn\u00f6t ovat vaihdelleet kuntakohtaisesti. Terveyden ja hyvinvoinnin laitoksen m\u00e4\u00e4r\u00e4ys k\u00e4ytt\u00f6oikeuksien m\u00e4\u00e4rittelyn perusteista sosiaalihuollon asiakastietoihin (THL 2020) yhten\u00e4ist\u00e4\u00e4 asiakastietojen k\u00e4ytt\u00f6oikeuksia s\u00e4hk\u00f6isiss\u00e4 j\u00e4rjestelmiss\u00e4 ja tukee palvelujen koordinointia omassa organisaatiossa. K\u00e4ytt\u00f6oikeuksien m\u00e4\u00e4rittely pohjautuu [&hellip;]<\/p>\n","protected":false},"author":17,"featured_media":3470,"comment_status":"closed","ping_status":"open","sticky":false,"template":"","format":"standard","meta":{"footnotes":""},"categories":[15],"tags":[29,2219,2220,2221,257,2222,751],"class_list":{"0":"post-3469","1":"post","2":"type-post","3":"status-publish","4":"format-standard","5":"has-post-thumbnail","7":"category-health_fi","8":"tag-artikkeli-e1","9":"tag-asiakastiedot","10":"tag-asiakastietojarjestelma","11":"tag-kayttooikeudet","12":"tag-kehittaminen","13":"tag-sosiaalihuolto","14":"tag-tietosuoja","15":"czr-hentry"},"yoast_head":"<!-- This site is optimized with the Yoast SEO plugin v27.4 - https:\/\/yoast.com\/product\/yoast-seo-wordpress\/ -->\n<title>Sosiaalihuollon asiakastietojen k\u00e4ytt\u00f6oikeudet - LAB Focus<\/title>\n<meta name=\"robots\" content=\"index, follow, max-snippet:-1, max-image-preview:large, max-video-preview:-1\" \/>\n<link rel=\"canonical\" href=\"https:\/\/blogit.lab.fi\/labfocus\/sosiaalihuollon-asiakastietojen-kayttooikeudet\/\" \/>\n<meta property=\"og:locale\" content=\"fi_FI\" \/>\n<meta property=\"og:type\" content=\"article\" \/>\n<meta property=\"og:title\" content=\"Sosiaalihuollon asiakastietojen k\u00e4ytt\u00f6oikeudet - LAB Focus\" \/>\n<meta property=\"og:description\" content=\"Sosiaalihuoltolaissa korostetaan asiakasl\u00e4ht\u00f6isyytt\u00e4, joten ty\u00f6ntekij\u00e4n tulee arvioida laajasti palvelutarve ja my\u00f6nt\u00e4\u00e4 asiakkaan tarvitsemat palvelut. Asiakastietojen k\u00e4ytt\u00f6oikeuksista ei ole kuitenkaan k\u00e4yty riitt\u00e4v\u00e4sti yhteist\u00e4 keskustelua organisaatioissa, ja k\u00e4yt\u00e4nn\u00f6t ovat vaihdelleet kuntakohtaisesti. Terveyden ja hyvinvoinnin laitoksen m\u00e4\u00e4r\u00e4ys k\u00e4ytt\u00f6oikeuksien m\u00e4\u00e4rittelyn perusteista sosiaalihuollon asiakastietoihin (THL 2020) yhten\u00e4ist\u00e4\u00e4 asiakastietojen k\u00e4ytt\u00f6oikeuksia s\u00e4hk\u00f6isiss\u00e4 j\u00e4rjestelmiss\u00e4 ja tukee palvelujen koordinointia omassa organisaatiossa. K\u00e4ytt\u00f6oikeuksien m\u00e4\u00e4rittely pohjautuu [&hellip;]\" \/>\n<meta property=\"og:url\" content=\"https:\/\/blogit.lab.fi\/labfocus\/sosiaalihuollon-asiakastietojen-kayttooikeudet\/\" \/>\n<meta property=\"og:site_name\" content=\"LAB Focus\" \/>\n<meta property=\"article:published_time\" content=\"2021-04-19T08:07:07+00:00\" \/>\n<meta property=\"article:modified_time\" content=\"2021-04-29T05:07:38+00:00\" \/>\n<meta property=\"og:image\" content=\"https:\/\/blogit.lab.fi\/labfocus\/wp-content\/uploads\/sites\/8\/2021\/04\/144_2021_Sosiaalihuollon-asiakastietojen-kayttooikeudet.jpg\" \/>\n\t<meta property=\"og:image:width\" content=\"1280\" \/>\n\t<meta property=\"og:image:height\" content=\"720\" \/>\n\t<meta property=\"og:image:type\" content=\"image\/jpeg\" \/>\n<meta name=\"author\" content=\"tainask\" \/>\n<meta name=\"twitter:card\" content=\"summary_large_image\" \/>\n<meta name=\"twitter:creator\" content=\"@LABfinland\" \/>\n<meta name=\"twitter:site\" content=\"@LABfinland\" \/>\n<meta name=\"twitter:label1\" content=\"Kirjoittanut\" \/>\n\t<meta name=\"twitter:data1\" content=\"tainask\" \/>\n\t<meta name=\"twitter:label2\" content=\"Arvioitu lukuaika\" \/>\n\t<meta name=\"twitter:data2\" content=\"3 minuuttia\" \/>\n<script type=\"application\/ld+json\" class=\"yoast-schema-graph\">{\"@context\":\"https:\\\/\\\/schema.org\",\"@graph\":[{\"@type\":\"Article\",\"@id\":\"https:\\\/\\\/blogit.lab.fi\\\/labfocus\\\/sosiaalihuollon-asiakastietojen-kayttooikeudet\\\/#article\",\"isPartOf\":{\"@id\":\"https:\\\/\\\/blogit.lab.fi\\\/labfocus\\\/sosiaalihuollon-asiakastietojen-kayttooikeudet\\\/\"},\"author\":{\"name\":\"tainask\",\"@id\":\"https:\\\/\\\/blogit.lab.fi\\\/labfocus\\\/#\\\/schema\\\/person\\\/da729f65c4a2fb9fd8f0b1ec7a2ab7d0\"},\"headline\":\"Sosiaalihuollon asiakastietojen k\u00e4ytt\u00f6oikeudet\",\"datePublished\":\"2021-04-19T08:07:07+00:00\",\"dateModified\":\"2021-04-29T05:07:38+00:00\",\"mainEntityOfPage\":{\"@id\":\"https:\\\/\\\/blogit.lab.fi\\\/labfocus\\\/sosiaalihuollon-asiakastietojen-kayttooikeudet\\\/\"},\"wordCount\":717,\"publisher\":{\"@id\":\"https:\\\/\\\/blogit.lab.fi\\\/labfocus\\\/#organization\"},\"image\":{\"@id\":\"https:\\\/\\\/blogit.lab.fi\\\/labfocus\\\/sosiaalihuollon-asiakastietojen-kayttooikeudet\\\/#primaryimage\"},\"thumbnailUrl\":\"https:\\\/\\\/blogit.lab.fi\\\/labfocus\\\/wp-content\\\/uploads\\\/sites\\\/8\\\/2021\\\/04\\\/144_2021_Sosiaalihuollon-asiakastietojen-kayttooikeudet.jpg\",\"keywords\":[\"Artikkeli E1\",\"asiakastiedot\",\"asiakastietoj\u00e4rjestelm\u00e4\",\"k\u00e4ytt\u00f6oikeudet\",\"kehitt\u00e4minen\",\"sosiaalihuolto\",\"tietosuoja\"],\"articleSection\":[\"Health\"],\"inLanguage\":\"fi\"},{\"@type\":\"WebPage\",\"@id\":\"https:\\\/\\\/blogit.lab.fi\\\/labfocus\\\/sosiaalihuollon-asiakastietojen-kayttooikeudet\\\/\",\"url\":\"https:\\\/\\\/blogit.lab.fi\\\/labfocus\\\/sosiaalihuollon-asiakastietojen-kayttooikeudet\\\/\",\"name\":\"Sosiaalihuollon asiakastietojen k\u00e4ytt\u00f6oikeudet - LAB Focus\",\"isPartOf\":{\"@id\":\"https:\\\/\\\/blogit.lab.fi\\\/labfocus\\\/#website\"},\"primaryImageOfPage\":{\"@id\":\"https:\\\/\\\/blogit.lab.fi\\\/labfocus\\\/sosiaalihuollon-asiakastietojen-kayttooikeudet\\\/#primaryimage\"},\"image\":{\"@id\":\"https:\\\/\\\/blogit.lab.fi\\\/labfocus\\\/sosiaalihuollon-asiakastietojen-kayttooikeudet\\\/#primaryimage\"},\"thumbnailUrl\":\"https:\\\/\\\/blogit.lab.fi\\\/labfocus\\\/wp-content\\\/uploads\\\/sites\\\/8\\\/2021\\\/04\\\/144_2021_Sosiaalihuollon-asiakastietojen-kayttooikeudet.jpg\",\"datePublished\":\"2021-04-19T08:07:07+00:00\",\"dateModified\":\"2021-04-29T05:07:38+00:00\",\"breadcrumb\":{\"@id\":\"https:\\\/\\\/blogit.lab.fi\\\/labfocus\\\/sosiaalihuollon-asiakastietojen-kayttooikeudet\\\/#breadcrumb\"},\"inLanguage\":\"fi\",\"potentialAction\":[{\"@type\":\"ReadAction\",\"target\":[\"https:\\\/\\\/blogit.lab.fi\\\/labfocus\\\/sosiaalihuollon-asiakastietojen-kayttooikeudet\\\/\"]}]},{\"@type\":\"ImageObject\",\"inLanguage\":\"fi\",\"@id\":\"https:\\\/\\\/blogit.lab.fi\\\/labfocus\\\/sosiaalihuollon-asiakastietojen-kayttooikeudet\\\/#primaryimage\",\"url\":\"https:\\\/\\\/blogit.lab.fi\\\/labfocus\\\/wp-content\\\/uploads\\\/sites\\\/8\\\/2021\\\/04\\\/144_2021_Sosiaalihuollon-asiakastietojen-kayttooikeudet.jpg\",\"contentUrl\":\"https:\\\/\\\/blogit.lab.fi\\\/labfocus\\\/wp-content\\\/uploads\\\/sites\\\/8\\\/2021\\\/04\\\/144_2021_Sosiaalihuollon-asiakastietojen-kayttooikeudet.jpg\",\"width\":1280,\"height\":720},{\"@type\":\"BreadcrumbList\",\"@id\":\"https:\\\/\\\/blogit.lab.fi\\\/labfocus\\\/sosiaalihuollon-asiakastietojen-kayttooikeudet\\\/#breadcrumb\",\"itemListElement\":[{\"@type\":\"ListItem\",\"position\":1,\"name\":\"Home\",\"item\":\"https:\\\/\\\/blogit.lab.fi\\\/labfocus\\\/\"},{\"@type\":\"ListItem\",\"position\":2,\"name\":\"Sosiaalihuollon asiakastietojen k\u00e4ytt\u00f6oikeudet\"}]},{\"@type\":\"WebSite\",\"@id\":\"https:\\\/\\\/blogit.lab.fi\\\/labfocus\\\/#website\",\"url\":\"https:\\\/\\\/blogit.lab.fi\\\/labfocus\\\/\",\"name\":\"LAB Focus\",\"description\":\"Focus Area blog | LAB University of Applied Sciences\",\"publisher\":{\"@id\":\"https:\\\/\\\/blogit.lab.fi\\\/labfocus\\\/#organization\"},\"potentialAction\":[{\"@type\":\"SearchAction\",\"target\":{\"@type\":\"EntryPoint\",\"urlTemplate\":\"https:\\\/\\\/blogit.lab.fi\\\/labfocus\\\/?s={search_term_string}\"},\"query-input\":{\"@type\":\"PropertyValueSpecification\",\"valueRequired\":true,\"valueName\":\"search_term_string\"}}],\"inLanguage\":\"fi\"},{\"@type\":\"Organization\",\"@id\":\"https:\\\/\\\/blogit.lab.fi\\\/labfocus\\\/#organization\",\"name\":\"LAB Focus\",\"url\":\"https:\\\/\\\/blogit.lab.fi\\\/labfocus\\\/\",\"logo\":{\"@type\":\"ImageObject\",\"inLanguage\":\"fi\",\"@id\":\"https:\\\/\\\/blogit.lab.fi\\\/labfocus\\\/#\\\/schema\\\/logo\\\/image\\\/\",\"url\":\"https:\\\/\\\/blogit.lab.fi\\\/labfocus\\\/wp-content\\\/uploads\\\/sites\\\/8\\\/2020\\\/04\\\/cropped-cropped-tunnus_blogi-01.png\",\"contentUrl\":\"https:\\\/\\\/blogit.lab.fi\\\/labfocus\\\/wp-content\\\/uploads\\\/sites\\\/8\\\/2020\\\/04\\\/cropped-cropped-tunnus_blogi-01.png\",\"width\":1342,\"height\":288,\"caption\":\"LAB Focus\"},\"image\":{\"@id\":\"https:\\\/\\\/blogit.lab.fi\\\/labfocus\\\/#\\\/schema\\\/logo\\\/image\\\/\"},\"sameAs\":[\"https:\\\/\\\/x.com\\\/LABfinland\"]},{\"@type\":\"Person\",\"@id\":\"https:\\\/\\\/blogit.lab.fi\\\/labfocus\\\/#\\\/schema\\\/person\\\/da729f65c4a2fb9fd8f0b1ec7a2ab7d0\",\"name\":\"tainask\",\"image\":{\"@type\":\"ImageObject\",\"inLanguage\":\"fi\",\"@id\":\"https:\\\/\\\/secure.gravatar.com\\\/avatar\\\/4a96427877ef826b76e80c27f60b266128094f522551459346efcf14282febb3?s=96&d=mm&r=g\",\"url\":\"https:\\\/\\\/secure.gravatar.com\\\/avatar\\\/4a96427877ef826b76e80c27f60b266128094f522551459346efcf14282febb3?s=96&d=mm&r=g\",\"contentUrl\":\"https:\\\/\\\/secure.gravatar.com\\\/avatar\\\/4a96427877ef826b76e80c27f60b266128094f522551459346efcf14282febb3?s=96&d=mm&r=g\",\"caption\":\"tainask\"},\"url\":\"https:\\\/\\\/blogit.lab.fi\\\/labfocus\\\/author\\\/tainask\\\/\"}]}<\/script>\n<!-- \/ Yoast SEO plugin. -->","yoast_head_json":{"title":"Sosiaalihuollon asiakastietojen k\u00e4ytt\u00f6oikeudet - LAB Focus","robots":{"index":"index","follow":"follow","max-snippet":"max-snippet:-1","max-image-preview":"max-image-preview:large","max-video-preview":"max-video-preview:-1"},"canonical":"https:\/\/blogit.lab.fi\/labfocus\/sosiaalihuollon-asiakastietojen-kayttooikeudet\/","og_locale":"fi_FI","og_type":"article","og_title":"Sosiaalihuollon asiakastietojen k\u00e4ytt\u00f6oikeudet - LAB Focus","og_description":"Sosiaalihuoltolaissa korostetaan asiakasl\u00e4ht\u00f6isyytt\u00e4, joten ty\u00f6ntekij\u00e4n tulee arvioida laajasti palvelutarve ja my\u00f6nt\u00e4\u00e4 asiakkaan tarvitsemat palvelut. Asiakastietojen k\u00e4ytt\u00f6oikeuksista ei ole kuitenkaan k\u00e4yty riitt\u00e4v\u00e4sti yhteist\u00e4 keskustelua organisaatioissa, ja k\u00e4yt\u00e4nn\u00f6t ovat vaihdelleet kuntakohtaisesti. Terveyden ja hyvinvoinnin laitoksen m\u00e4\u00e4r\u00e4ys k\u00e4ytt\u00f6oikeuksien m\u00e4\u00e4rittelyn perusteista sosiaalihuollon asiakastietoihin (THL 2020) yhten\u00e4ist\u00e4\u00e4 asiakastietojen k\u00e4ytt\u00f6oikeuksia s\u00e4hk\u00f6isiss\u00e4 j\u00e4rjestelmiss\u00e4 ja tukee palvelujen koordinointia omassa organisaatiossa. K\u00e4ytt\u00f6oikeuksien m\u00e4\u00e4rittely pohjautuu [&hellip;]","og_url":"https:\/\/blogit.lab.fi\/labfocus\/sosiaalihuollon-asiakastietojen-kayttooikeudet\/","og_site_name":"LAB Focus","article_published_time":"2021-04-19T08:07:07+00:00","article_modified_time":"2021-04-29T05:07:38+00:00","og_image":[{"width":1280,"height":720,"url":"https:\/\/blogit.lab.fi\/labfocus\/wp-content\/uploads\/sites\/8\/2021\/04\/144_2021_Sosiaalihuollon-asiakastietojen-kayttooikeudet.jpg","type":"image\/jpeg"}],"author":"tainask","twitter_card":"summary_large_image","twitter_creator":"@LABfinland","twitter_site":"@LABfinland","twitter_misc":{"Kirjoittanut":"tainask","Arvioitu lukuaika":"3 minuuttia"},"schema":{"@context":"https:\/\/schema.org","@graph":[{"@type":"Article","@id":"https:\/\/blogit.lab.fi\/labfocus\/sosiaalihuollon-asiakastietojen-kayttooikeudet\/#article","isPartOf":{"@id":"https:\/\/blogit.lab.fi\/labfocus\/sosiaalihuollon-asiakastietojen-kayttooikeudet\/"},"author":{"name":"tainask","@id":"https:\/\/blogit.lab.fi\/labfocus\/#\/schema\/person\/da729f65c4a2fb9fd8f0b1ec7a2ab7d0"},"headline":"Sosiaalihuollon asiakastietojen k\u00e4ytt\u00f6oikeudet","datePublished":"2021-04-19T08:07:07+00:00","dateModified":"2021-04-29T05:07:38+00:00","mainEntityOfPage":{"@id":"https:\/\/blogit.lab.fi\/labfocus\/sosiaalihuollon-asiakastietojen-kayttooikeudet\/"},"wordCount":717,"publisher":{"@id":"https:\/\/blogit.lab.fi\/labfocus\/#organization"},"image":{"@id":"https:\/\/blogit.lab.fi\/labfocus\/sosiaalihuollon-asiakastietojen-kayttooikeudet\/#primaryimage"},"thumbnailUrl":"https:\/\/blogit.lab.fi\/labfocus\/wp-content\/uploads\/sites\/8\/2021\/04\/144_2021_Sosiaalihuollon-asiakastietojen-kayttooikeudet.jpg","keywords":["Artikkeli E1","asiakastiedot","asiakastietoj\u00e4rjestelm\u00e4","k\u00e4ytt\u00f6oikeudet","kehitt\u00e4minen","sosiaalihuolto","tietosuoja"],"articleSection":["Health"],"inLanguage":"fi"},{"@type":"WebPage","@id":"https:\/\/blogit.lab.fi\/labfocus\/sosiaalihuollon-asiakastietojen-kayttooikeudet\/","url":"https:\/\/blogit.lab.fi\/labfocus\/sosiaalihuollon-asiakastietojen-kayttooikeudet\/","name":"Sosiaalihuollon asiakastietojen k\u00e4ytt\u00f6oikeudet - LAB Focus","isPartOf":{"@id":"https:\/\/blogit.lab.fi\/labfocus\/#website"},"primaryImageOfPage":{"@id":"https:\/\/blogit.lab.fi\/labfocus\/sosiaalihuollon-asiakastietojen-kayttooikeudet\/#primaryimage"},"image":{"@id":"https:\/\/blogit.lab.fi\/labfocus\/sosiaalihuollon-asiakastietojen-kayttooikeudet\/#primaryimage"},"thumbnailUrl":"https:\/\/blogit.lab.fi\/labfocus\/wp-content\/uploads\/sites\/8\/2021\/04\/144_2021_Sosiaalihuollon-asiakastietojen-kayttooikeudet.jpg","datePublished":"2021-04-19T08:07:07+00:00","dateModified":"2021-04-29T05:07:38+00:00","breadcrumb":{"@id":"https:\/\/blogit.lab.fi\/labfocus\/sosiaalihuollon-asiakastietojen-kayttooikeudet\/#breadcrumb"},"inLanguage":"fi","potentialAction":[{"@type":"ReadAction","target":["https:\/\/blogit.lab.fi\/labfocus\/sosiaalihuollon-asiakastietojen-kayttooikeudet\/"]}]},{"@type":"ImageObject","inLanguage":"fi","@id":"https:\/\/blogit.lab.fi\/labfocus\/sosiaalihuollon-asiakastietojen-kayttooikeudet\/#primaryimage","url":"https:\/\/blogit.lab.fi\/labfocus\/wp-content\/uploads\/sites\/8\/2021\/04\/144_2021_Sosiaalihuollon-asiakastietojen-kayttooikeudet.jpg","contentUrl":"https:\/\/blogit.lab.fi\/labfocus\/wp-content\/uploads\/sites\/8\/2021\/04\/144_2021_Sosiaalihuollon-asiakastietojen-kayttooikeudet.jpg","width":1280,"height":720},{"@type":"BreadcrumbList","@id":"https:\/\/blogit.lab.fi\/labfocus\/sosiaalihuollon-asiakastietojen-kayttooikeudet\/#breadcrumb","itemListElement":[{"@type":"ListItem","position":1,"name":"Home","item":"https:\/\/blogit.lab.fi\/labfocus\/"},{"@type":"ListItem","position":2,"name":"Sosiaalihuollon asiakastietojen k\u00e4ytt\u00f6oikeudet"}]},{"@type":"WebSite","@id":"https:\/\/blogit.lab.fi\/labfocus\/#website","url":"https:\/\/blogit.lab.fi\/labfocus\/","name":"LAB Focus","description":"Focus Area blog | LAB University of Applied Sciences","publisher":{"@id":"https:\/\/blogit.lab.fi\/labfocus\/#organization"},"potentialAction":[{"@type":"SearchAction","target":{"@type":"EntryPoint","urlTemplate":"https:\/\/blogit.lab.fi\/labfocus\/?s={search_term_string}"},"query-input":{"@type":"PropertyValueSpecification","valueRequired":true,"valueName":"search_term_string"}}],"inLanguage":"fi"},{"@type":"Organization","@id":"https:\/\/blogit.lab.fi\/labfocus\/#organization","name":"LAB Focus","url":"https:\/\/blogit.lab.fi\/labfocus\/","logo":{"@type":"ImageObject","inLanguage":"fi","@id":"https:\/\/blogit.lab.fi\/labfocus\/#\/schema\/logo\/image\/","url":"https:\/\/blogit.lab.fi\/labfocus\/wp-content\/uploads\/sites\/8\/2020\/04\/cropped-cropped-tunnus_blogi-01.png","contentUrl":"https:\/\/blogit.lab.fi\/labfocus\/wp-content\/uploads\/sites\/8\/2020\/04\/cropped-cropped-tunnus_blogi-01.png","width":1342,"height":288,"caption":"LAB Focus"},"image":{"@id":"https:\/\/blogit.lab.fi\/labfocus\/#\/schema\/logo\/image\/"},"sameAs":["https:\/\/x.com\/LABfinland"]},{"@type":"Person","@id":"https:\/\/blogit.lab.fi\/labfocus\/#\/schema\/person\/da729f65c4a2fb9fd8f0b1ec7a2ab7d0","name":"tainask","image":{"@type":"ImageObject","inLanguage":"fi","@id":"https:\/\/secure.gravatar.com\/avatar\/4a96427877ef826b76e80c27f60b266128094f522551459346efcf14282febb3?s=96&d=mm&r=g","url":"https:\/\/secure.gravatar.com\/avatar\/4a96427877ef826b76e80c27f60b266128094f522551459346efcf14282febb3?s=96&d=mm&r=g","contentUrl":"https:\/\/secure.gravatar.com\/avatar\/4a96427877ef826b76e80c27f60b266128094f522551459346efcf14282febb3?s=96&d=mm&r=g","caption":"tainask"},"url":"https:\/\/blogit.lab.fi\/labfocus\/author\/tainask\/"}]}},"_links":{"self":[{"href":"https:\/\/blogit.lab.fi\/labfocus\/wp-json\/wp\/v2\/posts\/3469","targetHints":{"allow":["GET"]}}],"collection":[{"href":"https:\/\/blogit.lab.fi\/labfocus\/wp-json\/wp\/v2\/posts"}],"about":[{"href":"https:\/\/blogit.lab.fi\/labfocus\/wp-json\/wp\/v2\/types\/post"}],"author":[{"embeddable":true,"href":"https:\/\/blogit.lab.fi\/labfocus\/wp-json\/wp\/v2\/users\/17"}],"replies":[{"embeddable":true,"href":"https:\/\/blogit.lab.fi\/labfocus\/wp-json\/wp\/v2\/comments?post=3469"}],"version-history":[{"count":3,"href":"https:\/\/blogit.lab.fi\/labfocus\/wp-json\/wp\/v2\/posts\/3469\/revisions"}],"predecessor-version":[{"id":3645,"href":"https:\/\/blogit.lab.fi\/labfocus\/wp-json\/wp\/v2\/posts\/3469\/revisions\/3645"}],"wp:featuredmedia":[{"embeddable":true,"href":"https:\/\/blogit.lab.fi\/labfocus\/wp-json\/wp\/v2\/media\/3470"}],"wp:attachment":[{"href":"https:\/\/blogit.lab.fi\/labfocus\/wp-json\/wp\/v2\/media?parent=3469"}],"wp:term":[{"taxonomy":"category","embeddable":true,"href":"https:\/\/blogit.lab.fi\/labfocus\/wp-json\/wp\/v2\/categories?post=3469"},{"taxonomy":"post_tag","embeddable":true,"href":"https:\/\/blogit.lab.fi\/labfocus\/wp-json\/wp\/v2\/tags?post=3469"}],"curies":[{"name":"wp","href":"https:\/\/api.w.org\/{rel}","templated":true}]}}