{"id":4108,"date":"2021-05-18T14:07:44","date_gmt":"2021-05-18T11:07:44","guid":{"rendered":"https:\/\/blogit.lab.fi\/labfocus\/?p=4108"},"modified":"2021-05-18T14:07:46","modified_gmt":"2021-05-18T11:07:46","slug":"idearace-liikeideakilpailu-yhdisti-yrittajia-ja-opiskelijoita","status":"publish","type":"post","link":"https:\/\/blogit.lab.fi\/labfocus\/idearace-liikeideakilpailu-yhdisti-yrittajia-ja-opiskelijoita\/","title":{"rendered":"Idearace-liikeideakilpailu yhdisti yritt\u00e4ji\u00e4 ja opiskelijoita"},"content":{"rendered":"\n<p>T\u00e4n\u00e4 kev\u00e4\u00e4n\u00e4 j\u00e4rjestetty Idearace-kilpailu pidettiin ensimm\u00e4ist\u00e4 kertaa isompana tapahtumana, joka kokosi niin maakunnan yritt\u00e4jist\u00e4 koostuvat kuin korkeakoulukampukselta l\u00e4ht\u00f6isin olevat tiimitkin liikeideoineen. Kilpailu huipentui 22.4.2021 pidettyyn finaaliin, jossa yhteens\u00e4 kymmenen tiimi\u00e4 esitteli liikeideansa tuomaristolle ja livestriimi\u00e4 seuranneelle yleis\u00f6lle.<\/p>\n\n\n\n<p>Tapahtuman j\u00e4rjestelyist\u00e4 vastasivat LAB-ammattikorkeakoulun yrityshautomo Business Mill ja Lutes (LUT Entrepreneurship Society). Tapahtumaa tukemassa oli yhdistys- ja yrityssponsoreiden sek\u00e4 liike-el\u00e4m\u00e4\u00e4 tukevien toimijoiden lis\u00e4ksi useita LABin hankkeita, kuten YRRE \u2013 Yritt\u00e4j\u00e4reservien kehitt\u00e4minen, TalentHUB Etel\u00e4-Karjala ja Design Venture Etel\u00e4-Karjala.<\/p>\n\n\n\n<h2 class=\"wp-block-heading\">Yhteinen valmennus osallistujille<\/h2>\n\n\n\n<p>Kilpailuun mukaan valitut tiimit osallistuivat kuuden viikon pituiseen valmennukseen, jossa kukin hioi omaa liikeideaansa ja harjoitteli sen esitt\u00e4mist\u00e4 eli pitchausta. Yhteisvalmennuksessa opiskelijat ja yritt\u00e4j\u00e4t p\u00e4\u00e4siv\u00e4t tutustumaan toisiinsa ja sparraamaan my\u00f6s toistensa ideoita. Varsinaisesta valmennuksesta vastasi kokenut esiintymis- ja pitchausvalmentaja Walid O. El Cheikh, joka toimi my\u00f6s finaalin juontajana yhdess\u00e4 Saku Tihver\u00e4isen kanssa.<\/p>\n\n\n\n<p>Kilpailun avoimen luokan voittanut KK Haapaselk\u00e4 Oy:n yritt\u00e4j\u00e4 Kari Kostiainen kommentoi kilpailuun osallistumisen olleen positiivinen kokemus: \u201dSain teilt\u00e4 paljon hyvi\u00e4 neuvoja ja t\u00e4m\u00e4 oli oikein opettavaista. Kilpailusta j\u00e4i oikein hyv\u00e4 fiilis ja se toi uutta tuulta ja puhtia arjen ty\u00f6h\u00f6n.\u201d(Business Mill 2021.)<\/p>\n\n\n\n<p>My\u00f6s muilta valmennukseen osallistuvilta tuli positiivista palautetta. Valmennustuokioiden vapaamuotoisuutta ja mahdollisuutta p\u00e4\u00e4st\u00e4 jakamaan ajatuksia muiden kilpailijoiden kanssa arvostettiin. Tiimien erilaisuus ja l\u00e4ht\u00f6kohdat synnyttiv\u00e4t hyv\u00e4\u00e4 keskustelua ja varmasti my\u00f6s toivat uutta n\u00e4k\u00f6kulmaa puolin ja toisin \u2013 olihan mukana olevien tiimien ik\u00e4haarukkakin suuri, kun nuorimmat osallistujat olivat ensimm\u00e4ist\u00e4 korkeakoulututkintoaan suorittavia nuoria aikuisia ja vanhin osallistuja jo pitk\u00e4lle el\u00e4keik\u00e4\u00e4n ehtinyt kokenut yritt\u00e4j\u00e4.<\/p>\n\n\n\n<figure class=\"wp-block-image size-large\"><img loading=\"lazy\" decoding=\"async\" width=\"1024\" height=\"576\" src=\"https:\/\/blogit.lab.fi\/labfocus\/wp-content\/uploads\/sites\/8\/2021\/05\/253_2021_Idearace-1024x576.jpg\" alt=\"\" class=\"wp-image-4109\" srcset=\"https:\/\/blogit.lab.fi\/labfocus\/wp-content\/uploads\/sites\/8\/2021\/05\/253_2021_Idearace-1024x576.jpg 1024w, https:\/\/blogit.lab.fi\/labfocus\/wp-content\/uploads\/sites\/8\/2021\/05\/253_2021_Idearace-300x169.jpg 300w, https:\/\/blogit.lab.fi\/labfocus\/wp-content\/uploads\/sites\/8\/2021\/05\/253_2021_Idearace-768x432.jpg 768w, https:\/\/blogit.lab.fi\/labfocus\/wp-content\/uploads\/sites\/8\/2021\/05\/253_2021_Idearace-1110x624.jpg 1110w, https:\/\/blogit.lab.fi\/labfocus\/wp-content\/uploads\/sites\/8\/2021\/05\/253_2021_Idearace-528x297.jpg 528w, https:\/\/blogit.lab.fi\/labfocus\/wp-content\/uploads\/sites\/8\/2021\/05\/253_2021_Idearace.jpg 1280w\" sizes=\"auto, (max-width: 1024px) 100vw, 1024px\" \/><figcaption>Kuva 1. Idearacesta kaavaillaan jokavuotista tapahtumaa Etel\u00e4-Karjalaan. Mukana oli kaikenik\u00e4isi\u00e4 yritt\u00e4ji\u00e4 (Kuva: Tiia Puolakka 2021)<\/figcaption><\/figure>\n\n\n\n<p><\/p>\n\n\n\n<h2 class=\"wp-block-heading\">Uutta puhtia alueelle<\/h2>\n\n\n\n<p>Niin <a href=\"https:\/\/lutes.fi\/\" target=\"_blank\" rel=\"noreferrer noopener\">Lutes<\/a> kuin <a href=\"https:\/\/www.businessmill.fi\/\" target=\"_blank\" rel=\"noreferrer noopener\">Business Mill<\/a>kin ovat j\u00e4rjest\u00e4neet aikaisemmin erikseen omat liikeideakilpailunsa. Nyt tiivistyneen yhteisty\u00f6n my\u00f6t\u00e4 syntyi isompi ja n\u00e4ytt\u00e4v\u00e4mpi kokonaisuus, <a>I<\/a>dearace, josta on tarkoitus rakentaa vuosittain toistuva tapahtuma ja Etel\u00e4-Karjalan suurin liikeideakilpailu. Tulevaisuudessa kilpailun halutaan olevan ilmi\u00f6, joka tunnetaan my\u00f6s maakunnan ulkopuolella.<\/p>\n\n\n\n<p>Etel\u00e4-Karjalan elinvoimalle on eritt\u00e4in t\u00e4rke\u00e4\u00e4 saada nostettua ja vauhditettua uusia liikeideoita toteutukseen saakka. Idearacen kaltaisen kilpailun toivotaankin kehitt\u00e4v\u00e4n yritysmy\u00f6nteist\u00e4 ilmapiiri\u00e4 maakuntaan. T\u00e4rkeimp\u00e4n\u00e4 roolina kilpailulla on kuitenkin toimiminen ponnahduslautana uusien ideoiden ja yritysten synnytt\u00e4miseksi sek\u00e4 houkuttelemiseksi alueelle. Yksil\u00f6tason vaikutuksina kilpailuun osallistuminen voi lis\u00e4ksi avata uusia v\u00e4yli\u00e4 mukana oleville tiimeille ja yrityksille esimerkiksi Business Millin palveluiden kautta.<\/p>\n\n\n\n<div class=\"wp-block-group has-background\" style=\"background-color:#b3edfb\"><div class=\"wp-block-group__inner-container is-layout-flow wp-block-group-is-layout-flow\">\n<p><a>Kirjoittaja<\/a><\/p>\n\n\n\n<p><strong>Tiia Puolakka<\/strong> on tradenomi, joka toimii LAB-ammattikorkeakoulussa projektisuunnittelijana YRRE \u2013 Yritt\u00e4j\u00e4reservien kehitt\u00e4minen -hankkeessa sek\u00e4 Business Mill -yrityshautomossa opiskelijarajapinnassa.<\/p>\n<\/div><\/div>\n\n\n\n<h2 class=\"wp-block-heading\">L\u00e4hteet<\/h2>\n\n\n\n<p>Business Mill. 2021. IDEARACE-finaalin voittivat Wiredo sek\u00e4 KK Haapaselk\u00e4 Oy. [Viitattu 12.5.2021.] Saatavissa: <a href=\"https:\/\/www.businessmill.fi\/ajankohtaista\/idearace-finaalin-voittivat-wiredo-seka-kk-haapaselka-oy\" target=\"_blank\" rel=\"noreferrer noopener\">https:\/\/www.businessmill.fi\/ajankohtaista\/idearace-finaalin-voittivat-wiredo-seka-kk-haapaselka-oy<\/a><\/p>\n\n\n\n<h2 class=\"wp-block-heading\">Linkit<\/h2>\n\n\n\n<p>Business Mill. 2021. Yrityksesi paras kaveri. [Viitattu 12.5.2021.] Saatavissa: <a href=\"https:\/\/www.businessmill.fi\/\" target=\"_blank\" rel=\"noreferrer noopener\">https:\/\/www.businessmill.fi\/<\/a><\/p>\n\n\n\n<p>Design Venture Etel\u00e4-Karjala. 2021. Design Venture Etel\u00e4-Karjala. [Viitattu 12.5.2021.] Saatavissa: <a href=\"https:\/\/designventure.fi\/ek\/\" target=\"_blank\" rel=\"noreferrer noopener\">https:\/\/designventure.fi\/ek\/<\/a><\/p>\n\n\n\n<p>IDEARACE-kilpailu. 2021. Vuosittainen liikeideakilpailu Etel\u00e4-Karjalassa. [Viitattu 12.5.2021]. Saatavissa: <a href=\"https:\/\/www.idearace.fi\/\" target=\"_blank\" rel=\"noreferrer noopener\">https:\/\/www.idearace.fi\/<\/a><\/p>\n\n\n\n<p>Lutes. 2021. LUT Entrepreneurship Society. Your pathway to entrepreneurship. [Viitattu 12.5.2021.] Saatavissa: <a href=\"https:\/\/lutes.fi\/\" target=\"_blank\" rel=\"noreferrer noopener\">https:\/\/lutes.fi\/<\/a><\/p>\n\n\n\n<p>TalentHUB Etel\u00e4-Karjala. 2021. Osaaminen edell\u00e4 \u2013 Valitkaa paras. [Viitattu 12.5.2021.] Saatavissa: <a href=\"https:\/\/www.talenthub.fi\/\" target=\"_blank\" rel=\"noreferrer noopener\">https:\/\/www.talenthub.fi\/<\/a><\/p>\n\n\n\n<p>YRRE \u2013 Yritt\u00e4j\u00e4reservien kehitt\u00e4minen. 2021. LAB-ammattikorkeakoulu. [Viitattu 12.5.2021.] Saatavissa: <a href=\"https:\/\/lab.fi\/fi\/projekti\/yrre-yrittajareservien-kehittaminen\" target=\"_blank\" rel=\"noreferrer noopener\">https:\/\/lab.fi\/fi\/projekti\/yrre-yrittajareservien-kehittaminen<\/a><\/p>\n\n\n\n<hr class=\"wp-block-separator\" \/>\n\n\n\n<p><\/p>\n","protected":false},"excerpt":{"rendered":"<p>T\u00e4n\u00e4 kev\u00e4\u00e4n\u00e4 j\u00e4rjestetty Idearace-kilpailu pidettiin ensimm\u00e4ist\u00e4 kertaa isompana tapahtumana, joka kokosi niin maakunnan yritt\u00e4jist\u00e4 koostuvat kuin korkeakoulukampukselta l\u00e4ht\u00f6isin olevat tiimitkin liikeideoineen. Kilpailu huipentui 22.4.2021 pidettyyn finaaliin, jossa yhteens\u00e4 kymmenen tiimi\u00e4 esitteli liikeideansa tuomaristolle ja livestriimi\u00e4 seuranneelle yleis\u00f6lle. Tapahtuman j\u00e4rjestelyist\u00e4 vastasivat LAB-ammattikorkeakoulun yrityshautomo Business Mill ja Lutes (LUT Entrepreneurship Society). Tapahtumaa tukemassa oli yhdistys- ja yrityssponsoreiden [&hellip;]<\/p>\n","protected":false},"author":17,"featured_media":4109,"comment_status":"closed","ping_status":"open","sticky":false,"template":"","format":"standard","meta":{"footnotes":""},"categories":[19,407],"tags":[29,2480,2481,794],"class_list":{"0":"post-4108","1":"post","2":"type-post","3":"status-publish","4":"format-standard","5":"has-post-thumbnail","7":"category-innovations_fi","8":"category-uudistuva-ja-kehittyva-yrittajyys","9":"tag-artikkeli-e1","10":"tag-idearace","11":"tag-liikeideakilpailu","12":"tag-yritysyhteistyo","13":"czr-hentry"},"yoast_head":"<!-- This site is optimized with the Yoast SEO plugin v27.4 - https:\/\/yoast.com\/product\/yoast-seo-wordpress\/ -->\n<title>Idearace-liikeideakilpailu yhdisti yritt\u00e4ji\u00e4 ja opiskelijoita - LAB Focus<\/title>\n<meta name=\"robots\" content=\"index, follow, max-snippet:-1, max-image-preview:large, max-video-preview:-1\" \/>\n<link rel=\"canonical\" href=\"https:\/\/blogit.lab.fi\/labfocus\/idearace-liikeideakilpailu-yhdisti-yrittajia-ja-opiskelijoita\/\" \/>\n<meta property=\"og:locale\" content=\"fi_FI\" \/>\n<meta property=\"og:type\" content=\"article\" \/>\n<meta property=\"og:title\" content=\"Idearace-liikeideakilpailu yhdisti yritt\u00e4ji\u00e4 ja opiskelijoita - LAB Focus\" \/>\n<meta property=\"og:description\" content=\"T\u00e4n\u00e4 kev\u00e4\u00e4n\u00e4 j\u00e4rjestetty Idearace-kilpailu pidettiin ensimm\u00e4ist\u00e4 kertaa isompana tapahtumana, joka kokosi niin maakunnan yritt\u00e4jist\u00e4 koostuvat kuin korkeakoulukampukselta l\u00e4ht\u00f6isin olevat tiimitkin liikeideoineen. Kilpailu huipentui 22.4.2021 pidettyyn finaaliin, jossa yhteens\u00e4 kymmenen tiimi\u00e4 esitteli liikeideansa tuomaristolle ja livestriimi\u00e4 seuranneelle yleis\u00f6lle. Tapahtuman j\u00e4rjestelyist\u00e4 vastasivat LAB-ammattikorkeakoulun yrityshautomo Business Mill ja Lutes (LUT Entrepreneurship Society). Tapahtumaa tukemassa oli yhdistys- ja yrityssponsoreiden [&hellip;]\" \/>\n<meta property=\"og:url\" content=\"https:\/\/blogit.lab.fi\/labfocus\/idearace-liikeideakilpailu-yhdisti-yrittajia-ja-opiskelijoita\/\" \/>\n<meta property=\"og:site_name\" content=\"LAB Focus\" \/>\n<meta property=\"article:published_time\" content=\"2021-05-18T11:07:44+00:00\" \/>\n<meta property=\"article:modified_time\" content=\"2021-05-18T11:07:46+00:00\" \/>\n<meta property=\"og:image\" content=\"https:\/\/blogit.lab.fi\/labfocus\/wp-content\/uploads\/sites\/8\/2021\/05\/253_2021_Idearace.jpg\" \/>\n\t<meta property=\"og:image:width\" content=\"1280\" \/>\n\t<meta property=\"og:image:height\" content=\"720\" \/>\n\t<meta property=\"og:image:type\" content=\"image\/jpeg\" \/>\n<meta name=\"author\" content=\"tainask\" \/>\n<meta name=\"twitter:card\" content=\"summary_large_image\" \/>\n<meta name=\"twitter:creator\" content=\"@LABfinland\" \/>\n<meta name=\"twitter:site\" content=\"@LABfinland\" \/>\n<meta name=\"twitter:label1\" content=\"Kirjoittanut\" \/>\n\t<meta name=\"twitter:data1\" content=\"tainask\" \/>\n\t<meta name=\"twitter:label2\" content=\"Arvioitu lukuaika\" \/>\n\t<meta name=\"twitter:data2\" content=\"3 minuuttia\" \/>\n<script type=\"application\/ld+json\" class=\"yoast-schema-graph\">{\"@context\":\"https:\\\/\\\/schema.org\",\"@graph\":[{\"@type\":\"Article\",\"@id\":\"https:\\\/\\\/blogit.lab.fi\\\/labfocus\\\/idearace-liikeideakilpailu-yhdisti-yrittajia-ja-opiskelijoita\\\/#article\",\"isPartOf\":{\"@id\":\"https:\\\/\\\/blogit.lab.fi\\\/labfocus\\\/idearace-liikeideakilpailu-yhdisti-yrittajia-ja-opiskelijoita\\\/\"},\"author\":{\"name\":\"tainask\",\"@id\":\"https:\\\/\\\/blogit.lab.fi\\\/labfocus\\\/#\\\/schema\\\/person\\\/da729f65c4a2fb9fd8f0b1ec7a2ab7d0\"},\"headline\":\"Idearace-liikeideakilpailu yhdisti yritt\u00e4ji\u00e4 ja opiskelijoita\",\"datePublished\":\"2021-05-18T11:07:44+00:00\",\"dateModified\":\"2021-05-18T11:07:46+00:00\",\"mainEntityOfPage\":{\"@id\":\"https:\\\/\\\/blogit.lab.fi\\\/labfocus\\\/idearace-liikeideakilpailu-yhdisti-yrittajia-ja-opiskelijoita\\\/\"},\"wordCount\":532,\"publisher\":{\"@id\":\"https:\\\/\\\/blogit.lab.fi\\\/labfocus\\\/#organization\"},\"image\":{\"@id\":\"https:\\\/\\\/blogit.lab.fi\\\/labfocus\\\/idearace-liikeideakilpailu-yhdisti-yrittajia-ja-opiskelijoita\\\/#primaryimage\"},\"thumbnailUrl\":\"https:\\\/\\\/blogit.lab.fi\\\/labfocus\\\/wp-content\\\/uploads\\\/sites\\\/8\\\/2021\\\/05\\\/253_2021_Idearace.jpg\",\"keywords\":[\"Artikkeli E1\",\"IDEARACE\",\"liikeideakilpailu\",\"yritysyhteisty\u00f6\"],\"articleSection\":[\"Innovations\",\"Uudistuva ja kehittyv\u00e4 yritt\u00e4jyys\"],\"inLanguage\":\"fi\"},{\"@type\":\"WebPage\",\"@id\":\"https:\\\/\\\/blogit.lab.fi\\\/labfocus\\\/idearace-liikeideakilpailu-yhdisti-yrittajia-ja-opiskelijoita\\\/\",\"url\":\"https:\\\/\\\/blogit.lab.fi\\\/labfocus\\\/idearace-liikeideakilpailu-yhdisti-yrittajia-ja-opiskelijoita\\\/\",\"name\":\"Idearace-liikeideakilpailu yhdisti yritt\u00e4ji\u00e4 ja opiskelijoita - LAB Focus\",\"isPartOf\":{\"@id\":\"https:\\\/\\\/blogit.lab.fi\\\/labfocus\\\/#website\"},\"primaryImageOfPage\":{\"@id\":\"https:\\\/\\\/blogit.lab.fi\\\/labfocus\\\/idearace-liikeideakilpailu-yhdisti-yrittajia-ja-opiskelijoita\\\/#primaryimage\"},\"image\":{\"@id\":\"https:\\\/\\\/blogit.lab.fi\\\/labfocus\\\/idearace-liikeideakilpailu-yhdisti-yrittajia-ja-opiskelijoita\\\/#primaryimage\"},\"thumbnailUrl\":\"https:\\\/\\\/blogit.lab.fi\\\/labfocus\\\/wp-content\\\/uploads\\\/sites\\\/8\\\/2021\\\/05\\\/253_2021_Idearace.jpg\",\"datePublished\":\"2021-05-18T11:07:44+00:00\",\"dateModified\":\"2021-05-18T11:07:46+00:00\",\"breadcrumb\":{\"@id\":\"https:\\\/\\\/blogit.lab.fi\\\/labfocus\\\/idearace-liikeideakilpailu-yhdisti-yrittajia-ja-opiskelijoita\\\/#breadcrumb\"},\"inLanguage\":\"fi\",\"potentialAction\":[{\"@type\":\"ReadAction\",\"target\":[\"https:\\\/\\\/blogit.lab.fi\\\/labfocus\\\/idearace-liikeideakilpailu-yhdisti-yrittajia-ja-opiskelijoita\\\/\"]}]},{\"@type\":\"ImageObject\",\"inLanguage\":\"fi\",\"@id\":\"https:\\\/\\\/blogit.lab.fi\\\/labfocus\\\/idearace-liikeideakilpailu-yhdisti-yrittajia-ja-opiskelijoita\\\/#primaryimage\",\"url\":\"https:\\\/\\\/blogit.lab.fi\\\/labfocus\\\/wp-content\\\/uploads\\\/sites\\\/8\\\/2021\\\/05\\\/253_2021_Idearace.jpg\",\"contentUrl\":\"https:\\\/\\\/blogit.lab.fi\\\/labfocus\\\/wp-content\\\/uploads\\\/sites\\\/8\\\/2021\\\/05\\\/253_2021_Idearace.jpg\",\"width\":1280,\"height\":720},{\"@type\":\"BreadcrumbList\",\"@id\":\"https:\\\/\\\/blogit.lab.fi\\\/labfocus\\\/idearace-liikeideakilpailu-yhdisti-yrittajia-ja-opiskelijoita\\\/#breadcrumb\",\"itemListElement\":[{\"@type\":\"ListItem\",\"position\":1,\"name\":\"Home\",\"item\":\"https:\\\/\\\/blogit.lab.fi\\\/labfocus\\\/\"},{\"@type\":\"ListItem\",\"position\":2,\"name\":\"Idearace-liikeideakilpailu yhdisti yritt\u00e4ji\u00e4 ja opiskelijoita\"}]},{\"@type\":\"WebSite\",\"@id\":\"https:\\\/\\\/blogit.lab.fi\\\/labfocus\\\/#website\",\"url\":\"https:\\\/\\\/blogit.lab.fi\\\/labfocus\\\/\",\"name\":\"LAB Focus\",\"description\":\"Focus Area blog | LAB University of Applied Sciences\",\"publisher\":{\"@id\":\"https:\\\/\\\/blogit.lab.fi\\\/labfocus\\\/#organization\"},\"potentialAction\":[{\"@type\":\"SearchAction\",\"target\":{\"@type\":\"EntryPoint\",\"urlTemplate\":\"https:\\\/\\\/blogit.lab.fi\\\/labfocus\\\/?s={search_term_string}\"},\"query-input\":{\"@type\":\"PropertyValueSpecification\",\"valueRequired\":true,\"valueName\":\"search_term_string\"}}],\"inLanguage\":\"fi\"},{\"@type\":\"Organization\",\"@id\":\"https:\\\/\\\/blogit.lab.fi\\\/labfocus\\\/#organization\",\"name\":\"LAB Focus\",\"url\":\"https:\\\/\\\/blogit.lab.fi\\\/labfocus\\\/\",\"logo\":{\"@type\":\"ImageObject\",\"inLanguage\":\"fi\",\"@id\":\"https:\\\/\\\/blogit.lab.fi\\\/labfocus\\\/#\\\/schema\\\/logo\\\/image\\\/\",\"url\":\"https:\\\/\\\/blogit.lab.fi\\\/labfocus\\\/wp-content\\\/uploads\\\/sites\\\/8\\\/2020\\\/04\\\/cropped-cropped-tunnus_blogi-01.png\",\"contentUrl\":\"https:\\\/\\\/blogit.lab.fi\\\/labfocus\\\/wp-content\\\/uploads\\\/sites\\\/8\\\/2020\\\/04\\\/cropped-cropped-tunnus_blogi-01.png\",\"width\":1342,\"height\":288,\"caption\":\"LAB Focus\"},\"image\":{\"@id\":\"https:\\\/\\\/blogit.lab.fi\\\/labfocus\\\/#\\\/schema\\\/logo\\\/image\\\/\"},\"sameAs\":[\"https:\\\/\\\/x.com\\\/LABfinland\"]},{\"@type\":\"Person\",\"@id\":\"https:\\\/\\\/blogit.lab.fi\\\/labfocus\\\/#\\\/schema\\\/person\\\/da729f65c4a2fb9fd8f0b1ec7a2ab7d0\",\"name\":\"tainask\",\"image\":{\"@type\":\"ImageObject\",\"inLanguage\":\"fi\",\"@id\":\"https:\\\/\\\/secure.gravatar.com\\\/avatar\\\/4a96427877ef826b76e80c27f60b266128094f522551459346efcf14282febb3?s=96&d=mm&r=g\",\"url\":\"https:\\\/\\\/secure.gravatar.com\\\/avatar\\\/4a96427877ef826b76e80c27f60b266128094f522551459346efcf14282febb3?s=96&d=mm&r=g\",\"contentUrl\":\"https:\\\/\\\/secure.gravatar.com\\\/avatar\\\/4a96427877ef826b76e80c27f60b266128094f522551459346efcf14282febb3?s=96&d=mm&r=g\",\"caption\":\"tainask\"},\"url\":\"https:\\\/\\\/blogit.lab.fi\\\/labfocus\\\/author\\\/tainask\\\/\"}]}<\/script>\n<!-- \/ Yoast SEO plugin. -->","yoast_head_json":{"title":"Idearace-liikeideakilpailu yhdisti yritt\u00e4ji\u00e4 ja opiskelijoita - LAB Focus","robots":{"index":"index","follow":"follow","max-snippet":"max-snippet:-1","max-image-preview":"max-image-preview:large","max-video-preview":"max-video-preview:-1"},"canonical":"https:\/\/blogit.lab.fi\/labfocus\/idearace-liikeideakilpailu-yhdisti-yrittajia-ja-opiskelijoita\/","og_locale":"fi_FI","og_type":"article","og_title":"Idearace-liikeideakilpailu yhdisti yritt\u00e4ji\u00e4 ja opiskelijoita - LAB Focus","og_description":"T\u00e4n\u00e4 kev\u00e4\u00e4n\u00e4 j\u00e4rjestetty Idearace-kilpailu pidettiin ensimm\u00e4ist\u00e4 kertaa isompana tapahtumana, joka kokosi niin maakunnan yritt\u00e4jist\u00e4 koostuvat kuin korkeakoulukampukselta l\u00e4ht\u00f6isin olevat tiimitkin liikeideoineen. Kilpailu huipentui 22.4.2021 pidettyyn finaaliin, jossa yhteens\u00e4 kymmenen tiimi\u00e4 esitteli liikeideansa tuomaristolle ja livestriimi\u00e4 seuranneelle yleis\u00f6lle. Tapahtuman j\u00e4rjestelyist\u00e4 vastasivat LAB-ammattikorkeakoulun yrityshautomo Business Mill ja Lutes (LUT Entrepreneurship Society). Tapahtumaa tukemassa oli yhdistys- ja yrityssponsoreiden [&hellip;]","og_url":"https:\/\/blogit.lab.fi\/labfocus\/idearace-liikeideakilpailu-yhdisti-yrittajia-ja-opiskelijoita\/","og_site_name":"LAB Focus","article_published_time":"2021-05-18T11:07:44+00:00","article_modified_time":"2021-05-18T11:07:46+00:00","og_image":[{"width":1280,"height":720,"url":"https:\/\/blogit.lab.fi\/labfocus\/wp-content\/uploads\/sites\/8\/2021\/05\/253_2021_Idearace.jpg","type":"image\/jpeg"}],"author":"tainask","twitter_card":"summary_large_image","twitter_creator":"@LABfinland","twitter_site":"@LABfinland","twitter_misc":{"Kirjoittanut":"tainask","Arvioitu lukuaika":"3 minuuttia"},"schema":{"@context":"https:\/\/schema.org","@graph":[{"@type":"Article","@id":"https:\/\/blogit.lab.fi\/labfocus\/idearace-liikeideakilpailu-yhdisti-yrittajia-ja-opiskelijoita\/#article","isPartOf":{"@id":"https:\/\/blogit.lab.fi\/labfocus\/idearace-liikeideakilpailu-yhdisti-yrittajia-ja-opiskelijoita\/"},"author":{"name":"tainask","@id":"https:\/\/blogit.lab.fi\/labfocus\/#\/schema\/person\/da729f65c4a2fb9fd8f0b1ec7a2ab7d0"},"headline":"Idearace-liikeideakilpailu yhdisti yritt\u00e4ji\u00e4 ja opiskelijoita","datePublished":"2021-05-18T11:07:44+00:00","dateModified":"2021-05-18T11:07:46+00:00","mainEntityOfPage":{"@id":"https:\/\/blogit.lab.fi\/labfocus\/idearace-liikeideakilpailu-yhdisti-yrittajia-ja-opiskelijoita\/"},"wordCount":532,"publisher":{"@id":"https:\/\/blogit.lab.fi\/labfocus\/#organization"},"image":{"@id":"https:\/\/blogit.lab.fi\/labfocus\/idearace-liikeideakilpailu-yhdisti-yrittajia-ja-opiskelijoita\/#primaryimage"},"thumbnailUrl":"https:\/\/blogit.lab.fi\/labfocus\/wp-content\/uploads\/sites\/8\/2021\/05\/253_2021_Idearace.jpg","keywords":["Artikkeli E1","IDEARACE","liikeideakilpailu","yritysyhteisty\u00f6"],"articleSection":["Innovations","Uudistuva ja kehittyv\u00e4 yritt\u00e4jyys"],"inLanguage":"fi"},{"@type":"WebPage","@id":"https:\/\/blogit.lab.fi\/labfocus\/idearace-liikeideakilpailu-yhdisti-yrittajia-ja-opiskelijoita\/","url":"https:\/\/blogit.lab.fi\/labfocus\/idearace-liikeideakilpailu-yhdisti-yrittajia-ja-opiskelijoita\/","name":"Idearace-liikeideakilpailu yhdisti yritt\u00e4ji\u00e4 ja opiskelijoita - LAB Focus","isPartOf":{"@id":"https:\/\/blogit.lab.fi\/labfocus\/#website"},"primaryImageOfPage":{"@id":"https:\/\/blogit.lab.fi\/labfocus\/idearace-liikeideakilpailu-yhdisti-yrittajia-ja-opiskelijoita\/#primaryimage"},"image":{"@id":"https:\/\/blogit.lab.fi\/labfocus\/idearace-liikeideakilpailu-yhdisti-yrittajia-ja-opiskelijoita\/#primaryimage"},"thumbnailUrl":"https:\/\/blogit.lab.fi\/labfocus\/wp-content\/uploads\/sites\/8\/2021\/05\/253_2021_Idearace.jpg","datePublished":"2021-05-18T11:07:44+00:00","dateModified":"2021-05-18T11:07:46+00:00","breadcrumb":{"@id":"https:\/\/blogit.lab.fi\/labfocus\/idearace-liikeideakilpailu-yhdisti-yrittajia-ja-opiskelijoita\/#breadcrumb"},"inLanguage":"fi","potentialAction":[{"@type":"ReadAction","target":["https:\/\/blogit.lab.fi\/labfocus\/idearace-liikeideakilpailu-yhdisti-yrittajia-ja-opiskelijoita\/"]}]},{"@type":"ImageObject","inLanguage":"fi","@id":"https:\/\/blogit.lab.fi\/labfocus\/idearace-liikeideakilpailu-yhdisti-yrittajia-ja-opiskelijoita\/#primaryimage","url":"https:\/\/blogit.lab.fi\/labfocus\/wp-content\/uploads\/sites\/8\/2021\/05\/253_2021_Idearace.jpg","contentUrl":"https:\/\/blogit.lab.fi\/labfocus\/wp-content\/uploads\/sites\/8\/2021\/05\/253_2021_Idearace.jpg","width":1280,"height":720},{"@type":"BreadcrumbList","@id":"https:\/\/blogit.lab.fi\/labfocus\/idearace-liikeideakilpailu-yhdisti-yrittajia-ja-opiskelijoita\/#breadcrumb","itemListElement":[{"@type":"ListItem","position":1,"name":"Home","item":"https:\/\/blogit.lab.fi\/labfocus\/"},{"@type":"ListItem","position":2,"name":"Idearace-liikeideakilpailu yhdisti yritt\u00e4ji\u00e4 ja opiskelijoita"}]},{"@type":"WebSite","@id":"https:\/\/blogit.lab.fi\/labfocus\/#website","url":"https:\/\/blogit.lab.fi\/labfocus\/","name":"LAB Focus","description":"Focus Area blog | LAB University of Applied Sciences","publisher":{"@id":"https:\/\/blogit.lab.fi\/labfocus\/#organization"},"potentialAction":[{"@type":"SearchAction","target":{"@type":"EntryPoint","urlTemplate":"https:\/\/blogit.lab.fi\/labfocus\/?s={search_term_string}"},"query-input":{"@type":"PropertyValueSpecification","valueRequired":true,"valueName":"search_term_string"}}],"inLanguage":"fi"},{"@type":"Organization","@id":"https:\/\/blogit.lab.fi\/labfocus\/#organization","name":"LAB Focus","url":"https:\/\/blogit.lab.fi\/labfocus\/","logo":{"@type":"ImageObject","inLanguage":"fi","@id":"https:\/\/blogit.lab.fi\/labfocus\/#\/schema\/logo\/image\/","url":"https:\/\/blogit.lab.fi\/labfocus\/wp-content\/uploads\/sites\/8\/2020\/04\/cropped-cropped-tunnus_blogi-01.png","contentUrl":"https:\/\/blogit.lab.fi\/labfocus\/wp-content\/uploads\/sites\/8\/2020\/04\/cropped-cropped-tunnus_blogi-01.png","width":1342,"height":288,"caption":"LAB Focus"},"image":{"@id":"https:\/\/blogit.lab.fi\/labfocus\/#\/schema\/logo\/image\/"},"sameAs":["https:\/\/x.com\/LABfinland"]},{"@type":"Person","@id":"https:\/\/blogit.lab.fi\/labfocus\/#\/schema\/person\/da729f65c4a2fb9fd8f0b1ec7a2ab7d0","name":"tainask","image":{"@type":"ImageObject","inLanguage":"fi","@id":"https:\/\/secure.gravatar.com\/avatar\/4a96427877ef826b76e80c27f60b266128094f522551459346efcf14282febb3?s=96&d=mm&r=g","url":"https:\/\/secure.gravatar.com\/avatar\/4a96427877ef826b76e80c27f60b266128094f522551459346efcf14282febb3?s=96&d=mm&r=g","contentUrl":"https:\/\/secure.gravatar.com\/avatar\/4a96427877ef826b76e80c27f60b266128094f522551459346efcf14282febb3?s=96&d=mm&r=g","caption":"tainask"},"url":"https:\/\/blogit.lab.fi\/labfocus\/author\/tainask\/"}]}},"_links":{"self":[{"href":"https:\/\/blogit.lab.fi\/labfocus\/wp-json\/wp\/v2\/posts\/4108","targetHints":{"allow":["GET"]}}],"collection":[{"href":"https:\/\/blogit.lab.fi\/labfocus\/wp-json\/wp\/v2\/posts"}],"about":[{"href":"https:\/\/blogit.lab.fi\/labfocus\/wp-json\/wp\/v2\/types\/post"}],"author":[{"embeddable":true,"href":"https:\/\/blogit.lab.fi\/labfocus\/wp-json\/wp\/v2\/users\/17"}],"replies":[{"embeddable":true,"href":"https:\/\/blogit.lab.fi\/labfocus\/wp-json\/wp\/v2\/comments?post=4108"}],"version-history":[{"count":1,"href":"https:\/\/blogit.lab.fi\/labfocus\/wp-json\/wp\/v2\/posts\/4108\/revisions"}],"predecessor-version":[{"id":4110,"href":"https:\/\/blogit.lab.fi\/labfocus\/wp-json\/wp\/v2\/posts\/4108\/revisions\/4110"}],"wp:featuredmedia":[{"embeddable":true,"href":"https:\/\/blogit.lab.fi\/labfocus\/wp-json\/wp\/v2\/media\/4109"}],"wp:attachment":[{"href":"https:\/\/blogit.lab.fi\/labfocus\/wp-json\/wp\/v2\/media?parent=4108"}],"wp:term":[{"taxonomy":"category","embeddable":true,"href":"https:\/\/blogit.lab.fi\/labfocus\/wp-json\/wp\/v2\/categories?post=4108"},{"taxonomy":"post_tag","embeddable":true,"href":"https:\/\/blogit.lab.fi\/labfocus\/wp-json\/wp\/v2\/tags?post=4108"}],"curies":[{"name":"wp","href":"https:\/\/api.w.org\/{rel}","templated":true}]}}