{"id":4147,"date":"2021-05-19T14:17:59","date_gmt":"2021-05-19T11:17:59","guid":{"rendered":"https:\/\/blogit.lab.fi\/labfocus\/?p=4147"},"modified":"2021-05-19T14:18:00","modified_gmt":"2021-05-19T11:18:00","slug":"olopisteen-asiakkaiden-kokemuksia-etaohjauksesta-korona-aikana","status":"publish","type":"post","link":"https:\/\/blogit.lab.fi\/labfocus\/olopisteen-asiakkaiden-kokemuksia-etaohjauksesta-korona-aikana\/","title":{"rendered":"Olopisteen asiakkaiden kokemuksia et\u00e4ohjauksesta korona-aikana"},"content":{"rendered":"\n<p>Kev\u00e4\u00e4ll\u00e4 2020 alkanut koronapandemia on vaatinut muutoksia sosiaalipalvelujen tarjonnassa ja sosiaaliohjauksen sek\u00e4 kuntoutuspalveluiden siirtymist\u00e4 l\u00e4hes t\u00e4ysipainoisesti verkkoymp\u00e4rist\u00f6\u00f6n ja et\u00e4yhteyksiin. &nbsp;Sosiaalibarometrin (2021) mukaan koronavuosi on heikent\u00e4nyt monin tavoin haavoittuvassa asemassa olevien palveluita ja aiheuttanut palveluvelkaa.<\/p>\n\n\n\n<p>Sosiaality\u00f6ntekij\u00f6iden huoli on lis\u00e4\u00e4ntynyt merkitt\u00e4v\u00e4sti erityisesti ihmisist\u00e4, joilla on ongelmia mielenterveyden tai p\u00e4ihteiden kanssa tai joilla on muita el\u00e4m\u00e4nhallinnan vaikeuksia. (Eronen ym. 2021.) Sosiaalisen kuntoutuksen ty\u00f6ntekij\u00e4t ovat tuoneet esille erilaisia haasteita, jotka liittyv\u00e4t et\u00e4n\u00e4 tapahtuvaan ohjaukseen. Haasteita on ilmennyt asiakkaiden kyvyss\u00e4 k\u00e4ytt\u00e4\u00e4 laitteita ja hankkia niit\u00e4 taloudellisen tilanteen vuoksi, toimimattomissa verkkoyhteyksiss\u00e4 sek\u00e4 asiakkaiden ep\u00e4ileviss\u00e4 asenteissa et\u00e4ty\u00f6skentely\u00e4 kohtaan. (Hytti 2020.)<\/p>\n\n\n\n<figure class=\"wp-block-image size-large\"><img loading=\"lazy\" decoding=\"async\" width=\"1024\" height=\"606\" src=\"https:\/\/blogit.lab.fi\/labfocus\/wp-content\/uploads\/sites\/8\/2021\/05\/261_2021_Olopisteen-asiakkaiden-kokemuksia-etaohjauksesta_1-1024x606.jpg\" alt=\"\" class=\"wp-image-4148\" srcset=\"https:\/\/blogit.lab.fi\/labfocus\/wp-content\/uploads\/sites\/8\/2021\/05\/261_2021_Olopisteen-asiakkaiden-kokemuksia-etaohjauksesta_1-1024x606.jpg 1024w, https:\/\/blogit.lab.fi\/labfocus\/wp-content\/uploads\/sites\/8\/2021\/05\/261_2021_Olopisteen-asiakkaiden-kokemuksia-etaohjauksesta_1-300x177.jpg 300w, https:\/\/blogit.lab.fi\/labfocus\/wp-content\/uploads\/sites\/8\/2021\/05\/261_2021_Olopisteen-asiakkaiden-kokemuksia-etaohjauksesta_1-768x454.jpg 768w, https:\/\/blogit.lab.fi\/labfocus\/wp-content\/uploads\/sites\/8\/2021\/05\/261_2021_Olopisteen-asiakkaiden-kokemuksia-etaohjauksesta_1.jpg 1280w\" sizes=\"auto, (max-width: 1024px) 100vw, 1024px\" \/><figcaption>Kuva 1. Palvelut tulevat asiakkaan luokse pandemian vauhdittamana (Altmann 2021)<\/figcaption><\/figure>\n\n\n\n<h2 class=\"wp-block-heading\">Asiakkaan \u00e4\u00e4ni kuuluviin<\/h2>\n\n\n\n<p>Harjulan Setlementin hallinnoima <a href=\"https:\/\/harjulan.fi\/olopiste\/\" target=\"_blank\" rel=\"noreferrer noopener\">Olopiste \u2013 aktiivisuudella tasapainoista arkea <\/a>-hanke tarjoaa matalan kynnyksen toimintana yhteist\u00e4 tekemist\u00e4 ja tavoitteellista valmennusta ty\u00f6el\u00e4m\u00e4n ulkopuolella, sairauslomalla, osa-aikaty\u00f6ss\u00e4 tai osa-aikael\u00e4kkeell\u00e4 oleville p\u00e4ij\u00e4th\u00e4m\u00e4l\u00e4isille. Kev\u00e4\u00e4st\u00e4 2020 alkaen yksil\u00f6- ja ryhm\u00e4ohjaus sek\u00e4 yhteis\u00f6tilan toiminta on toteutettu p\u00e4\u00e4s\u00e4\u00e4nt\u00f6isesti et\u00e4yhteyksill\u00e4 verkossa. (Kts. Hatakka ym. 2020.)<a> <\/a>Aspholm-Tiaisen ym. (2021a) teknologia- ja innovaatio-osaamisen opintojaksolla toteuttamassa kehitt\u00e4miskokeilussa tavoitteena oli saada ajantasaista tietoa siit\u00e4,\u00a0mit\u00e4 Olopisteen asiakkaat ajattelevat verkossa tapahtuvan ohjauksen laadusta, hy\u00f6dyist\u00e4 ja haitoista sek\u00e4\u00a0kartoittaa mahdollisia osallisuuden esteit\u00e4.<\/p>\n\n\n\n<p>Olopisteen asiakkailta kartoitettiin kokemuksia verkossa j\u00e4rjestetyist\u00e4 toiminnoista laadullisella Google Forms -kyselyll\u00e4, joka koostui v\u00e4itt\u00e4mist\u00e4, monivalintakysymyksist\u00e4 sek\u00e4 avoimista kysymyksist\u00e4. Kysely\u00e4 k\u00e4ytiin esittelem\u00e4ss\u00e4 Olopisteen ohjatuissa et\u00e4tapaamisissa, ja sit\u00e4 jaettiin Olopisteen suljetussa Facebook-ryhm\u00e4ss\u00e4 reilun viikon ajan. (Aspholm-Tiainen ym. 2021b.)<\/p>\n\n\n\n<h2 class=\"wp-block-heading\">Vuorovaikutushaasteita ja mielialan laskua<\/h2>\n\n\n\n<p>Huhtikuussa 2021 tehtyyn kyselyyn saatiin vastaus kymmenelt\u00e4 Olopisteen asiakkaalta. Selvityksest\u00e4 k\u00e4y ilmi, ett\u00e4 puolet asiakkaista on kokenut osallistumisen kynnyksen madaltuneen, vaikka osallistumisaktiivisuus on v\u00e4hentynyt seitsem\u00e4ll\u00e4 vastaajista. Asiakkaat kokevat saaneensa yhteyden ohjaajiin hyvin, mutta yhteys muihin osallistujiin on ollut heikompaa. Vuorovaikutus et\u00e4yhteyksin on ollut valtaosan mielest\u00e4 haastavaa. Asiakkailta l\u00f6ytyy tarvittavat v\u00e4lineet et\u00e4ohjaukseen, ja heist\u00e4 suurin osa kokee saaneensa riitt\u00e4v\u00e4sti teknist\u00e4 tukea<\/p>\n\n\n\n<p>Osallistumisen esteiksi kuusi vastaajista mainitsi mielialan, johon on voinut vaikuttaa yleinen pandemiatilanne ja sen aiheuttamat rajoitukset. <a>Esteiksi asiakkaat mainitsevat my\u00f6s Olopisteen ohjelmien aikataulun ja toiminnan kiinnostavuuden sek\u00e4 sen, ett\u00e4 teknisest\u00e4 tuesta huolimatta ilmenee ongelmia toimintaan osallistumisessa. (Aspholm-Tiainen ym. 2021b.)<\/a>\u00a0<\/p>\n\n\n\n<figure class=\"wp-block-image size-large\"><img loading=\"lazy\" decoding=\"async\" width=\"793\" height=\"362\" src=\"https:\/\/blogit.lab.fi\/labfocus\/wp-content\/uploads\/sites\/8\/2021\/05\/261_2021_Olopisteen-asiakkaiden-kokemuksia-etaohjauksesta_2.jpg.jpg\" alt=\"\" class=\"wp-image-4149\" srcset=\"https:\/\/blogit.lab.fi\/labfocus\/wp-content\/uploads\/sites\/8\/2021\/05\/261_2021_Olopisteen-asiakkaiden-kokemuksia-etaohjauksesta_2.jpg.jpg 793w, https:\/\/blogit.lab.fi\/labfocus\/wp-content\/uploads\/sites\/8\/2021\/05\/261_2021_Olopisteen-asiakkaiden-kokemuksia-etaohjauksesta_2.jpg-300x137.jpg 300w, https:\/\/blogit.lab.fi\/labfocus\/wp-content\/uploads\/sites\/8\/2021\/05\/261_2021_Olopisteen-asiakkaiden-kokemuksia-etaohjauksesta_2.jpg-768x351.jpg 768w, https:\/\/blogit.lab.fi\/labfocus\/wp-content\/uploads\/sites\/8\/2021\/05\/261_2021_Olopisteen-asiakkaiden-kokemuksia-etaohjauksesta_2.jpg-517x235.jpg 517w\" sizes=\"auto, (max-width: 793px) 100vw, 793px\" \/><figcaption>Kuva 2. Vuorovaikutuksen sujuvuus jakoi mielipiteit\u00e4 Olopisteen asiakkaille tehdyss\u00e4 kyselyss\u00e4 (Aspholm-Tiainen ym. 2021b)<\/figcaption><\/figure>\n\n\n\n<h2 class=\"wp-block-heading\">Palaute auttaa kehitt\u00e4m\u00e4\u00e4n et\u00e4ohjausta<\/h2>\n\n\n\n<p>Asiakkaan ohjaaminen digitaalisesti edellytt\u00e4\u00e4 ty\u00f6ntekij\u00f6ilt\u00e4 erilaista osaamista kuin l\u00e4hitapaamisissa, mutta et\u00e4ohjaukseen osallistuminen vaatii my\u00f6s asiakkailta erilaisia taitoja kuin kontaktiohjaukseen osallistuminen.\u00a0 Asiakkaat tarvitsevat et\u00e4ohjaukseen osallistumisessa ty\u00f6ntekij\u00f6iden tukea. (Hytti 2020) Selvityksen keskeisin havainto oli et\u00e4yhteyksien aiheuttamat vuorovaikutushaasteet sek\u00e4 vastaajien matala mieliala osallistumisen esteen\u00e4.<\/p>\n\n\n\n<p>Kehitt\u00e4miskokeilun tulokset tukevat Harjulan Setlementin Olopisteen ty\u00f6ntekij\u00f6iden tekemi\u00e4 havaintoja et\u00e4ohjaukseen osallistumisesta. Et\u00e4yhteyksien k\u00e4ytt\u00f6 on viel\u00e4 monelle asiakkaista uutta, mutta Olopisteen toiminnasta pyrit\u00e4\u00e4n tekem\u00e4\u00e4n asiakkaille yh\u00e4 hy\u00f6dyllisemp\u00e4\u00e4. Asiakkaiden vastaukset auttavat Olopistett\u00e4 kehitt\u00e4m\u00e4\u00e4n et\u00e4ohjaustaan asiakasl\u00e4ht\u00f6isemp\u00e4\u00e4n suuntaan ja tuovat esiin osallistumisen estein\u00e4 pidettyj\u00e4 asioita. (Aspholm-Tiainen ym. 2021b.)<\/p>\n\n\n\n<div class=\"wp-block-group has-background\" style=\"background-color:#b3edfb\"><div class=\"wp-block-group__inner-container is-layout-flow wp-block-group-is-layout-flow\">\n<p>Kirjoittajat<\/p>\n\n\n\n<p><strong>Laura Aspholm-Tiainen<\/strong>, <strong>Eeli Luhtanen<\/strong>, <strong>Soili Kangasvieri<\/strong> <strong>ja Britta Stoljar<\/strong> ovat sosionomiopiskelijoita LAB-ammattikorkeakoulussa.<br><br><\/p>\n\n\n\n<p><strong>Kati Ojala<\/strong> ty\u00f6skentelee lehtorina sosionomikoulutuksessa sek\u00e4 opettajana teknologia- ja innovaatio-osaamisen opintojaksolla<a>.<\/a><\/p>\n<\/div><\/div>\n\n\n\n<h2 class=\"wp-block-heading\">L\u00e4hteet<\/h2>\n\n\n\n<p>Aspholm-Tiainen, L., Kangasvieri, S., Luhtanen, E. &amp; Stoljar, B. 2021a. Kehitt\u00e4miskokeilusuunnitelma. Teknologia- ja innovaatio-osaaminen -opintojakso. Sosionomikoulutus. LAB-ammattikorkeakoulu.<\/p>\n\n\n\n<p>Aspholm-Tiainen, L., Kangasvieri, S., Luhtanen, E. &amp; Stoljar, B. 2021b. Kehitt\u00e4miskokeilun tulokset. Teknologia- ja innovaatio-osaaminen -opintojakson webinaari 12.5.2021. Sosionomikoulutus. LAB-ammattikorkeakoulu.<\/p>\n\n\n\n<p>Eronen, A., Hiilamo, H., Ilmarinen, K. Jokela, M. Karjalainen, P., Karvonen, S., Kivipelto, M., Knop, J. &amp; Lond\u00e9, P. 2021. Sosiaalibarometri 2021. Koronakriisi ja palveluj\u00e4rjestelm\u00e4n joustavuus. SOSTE Suomen sosiaali- ja terveys ry. Helsinki.\u00a0 [Viitattu 10.5.2021.] Saatavissa: <a href=\"https:\/\/www.soste.fi\/wp-content\/uploads\/2021\/03\/2021-3-23-SOSTE-julkaisu-Sosiaalibaometri-2021-osa-2-koronakriisi-ja-palvelujarjestelman-joustavuus.pdf\" target=\"_blank\" rel=\"noreferrer noopener\">https:\/\/www.soste.fi\/wp-content\/uploads\/2021\/03\/2021-3-23-SOSTE-julkaisu-Sosiaalibaometri-2021-osa-2-koronakriisi-ja-palvelujarjestelman-joustavuus.pdf<\/a><\/p>\n\n\n\n<p>Hatakka, H., Hokkanen, E., Jokinen, O., Ojala, K. &amp; Viitaniemi, P. Olopisteen digiloikka verkko-ohjaukseen. LAB Pro. [Viitattu 10.5.2021.] Saatavissa: <a href=\"https:\/\/www.labopen.fi\/lab-pro\/olopisteen-digiloikka-verkko-ohjaukseen\" target=\"_blank\" rel=\"noreferrer noopener\">https:\/\/www.labopen.fi\/lab-pro\/olopisteen-digiloikka-verkko-ohjaukseen<\/a>\/<\/p>\n\n\n\n<p>Hytti T. 2020. Et\u00e4n\u00e4 teht\u00e4v\u00e4 sosiaalinen kuntoutus \u2013 Tiedonkeruu aikuissosiaality\u00f6n ty\u00f6skentelytavoista kev\u00e4\u00e4n 2020 poikkeustilan aikana. [Viitattu 9.4.2021.] Saatavissa: <a href=\"http:\/\/www.socca.fi\/files\/8759\/RAPORTTI_POIKKEUSTILAN_TIEDONKERUUSTA_-SOSIAALINEN_KUNTOUTUS_ETAPALVELUNA.pdf\" target=\"_blank\" rel=\"noreferrer noopener\">http:\/\/www.socca.fi\/files\/8759\/RAPORTTI_POIKKEUSTILAN_TIEDONKERUUSTA_-SOSIAALINEN_KUNTOUTUS_ETAPALVELUNA.pdf<\/a><\/p>\n\n\n\n<h2 class=\"wp-block-heading\">Kuvat<\/h2>\n\n\n\n<p>Kuva 1. Altmann, G. 2021. Handshake-hands-laptop-monitor-3382503. Pixabay. [Viitattu 7.5.2021.] Saatavissa: <a href=\"https:\/\/pixabay.com\/photos\/handshake-hands-laptop-monitor-3382503\/\" target=\"_blank\" rel=\"noreferrer noopener\">https:\/\/pixabay.com\/photos\/handshake-hands-laptop-monitor-3382503\/<\/a><\/p>\n\n\n\n<p>Kuva 2. Aspholm-Tiainen, L., Kangasvieri, S., Luhtanen, E. &amp; Stoljar, B. 2021. Kehitt\u00e4miskokeilun tulokset. Teknologia- ja innovaatio-osaaminen opintojakson webinaari 12.5.2021. Sosionomikoulutus. LAB-ammattikorkeakoulu.<\/p>\n\n\n\n<hr class=\"wp-block-separator\" \/>\n","protected":false},"excerpt":{"rendered":"<p>Kev\u00e4\u00e4ll\u00e4 2020 alkanut koronapandemia on vaatinut muutoksia sosiaalipalvelujen tarjonnassa ja sosiaaliohjauksen sek\u00e4 kuntoutuspalveluiden siirtymist\u00e4 l\u00e4hes t\u00e4ysipainoisesti verkkoymp\u00e4rist\u00f6\u00f6n ja et\u00e4yhteyksiin. &nbsp;Sosiaalibarometrin (2021) mukaan koronavuosi on heikent\u00e4nyt monin tavoin haavoittuvassa asemassa olevien palveluita ja aiheuttanut palveluvelkaa. Sosiaality\u00f6ntekij\u00f6iden huoli on lis\u00e4\u00e4ntynyt merkitt\u00e4v\u00e4sti erityisesti ihmisist\u00e4, joilla on ongelmia mielenterveyden tai p\u00e4ihteiden kanssa tai joilla on muita el\u00e4m\u00e4nhallinnan vaikeuksia. (Eronen [&hellip;]<\/p>\n","protected":false},"author":17,"featured_media":4148,"comment_status":"closed","ping_status":"open","sticky":false,"template":"","format":"standard","meta":{"footnotes":""},"categories":[15,119],"tags":[29,1168,766,585,2497],"class_list":{"0":"post-4147","1":"post","2":"type-post","3":"status-publish","4":"format-standard","5":"has-post-thumbnail","7":"category-health_fi","8":"category-osallisuuden-edistaminen-ja-turvallinen-arki","9":"tag-artikkeli-e1","10":"tag-asiakaskokemus","11":"tag-etaohjaus","12":"tag-olopiste-hanke","13":"tag-teknologia-ja-innovaatio-osaaminen","14":"czr-hentry"},"yoast_head":"<!-- This site is optimized with the Yoast SEO plugin v27.5 - https:\/\/yoast.com\/product\/yoast-seo-wordpress\/ -->\n<title>Olopisteen asiakkaiden kokemuksia et\u00e4ohjauksesta korona-aikana - LAB Focus<\/title>\n<meta name=\"robots\" content=\"index, follow, max-snippet:-1, max-image-preview:large, max-video-preview:-1\" \/>\n<link rel=\"canonical\" href=\"https:\/\/blogit.lab.fi\/labfocus\/olopisteen-asiakkaiden-kokemuksia-etaohjauksesta-korona-aikana\/\" \/>\n<meta property=\"og:locale\" content=\"fi_FI\" \/>\n<meta property=\"og:type\" content=\"article\" \/>\n<meta property=\"og:title\" content=\"Olopisteen asiakkaiden kokemuksia et\u00e4ohjauksesta korona-aikana - LAB Focus\" \/>\n<meta property=\"og:description\" content=\"Kev\u00e4\u00e4ll\u00e4 2020 alkanut koronapandemia on vaatinut muutoksia sosiaalipalvelujen tarjonnassa ja sosiaaliohjauksen sek\u00e4 kuntoutuspalveluiden siirtymist\u00e4 l\u00e4hes t\u00e4ysipainoisesti verkkoymp\u00e4rist\u00f6\u00f6n ja et\u00e4yhteyksiin. &nbsp;Sosiaalibarometrin (2021) mukaan koronavuosi on heikent\u00e4nyt monin tavoin haavoittuvassa asemassa olevien palveluita ja aiheuttanut palveluvelkaa. Sosiaality\u00f6ntekij\u00f6iden huoli on lis\u00e4\u00e4ntynyt merkitt\u00e4v\u00e4sti erityisesti ihmisist\u00e4, joilla on ongelmia mielenterveyden tai p\u00e4ihteiden kanssa tai joilla on muita el\u00e4m\u00e4nhallinnan vaikeuksia. (Eronen [&hellip;]\" \/>\n<meta property=\"og:url\" content=\"https:\/\/blogit.lab.fi\/labfocus\/olopisteen-asiakkaiden-kokemuksia-etaohjauksesta-korona-aikana\/\" \/>\n<meta property=\"og:site_name\" content=\"LAB Focus\" \/>\n<meta property=\"article:published_time\" content=\"2021-05-19T11:17:59+00:00\" \/>\n<meta property=\"article:modified_time\" content=\"2021-05-19T11:18:00+00:00\" \/>\n<meta property=\"og:image\" content=\"https:\/\/blogit.lab.fi\/labfocus\/wp-content\/uploads\/sites\/8\/2021\/05\/261_2021_Olopisteen-asiakkaiden-kokemuksia-etaohjauksesta_1.jpg\" \/>\n\t<meta property=\"og:image:width\" content=\"1280\" \/>\n\t<meta property=\"og:image:height\" content=\"757\" \/>\n\t<meta property=\"og:image:type\" content=\"image\/jpeg\" \/>\n<meta name=\"author\" content=\"tainask\" \/>\n<meta name=\"twitter:card\" content=\"summary_large_image\" \/>\n<meta name=\"twitter:creator\" content=\"@LABfinland\" \/>\n<meta name=\"twitter:site\" content=\"@LABfinland\" \/>\n<meta name=\"twitter:label1\" content=\"Kirjoittanut\" \/>\n\t<meta name=\"twitter:data1\" content=\"tainask\" \/>\n\t<meta name=\"twitter:label2\" content=\"Arvioitu lukuaika\" \/>\n\t<meta name=\"twitter:data2\" content=\"4 minuuttia\" \/>\n<script type=\"application\/ld+json\" class=\"yoast-schema-graph\">{\"@context\":\"https:\\\/\\\/schema.org\",\"@graph\":[{\"@type\":\"Article\",\"@id\":\"https:\\\/\\\/blogit.lab.fi\\\/labfocus\\\/olopisteen-asiakkaiden-kokemuksia-etaohjauksesta-korona-aikana\\\/#article\",\"isPartOf\":{\"@id\":\"https:\\\/\\\/blogit.lab.fi\\\/labfocus\\\/olopisteen-asiakkaiden-kokemuksia-etaohjauksesta-korona-aikana\\\/\"},\"author\":{\"name\":\"tainask\",\"@id\":\"https:\\\/\\\/blogit.lab.fi\\\/labfocus\\\/#\\\/schema\\\/person\\\/da729f65c4a2fb9fd8f0b1ec7a2ab7d0\"},\"headline\":\"Olopisteen asiakkaiden kokemuksia et\u00e4ohjauksesta korona-aikana\",\"datePublished\":\"2021-05-19T11:17:59+00:00\",\"dateModified\":\"2021-05-19T11:18:00+00:00\",\"mainEntityOfPage\":{\"@id\":\"https:\\\/\\\/blogit.lab.fi\\\/labfocus\\\/olopisteen-asiakkaiden-kokemuksia-etaohjauksesta-korona-aikana\\\/\"},\"wordCount\":704,\"publisher\":{\"@id\":\"https:\\\/\\\/blogit.lab.fi\\\/labfocus\\\/#organization\"},\"image\":{\"@id\":\"https:\\\/\\\/blogit.lab.fi\\\/labfocus\\\/olopisteen-asiakkaiden-kokemuksia-etaohjauksesta-korona-aikana\\\/#primaryimage\"},\"thumbnailUrl\":\"https:\\\/\\\/blogit.lab.fi\\\/labfocus\\\/wp-content\\\/uploads\\\/sites\\\/8\\\/2021\\\/05\\\/261_2021_Olopisteen-asiakkaiden-kokemuksia-etaohjauksesta_1.jpg\",\"keywords\":[\"Artikkeli E1\",\"asiakaskokemus\",\"Et\u00e4ohjaus\",\"Olopiste-hanke\",\"teknologia- ja innovaatio-osaaminen\"],\"articleSection\":[\"Health\",\"Osallisuus, ty\u00f6el\u00e4m\u00e4 ja turvallinen arki\"],\"inLanguage\":\"fi\"},{\"@type\":\"WebPage\",\"@id\":\"https:\\\/\\\/blogit.lab.fi\\\/labfocus\\\/olopisteen-asiakkaiden-kokemuksia-etaohjauksesta-korona-aikana\\\/\",\"url\":\"https:\\\/\\\/blogit.lab.fi\\\/labfocus\\\/olopisteen-asiakkaiden-kokemuksia-etaohjauksesta-korona-aikana\\\/\",\"name\":\"Olopisteen asiakkaiden kokemuksia et\u00e4ohjauksesta korona-aikana - LAB Focus\",\"isPartOf\":{\"@id\":\"https:\\\/\\\/blogit.lab.fi\\\/labfocus\\\/#website\"},\"primaryImageOfPage\":{\"@id\":\"https:\\\/\\\/blogit.lab.fi\\\/labfocus\\\/olopisteen-asiakkaiden-kokemuksia-etaohjauksesta-korona-aikana\\\/#primaryimage\"},\"image\":{\"@id\":\"https:\\\/\\\/blogit.lab.fi\\\/labfocus\\\/olopisteen-asiakkaiden-kokemuksia-etaohjauksesta-korona-aikana\\\/#primaryimage\"},\"thumbnailUrl\":\"https:\\\/\\\/blogit.lab.fi\\\/labfocus\\\/wp-content\\\/uploads\\\/sites\\\/8\\\/2021\\\/05\\\/261_2021_Olopisteen-asiakkaiden-kokemuksia-etaohjauksesta_1.jpg\",\"datePublished\":\"2021-05-19T11:17:59+00:00\",\"dateModified\":\"2021-05-19T11:18:00+00:00\",\"breadcrumb\":{\"@id\":\"https:\\\/\\\/blogit.lab.fi\\\/labfocus\\\/olopisteen-asiakkaiden-kokemuksia-etaohjauksesta-korona-aikana\\\/#breadcrumb\"},\"inLanguage\":\"fi\",\"potentialAction\":[{\"@type\":\"ReadAction\",\"target\":[\"https:\\\/\\\/blogit.lab.fi\\\/labfocus\\\/olopisteen-asiakkaiden-kokemuksia-etaohjauksesta-korona-aikana\\\/\"]}]},{\"@type\":\"ImageObject\",\"inLanguage\":\"fi\",\"@id\":\"https:\\\/\\\/blogit.lab.fi\\\/labfocus\\\/olopisteen-asiakkaiden-kokemuksia-etaohjauksesta-korona-aikana\\\/#primaryimage\",\"url\":\"https:\\\/\\\/blogit.lab.fi\\\/labfocus\\\/wp-content\\\/uploads\\\/sites\\\/8\\\/2021\\\/05\\\/261_2021_Olopisteen-asiakkaiden-kokemuksia-etaohjauksesta_1.jpg\",\"contentUrl\":\"https:\\\/\\\/blogit.lab.fi\\\/labfocus\\\/wp-content\\\/uploads\\\/sites\\\/8\\\/2021\\\/05\\\/261_2021_Olopisteen-asiakkaiden-kokemuksia-etaohjauksesta_1.jpg\",\"width\":1280,\"height\":757},{\"@type\":\"BreadcrumbList\",\"@id\":\"https:\\\/\\\/blogit.lab.fi\\\/labfocus\\\/olopisteen-asiakkaiden-kokemuksia-etaohjauksesta-korona-aikana\\\/#breadcrumb\",\"itemListElement\":[{\"@type\":\"ListItem\",\"position\":1,\"name\":\"Home\",\"item\":\"https:\\\/\\\/blogit.lab.fi\\\/labfocus\\\/\"},{\"@type\":\"ListItem\",\"position\":2,\"name\":\"Olopisteen asiakkaiden kokemuksia et\u00e4ohjauksesta korona-aikana\"}]},{\"@type\":\"WebSite\",\"@id\":\"https:\\\/\\\/blogit.lab.fi\\\/labfocus\\\/#website\",\"url\":\"https:\\\/\\\/blogit.lab.fi\\\/labfocus\\\/\",\"name\":\"LAB Focus\",\"description\":\"Focus Area blog | LAB University of Applied Sciences\",\"publisher\":{\"@id\":\"https:\\\/\\\/blogit.lab.fi\\\/labfocus\\\/#organization\"},\"potentialAction\":[{\"@type\":\"SearchAction\",\"target\":{\"@type\":\"EntryPoint\",\"urlTemplate\":\"https:\\\/\\\/blogit.lab.fi\\\/labfocus\\\/?s={search_term_string}\"},\"query-input\":{\"@type\":\"PropertyValueSpecification\",\"valueRequired\":true,\"valueName\":\"search_term_string\"}}],\"inLanguage\":\"fi\"},{\"@type\":\"Organization\",\"@id\":\"https:\\\/\\\/blogit.lab.fi\\\/labfocus\\\/#organization\",\"name\":\"LAB Focus\",\"url\":\"https:\\\/\\\/blogit.lab.fi\\\/labfocus\\\/\",\"logo\":{\"@type\":\"ImageObject\",\"inLanguage\":\"fi\",\"@id\":\"https:\\\/\\\/blogit.lab.fi\\\/labfocus\\\/#\\\/schema\\\/logo\\\/image\\\/\",\"url\":\"https:\\\/\\\/blogit.lab.fi\\\/labfocus\\\/wp-content\\\/uploads\\\/sites\\\/8\\\/2020\\\/04\\\/cropped-cropped-tunnus_blogi-01.png\",\"contentUrl\":\"https:\\\/\\\/blogit.lab.fi\\\/labfocus\\\/wp-content\\\/uploads\\\/sites\\\/8\\\/2020\\\/04\\\/cropped-cropped-tunnus_blogi-01.png\",\"width\":1342,\"height\":288,\"caption\":\"LAB Focus\"},\"image\":{\"@id\":\"https:\\\/\\\/blogit.lab.fi\\\/labfocus\\\/#\\\/schema\\\/logo\\\/image\\\/\"},\"sameAs\":[\"https:\\\/\\\/x.com\\\/LABfinland\"]},{\"@type\":\"Person\",\"@id\":\"https:\\\/\\\/blogit.lab.fi\\\/labfocus\\\/#\\\/schema\\\/person\\\/da729f65c4a2fb9fd8f0b1ec7a2ab7d0\",\"name\":\"tainask\",\"image\":{\"@type\":\"ImageObject\",\"inLanguage\":\"fi\",\"@id\":\"https:\\\/\\\/secure.gravatar.com\\\/avatar\\\/4a96427877ef826b76e80c27f60b266128094f522551459346efcf14282febb3?s=96&d=mm&r=g\",\"url\":\"https:\\\/\\\/secure.gravatar.com\\\/avatar\\\/4a96427877ef826b76e80c27f60b266128094f522551459346efcf14282febb3?s=96&d=mm&r=g\",\"contentUrl\":\"https:\\\/\\\/secure.gravatar.com\\\/avatar\\\/4a96427877ef826b76e80c27f60b266128094f522551459346efcf14282febb3?s=96&d=mm&r=g\",\"caption\":\"tainask\"},\"url\":\"https:\\\/\\\/blogit.lab.fi\\\/labfocus\\\/author\\\/tainask\\\/\"}]}<\/script>\n<!-- \/ Yoast SEO plugin. -->","yoast_head_json":{"title":"Olopisteen asiakkaiden kokemuksia et\u00e4ohjauksesta korona-aikana - LAB Focus","robots":{"index":"index","follow":"follow","max-snippet":"max-snippet:-1","max-image-preview":"max-image-preview:large","max-video-preview":"max-video-preview:-1"},"canonical":"https:\/\/blogit.lab.fi\/labfocus\/olopisteen-asiakkaiden-kokemuksia-etaohjauksesta-korona-aikana\/","og_locale":"fi_FI","og_type":"article","og_title":"Olopisteen asiakkaiden kokemuksia et\u00e4ohjauksesta korona-aikana - LAB Focus","og_description":"Kev\u00e4\u00e4ll\u00e4 2020 alkanut koronapandemia on vaatinut muutoksia sosiaalipalvelujen tarjonnassa ja sosiaaliohjauksen sek\u00e4 kuntoutuspalveluiden siirtymist\u00e4 l\u00e4hes t\u00e4ysipainoisesti verkkoymp\u00e4rist\u00f6\u00f6n ja et\u00e4yhteyksiin. &nbsp;Sosiaalibarometrin (2021) mukaan koronavuosi on heikent\u00e4nyt monin tavoin haavoittuvassa asemassa olevien palveluita ja aiheuttanut palveluvelkaa. Sosiaality\u00f6ntekij\u00f6iden huoli on lis\u00e4\u00e4ntynyt merkitt\u00e4v\u00e4sti erityisesti ihmisist\u00e4, joilla on ongelmia mielenterveyden tai p\u00e4ihteiden kanssa tai joilla on muita el\u00e4m\u00e4nhallinnan vaikeuksia. (Eronen [&hellip;]","og_url":"https:\/\/blogit.lab.fi\/labfocus\/olopisteen-asiakkaiden-kokemuksia-etaohjauksesta-korona-aikana\/","og_site_name":"LAB Focus","article_published_time":"2021-05-19T11:17:59+00:00","article_modified_time":"2021-05-19T11:18:00+00:00","og_image":[{"width":1280,"height":757,"url":"https:\/\/blogit.lab.fi\/labfocus\/wp-content\/uploads\/sites\/8\/2021\/05\/261_2021_Olopisteen-asiakkaiden-kokemuksia-etaohjauksesta_1.jpg","type":"image\/jpeg"}],"author":"tainask","twitter_card":"summary_large_image","twitter_creator":"@LABfinland","twitter_site":"@LABfinland","twitter_misc":{"Kirjoittanut":"tainask","Arvioitu lukuaika":"4 minuuttia"},"schema":{"@context":"https:\/\/schema.org","@graph":[{"@type":"Article","@id":"https:\/\/blogit.lab.fi\/labfocus\/olopisteen-asiakkaiden-kokemuksia-etaohjauksesta-korona-aikana\/#article","isPartOf":{"@id":"https:\/\/blogit.lab.fi\/labfocus\/olopisteen-asiakkaiden-kokemuksia-etaohjauksesta-korona-aikana\/"},"author":{"name":"tainask","@id":"https:\/\/blogit.lab.fi\/labfocus\/#\/schema\/person\/da729f65c4a2fb9fd8f0b1ec7a2ab7d0"},"headline":"Olopisteen asiakkaiden kokemuksia et\u00e4ohjauksesta korona-aikana","datePublished":"2021-05-19T11:17:59+00:00","dateModified":"2021-05-19T11:18:00+00:00","mainEntityOfPage":{"@id":"https:\/\/blogit.lab.fi\/labfocus\/olopisteen-asiakkaiden-kokemuksia-etaohjauksesta-korona-aikana\/"},"wordCount":704,"publisher":{"@id":"https:\/\/blogit.lab.fi\/labfocus\/#organization"},"image":{"@id":"https:\/\/blogit.lab.fi\/labfocus\/olopisteen-asiakkaiden-kokemuksia-etaohjauksesta-korona-aikana\/#primaryimage"},"thumbnailUrl":"https:\/\/blogit.lab.fi\/labfocus\/wp-content\/uploads\/sites\/8\/2021\/05\/261_2021_Olopisteen-asiakkaiden-kokemuksia-etaohjauksesta_1.jpg","keywords":["Artikkeli E1","asiakaskokemus","Et\u00e4ohjaus","Olopiste-hanke","teknologia- ja innovaatio-osaaminen"],"articleSection":["Health","Osallisuus, ty\u00f6el\u00e4m\u00e4 ja turvallinen arki"],"inLanguage":"fi"},{"@type":"WebPage","@id":"https:\/\/blogit.lab.fi\/labfocus\/olopisteen-asiakkaiden-kokemuksia-etaohjauksesta-korona-aikana\/","url":"https:\/\/blogit.lab.fi\/labfocus\/olopisteen-asiakkaiden-kokemuksia-etaohjauksesta-korona-aikana\/","name":"Olopisteen asiakkaiden kokemuksia et\u00e4ohjauksesta korona-aikana - LAB Focus","isPartOf":{"@id":"https:\/\/blogit.lab.fi\/labfocus\/#website"},"primaryImageOfPage":{"@id":"https:\/\/blogit.lab.fi\/labfocus\/olopisteen-asiakkaiden-kokemuksia-etaohjauksesta-korona-aikana\/#primaryimage"},"image":{"@id":"https:\/\/blogit.lab.fi\/labfocus\/olopisteen-asiakkaiden-kokemuksia-etaohjauksesta-korona-aikana\/#primaryimage"},"thumbnailUrl":"https:\/\/blogit.lab.fi\/labfocus\/wp-content\/uploads\/sites\/8\/2021\/05\/261_2021_Olopisteen-asiakkaiden-kokemuksia-etaohjauksesta_1.jpg","datePublished":"2021-05-19T11:17:59+00:00","dateModified":"2021-05-19T11:18:00+00:00","breadcrumb":{"@id":"https:\/\/blogit.lab.fi\/labfocus\/olopisteen-asiakkaiden-kokemuksia-etaohjauksesta-korona-aikana\/#breadcrumb"},"inLanguage":"fi","potentialAction":[{"@type":"ReadAction","target":["https:\/\/blogit.lab.fi\/labfocus\/olopisteen-asiakkaiden-kokemuksia-etaohjauksesta-korona-aikana\/"]}]},{"@type":"ImageObject","inLanguage":"fi","@id":"https:\/\/blogit.lab.fi\/labfocus\/olopisteen-asiakkaiden-kokemuksia-etaohjauksesta-korona-aikana\/#primaryimage","url":"https:\/\/blogit.lab.fi\/labfocus\/wp-content\/uploads\/sites\/8\/2021\/05\/261_2021_Olopisteen-asiakkaiden-kokemuksia-etaohjauksesta_1.jpg","contentUrl":"https:\/\/blogit.lab.fi\/labfocus\/wp-content\/uploads\/sites\/8\/2021\/05\/261_2021_Olopisteen-asiakkaiden-kokemuksia-etaohjauksesta_1.jpg","width":1280,"height":757},{"@type":"BreadcrumbList","@id":"https:\/\/blogit.lab.fi\/labfocus\/olopisteen-asiakkaiden-kokemuksia-etaohjauksesta-korona-aikana\/#breadcrumb","itemListElement":[{"@type":"ListItem","position":1,"name":"Home","item":"https:\/\/blogit.lab.fi\/labfocus\/"},{"@type":"ListItem","position":2,"name":"Olopisteen asiakkaiden kokemuksia et\u00e4ohjauksesta korona-aikana"}]},{"@type":"WebSite","@id":"https:\/\/blogit.lab.fi\/labfocus\/#website","url":"https:\/\/blogit.lab.fi\/labfocus\/","name":"LAB Focus","description":"Focus Area blog | LAB University of Applied Sciences","publisher":{"@id":"https:\/\/blogit.lab.fi\/labfocus\/#organization"},"potentialAction":[{"@type":"SearchAction","target":{"@type":"EntryPoint","urlTemplate":"https:\/\/blogit.lab.fi\/labfocus\/?s={search_term_string}"},"query-input":{"@type":"PropertyValueSpecification","valueRequired":true,"valueName":"search_term_string"}}],"inLanguage":"fi"},{"@type":"Organization","@id":"https:\/\/blogit.lab.fi\/labfocus\/#organization","name":"LAB Focus","url":"https:\/\/blogit.lab.fi\/labfocus\/","logo":{"@type":"ImageObject","inLanguage":"fi","@id":"https:\/\/blogit.lab.fi\/labfocus\/#\/schema\/logo\/image\/","url":"https:\/\/blogit.lab.fi\/labfocus\/wp-content\/uploads\/sites\/8\/2020\/04\/cropped-cropped-tunnus_blogi-01.png","contentUrl":"https:\/\/blogit.lab.fi\/labfocus\/wp-content\/uploads\/sites\/8\/2020\/04\/cropped-cropped-tunnus_blogi-01.png","width":1342,"height":288,"caption":"LAB Focus"},"image":{"@id":"https:\/\/blogit.lab.fi\/labfocus\/#\/schema\/logo\/image\/"},"sameAs":["https:\/\/x.com\/LABfinland"]},{"@type":"Person","@id":"https:\/\/blogit.lab.fi\/labfocus\/#\/schema\/person\/da729f65c4a2fb9fd8f0b1ec7a2ab7d0","name":"tainask","image":{"@type":"ImageObject","inLanguage":"fi","@id":"https:\/\/secure.gravatar.com\/avatar\/4a96427877ef826b76e80c27f60b266128094f522551459346efcf14282febb3?s=96&d=mm&r=g","url":"https:\/\/secure.gravatar.com\/avatar\/4a96427877ef826b76e80c27f60b266128094f522551459346efcf14282febb3?s=96&d=mm&r=g","contentUrl":"https:\/\/secure.gravatar.com\/avatar\/4a96427877ef826b76e80c27f60b266128094f522551459346efcf14282febb3?s=96&d=mm&r=g","caption":"tainask"},"url":"https:\/\/blogit.lab.fi\/labfocus\/author\/tainask\/"}]}},"_links":{"self":[{"href":"https:\/\/blogit.lab.fi\/labfocus\/wp-json\/wp\/v2\/posts\/4147","targetHints":{"allow":["GET"]}}],"collection":[{"href":"https:\/\/blogit.lab.fi\/labfocus\/wp-json\/wp\/v2\/posts"}],"about":[{"href":"https:\/\/blogit.lab.fi\/labfocus\/wp-json\/wp\/v2\/types\/post"}],"author":[{"embeddable":true,"href":"https:\/\/blogit.lab.fi\/labfocus\/wp-json\/wp\/v2\/users\/17"}],"replies":[{"embeddable":true,"href":"https:\/\/blogit.lab.fi\/labfocus\/wp-json\/wp\/v2\/comments?post=4147"}],"version-history":[{"count":2,"href":"https:\/\/blogit.lab.fi\/labfocus\/wp-json\/wp\/v2\/posts\/4147\/revisions"}],"predecessor-version":[{"id":4151,"href":"https:\/\/blogit.lab.fi\/labfocus\/wp-json\/wp\/v2\/posts\/4147\/revisions\/4151"}],"wp:featuredmedia":[{"embeddable":true,"href":"https:\/\/blogit.lab.fi\/labfocus\/wp-json\/wp\/v2\/media\/4148"}],"wp:attachment":[{"href":"https:\/\/blogit.lab.fi\/labfocus\/wp-json\/wp\/v2\/media?parent=4147"}],"wp:term":[{"taxonomy":"category","embeddable":true,"href":"https:\/\/blogit.lab.fi\/labfocus\/wp-json\/wp\/v2\/categories?post=4147"},{"taxonomy":"post_tag","embeddable":true,"href":"https:\/\/blogit.lab.fi\/labfocus\/wp-json\/wp\/v2\/tags?post=4147"}],"curies":[{"name":"wp","href":"https:\/\/api.w.org\/{rel}","templated":true}]}}