{"id":4990,"date":"2021-07-02T15:57:45","date_gmt":"2021-07-02T12:57:45","guid":{"rendered":"https:\/\/blogit.lab.fi\/labfocus\/?p=4990"},"modified":"2021-07-02T15:57:46","modified_gmt":"2021-07-02T12:57:46","slug":"kohti-esteetonta-luonto-ja-lahimatkailua-etela-karjalassa","status":"publish","type":"post","link":"https:\/\/blogit.lab.fi\/labfocus\/kohti-esteetonta-luonto-ja-lahimatkailua-etela-karjalassa\/","title":{"rendered":"Kohti esteet\u00f6nt\u00e4 luonto- ja l\u00e4himatkailua Etel\u00e4-Karjalassa"},"content":{"rendered":"\n<figure class=\"wp-block-image size-large\"><img loading=\"lazy\" decoding=\"async\" width=\"1024\" height=\"768\" src=\"https:\/\/blogit.lab.fi\/labfocus\/wp-content\/uploads\/sites\/8\/2021\/07\/414_2021_Kohti-esteetonta-luonto-ja-lahimatkailua-Etela-Karjalassa_1-1024x768.jpg\" alt=\"\" class=\"wp-image-4991\" srcset=\"https:\/\/blogit.lab.fi\/labfocus\/wp-content\/uploads\/sites\/8\/2021\/07\/414_2021_Kohti-esteetonta-luonto-ja-lahimatkailua-Etela-Karjalassa_1-1024x768.jpg 1024w, https:\/\/blogit.lab.fi\/labfocus\/wp-content\/uploads\/sites\/8\/2021\/07\/414_2021_Kohti-esteetonta-luonto-ja-lahimatkailua-Etela-Karjalassa_1-300x225.jpg 300w, https:\/\/blogit.lab.fi\/labfocus\/wp-content\/uploads\/sites\/8\/2021\/07\/414_2021_Kohti-esteetonta-luonto-ja-lahimatkailua-Etela-Karjalassa_1-768x576.jpg 768w, https:\/\/blogit.lab.fi\/labfocus\/wp-content\/uploads\/sites\/8\/2021\/07\/414_2021_Kohti-esteetonta-luonto-ja-lahimatkailua-Etela-Karjalassa_1-1536x1153.jpg 1536w, https:\/\/blogit.lab.fi\/labfocus\/wp-content\/uploads\/sites\/8\/2021\/07\/414_2021_Kohti-esteetonta-luonto-ja-lahimatkailua-Etela-Karjalassa_1.jpg 1599w\" sizes=\"auto, (max-width: 1024px) 100vw, 1024px\" \/><figcaption>Kuva 1. Saimaa on Etel\u00e4-Karjalan tunnetuin luontokohde (Kuva: Harri Sarjanoja)<\/figcaption><\/figure>\n\n\n\n<p>Kotimaan matkailu on koronaviruksen my\u00f6t\u00e4 t\u00e4m\u00e4nkin kes\u00e4n trendi. Luontomatkailun suosio n\u00e4kyy esimerkiksi kansallispuistojen kasvaneissa k\u00e4vij\u00e4m\u00e4\u00e4riss\u00e4 ja hotellien varaustilanteessa (Yle.fi 2021).<\/p>\n\n\n\n<p>Esteett\u00f6mist\u00e4 palveluista on tullut matkailuyrityksille kilpailuetu, ja matkailijoiden erityistarpeiden ymm\u00e4rt\u00e4minen ja huomioiminen palvelujen tuottamisessa auttavat parantamaan my\u00f6s muiden matkailijoiden palvelukokemusta. LAB-ammattikorkeakoulu edist\u00e4\u00e4 esteet\u00f6nt\u00e4 liikkumista etel\u00e4karjalaisessa luonnossa <a href=\"https:\/\/www.lab.fi\/fi\/projekti\/lulu-luonnon-lumoa-kaikille\" target=\"_blank\" rel=\"noreferrer noopener\">LULU-hankkeella<\/a>.<\/p>\n\n\n\n<p>Esteett\u00f6mi\u00e4 palveluita k\u00e4ytt\u00e4v\u00e4t matkailijat tarvitsevat matkaa varatessaan tiedon, pystyyk\u00f6 matkakohde ottamaan huomioon heid\u00e4n erityistarpeensa. Esteett\u00f6m\u00e4n matkailun l\u00e4ht\u00f6kohtana on tarjota palveluja, joissa on alusta alkaen huomioitu mahdollisimman hyvin erilaiset palvelujen k\u00e4ytt\u00e4j\u00e4t. Helposti saavutettavan matkailupalvelun tai -kohteen toiminta on kokonaisuus, joka muodostuu muun muassa palveluista, aktiviteeteista ja kunnossapidosta. Yksi parhaista kilpailuvalteista on se, miten yritys osaa viestinn\u00e4ss\u00e4\u00e4n toivottaa erilaiset kohderyhm\u00e4t tervetulleiksi (Ellare 2021.)<\/p>\n\n\n\n<h2 class=\"wp-block-heading\">Joka nelj\u00e4s eurooppalainen tarvitsee esteett\u00f6mi\u00e4 palveluja<\/h2>\n\n\n\n<p><a>Tiesitk\u00f6, ett\u00e4 esteett\u00f6mi\u00e4 palveluita tarvitsee l\u00e4hes 27 prosenttia Euroopan v\u00e4est\u00f6st\u00e4 ja ett\u00e4 niiden tarve kasvaa l\u00e4hitulevaisuudessa (Paralympia.fi 2021; Saari 2020)? <\/a>Tarvitsijoita on monenlaisia: perheellisi\u00e4, pienten lasten kanssa liikkuvia, aistirajoitteisia ja py\u00f6r\u00e4tuolilla liikkuvia.<\/p>\n\n\n\n<p>Esteett\u00f6myys miellet\u00e4\u00e4n kapea-alaisesti ja usein tyydyt\u00e4\u00e4n esteett\u00f6m\u00e4\u00e4n wc:hen tai laavuun tai yksitt\u00e4iseen rakenteeseen. Aito esteett\u00f6myyden suunnittelu tarkoittaa esteett\u00f6mi\u00e4 rakenteita ja reittej\u00e4 erilaisille kohderyhmille, esteett\u00f6mi\u00e4 majoitustiloja ja ohjelmapalveluita, esteett\u00f6m\u00e4n palvelun osaamista ja erityisesti ymm\u00e4rrett\u00e4v\u00e4\u00e4, luotettavaa ja helposti l\u00f6ydett\u00e4v\u00e4\u00e4 informaatiota (Paralympia.fi 2021; Businessfinland.fi 2021).<\/p>\n\n\n\n<p>Esteett\u00f6myys on varsin laaja k\u00e4site, ja se m\u00e4\u00e4ritell\u00e4\u00e4n eri tavoin eri paikoissa. Lis\u00e4ksi esteett\u00f6myys tarkoittaa my\u00f6s eri asioita eri ihmisille. Perustana on kuitenkin yhdenvertaisuus.<\/p>\n\n\n\n<figure class=\"wp-block-image size-large\"><img loading=\"lazy\" decoding=\"async\" width=\"577\" height=\"433\" src=\"https:\/\/blogit.lab.fi\/labfocus\/wp-content\/uploads\/sites\/8\/2021\/07\/414_2021_Kohti-esteetonta-luonto-ja-lahimatkailua-Etela-Karjalassa_2.jpg\" alt=\"\" class=\"wp-image-4992\" srcset=\"https:\/\/blogit.lab.fi\/labfocus\/wp-content\/uploads\/sites\/8\/2021\/07\/414_2021_Kohti-esteetonta-luonto-ja-lahimatkailua-Etela-Karjalassa_2.jpg 577w, https:\/\/blogit.lab.fi\/labfocus\/wp-content\/uploads\/sites\/8\/2021\/07\/414_2021_Kohti-esteetonta-luonto-ja-lahimatkailua-Etela-Karjalassa_2-300x225.jpg 300w\" sizes=\"auto, (max-width: 577px) 100vw, 577px\" \/><figcaption>Kuva 2. Esteett\u00f6mien reittien suunnittelussa huomioidaan muun muassa <a>alustan tasaisuus<\/a>, reunaesteet ja luonnonmukaisuus (Kuva: Harri Sarjanoja)<\/figcaption><\/figure>\n\n\n\n<h2 class=\"wp-block-heading\">Etel\u00e4-Karjalan lumoa LULU-hankkeella<\/h2>\n\n\n\n<p>Etel\u00e4-Karjalan alueella on paljon potentiaalisia matkailuvaltteja: alueen luonto, Saimaan ymp\u00e4rist\u00f6, norpat, py\u00f6r\u00e4ilymaastot ja muut retkeilykohteet ovat kaikkien tiedossa ja tunnettuja kohteita. Esteet\u00f6nt\u00e4 ja sosiaalisesti kest\u00e4v\u00e4\u00e4 matkailua on kuitenkin kehitetty vasta verrattain v\u00e4h\u00e4n.<\/p>\n\n\n\n<p>LULU-hankkeen (LAB 2021) tavoitteena on esteett\u00f6myysosaamisen lis\u00e4\u00e4minen sek\u00e4 esteett\u00f6m\u00e4n matkailun palvelutarjonnan lis\u00e4\u00e4ntyminen ja monipuolistuminen maaseudulla yksitt\u00e4isist\u00e4 palveluista monipuolisiksi asiakasl\u00e4ht\u00f6isiksi palvelukokonaisuuksiksi.<\/p>\n\n\n\n<p>Hankkeen aikana kehitet\u00e4\u00e4n esteett\u00f6mi\u00e4 luonto- ja l\u00e4himatkailukohteita monipuolisesti eri ik\u00e4- ja kohderyhm\u00e4t huomioiden. Hanke tekee yhteisty\u00f6t\u00e4 muun muassa alueen retkikohteista vastaavan Etel\u00e4-Karjalan Virkistysalues\u00e4\u00e4ti\u00f6n kanssa.<\/p>\n\n\n\n<p>T\u00e4ll\u00e4 hetkell\u00e4 ty\u00f6n alla on useita kehitt\u00e4miskohteita. <a>Ik\u00e4yst\u00e4v\u00e4llinen asuminen<\/a>\u00a0-hankkeen (Eksote 2021) kanssa teht\u00e4v\u00e4 luontoreitti Savitaipaleella yhdist\u00e4\u00e4 vanhusten asumisen ja Savitaipaleen luonnon yhdeksi reitiksi heti kotiovelta. Parikkalassa Oronmyllyn leiri- ja lomakeskuksen ymp\u00e4rist\u00f6\u00f6n tehd\u00e4\u00e4n luontoreitti, jossa huomioidaan erityislasten tarpeet niin reitin <a>kuvainnollistamisessa<\/a> kuin reitin varrella olevissa rastiteht\u00e4viss\u00e4kin. Reitti kytkeytyy osaksi eurooppalaista E10-vaellusreittiverkostoa.<\/p>\n\n\n\n<p>Luum\u00e4ell\u00e4 LULU-hanke on mukana kehitt\u00e4m\u00e4ss\u00e4 Salpalinjaa esteett\u00f6m\u00e4ksi luonto- ja el\u00e4myskohteeksi. N\u00e4in historiallisesta matkailukohteesta p\u00e4\u00e4see nauttimaan my\u00f6s py\u00f6r\u00e4tuolilla.<\/p>\n\n\n\n<div class=\"wp-block-group has-background\" style=\"background-color:#b3edfb\"><div class=\"wp-block-group__inner-container is-layout-flow wp-block-group-is-layout-flow\">\n<p>Kirjoittaja<\/p>\n\n\n\n<p><strong>Harri Sarjanoja<\/strong> toimii projektip\u00e4\u00e4llikk\u00f6n\u00e4 LAB-ammattikorkeakoulussa LULU \u2212 luonnon lumoa kaikille -hankkeessa. Hankkeen tavoitteena on kehitt\u00e4\u00e4 esteett\u00f6mi\u00e4 luontomatkailukohteita ja -tuotteita yhteisty\u00f6ss\u00e4 etel\u00e4karjalaisten luontomatkailuyritt\u00e4jien, kuntien ja alueellisten toimijoiden kanssa. Hanketta rahoittaa Euroopan Maaseuturahaston kehitt\u00e4misrahasto.<\/p>\n<\/div><\/div>\n\n\n\n<h2 class=\"wp-block-heading\">L\u00e4hteet<\/h2>\n\n\n\n<p>Businessfinland.fi. 2021. Esteet\u00f6n luontomatkailu. [Viitattu 1.7.2021]. Saatavissa: <a href=\"https:\/\/www.businessfinland.fi\/haku?query=esteet%C3%B6n+luontomatkailu\" target=\"_blank\" rel=\"noreferrer noopener\">https:\/\/www.businessfinland.fi\/haku?query=esteet%C3%B6n+luontomatkailu<\/a><\/p>\n\n\n\n<p>Eksote.fi. 2021. Ik\u00e4yst\u00e4v\u00e4llinen Etel\u00e4-Karjala -hanke. [Viitattu 1.7.2021]. Saatavissa: <a href=\"https:\/\/www.eksote.fi\/eksote\/tutkimus-ja-kehittaminen\/kaynnissa-olevat-kehittamishankkeet\/Sivut\/default.aspx\" target=\"_blank\" rel=\"noreferrer noopener\">https:\/\/www.eksote.fi\/eksote\/tutkimus-ja-kehittaminen\/kaynnissa-olevat-kehittamishankkeet\/Sivut\/default.aspx<\/a><\/p>\n\n\n\n<p>Ellare.fi. 2021. Mit\u00e4 on esteet\u00f6n ja saavutettava matkailu.<a> [<\/a>Viitattu 1.7.2021]. Saatavissa: <a href=\"https:\/\/www.ellare.fi\/esteeton-matkailu\/esteeton-matkailu\/\" target=\"_blank\" rel=\"noreferrer noopener\">https:\/\/www.ellare.fi\/esteeton-matkailu\/esteeton-matkailu\/<\/a>.<\/p>\n\n\n\n<p>LAB. 2021. LULU \u2212 Luonnon lumoa kaikille -hanke. [Viitattu 30.6.2021<a>]<\/a>. Saatavissa: <a href=\"https:\/\/www.lab.fi\/fi\/projekti\/lulu-luonnon-lumoa-kaikille\" target=\"_blank\" rel=\"noreferrer noopener\">https:\/\/www.lab.fi\/fi\/projekti\/lulu-luonnon-lumoa-kaikille<\/a><\/p>\n\n\n\n<p>Paralympia.fi. 2021. Esteett\u00f6myys. [Viitattu 1.7.2021]. Saatavissa: \u00a0<a href=\"https:\/\/www.paralympia.fi\/palvelut\/esteettomyys\" target=\"_blank\" rel=\"noreferrer noopener\">https:\/\/www.paralympia.fi\/palvelut\/esteettomyys<\/a><\/p>\n\n\n\n<p>Saari (toim.). 2020. Esteet\u00f6n er\u00e4polku -hankkeen raportti. [Viitattu 1.7.2021]. Saatavissa: <a href=\"https:\/\/www.paralympia.fi\/images\/tiedostot\/erapolku\/erapolkuraportti.pdf\" target=\"_blank\" rel=\"noreferrer noopener\">https:\/\/www.paralympia.fi\/images\/tiedostot\/erapolku\/erapolkuraportti.pdf<\/a><\/p>\n\n\n\n<p>Yle.fi. 2021. Kotimaanmatkaajia riitt\u00e4\u00e4 j\u00e4lleen ja hotellien varaustilanne n\u00e4ytt\u00e4\u00e4 hyv\u00e4lt\u00e4. [Viitattu 30.6.2021]. Saatavissa: <a href=\"https:\/\/yle.fi\/uutiset\/3-12000063\" target=\"_blank\" rel=\"noreferrer noopener\">https:\/\/yle.fi\/uutiset\/3-12000063<\/a><\/p>\n\n\n\n<p><\/p>\n\n\n\n<hr class=\"wp-block-separator\" \/>\n","protected":false},"excerpt":{"rendered":"<p>Kotimaan matkailu on koronaviruksen my\u00f6t\u00e4 t\u00e4m\u00e4nkin kes\u00e4n trendi. Luontomatkailun suosio n\u00e4kyy esimerkiksi kansallispuistojen kasvaneissa k\u00e4vij\u00e4m\u00e4\u00e4riss\u00e4 ja hotellien varaustilanteessa (Yle.fi 2021). Esteett\u00f6mist\u00e4 palveluista on tullut matkailuyrityksille kilpailuetu, ja matkailijoiden erityistarpeiden ymm\u00e4rt\u00e4minen ja huomioiminen palvelujen tuottamisessa auttavat parantamaan my\u00f6s muiden matkailijoiden palvelukokemusta. LAB-ammattikorkeakoulu edist\u00e4\u00e4 esteet\u00f6nt\u00e4 liikkumista etel\u00e4karjalaisessa luonnossa LULU-hankkeella. Esteett\u00f6mi\u00e4 palveluita k\u00e4ytt\u00e4v\u00e4t matkailijat tarvitsevat matkaa varatessaan tiedon, [&hellip;]<\/p>\n","protected":false},"author":17,"featured_media":4992,"comment_status":"closed","ping_status":"open","sticky":false,"template":"","format":"standard","meta":{"footnotes":""},"categories":[15,147],"tags":[29,189,281,2746,191],"class_list":{"0":"post-4990","1":"post","2":"type-post","3":"status-publish","4":"format-standard","5":"has-post-thumbnail","7":"category-health_fi","8":"category-hyvinvointia-liikkumisesta-ja-elinymparistosta","9":"tag-artikkeli-e1","10":"tag-esteettomyys","11":"tag-lahimatkailu","12":"tag-lulu","13":"tag-luontomatkailu","14":"czr-hentry"},"yoast_head":"<!-- This site is optimized with the Yoast SEO plugin v27.4 - https:\/\/yoast.com\/product\/yoast-seo-wordpress\/ -->\n<title>Kohti esteet\u00f6nt\u00e4 luonto- ja l\u00e4himatkailua Etel\u00e4-Karjalassa - LAB Focus<\/title>\n<meta name=\"robots\" content=\"index, follow, max-snippet:-1, max-image-preview:large, max-video-preview:-1\" \/>\n<link rel=\"canonical\" href=\"https:\/\/blogit.lab.fi\/labfocus\/kohti-esteetonta-luonto-ja-lahimatkailua-etela-karjalassa\/\" \/>\n<meta property=\"og:locale\" content=\"fi_FI\" \/>\n<meta property=\"og:type\" content=\"article\" \/>\n<meta property=\"og:title\" content=\"Kohti esteet\u00f6nt\u00e4 luonto- ja l\u00e4himatkailua Etel\u00e4-Karjalassa - LAB Focus\" \/>\n<meta property=\"og:description\" content=\"Kotimaan matkailu on koronaviruksen my\u00f6t\u00e4 t\u00e4m\u00e4nkin kes\u00e4n trendi. Luontomatkailun suosio n\u00e4kyy esimerkiksi kansallispuistojen kasvaneissa k\u00e4vij\u00e4m\u00e4\u00e4riss\u00e4 ja hotellien varaustilanteessa (Yle.fi 2021). Esteett\u00f6mist\u00e4 palveluista on tullut matkailuyrityksille kilpailuetu, ja matkailijoiden erityistarpeiden ymm\u00e4rt\u00e4minen ja huomioiminen palvelujen tuottamisessa auttavat parantamaan my\u00f6s muiden matkailijoiden palvelukokemusta. LAB-ammattikorkeakoulu edist\u00e4\u00e4 esteet\u00f6nt\u00e4 liikkumista etel\u00e4karjalaisessa luonnossa LULU-hankkeella. Esteett\u00f6mi\u00e4 palveluita k\u00e4ytt\u00e4v\u00e4t matkailijat tarvitsevat matkaa varatessaan tiedon, [&hellip;]\" \/>\n<meta property=\"og:url\" content=\"https:\/\/blogit.lab.fi\/labfocus\/kohti-esteetonta-luonto-ja-lahimatkailua-etela-karjalassa\/\" \/>\n<meta property=\"og:site_name\" content=\"LAB Focus\" \/>\n<meta property=\"article:published_time\" content=\"2021-07-02T12:57:45+00:00\" \/>\n<meta property=\"article:modified_time\" content=\"2021-07-02T12:57:46+00:00\" \/>\n<meta property=\"og:image\" content=\"https:\/\/blogit.lab.fi\/labfocus\/wp-content\/uploads\/sites\/8\/2021\/07\/414_2021_Kohti-esteetonta-luonto-ja-lahimatkailua-Etela-Karjalassa_2.jpg\" \/>\n\t<meta property=\"og:image:width\" content=\"577\" \/>\n\t<meta property=\"og:image:height\" content=\"433\" \/>\n\t<meta property=\"og:image:type\" content=\"image\/jpeg\" \/>\n<meta name=\"author\" content=\"tainask\" \/>\n<meta name=\"twitter:card\" content=\"summary_large_image\" \/>\n<meta name=\"twitter:creator\" content=\"@LABfinland\" \/>\n<meta name=\"twitter:site\" content=\"@LABfinland\" \/>\n<meta name=\"twitter:label1\" content=\"Kirjoittanut\" \/>\n\t<meta name=\"twitter:data1\" content=\"tainask\" \/>\n\t<meta name=\"twitter:label2\" content=\"Arvioitu lukuaika\" \/>\n\t<meta name=\"twitter:data2\" content=\"3 minuuttia\" \/>\n<script type=\"application\/ld+json\" class=\"yoast-schema-graph\">{\"@context\":\"https:\\\/\\\/schema.org\",\"@graph\":[{\"@type\":\"Article\",\"@id\":\"https:\\\/\\\/blogit.lab.fi\\\/labfocus\\\/kohti-esteetonta-luonto-ja-lahimatkailua-etela-karjalassa\\\/#article\",\"isPartOf\":{\"@id\":\"https:\\\/\\\/blogit.lab.fi\\\/labfocus\\\/kohti-esteetonta-luonto-ja-lahimatkailua-etela-karjalassa\\\/\"},\"author\":{\"name\":\"tainask\",\"@id\":\"https:\\\/\\\/blogit.lab.fi\\\/labfocus\\\/#\\\/schema\\\/person\\\/da729f65c4a2fb9fd8f0b1ec7a2ab7d0\"},\"headline\":\"Kohti esteet\u00f6nt\u00e4 luonto- ja l\u00e4himatkailua Etel\u00e4-Karjalassa\",\"datePublished\":\"2021-07-02T12:57:45+00:00\",\"dateModified\":\"2021-07-02T12:57:46+00:00\",\"mainEntityOfPage\":{\"@id\":\"https:\\\/\\\/blogit.lab.fi\\\/labfocus\\\/kohti-esteetonta-luonto-ja-lahimatkailua-etela-karjalassa\\\/\"},\"wordCount\":663,\"publisher\":{\"@id\":\"https:\\\/\\\/blogit.lab.fi\\\/labfocus\\\/#organization\"},\"image\":{\"@id\":\"https:\\\/\\\/blogit.lab.fi\\\/labfocus\\\/kohti-esteetonta-luonto-ja-lahimatkailua-etela-karjalassa\\\/#primaryimage\"},\"thumbnailUrl\":\"https:\\\/\\\/blogit.lab.fi\\\/labfocus\\\/wp-content\\\/uploads\\\/sites\\\/8\\\/2021\\\/07\\\/414_2021_Kohti-esteetonta-luonto-ja-lahimatkailua-Etela-Karjalassa_2.jpg\",\"keywords\":[\"Artikkeli E1\",\"esteett\u00f6myys\",\"l\u00e4himatkailu\",\"LULU\",\"luontomatkailu\"],\"articleSection\":[\"Health\",\"Hyvinvointia elinymp\u00e4rist\u00f6st\u00e4, liikkumisesta ja matkailusta\"],\"inLanguage\":\"fi\"},{\"@type\":\"WebPage\",\"@id\":\"https:\\\/\\\/blogit.lab.fi\\\/labfocus\\\/kohti-esteetonta-luonto-ja-lahimatkailua-etela-karjalassa\\\/\",\"url\":\"https:\\\/\\\/blogit.lab.fi\\\/labfocus\\\/kohti-esteetonta-luonto-ja-lahimatkailua-etela-karjalassa\\\/\",\"name\":\"Kohti esteet\u00f6nt\u00e4 luonto- ja l\u00e4himatkailua Etel\u00e4-Karjalassa - LAB Focus\",\"isPartOf\":{\"@id\":\"https:\\\/\\\/blogit.lab.fi\\\/labfocus\\\/#website\"},\"primaryImageOfPage\":{\"@id\":\"https:\\\/\\\/blogit.lab.fi\\\/labfocus\\\/kohti-esteetonta-luonto-ja-lahimatkailua-etela-karjalassa\\\/#primaryimage\"},\"image\":{\"@id\":\"https:\\\/\\\/blogit.lab.fi\\\/labfocus\\\/kohti-esteetonta-luonto-ja-lahimatkailua-etela-karjalassa\\\/#primaryimage\"},\"thumbnailUrl\":\"https:\\\/\\\/blogit.lab.fi\\\/labfocus\\\/wp-content\\\/uploads\\\/sites\\\/8\\\/2021\\\/07\\\/414_2021_Kohti-esteetonta-luonto-ja-lahimatkailua-Etela-Karjalassa_2.jpg\",\"datePublished\":\"2021-07-02T12:57:45+00:00\",\"dateModified\":\"2021-07-02T12:57:46+00:00\",\"breadcrumb\":{\"@id\":\"https:\\\/\\\/blogit.lab.fi\\\/labfocus\\\/kohti-esteetonta-luonto-ja-lahimatkailua-etela-karjalassa\\\/#breadcrumb\"},\"inLanguage\":\"fi\",\"potentialAction\":[{\"@type\":\"ReadAction\",\"target\":[\"https:\\\/\\\/blogit.lab.fi\\\/labfocus\\\/kohti-esteetonta-luonto-ja-lahimatkailua-etela-karjalassa\\\/\"]}]},{\"@type\":\"ImageObject\",\"inLanguage\":\"fi\",\"@id\":\"https:\\\/\\\/blogit.lab.fi\\\/labfocus\\\/kohti-esteetonta-luonto-ja-lahimatkailua-etela-karjalassa\\\/#primaryimage\",\"url\":\"https:\\\/\\\/blogit.lab.fi\\\/labfocus\\\/wp-content\\\/uploads\\\/sites\\\/8\\\/2021\\\/07\\\/414_2021_Kohti-esteetonta-luonto-ja-lahimatkailua-Etela-Karjalassa_2.jpg\",\"contentUrl\":\"https:\\\/\\\/blogit.lab.fi\\\/labfocus\\\/wp-content\\\/uploads\\\/sites\\\/8\\\/2021\\\/07\\\/414_2021_Kohti-esteetonta-luonto-ja-lahimatkailua-Etela-Karjalassa_2.jpg\",\"width\":577,\"height\":433},{\"@type\":\"BreadcrumbList\",\"@id\":\"https:\\\/\\\/blogit.lab.fi\\\/labfocus\\\/kohti-esteetonta-luonto-ja-lahimatkailua-etela-karjalassa\\\/#breadcrumb\",\"itemListElement\":[{\"@type\":\"ListItem\",\"position\":1,\"name\":\"Home\",\"item\":\"https:\\\/\\\/blogit.lab.fi\\\/labfocus\\\/\"},{\"@type\":\"ListItem\",\"position\":2,\"name\":\"Kohti esteet\u00f6nt\u00e4 luonto- ja l\u00e4himatkailua Etel\u00e4-Karjalassa\"}]},{\"@type\":\"WebSite\",\"@id\":\"https:\\\/\\\/blogit.lab.fi\\\/labfocus\\\/#website\",\"url\":\"https:\\\/\\\/blogit.lab.fi\\\/labfocus\\\/\",\"name\":\"LAB Focus\",\"description\":\"Focus Area blog | LAB University of Applied Sciences\",\"publisher\":{\"@id\":\"https:\\\/\\\/blogit.lab.fi\\\/labfocus\\\/#organization\"},\"potentialAction\":[{\"@type\":\"SearchAction\",\"target\":{\"@type\":\"EntryPoint\",\"urlTemplate\":\"https:\\\/\\\/blogit.lab.fi\\\/labfocus\\\/?s={search_term_string}\"},\"query-input\":{\"@type\":\"PropertyValueSpecification\",\"valueRequired\":true,\"valueName\":\"search_term_string\"}}],\"inLanguage\":\"fi\"},{\"@type\":\"Organization\",\"@id\":\"https:\\\/\\\/blogit.lab.fi\\\/labfocus\\\/#organization\",\"name\":\"LAB Focus\",\"url\":\"https:\\\/\\\/blogit.lab.fi\\\/labfocus\\\/\",\"logo\":{\"@type\":\"ImageObject\",\"inLanguage\":\"fi\",\"@id\":\"https:\\\/\\\/blogit.lab.fi\\\/labfocus\\\/#\\\/schema\\\/logo\\\/image\\\/\",\"url\":\"https:\\\/\\\/blogit.lab.fi\\\/labfocus\\\/wp-content\\\/uploads\\\/sites\\\/8\\\/2020\\\/04\\\/cropped-cropped-tunnus_blogi-01.png\",\"contentUrl\":\"https:\\\/\\\/blogit.lab.fi\\\/labfocus\\\/wp-content\\\/uploads\\\/sites\\\/8\\\/2020\\\/04\\\/cropped-cropped-tunnus_blogi-01.png\",\"width\":1342,\"height\":288,\"caption\":\"LAB Focus\"},\"image\":{\"@id\":\"https:\\\/\\\/blogit.lab.fi\\\/labfocus\\\/#\\\/schema\\\/logo\\\/image\\\/\"},\"sameAs\":[\"https:\\\/\\\/x.com\\\/LABfinland\"]},{\"@type\":\"Person\",\"@id\":\"https:\\\/\\\/blogit.lab.fi\\\/labfocus\\\/#\\\/schema\\\/person\\\/da729f65c4a2fb9fd8f0b1ec7a2ab7d0\",\"name\":\"tainask\",\"image\":{\"@type\":\"ImageObject\",\"inLanguage\":\"fi\",\"@id\":\"https:\\\/\\\/secure.gravatar.com\\\/avatar\\\/4a96427877ef826b76e80c27f60b266128094f522551459346efcf14282febb3?s=96&d=mm&r=g\",\"url\":\"https:\\\/\\\/secure.gravatar.com\\\/avatar\\\/4a96427877ef826b76e80c27f60b266128094f522551459346efcf14282febb3?s=96&d=mm&r=g\",\"contentUrl\":\"https:\\\/\\\/secure.gravatar.com\\\/avatar\\\/4a96427877ef826b76e80c27f60b266128094f522551459346efcf14282febb3?s=96&d=mm&r=g\",\"caption\":\"tainask\"},\"url\":\"https:\\\/\\\/blogit.lab.fi\\\/labfocus\\\/author\\\/tainask\\\/\"}]}<\/script>\n<!-- \/ Yoast SEO plugin. -->","yoast_head_json":{"title":"Kohti esteet\u00f6nt\u00e4 luonto- ja l\u00e4himatkailua Etel\u00e4-Karjalassa - LAB Focus","robots":{"index":"index","follow":"follow","max-snippet":"max-snippet:-1","max-image-preview":"max-image-preview:large","max-video-preview":"max-video-preview:-1"},"canonical":"https:\/\/blogit.lab.fi\/labfocus\/kohti-esteetonta-luonto-ja-lahimatkailua-etela-karjalassa\/","og_locale":"fi_FI","og_type":"article","og_title":"Kohti esteet\u00f6nt\u00e4 luonto- ja l\u00e4himatkailua Etel\u00e4-Karjalassa - LAB Focus","og_description":"Kotimaan matkailu on koronaviruksen my\u00f6t\u00e4 t\u00e4m\u00e4nkin kes\u00e4n trendi. Luontomatkailun suosio n\u00e4kyy esimerkiksi kansallispuistojen kasvaneissa k\u00e4vij\u00e4m\u00e4\u00e4riss\u00e4 ja hotellien varaustilanteessa (Yle.fi 2021). Esteett\u00f6mist\u00e4 palveluista on tullut matkailuyrityksille kilpailuetu, ja matkailijoiden erityistarpeiden ymm\u00e4rt\u00e4minen ja huomioiminen palvelujen tuottamisessa auttavat parantamaan my\u00f6s muiden matkailijoiden palvelukokemusta. LAB-ammattikorkeakoulu edist\u00e4\u00e4 esteet\u00f6nt\u00e4 liikkumista etel\u00e4karjalaisessa luonnossa LULU-hankkeella. Esteett\u00f6mi\u00e4 palveluita k\u00e4ytt\u00e4v\u00e4t matkailijat tarvitsevat matkaa varatessaan tiedon, [&hellip;]","og_url":"https:\/\/blogit.lab.fi\/labfocus\/kohti-esteetonta-luonto-ja-lahimatkailua-etela-karjalassa\/","og_site_name":"LAB Focus","article_published_time":"2021-07-02T12:57:45+00:00","article_modified_time":"2021-07-02T12:57:46+00:00","og_image":[{"width":577,"height":433,"url":"https:\/\/blogit.lab.fi\/labfocus\/wp-content\/uploads\/sites\/8\/2021\/07\/414_2021_Kohti-esteetonta-luonto-ja-lahimatkailua-Etela-Karjalassa_2.jpg","type":"image\/jpeg"}],"author":"tainask","twitter_card":"summary_large_image","twitter_creator":"@LABfinland","twitter_site":"@LABfinland","twitter_misc":{"Kirjoittanut":"tainask","Arvioitu lukuaika":"3 minuuttia"},"schema":{"@context":"https:\/\/schema.org","@graph":[{"@type":"Article","@id":"https:\/\/blogit.lab.fi\/labfocus\/kohti-esteetonta-luonto-ja-lahimatkailua-etela-karjalassa\/#article","isPartOf":{"@id":"https:\/\/blogit.lab.fi\/labfocus\/kohti-esteetonta-luonto-ja-lahimatkailua-etela-karjalassa\/"},"author":{"name":"tainask","@id":"https:\/\/blogit.lab.fi\/labfocus\/#\/schema\/person\/da729f65c4a2fb9fd8f0b1ec7a2ab7d0"},"headline":"Kohti esteet\u00f6nt\u00e4 luonto- ja l\u00e4himatkailua Etel\u00e4-Karjalassa","datePublished":"2021-07-02T12:57:45+00:00","dateModified":"2021-07-02T12:57:46+00:00","mainEntityOfPage":{"@id":"https:\/\/blogit.lab.fi\/labfocus\/kohti-esteetonta-luonto-ja-lahimatkailua-etela-karjalassa\/"},"wordCount":663,"publisher":{"@id":"https:\/\/blogit.lab.fi\/labfocus\/#organization"},"image":{"@id":"https:\/\/blogit.lab.fi\/labfocus\/kohti-esteetonta-luonto-ja-lahimatkailua-etela-karjalassa\/#primaryimage"},"thumbnailUrl":"https:\/\/blogit.lab.fi\/labfocus\/wp-content\/uploads\/sites\/8\/2021\/07\/414_2021_Kohti-esteetonta-luonto-ja-lahimatkailua-Etela-Karjalassa_2.jpg","keywords":["Artikkeli E1","esteett\u00f6myys","l\u00e4himatkailu","LULU","luontomatkailu"],"articleSection":["Health","Hyvinvointia elinymp\u00e4rist\u00f6st\u00e4, liikkumisesta ja matkailusta"],"inLanguage":"fi"},{"@type":"WebPage","@id":"https:\/\/blogit.lab.fi\/labfocus\/kohti-esteetonta-luonto-ja-lahimatkailua-etela-karjalassa\/","url":"https:\/\/blogit.lab.fi\/labfocus\/kohti-esteetonta-luonto-ja-lahimatkailua-etela-karjalassa\/","name":"Kohti esteet\u00f6nt\u00e4 luonto- ja l\u00e4himatkailua Etel\u00e4-Karjalassa - LAB Focus","isPartOf":{"@id":"https:\/\/blogit.lab.fi\/labfocus\/#website"},"primaryImageOfPage":{"@id":"https:\/\/blogit.lab.fi\/labfocus\/kohti-esteetonta-luonto-ja-lahimatkailua-etela-karjalassa\/#primaryimage"},"image":{"@id":"https:\/\/blogit.lab.fi\/labfocus\/kohti-esteetonta-luonto-ja-lahimatkailua-etela-karjalassa\/#primaryimage"},"thumbnailUrl":"https:\/\/blogit.lab.fi\/labfocus\/wp-content\/uploads\/sites\/8\/2021\/07\/414_2021_Kohti-esteetonta-luonto-ja-lahimatkailua-Etela-Karjalassa_2.jpg","datePublished":"2021-07-02T12:57:45+00:00","dateModified":"2021-07-02T12:57:46+00:00","breadcrumb":{"@id":"https:\/\/blogit.lab.fi\/labfocus\/kohti-esteetonta-luonto-ja-lahimatkailua-etela-karjalassa\/#breadcrumb"},"inLanguage":"fi","potentialAction":[{"@type":"ReadAction","target":["https:\/\/blogit.lab.fi\/labfocus\/kohti-esteetonta-luonto-ja-lahimatkailua-etela-karjalassa\/"]}]},{"@type":"ImageObject","inLanguage":"fi","@id":"https:\/\/blogit.lab.fi\/labfocus\/kohti-esteetonta-luonto-ja-lahimatkailua-etela-karjalassa\/#primaryimage","url":"https:\/\/blogit.lab.fi\/labfocus\/wp-content\/uploads\/sites\/8\/2021\/07\/414_2021_Kohti-esteetonta-luonto-ja-lahimatkailua-Etela-Karjalassa_2.jpg","contentUrl":"https:\/\/blogit.lab.fi\/labfocus\/wp-content\/uploads\/sites\/8\/2021\/07\/414_2021_Kohti-esteetonta-luonto-ja-lahimatkailua-Etela-Karjalassa_2.jpg","width":577,"height":433},{"@type":"BreadcrumbList","@id":"https:\/\/blogit.lab.fi\/labfocus\/kohti-esteetonta-luonto-ja-lahimatkailua-etela-karjalassa\/#breadcrumb","itemListElement":[{"@type":"ListItem","position":1,"name":"Home","item":"https:\/\/blogit.lab.fi\/labfocus\/"},{"@type":"ListItem","position":2,"name":"Kohti esteet\u00f6nt\u00e4 luonto- ja l\u00e4himatkailua Etel\u00e4-Karjalassa"}]},{"@type":"WebSite","@id":"https:\/\/blogit.lab.fi\/labfocus\/#website","url":"https:\/\/blogit.lab.fi\/labfocus\/","name":"LAB Focus","description":"Focus Area blog | LAB University of Applied Sciences","publisher":{"@id":"https:\/\/blogit.lab.fi\/labfocus\/#organization"},"potentialAction":[{"@type":"SearchAction","target":{"@type":"EntryPoint","urlTemplate":"https:\/\/blogit.lab.fi\/labfocus\/?s={search_term_string}"},"query-input":{"@type":"PropertyValueSpecification","valueRequired":true,"valueName":"search_term_string"}}],"inLanguage":"fi"},{"@type":"Organization","@id":"https:\/\/blogit.lab.fi\/labfocus\/#organization","name":"LAB Focus","url":"https:\/\/blogit.lab.fi\/labfocus\/","logo":{"@type":"ImageObject","inLanguage":"fi","@id":"https:\/\/blogit.lab.fi\/labfocus\/#\/schema\/logo\/image\/","url":"https:\/\/blogit.lab.fi\/labfocus\/wp-content\/uploads\/sites\/8\/2020\/04\/cropped-cropped-tunnus_blogi-01.png","contentUrl":"https:\/\/blogit.lab.fi\/labfocus\/wp-content\/uploads\/sites\/8\/2020\/04\/cropped-cropped-tunnus_blogi-01.png","width":1342,"height":288,"caption":"LAB Focus"},"image":{"@id":"https:\/\/blogit.lab.fi\/labfocus\/#\/schema\/logo\/image\/"},"sameAs":["https:\/\/x.com\/LABfinland"]},{"@type":"Person","@id":"https:\/\/blogit.lab.fi\/labfocus\/#\/schema\/person\/da729f65c4a2fb9fd8f0b1ec7a2ab7d0","name":"tainask","image":{"@type":"ImageObject","inLanguage":"fi","@id":"https:\/\/secure.gravatar.com\/avatar\/4a96427877ef826b76e80c27f60b266128094f522551459346efcf14282febb3?s=96&d=mm&r=g","url":"https:\/\/secure.gravatar.com\/avatar\/4a96427877ef826b76e80c27f60b266128094f522551459346efcf14282febb3?s=96&d=mm&r=g","contentUrl":"https:\/\/secure.gravatar.com\/avatar\/4a96427877ef826b76e80c27f60b266128094f522551459346efcf14282febb3?s=96&d=mm&r=g","caption":"tainask"},"url":"https:\/\/blogit.lab.fi\/labfocus\/author\/tainask\/"}]}},"_links":{"self":[{"href":"https:\/\/blogit.lab.fi\/labfocus\/wp-json\/wp\/v2\/posts\/4990","targetHints":{"allow":["GET"]}}],"collection":[{"href":"https:\/\/blogit.lab.fi\/labfocus\/wp-json\/wp\/v2\/posts"}],"about":[{"href":"https:\/\/blogit.lab.fi\/labfocus\/wp-json\/wp\/v2\/types\/post"}],"author":[{"embeddable":true,"href":"https:\/\/blogit.lab.fi\/labfocus\/wp-json\/wp\/v2\/users\/17"}],"replies":[{"embeddable":true,"href":"https:\/\/blogit.lab.fi\/labfocus\/wp-json\/wp\/v2\/comments?post=4990"}],"version-history":[{"count":1,"href":"https:\/\/blogit.lab.fi\/labfocus\/wp-json\/wp\/v2\/posts\/4990\/revisions"}],"predecessor-version":[{"id":4993,"href":"https:\/\/blogit.lab.fi\/labfocus\/wp-json\/wp\/v2\/posts\/4990\/revisions\/4993"}],"wp:featuredmedia":[{"embeddable":true,"href":"https:\/\/blogit.lab.fi\/labfocus\/wp-json\/wp\/v2\/media\/4992"}],"wp:attachment":[{"href":"https:\/\/blogit.lab.fi\/labfocus\/wp-json\/wp\/v2\/media?parent=4990"}],"wp:term":[{"taxonomy":"category","embeddable":true,"href":"https:\/\/blogit.lab.fi\/labfocus\/wp-json\/wp\/v2\/categories?post=4990"},{"taxonomy":"post_tag","embeddable":true,"href":"https:\/\/blogit.lab.fi\/labfocus\/wp-json\/wp\/v2\/tags?post=4990"}],"curies":[{"name":"wp","href":"https:\/\/api.w.org\/{rel}","templated":true}]}}