{"id":5071,"date":"2021-08-11T14:00:04","date_gmt":"2021-08-11T11:00:04","guid":{"rendered":"https:\/\/blogit.lab.fi\/labfocus\/?p=5071"},"modified":"2021-08-11T14:00:05","modified_gmt":"2021-08-11T11:00:05","slug":"miestamo-hanke-jarjestaa-ilmiokeskustelujen-sarjan","status":"publish","type":"post","link":"https:\/\/blogit.lab.fi\/labfocus\/miestamo-hanke-jarjestaa-ilmiokeskustelujen-sarjan\/","title":{"rendered":"Miest\u00e4m\u00f6-hanke j\u00e4rjest\u00e4\u00e4 ilmi\u00f6keskustelujen sarjan"},"content":{"rendered":"\n<p>LAB-ammattikorkeakoulun Miest\u00e4m\u00f6-hanke (2020\u22122022) on tasa-arvohanke, jonka yhten\u00e4 tavoitteena on tuottaa mieserityist\u00e4 tietoa erilaisille ammattilaisryhmille, jotka ty\u00f6skentelev\u00e4t ty\u00f6llisyyspalveluiden parissa. Yksi keino tuottaa uutta tietoa on nostaa keskusteluun erilaisia ty\u00f6h\u00f6n ja miesten el\u00e4m\u00e4\u00e4n liittyvi\u00e4 sukupuolittuneita ilmi\u00f6it\u00e4 ja koota n\u00e4iden keskustelujen anti.<\/p>\n\n\n\n<h2 class=\"wp-block-heading\">Aiheet nousevat yhteiskunnallisista ilmi\u00f6ist\u00e4<\/h2>\n\n\n\n<p>Miest\u00e4m\u00f6-hanke j\u00e4rjest\u00e4\u00e4 vuonna 2021 viisi keskustelutilaisuutta, joissa aiheina ovat erilaiset miesten el\u00e4m\u00e4\u00e4n liittyv\u00e4t ajankohtaiset asiat ja ilmi\u00f6t. N\u00e4iss\u00e4 ilmi\u00f6keskusteluiksi nimetyiss\u00e4 tilaisuuksissa j\u00e4rjestettiin kev\u00e4\u00e4ll\u00e4 kaksi tilaisuutta.<\/p>\n\n\n\n<p>Ensimm\u00e4isell\u00e4 kerralla orientoiduttiin ja kysyttiin, mit\u00e4 miehille kuuluu ja millaista on miesten vanhemmuus. Puhujina toimivat Saimaan kriisikeskuksen toiminnanjohtaja Juho Heikka ja is\u00e4ty\u00f6ntekij\u00e4 Topi Linjama, joilla kummallakin on pitk\u00e4 kokemus ja syv\u00e4llinen n\u00e4kemys esill\u00e4 olleisiin aiheisiin.<\/p>\n\n\n\n<figure class=\"wp-block-image size-large\"><img loading=\"lazy\" decoding=\"async\" width=\"1024\" height=\"683\" src=\"https:\/\/blogit.lab.fi\/labfocus\/wp-content\/uploads\/sites\/8\/2021\/08\/426_2021_Miestamo-hanke-jarjestaa-ilmiokeskustelujen-sarjan-1024x683.jpg\" alt=\"\" class=\"wp-image-5072\" srcset=\"https:\/\/blogit.lab.fi\/labfocus\/wp-content\/uploads\/sites\/8\/2021\/08\/426_2021_Miestamo-hanke-jarjestaa-ilmiokeskustelujen-sarjan-1024x683.jpg 1024w, https:\/\/blogit.lab.fi\/labfocus\/wp-content\/uploads\/sites\/8\/2021\/08\/426_2021_Miestamo-hanke-jarjestaa-ilmiokeskustelujen-sarjan-300x200.jpg 300w, https:\/\/blogit.lab.fi\/labfocus\/wp-content\/uploads\/sites\/8\/2021\/08\/426_2021_Miestamo-hanke-jarjestaa-ilmiokeskustelujen-sarjan-768x512.jpg 768w, https:\/\/blogit.lab.fi\/labfocus\/wp-content\/uploads\/sites\/8\/2021\/08\/426_2021_Miestamo-hanke-jarjestaa-ilmiokeskustelujen-sarjan-1536x1024.jpg 1536w, https:\/\/blogit.lab.fi\/labfocus\/wp-content\/uploads\/sites\/8\/2021\/08\/426_2021_Miestamo-hanke-jarjestaa-ilmiokeskustelujen-sarjan.jpg 1920w\" sizes=\"auto, (max-width: 1024px) 100vw, 1024px\" \/><figcaption> <br><a>Kuva 1. <\/a><a href=\"#_msocom_1\">I<\/a>lmi\u00f6keskusteluissa on pohdittu muun muassa ty\u00f6n merkityst\u00e4 miehen el\u00e4m\u00e4ss\u00e4. (Waldl 2017) <\/figcaption><\/figure>\n\n\n\n<p><br><\/p>\n\n\n\n<p>Toinen ilmi\u00f6keskustelu j\u00e4rjestettiin kes\u00e4kuun alussa aiheella Mies ja ty\u00f6. Innostavaksi alustajaksi tilaisuuteen saatiin Ville Luukkanen H\u00e4meen Ely-keskuksesta. Ville puhui raikkaasti omasta ty\u00f6historiastaan ja ajatuksista siihen liittyen.<\/p>\n\n\n\n<p>Keskustelussa k\u00e4siteltiin sit\u00e4, mik\u00e4 ty\u00f6n merkitys on miehen el\u00e4m\u00e4ss\u00e4 ja miten l\u00f6ytyy oma paikka ty\u00f6el\u00e4m\u00e4ss\u00e4. L\u00e4ht\u00f6kohtana oli kysymys, millaista on kasvaa aikuiseksi ja vanheta yhteiskunnassa, jossa ty\u00f6lle ja ty\u00f6n ahkeralle tekemiselle annetaan iso merkitys. Ihmisen identiteetti saattaa kiinnitty\u00e4 siihen, mit\u00e4 on tehnyt ty\u00f6urallaan ja millaiseen asemaan p\u00e4\u00e4ssyt. T\u00e4ll\u00f6in esimerkiksi ty\u00f6el\u00e4m\u00e4n ulkopuolella olo voi olla el\u00e4m\u00e4ss\u00e4 iso kriisi ja aiheuttaa jopa h\u00e4pe\u00e4\u00e4.<\/p>\n\n\n\n<p>Suomalainen ty\u00f6el\u00e4m\u00e4 ja ty\u00f6tt\u00f6myys on sukupuolittunutta (THL) ja vaikka naisten asema on ty\u00f6markkinoilla usein heikompi, palkkaus matalampaa ja ty\u00f6suhteet useammin m\u00e4\u00e4r\u00e4aikaisia, on miesten ty\u00f6markkina-asema suhdanneherkempi (STM 2012). Muuttuvassa maailmassa oma paikka ty\u00f6el\u00e4m\u00e4ss\u00e4 ei ole niin vakaa kuin aiempina vuosikymmenin\u00e4, ja muutokset markkinoilla vaikuttavat erityisesti teknologia- ja vientialoihin, joilla miehi\u00e4 ty\u00f6skentelee paljon.<\/p>\n\n\n\n<h2 class=\"wp-block-heading\">Hankkeessa tuotetaan ty\u00f6v\u00e4lineit\u00e4 ammattilaisille<\/h2>\n\n\n\n<p>Ammattilaisten kanssa on pohdittu ja havaittu sukupuolittuneita k\u00e4yt\u00e4nt\u00f6j\u00e4 my\u00f6s erilaisiin ty\u00f6llisyys- tai sosiaalipalveluihin hakeutumisessa ja avun saamisessa. Miehet esimerkiksi ohjautuvat naisia heikommin ty\u00f6llisyyspalveluiden pariin. Miest\u00e4m\u00f6-hankkeessa tuotetaan ty\u00f6kaluja ammattilaisille, jotka kohtaavat miehi\u00e4 erilaisissa palveluissa. Erityisesti tarvetta on sukupuolisensitiiviselle tiedolle sek\u00e4 pohdinnalle, kuinka sen avulla voitaisiin tehd\u00e4 muutoksia ty\u00f6otteeseen.<\/p>\n\n\n\n<p>Ilmi\u00f6keskustelujen sarja jatkuu syksyll\u00e4, aiheina muun muassa nuoret miehet sek\u00e4 mies ja tunteet.<\/p>\n\n\n\n<div class=\"wp-block-group has-background\" style=\"background-color:#b3edfb\"><div class=\"wp-block-group__inner-container is-layout-flow wp-block-group-is-layout-flow\">\n<p>Kirjoittaja<\/p>\n\n\n\n<p><strong>Maina Sepp\u00e4l\u00e4<\/strong> ty\u00f6skentelee LAB-ammattikorkeakoulussa TKI-asiantuntijana kahdessa eri tasa-arvohankkeessa.<\/p>\n<\/div><\/div>\n\n\n\n<p><\/p>\n\n\n\n<h2 class=\"wp-block-heading\">L\u00e4hteet<\/h2>\n\n\n\n<p>LAB 2021. Miest\u00e4m\u00f6 \u2013 hybridill\u00e4 ty\u00f6el\u00e4m\u00e4\u00e4n -hanke. [Viitattu 14.6.2021]. Saatavissa:<br><a href=\"https:\/\/lab.fi\/fi\/projekti\/miestamo-hybridilla-tyoelamaan\" target=\"_blank\" rel=\"noreferrer noopener\">https:\/\/lab.fi\/fi\/projekti\/miestamo-hybridilla-tyoelamaan<\/a>\u00e4<\/p>\n\n\n\n<p>Terveyden ja hyvinvoinnin laitos. Ty\u00f6llisyys ja ty\u00f6suhteet sukupuolittain. [Viitattu 14.6.2021]. Saatavissa:<br><a href=\"https:\/\/thl.fi\/fi\/web\/sukupuolten-tasa-arvo\/tasa-arvon-tila\/tyo-ja-toimeentulo\/tyollisyys-ja-tyosuhteet-sukupuolittain\" target=\"_blank\" rel=\"noreferrer noopener\">https:\/\/thl.fi\/fi\/web\/sukupuolten-tasa-arvo\/tasa-arvon-tila\/tyo-ja-toimeentulo\/tyollisyys-ja-tyosuhteet-sukupuolittain<\/a><\/p>\n\n\n\n<p>Sosiaali- ja terveysministeri\u00f6. 2012. Ty\u00f6el\u00e4m\u00e4n muutosten vaikutukset naisten ja miesten ty\u00f6markkina-asemaan. [Viitattu 14.6.2021]. Saatavissa:<\/p>\n\n\n\n<p><a href=\"https:\/\/julkaisut.valtioneuvosto.fi\/bitstream\/handle\/10024\/72753\/URN%3aNBN%3afi-fe201504227036.pdf?sequence=1&amp;isAllowed=y\" target=\"_blank\" rel=\"noreferrer noopener\">https:\/\/julkaisut.valtioneuvosto.fi\/bitstream\/handle\/10024\/72753\/URN%3aNBN%3afi-fe201504227036.pdf?sequence=1&amp;isAllowed=y<\/a><\/p>\n\n\n\n<h2 class=\"wp-block-heading\">Kuvat<\/h2>\n\n\n\n<p>Kuva 1. Anna Waldl. 2017. Ty\u00f6kalu-rakennusalan-ty\u00f6ntekij\u00e4t. Pixabay. [Viitattu 9.8.2021]. Saatavilla: <a href=\"https:\/\/pixabay.com\/fi\/photos\/ty%c3%b6kalu-rakennusalan-ty%c3%b6ntekij%c3%a4t-2222458\/\" target=\"_blank\" rel=\"noreferrer noopener\">https:\/\/pixabay.com\/fi\/photos\/ty%c3%b6kalu-rakennusalan-ty%c3%b6ntekij%c3%a4t-2222458\/<\/a><\/p>\n\n\n\n<hr class=\"wp-block-separator\" \/>\n\n\n\n<p><a><\/a><\/p>\n\n\n\n<p>\u00a0\u00a0<\/p>\n","protected":false},"excerpt":{"rendered":"<p>LAB-ammattikorkeakoulun Miest\u00e4m\u00f6-hanke (2020\u22122022) on tasa-arvohanke, jonka yhten\u00e4 tavoitteena on tuottaa mieserityist\u00e4 tietoa erilaisille ammattilaisryhmille, jotka ty\u00f6skentelev\u00e4t ty\u00f6llisyyspalveluiden parissa. Yksi keino tuottaa uutta tietoa on nostaa keskusteluun erilaisia ty\u00f6h\u00f6n ja miesten el\u00e4m\u00e4\u00e4n liittyvi\u00e4 sukupuolittuneita ilmi\u00f6it\u00e4 ja koota n\u00e4iden keskustelujen anti. Aiheet nousevat yhteiskunnallisista ilmi\u00f6ist\u00e4 Miest\u00e4m\u00f6-hanke j\u00e4rjest\u00e4\u00e4 vuonna 2021 viisi keskustelutilaisuutta, joissa aiheina ovat erilaiset miesten el\u00e4m\u00e4\u00e4n [&hellip;]<\/p>\n","protected":false},"author":17,"featured_media":5072,"comment_status":"closed","ping_status":"open","sticky":false,"template":"","format":"standard","meta":{"footnotes":""},"categories":[15,119],"tags":[29,2770,2168,2100,2099],"class_list":{"0":"post-5071","1":"post","2":"type-post","3":"status-publish","4":"format-standard","5":"has-post-thumbnail","7":"category-health_fi","8":"category-osallisuuden-edistaminen-ja-turvallinen-arki","9":"tag-artikkeli-e1","10":"tag-ilmiokeskustelu","11":"tag-miestamo-hanke","12":"tag-sukupuolisegregaatio","13":"tag-tasa-arvo","14":"czr-hentry"},"yoast_head":"<!-- This site is optimized with the Yoast SEO plugin v27.4 - https:\/\/yoast.com\/product\/yoast-seo-wordpress\/ -->\n<title>Miest\u00e4m\u00f6-hanke j\u00e4rjest\u00e4\u00e4 ilmi\u00f6keskustelujen sarjan - LAB Focus<\/title>\n<meta name=\"robots\" content=\"index, follow, max-snippet:-1, max-image-preview:large, max-video-preview:-1\" \/>\n<link rel=\"canonical\" href=\"https:\/\/blogit.lab.fi\/labfocus\/miestamo-hanke-jarjestaa-ilmiokeskustelujen-sarjan\/\" \/>\n<meta property=\"og:locale\" content=\"fi_FI\" \/>\n<meta property=\"og:type\" content=\"article\" \/>\n<meta property=\"og:title\" content=\"Miest\u00e4m\u00f6-hanke j\u00e4rjest\u00e4\u00e4 ilmi\u00f6keskustelujen sarjan - LAB Focus\" \/>\n<meta property=\"og:description\" content=\"LAB-ammattikorkeakoulun Miest\u00e4m\u00f6-hanke (2020\u22122022) on tasa-arvohanke, jonka yhten\u00e4 tavoitteena on tuottaa mieserityist\u00e4 tietoa erilaisille ammattilaisryhmille, jotka ty\u00f6skentelev\u00e4t ty\u00f6llisyyspalveluiden parissa. Yksi keino tuottaa uutta tietoa on nostaa keskusteluun erilaisia ty\u00f6h\u00f6n ja miesten el\u00e4m\u00e4\u00e4n liittyvi\u00e4 sukupuolittuneita ilmi\u00f6it\u00e4 ja koota n\u00e4iden keskustelujen anti. Aiheet nousevat yhteiskunnallisista ilmi\u00f6ist\u00e4 Miest\u00e4m\u00f6-hanke j\u00e4rjest\u00e4\u00e4 vuonna 2021 viisi keskustelutilaisuutta, joissa aiheina ovat erilaiset miesten el\u00e4m\u00e4\u00e4n [&hellip;]\" \/>\n<meta property=\"og:url\" content=\"https:\/\/blogit.lab.fi\/labfocus\/miestamo-hanke-jarjestaa-ilmiokeskustelujen-sarjan\/\" \/>\n<meta property=\"og:site_name\" content=\"LAB Focus\" \/>\n<meta property=\"article:published_time\" content=\"2021-08-11T11:00:04+00:00\" \/>\n<meta property=\"article:modified_time\" content=\"2021-08-11T11:00:05+00:00\" \/>\n<meta property=\"og:image\" content=\"https:\/\/blogit.lab.fi\/labfocus\/wp-content\/uploads\/sites\/8\/2021\/08\/426_2021_Miestamo-hanke-jarjestaa-ilmiokeskustelujen-sarjan.jpg\" \/>\n\t<meta property=\"og:image:width\" content=\"1920\" \/>\n\t<meta property=\"og:image:height\" content=\"1280\" \/>\n\t<meta property=\"og:image:type\" content=\"image\/jpeg\" \/>\n<meta name=\"author\" content=\"tainask\" \/>\n<meta name=\"twitter:card\" content=\"summary_large_image\" \/>\n<meta name=\"twitter:creator\" content=\"@LABfinland\" \/>\n<meta name=\"twitter:site\" content=\"@LABfinland\" \/>\n<meta name=\"twitter:label1\" content=\"Kirjoittanut\" \/>\n\t<meta name=\"twitter:data1\" content=\"tainask\" \/>\n\t<meta name=\"twitter:label2\" content=\"Arvioitu lukuaika\" \/>\n\t<meta name=\"twitter:data2\" content=\"2 minuuttia\" \/>\n<script type=\"application\/ld+json\" class=\"yoast-schema-graph\">{\"@context\":\"https:\\\/\\\/schema.org\",\"@graph\":[{\"@type\":\"Article\",\"@id\":\"https:\\\/\\\/blogit.lab.fi\\\/labfocus\\\/miestamo-hanke-jarjestaa-ilmiokeskustelujen-sarjan\\\/#article\",\"isPartOf\":{\"@id\":\"https:\\\/\\\/blogit.lab.fi\\\/labfocus\\\/miestamo-hanke-jarjestaa-ilmiokeskustelujen-sarjan\\\/\"},\"author\":{\"name\":\"tainask\",\"@id\":\"https:\\\/\\\/blogit.lab.fi\\\/labfocus\\\/#\\\/schema\\\/person\\\/da729f65c4a2fb9fd8f0b1ec7a2ab7d0\"},\"headline\":\"Miest\u00e4m\u00f6-hanke j\u00e4rjest\u00e4\u00e4 ilmi\u00f6keskustelujen sarjan\",\"datePublished\":\"2021-08-11T11:00:04+00:00\",\"dateModified\":\"2021-08-11T11:00:05+00:00\",\"mainEntityOfPage\":{\"@id\":\"https:\\\/\\\/blogit.lab.fi\\\/labfocus\\\/miestamo-hanke-jarjestaa-ilmiokeskustelujen-sarjan\\\/\"},\"wordCount\":513,\"publisher\":{\"@id\":\"https:\\\/\\\/blogit.lab.fi\\\/labfocus\\\/#organization\"},\"image\":{\"@id\":\"https:\\\/\\\/blogit.lab.fi\\\/labfocus\\\/miestamo-hanke-jarjestaa-ilmiokeskustelujen-sarjan\\\/#primaryimage\"},\"thumbnailUrl\":\"https:\\\/\\\/blogit.lab.fi\\\/labfocus\\\/wp-content\\\/uploads\\\/sites\\\/8\\\/2021\\\/08\\\/426_2021_Miestamo-hanke-jarjestaa-ilmiokeskustelujen-sarjan.jpg\",\"keywords\":[\"Artikkeli E1\",\"ilmi\u00f6keskustelu\",\"Miest\u00e4m\u00f6-hanke\",\"sukupuolisegregaatio\",\"tasa-arvo\"],\"articleSection\":[\"Health\",\"Osallisuus, ty\u00f6el\u00e4m\u00e4 ja turvallinen arki\"],\"inLanguage\":\"fi\"},{\"@type\":\"WebPage\",\"@id\":\"https:\\\/\\\/blogit.lab.fi\\\/labfocus\\\/miestamo-hanke-jarjestaa-ilmiokeskustelujen-sarjan\\\/\",\"url\":\"https:\\\/\\\/blogit.lab.fi\\\/labfocus\\\/miestamo-hanke-jarjestaa-ilmiokeskustelujen-sarjan\\\/\",\"name\":\"Miest\u00e4m\u00f6-hanke j\u00e4rjest\u00e4\u00e4 ilmi\u00f6keskustelujen sarjan - LAB Focus\",\"isPartOf\":{\"@id\":\"https:\\\/\\\/blogit.lab.fi\\\/labfocus\\\/#website\"},\"primaryImageOfPage\":{\"@id\":\"https:\\\/\\\/blogit.lab.fi\\\/labfocus\\\/miestamo-hanke-jarjestaa-ilmiokeskustelujen-sarjan\\\/#primaryimage\"},\"image\":{\"@id\":\"https:\\\/\\\/blogit.lab.fi\\\/labfocus\\\/miestamo-hanke-jarjestaa-ilmiokeskustelujen-sarjan\\\/#primaryimage\"},\"thumbnailUrl\":\"https:\\\/\\\/blogit.lab.fi\\\/labfocus\\\/wp-content\\\/uploads\\\/sites\\\/8\\\/2021\\\/08\\\/426_2021_Miestamo-hanke-jarjestaa-ilmiokeskustelujen-sarjan.jpg\",\"datePublished\":\"2021-08-11T11:00:04+00:00\",\"dateModified\":\"2021-08-11T11:00:05+00:00\",\"breadcrumb\":{\"@id\":\"https:\\\/\\\/blogit.lab.fi\\\/labfocus\\\/miestamo-hanke-jarjestaa-ilmiokeskustelujen-sarjan\\\/#breadcrumb\"},\"inLanguage\":\"fi\",\"potentialAction\":[{\"@type\":\"ReadAction\",\"target\":[\"https:\\\/\\\/blogit.lab.fi\\\/labfocus\\\/miestamo-hanke-jarjestaa-ilmiokeskustelujen-sarjan\\\/\"]}]},{\"@type\":\"ImageObject\",\"inLanguage\":\"fi\",\"@id\":\"https:\\\/\\\/blogit.lab.fi\\\/labfocus\\\/miestamo-hanke-jarjestaa-ilmiokeskustelujen-sarjan\\\/#primaryimage\",\"url\":\"https:\\\/\\\/blogit.lab.fi\\\/labfocus\\\/wp-content\\\/uploads\\\/sites\\\/8\\\/2021\\\/08\\\/426_2021_Miestamo-hanke-jarjestaa-ilmiokeskustelujen-sarjan.jpg\",\"contentUrl\":\"https:\\\/\\\/blogit.lab.fi\\\/labfocus\\\/wp-content\\\/uploads\\\/sites\\\/8\\\/2021\\\/08\\\/426_2021_Miestamo-hanke-jarjestaa-ilmiokeskustelujen-sarjan.jpg\",\"width\":1920,\"height\":1280},{\"@type\":\"BreadcrumbList\",\"@id\":\"https:\\\/\\\/blogit.lab.fi\\\/labfocus\\\/miestamo-hanke-jarjestaa-ilmiokeskustelujen-sarjan\\\/#breadcrumb\",\"itemListElement\":[{\"@type\":\"ListItem\",\"position\":1,\"name\":\"Home\",\"item\":\"https:\\\/\\\/blogit.lab.fi\\\/labfocus\\\/\"},{\"@type\":\"ListItem\",\"position\":2,\"name\":\"Miest\u00e4m\u00f6-hanke j\u00e4rjest\u00e4\u00e4 ilmi\u00f6keskustelujen sarjan\"}]},{\"@type\":\"WebSite\",\"@id\":\"https:\\\/\\\/blogit.lab.fi\\\/labfocus\\\/#website\",\"url\":\"https:\\\/\\\/blogit.lab.fi\\\/labfocus\\\/\",\"name\":\"LAB Focus\",\"description\":\"Focus Area blog | LAB University of Applied Sciences\",\"publisher\":{\"@id\":\"https:\\\/\\\/blogit.lab.fi\\\/labfocus\\\/#organization\"},\"potentialAction\":[{\"@type\":\"SearchAction\",\"target\":{\"@type\":\"EntryPoint\",\"urlTemplate\":\"https:\\\/\\\/blogit.lab.fi\\\/labfocus\\\/?s={search_term_string}\"},\"query-input\":{\"@type\":\"PropertyValueSpecification\",\"valueRequired\":true,\"valueName\":\"search_term_string\"}}],\"inLanguage\":\"fi\"},{\"@type\":\"Organization\",\"@id\":\"https:\\\/\\\/blogit.lab.fi\\\/labfocus\\\/#organization\",\"name\":\"LAB Focus\",\"url\":\"https:\\\/\\\/blogit.lab.fi\\\/labfocus\\\/\",\"logo\":{\"@type\":\"ImageObject\",\"inLanguage\":\"fi\",\"@id\":\"https:\\\/\\\/blogit.lab.fi\\\/labfocus\\\/#\\\/schema\\\/logo\\\/image\\\/\",\"url\":\"https:\\\/\\\/blogit.lab.fi\\\/labfocus\\\/wp-content\\\/uploads\\\/sites\\\/8\\\/2020\\\/04\\\/cropped-cropped-tunnus_blogi-01.png\",\"contentUrl\":\"https:\\\/\\\/blogit.lab.fi\\\/labfocus\\\/wp-content\\\/uploads\\\/sites\\\/8\\\/2020\\\/04\\\/cropped-cropped-tunnus_blogi-01.png\",\"width\":1342,\"height\":288,\"caption\":\"LAB Focus\"},\"image\":{\"@id\":\"https:\\\/\\\/blogit.lab.fi\\\/labfocus\\\/#\\\/schema\\\/logo\\\/image\\\/\"},\"sameAs\":[\"https:\\\/\\\/x.com\\\/LABfinland\"]},{\"@type\":\"Person\",\"@id\":\"https:\\\/\\\/blogit.lab.fi\\\/labfocus\\\/#\\\/schema\\\/person\\\/da729f65c4a2fb9fd8f0b1ec7a2ab7d0\",\"name\":\"tainask\",\"image\":{\"@type\":\"ImageObject\",\"inLanguage\":\"fi\",\"@id\":\"https:\\\/\\\/secure.gravatar.com\\\/avatar\\\/4a96427877ef826b76e80c27f60b266128094f522551459346efcf14282febb3?s=96&d=mm&r=g\",\"url\":\"https:\\\/\\\/secure.gravatar.com\\\/avatar\\\/4a96427877ef826b76e80c27f60b266128094f522551459346efcf14282febb3?s=96&d=mm&r=g\",\"contentUrl\":\"https:\\\/\\\/secure.gravatar.com\\\/avatar\\\/4a96427877ef826b76e80c27f60b266128094f522551459346efcf14282febb3?s=96&d=mm&r=g\",\"caption\":\"tainask\"},\"url\":\"https:\\\/\\\/blogit.lab.fi\\\/labfocus\\\/author\\\/tainask\\\/\"}]}<\/script>\n<!-- \/ Yoast SEO plugin. -->","yoast_head_json":{"title":"Miest\u00e4m\u00f6-hanke j\u00e4rjest\u00e4\u00e4 ilmi\u00f6keskustelujen sarjan - LAB Focus","robots":{"index":"index","follow":"follow","max-snippet":"max-snippet:-1","max-image-preview":"max-image-preview:large","max-video-preview":"max-video-preview:-1"},"canonical":"https:\/\/blogit.lab.fi\/labfocus\/miestamo-hanke-jarjestaa-ilmiokeskustelujen-sarjan\/","og_locale":"fi_FI","og_type":"article","og_title":"Miest\u00e4m\u00f6-hanke j\u00e4rjest\u00e4\u00e4 ilmi\u00f6keskustelujen sarjan - LAB Focus","og_description":"LAB-ammattikorkeakoulun Miest\u00e4m\u00f6-hanke (2020\u22122022) on tasa-arvohanke, jonka yhten\u00e4 tavoitteena on tuottaa mieserityist\u00e4 tietoa erilaisille ammattilaisryhmille, jotka ty\u00f6skentelev\u00e4t ty\u00f6llisyyspalveluiden parissa. Yksi keino tuottaa uutta tietoa on nostaa keskusteluun erilaisia ty\u00f6h\u00f6n ja miesten el\u00e4m\u00e4\u00e4n liittyvi\u00e4 sukupuolittuneita ilmi\u00f6it\u00e4 ja koota n\u00e4iden keskustelujen anti. Aiheet nousevat yhteiskunnallisista ilmi\u00f6ist\u00e4 Miest\u00e4m\u00f6-hanke j\u00e4rjest\u00e4\u00e4 vuonna 2021 viisi keskustelutilaisuutta, joissa aiheina ovat erilaiset miesten el\u00e4m\u00e4\u00e4n [&hellip;]","og_url":"https:\/\/blogit.lab.fi\/labfocus\/miestamo-hanke-jarjestaa-ilmiokeskustelujen-sarjan\/","og_site_name":"LAB Focus","article_published_time":"2021-08-11T11:00:04+00:00","article_modified_time":"2021-08-11T11:00:05+00:00","og_image":[{"width":1920,"height":1280,"url":"https:\/\/blogit.lab.fi\/labfocus\/wp-content\/uploads\/sites\/8\/2021\/08\/426_2021_Miestamo-hanke-jarjestaa-ilmiokeskustelujen-sarjan.jpg","type":"image\/jpeg"}],"author":"tainask","twitter_card":"summary_large_image","twitter_creator":"@LABfinland","twitter_site":"@LABfinland","twitter_misc":{"Kirjoittanut":"tainask","Arvioitu lukuaika":"2 minuuttia"},"schema":{"@context":"https:\/\/schema.org","@graph":[{"@type":"Article","@id":"https:\/\/blogit.lab.fi\/labfocus\/miestamo-hanke-jarjestaa-ilmiokeskustelujen-sarjan\/#article","isPartOf":{"@id":"https:\/\/blogit.lab.fi\/labfocus\/miestamo-hanke-jarjestaa-ilmiokeskustelujen-sarjan\/"},"author":{"name":"tainask","@id":"https:\/\/blogit.lab.fi\/labfocus\/#\/schema\/person\/da729f65c4a2fb9fd8f0b1ec7a2ab7d0"},"headline":"Miest\u00e4m\u00f6-hanke j\u00e4rjest\u00e4\u00e4 ilmi\u00f6keskustelujen sarjan","datePublished":"2021-08-11T11:00:04+00:00","dateModified":"2021-08-11T11:00:05+00:00","mainEntityOfPage":{"@id":"https:\/\/blogit.lab.fi\/labfocus\/miestamo-hanke-jarjestaa-ilmiokeskustelujen-sarjan\/"},"wordCount":513,"publisher":{"@id":"https:\/\/blogit.lab.fi\/labfocus\/#organization"},"image":{"@id":"https:\/\/blogit.lab.fi\/labfocus\/miestamo-hanke-jarjestaa-ilmiokeskustelujen-sarjan\/#primaryimage"},"thumbnailUrl":"https:\/\/blogit.lab.fi\/labfocus\/wp-content\/uploads\/sites\/8\/2021\/08\/426_2021_Miestamo-hanke-jarjestaa-ilmiokeskustelujen-sarjan.jpg","keywords":["Artikkeli E1","ilmi\u00f6keskustelu","Miest\u00e4m\u00f6-hanke","sukupuolisegregaatio","tasa-arvo"],"articleSection":["Health","Osallisuus, ty\u00f6el\u00e4m\u00e4 ja turvallinen arki"],"inLanguage":"fi"},{"@type":"WebPage","@id":"https:\/\/blogit.lab.fi\/labfocus\/miestamo-hanke-jarjestaa-ilmiokeskustelujen-sarjan\/","url":"https:\/\/blogit.lab.fi\/labfocus\/miestamo-hanke-jarjestaa-ilmiokeskustelujen-sarjan\/","name":"Miest\u00e4m\u00f6-hanke j\u00e4rjest\u00e4\u00e4 ilmi\u00f6keskustelujen sarjan - LAB Focus","isPartOf":{"@id":"https:\/\/blogit.lab.fi\/labfocus\/#website"},"primaryImageOfPage":{"@id":"https:\/\/blogit.lab.fi\/labfocus\/miestamo-hanke-jarjestaa-ilmiokeskustelujen-sarjan\/#primaryimage"},"image":{"@id":"https:\/\/blogit.lab.fi\/labfocus\/miestamo-hanke-jarjestaa-ilmiokeskustelujen-sarjan\/#primaryimage"},"thumbnailUrl":"https:\/\/blogit.lab.fi\/labfocus\/wp-content\/uploads\/sites\/8\/2021\/08\/426_2021_Miestamo-hanke-jarjestaa-ilmiokeskustelujen-sarjan.jpg","datePublished":"2021-08-11T11:00:04+00:00","dateModified":"2021-08-11T11:00:05+00:00","breadcrumb":{"@id":"https:\/\/blogit.lab.fi\/labfocus\/miestamo-hanke-jarjestaa-ilmiokeskustelujen-sarjan\/#breadcrumb"},"inLanguage":"fi","potentialAction":[{"@type":"ReadAction","target":["https:\/\/blogit.lab.fi\/labfocus\/miestamo-hanke-jarjestaa-ilmiokeskustelujen-sarjan\/"]}]},{"@type":"ImageObject","inLanguage":"fi","@id":"https:\/\/blogit.lab.fi\/labfocus\/miestamo-hanke-jarjestaa-ilmiokeskustelujen-sarjan\/#primaryimage","url":"https:\/\/blogit.lab.fi\/labfocus\/wp-content\/uploads\/sites\/8\/2021\/08\/426_2021_Miestamo-hanke-jarjestaa-ilmiokeskustelujen-sarjan.jpg","contentUrl":"https:\/\/blogit.lab.fi\/labfocus\/wp-content\/uploads\/sites\/8\/2021\/08\/426_2021_Miestamo-hanke-jarjestaa-ilmiokeskustelujen-sarjan.jpg","width":1920,"height":1280},{"@type":"BreadcrumbList","@id":"https:\/\/blogit.lab.fi\/labfocus\/miestamo-hanke-jarjestaa-ilmiokeskustelujen-sarjan\/#breadcrumb","itemListElement":[{"@type":"ListItem","position":1,"name":"Home","item":"https:\/\/blogit.lab.fi\/labfocus\/"},{"@type":"ListItem","position":2,"name":"Miest\u00e4m\u00f6-hanke j\u00e4rjest\u00e4\u00e4 ilmi\u00f6keskustelujen sarjan"}]},{"@type":"WebSite","@id":"https:\/\/blogit.lab.fi\/labfocus\/#website","url":"https:\/\/blogit.lab.fi\/labfocus\/","name":"LAB Focus","description":"Focus Area blog | LAB University of Applied Sciences","publisher":{"@id":"https:\/\/blogit.lab.fi\/labfocus\/#organization"},"potentialAction":[{"@type":"SearchAction","target":{"@type":"EntryPoint","urlTemplate":"https:\/\/blogit.lab.fi\/labfocus\/?s={search_term_string}"},"query-input":{"@type":"PropertyValueSpecification","valueRequired":true,"valueName":"search_term_string"}}],"inLanguage":"fi"},{"@type":"Organization","@id":"https:\/\/blogit.lab.fi\/labfocus\/#organization","name":"LAB Focus","url":"https:\/\/blogit.lab.fi\/labfocus\/","logo":{"@type":"ImageObject","inLanguage":"fi","@id":"https:\/\/blogit.lab.fi\/labfocus\/#\/schema\/logo\/image\/","url":"https:\/\/blogit.lab.fi\/labfocus\/wp-content\/uploads\/sites\/8\/2020\/04\/cropped-cropped-tunnus_blogi-01.png","contentUrl":"https:\/\/blogit.lab.fi\/labfocus\/wp-content\/uploads\/sites\/8\/2020\/04\/cropped-cropped-tunnus_blogi-01.png","width":1342,"height":288,"caption":"LAB Focus"},"image":{"@id":"https:\/\/blogit.lab.fi\/labfocus\/#\/schema\/logo\/image\/"},"sameAs":["https:\/\/x.com\/LABfinland"]},{"@type":"Person","@id":"https:\/\/blogit.lab.fi\/labfocus\/#\/schema\/person\/da729f65c4a2fb9fd8f0b1ec7a2ab7d0","name":"tainask","image":{"@type":"ImageObject","inLanguage":"fi","@id":"https:\/\/secure.gravatar.com\/avatar\/4a96427877ef826b76e80c27f60b266128094f522551459346efcf14282febb3?s=96&d=mm&r=g","url":"https:\/\/secure.gravatar.com\/avatar\/4a96427877ef826b76e80c27f60b266128094f522551459346efcf14282febb3?s=96&d=mm&r=g","contentUrl":"https:\/\/secure.gravatar.com\/avatar\/4a96427877ef826b76e80c27f60b266128094f522551459346efcf14282febb3?s=96&d=mm&r=g","caption":"tainask"},"url":"https:\/\/blogit.lab.fi\/labfocus\/author\/tainask\/"}]}},"_links":{"self":[{"href":"https:\/\/blogit.lab.fi\/labfocus\/wp-json\/wp\/v2\/posts\/5071","targetHints":{"allow":["GET"]}}],"collection":[{"href":"https:\/\/blogit.lab.fi\/labfocus\/wp-json\/wp\/v2\/posts"}],"about":[{"href":"https:\/\/blogit.lab.fi\/labfocus\/wp-json\/wp\/v2\/types\/post"}],"author":[{"embeddable":true,"href":"https:\/\/blogit.lab.fi\/labfocus\/wp-json\/wp\/v2\/users\/17"}],"replies":[{"embeddable":true,"href":"https:\/\/blogit.lab.fi\/labfocus\/wp-json\/wp\/v2\/comments?post=5071"}],"version-history":[{"count":1,"href":"https:\/\/blogit.lab.fi\/labfocus\/wp-json\/wp\/v2\/posts\/5071\/revisions"}],"predecessor-version":[{"id":5073,"href":"https:\/\/blogit.lab.fi\/labfocus\/wp-json\/wp\/v2\/posts\/5071\/revisions\/5073"}],"wp:featuredmedia":[{"embeddable":true,"href":"https:\/\/blogit.lab.fi\/labfocus\/wp-json\/wp\/v2\/media\/5072"}],"wp:attachment":[{"href":"https:\/\/blogit.lab.fi\/labfocus\/wp-json\/wp\/v2\/media?parent=5071"}],"wp:term":[{"taxonomy":"category","embeddable":true,"href":"https:\/\/blogit.lab.fi\/labfocus\/wp-json\/wp\/v2\/categories?post=5071"},{"taxonomy":"post_tag","embeddable":true,"href":"https:\/\/blogit.lab.fi\/labfocus\/wp-json\/wp\/v2\/tags?post=5071"}],"curies":[{"name":"wp","href":"https:\/\/api.w.org\/{rel}","templated":true}]}}