{"id":5479,"date":"2021-10-14T09:14:34","date_gmt":"2021-10-14T06:14:34","guid":{"rendered":"https:\/\/blogit.lab.fi\/labfocus\/?p=5479"},"modified":"2021-10-14T09:14:35","modified_gmt":"2021-10-14T06:14:35","slug":"resilienssi-vie-eteenpain-arjen-vastoinkaymisissa","status":"publish","type":"post","link":"https:\/\/blogit.lab.fi\/labfocus\/resilienssi-vie-eteenpain-arjen-vastoinkaymisissa\/","title":{"rendered":"Resilienssi vie eteenp\u00e4in arjen vastoink\u00e4ymisiss\u00e4"},"content":{"rendered":"\n<p>Ty\u00f6el\u00e4m\u00e4n muutokset ja kiivas muutostahti ovat osa yh\u00e4 useamman ty\u00f6yhteis\u00f6n arkea. Koronapandemia osoitti, ett\u00e4 muutoskyvykkyys on organisaatioiden elinehto. Koronan vaikutukset eiv\u00e4t koskettaneet pelk\u00e4st\u00e4\u00e4n ty\u00f6yhteis\u00f6j\u00e4, vaan se muutti jokaisen arkea ja ravisutti turvallisuuden tunnetta. Resilienssi\u00e4 kuvataan usein kyvyll\u00e4 kohdata vaikeuksia ja selviyty\u00e4 niist\u00e4 mahdollisimman v\u00e4hin haitoin. Poijulan (2018) mukaan resilienssi\u00e4 on se, miten k\u00e4ytt\u00e4ydymme ja toimimme vaikeuksien kohdatessa ja miten ajattelemme. (Poijula 2018, 18\u201321.) Toisin sanoen, n\u00e4emmek\u00f6 ymp\u00e4rill\u00e4mme enemm\u00e4n uhkia vai mahdollisuuksia.<\/p>\n\n\n\n<p>Janita J\u00e4rvinen (2021) tutki LAB-ammattikorkeakoulun YAMK-opinn\u00e4ytety\u00f6n\u00e4\u00e4n kohdeorganisaatiossa muutostilanteiden vaikuttavuutta ja sit\u00e4, miten resilienssi\u00e4 voidaan ty\u00f6yhteis\u00f6ss\u00e4 vahvistaa. Tutkimuksessa selvisi, ett\u00e4 arkiset haasteet her\u00e4ttiv\u00e4t monenlaisia tunteita ja vaikuttivat ty\u00f6tehoa heikent\u00e4v\u00e4sti. Aina muutosta ei koettu negatiivisesti, osalla muutokset toivat ty\u00f6h\u00f6n kaivattua uuden oppimista ja lis\u00e4siv\u00e4t ty\u00f6motivaatiota.<\/p>\n\n\n\n<figure class=\"wp-block-image size-large\"><img loading=\"lazy\" decoding=\"async\" width=\"1024\" height=\"622\" src=\"https:\/\/blogit.lab.fi\/labfocus\/wp-content\/uploads\/sites\/8\/2021\/10\/486_2021_Resilienssi-vie-eteenpain-arjen-vastoinkaymisissa-1024x622.jpg\" alt=\"\" class=\"wp-image-5480\" srcset=\"https:\/\/blogit.lab.fi\/labfocus\/wp-content\/uploads\/sites\/8\/2021\/10\/486_2021_Resilienssi-vie-eteenpain-arjen-vastoinkaymisissa-1024x622.jpg 1024w, https:\/\/blogit.lab.fi\/labfocus\/wp-content\/uploads\/sites\/8\/2021\/10\/486_2021_Resilienssi-vie-eteenpain-arjen-vastoinkaymisissa-300x182.jpg 300w, https:\/\/blogit.lab.fi\/labfocus\/wp-content\/uploads\/sites\/8\/2021\/10\/486_2021_Resilienssi-vie-eteenpain-arjen-vastoinkaymisissa-768x466.jpg 768w, https:\/\/blogit.lab.fi\/labfocus\/wp-content\/uploads\/sites\/8\/2021\/10\/486_2021_Resilienssi-vie-eteenpain-arjen-vastoinkaymisissa.jpg 1280w\" sizes=\"auto, (max-width: 1024px) 100vw, 1024px\" \/><figcaption>Kuva 1. Resilientti ihminen n\u00e4kee ymp\u00e4rill\u00e4\u00e4n olevan kauneuden vaikeuksista huolimatta. (Kuva: Janita J\u00e4rvinen) <\/figcaption><\/figure>\n\n\n\n<h2 class=\"wp-block-heading\">Kahvip\u00f6yd\u00e4st\u00e4 kiiriv\u00e4 nauru kertoo ty\u00f6yhteis\u00f6n resilienssist\u00e4<\/h2>\n\n\n\n<p>Ty\u00f6yhteis\u00f6ss\u00e4 jaetut my\u00f6nteiset kokemukset vaikuttavat tunteisiin ja toimintaan. Eteen tulevat hankalat tilanteet koetaan v\u00e4hemm\u00e4n vaikeiksi, kun niist\u00e4 keskustellaan yhdess\u00e4 ty\u00f6kaverien kanssa. Hauskat hetket kahvip\u00f6yd\u00e4ss\u00e4 kertovat ty\u00f6yhteis\u00f6n resilienssist\u00e4. Huumori on mielen joustavuutta ja kyky n\u00e4hd\u00e4 asiat toisin eli resilienssin perustaitoa. My\u00f6nteinen kokemus hyv\u00e4st\u00e4 vuorovaikutuksesta muuttaa ajattelua ja voimaannuttaa sek\u00e4 lis\u00e4\u00e4 ymm\u00e4rryst\u00e4 ja luovuutta. Hankalan haasteen selvitt\u00e4minen ei tunnu en\u00e4\u00e4 niin ik\u00e4v\u00e4lt\u00e4, ja ratkaisu ongelmaan l\u00f6ytyy luultavasti nopeammin. (Lipponen 2020, 278, 280-282.)<\/p>\n\n\n\n<p>Lis\u00e4\u00e4ntynyt et\u00e4ty\u00f6 on v\u00e4hent\u00e4nyt yhteisi\u00e4 kohtaamisia ja haastanut organisaatiot kehitt\u00e4m\u00e4\u00e4n uusia tapoja luoda yhteis\u00f6llisyytt\u00e4 ja vuorovaikutusta. Hybridity\u00f6, jossa ty\u00f6t\u00e4 tehd\u00e4\u00e4n et\u00e4n\u00e4 ja l\u00e4hity\u00f6n\u00e4, mahdollistaa my\u00f6s kasvotusten tapaamiset. N\u00e4ill\u00e4 kohtaamisilla on t\u00e4rke\u00e4 rooli ty\u00f6yhteis\u00f6n resilienssin vahvistamisessa.<\/p>\n\n\n\n<p>Resilienssill\u00e4 on todettu olevan my\u00f6s terveytt\u00e4 edist\u00e4vi\u00e4 vaikutuksia. Resilienssi toimii puskurina stressi\u00e4 vastaan, v\u00e4hent\u00e4en sen haitallisia vaikutuksia. Resilienssi ei ole synnynn\u00e4inen ominaisuus tai persoonallisuuden piirre, vaan jokainen meist\u00e4 voi oppia ja kehitt\u00e4\u00e4 sit\u00e4. (Poijula 2018, 21.) Resilienssitaitojaan voi harjoittaa tarkastelemalla omaa toimintaansa arjen vastoink\u00e4ymisiss\u00e4 ja suuntaamalla ajatteluaan my\u00f6nteisemp\u00e4\u00e4n suuntaan.<\/p>\n\n\n\n<h2 class=\"wp-block-heading\">Ty\u00f6yhteis\u00f6n resilienssin kehitt\u00e4minen on monen tekij\u00e4n summa<\/h2>\n\n\n\n<p>Ty\u00f6yhteis\u00f6n resilienssi el\u00e4\u00e4 luottamuksellisessa ilmapiiriss\u00e4, ja sit\u00e4 edist\u00e4\u00e4 ihmist\u00e4 arvostava johtaminen ja avoin vuorovaikutus. \u00a0Korkeilan (2017) mukaan keskeist\u00e4 on positiivinen tapa olla vuorovaikutuksessa toisiin ihmisiin ja rakentaa luottamuksellisia suhteita. Yksinkertaisuudessaan se on toisen kuuntelemista, kiinnostusta ja kysymist\u00e4. (Korkeila 2017.) Janhonen &amp; Pahkin (2016) pit\u00e4v\u00e4t uudistumiskykyisen organisaation johtajan keskeisen\u00e4 teht\u00e4v\u00e4n\u00e4 pit\u00e4\u00e4 huolta ihmisten arvostamisesta, yll\u00e4pit\u00e4\u00e4 sis\u00e4isi\u00e4 verkostoja ja tukea jatkuvaa oppimista. (Janhonen &amp; Pahkin 2016.)<\/p>\n\n\n\n<p>Huttulan &amp; Yli-Suomun (2021) mukaan muutoksessa selvi\u00e4misess\u00e4 ja ty\u00f6kyvyn yll\u00e4pit\u00e4misess\u00e4 tarvitaan entist\u00e4 laaja-alaisempaa yleissivistyst\u00e4. Ymm\u00e4rrys ymp\u00e4r\u00f6iv\u00e4st\u00e4 maailmasta, itsest\u00e4 ja toisista ihmisist\u00e4 lis\u00e4\u00e4 voimavaroja. Osaamiseen panostaminen ei ole pelk\u00e4st\u00e4\u00e4n yksi\u00f6iden ja ty\u00f6yhteis\u00f6n asia, vaan se on merkitt\u00e4v\u00e4 investointi koko yhteiskunnan tasolla. (Huttula &amp; Yli-Suomu 2021, 14\u201316, 28.) Ty\u00f6yhteis\u00f6iss\u00e4 ja itsens\u00e4 kehitt\u00e4minen on jatkuvaa toimintaa. Ajatuksena se voi tuntua raskaalta, mutta muutos voi joskus olla v\u00e4ltt\u00e4m\u00e4t\u00f6nt\u00e4 ja avain parempaan el\u00e4m\u00e4\u00e4n. &nbsp;\u201dJokaisella pilvell\u00e4 on hopeareunus.\u201d<\/p>\n\n\n\n<div class=\"wp-block-group has-background\" style=\"background-color:#b3edfb\"><div class=\"wp-block-group__inner-container is-layout-flow wp-block-group-is-layout-flow\">\n<p>Kirjoittajat<\/p>\n\n\n\n<p><strong>Janita J\u00e4rvinen<\/strong> valmistuu lokakuussa 2021 LAB-ammattikorkeakoulusta liiketalouden alan (YAMK) uudistava johtaminen -koulutuksesta.<\/p>\n\n\n\n<p><strong>Kristiina Brusila-Meltovaara<\/strong> toimii LAB-ammattikorkeakoulussa yliopettajana.<\/p>\n<\/div><\/div>\n\n\n\n<h2 class=\"wp-block-heading\">L\u00e4hteet<\/h2>\n\n\n\n<p>Huttula, T. &amp; Yli-Suomu, R-M. 2021. Ty\u00f6llisyysrahasto ty\u00f6n murroksessa. N\u00e4k\u00f6kulmana jatkuva oppiminen ja ty\u00f6kyvyn yll\u00e4pit\u00e4minen. Sosiaali- ja terveysministeri\u00f6n raportteja ja muistioita 2021:20. Helsinki.<\/p>\n\n\n\n<p>Janhonen, M. &amp; Pahkin, K. 2018. 3+1 askelta uudistumiskykyiseen organisaatioon. [Viitattu 3.10.2021]. Saatavissa: <a href=\"https:\/\/www.ttl.fi\/blogi\/31-askelta-uudistumiskykyiseen-organisaatioon\/\" target=\"_blank\" rel=\"noreferrer noopener\">https:\/\/www.ttl.fi\/blogi\/31-askelta-uudistumiskykyiseen-organisaatioon\/<\/a><\/p>\n\n\n\n<p>J\u00e4rvinen, J. 2021. Joustavuus ty\u00f6el\u00e4m\u00e4n muutoksissa. Toimintamalli resilienssin kehitt\u00e4miseen. LAB-ammattikorkeakoulu. [Viitattu 4.10.2021]. Saatavissa: <a href=\"https:\/\/urn.fi\/URN:NBN:fi:amk-2021101218562\" target=\"_blank\" rel=\"noreferrer noopener\">https:\/\/urn.fi\/URN:NBN:fi:amk-2021101218562<\/a><\/p>\n\n\n\n<p>Korkeila, J. 2017. Terve mieli terveiss\u00e4 aivoissa. Duodecim. s. 212. Duodecim 2017;133:209\u201314. [Viitattu 3.10.2021]. Saatavissa: <a href=\"https:\/\/www.duodecimlehti.fi\/duo13528\" target=\"_blank\" rel=\"noreferrer noopener\">https:\/\/www.duodecimlehti.fi\/duo13528<\/a><\/p>\n\n\n\n<p>Lipponen, K. 2020. Resilienssi arjessa. Helsinki: Duodecim.<\/p>\n\n\n\n<p>Poijula, S. 2018. Resilienssi. Muutosten kohtaamisen taito. Helsinki: Kirjapaja.<\/p>\n","protected":false},"excerpt":{"rendered":"<p>Ty\u00f6el\u00e4m\u00e4n muutokset ja kiivas muutostahti ovat osa yh\u00e4 useamman ty\u00f6yhteis\u00f6n arkea. Koronapandemia osoitti, ett\u00e4 muutoskyvykkyys on organisaatioiden elinehto. Koronan vaikutukset eiv\u00e4t koskettaneet pelk\u00e4st\u00e4\u00e4n ty\u00f6yhteis\u00f6j\u00e4, vaan se muutti jokaisen arkea ja ravisutti turvallisuuden tunnetta. Resilienssi\u00e4 kuvataan usein kyvyll\u00e4 kohdata vaikeuksia ja selviyty\u00e4 niist\u00e4 mahdollisimman v\u00e4hin haitoin. Poijulan (2018) mukaan resilienssi\u00e4 on se, miten k\u00e4ytt\u00e4ydymme ja toimimme [&hellip;]<\/p>\n","protected":false},"author":17,"featured_media":5480,"comment_status":"closed","ping_status":"open","sticky":false,"template":"","format":"standard","meta":{"footnotes":""},"categories":[19,407],"tags":[29,1609,177],"class_list":{"0":"post-5479","1":"post","2":"type-post","3":"status-publish","4":"format-standard","5":"has-post-thumbnail","7":"category-innovations_fi","8":"category-uudistuva-ja-kehittyva-yrittajyys","9":"tag-artikkeli-e1","10":"tag-muutoskyky","11":"tag-tyoyhteiso","12":"czr-hentry"},"yoast_head":"<!-- This site is optimized with the Yoast SEO plugin v27.4 - https:\/\/yoast.com\/product\/yoast-seo-wordpress\/ -->\n<title>Resilienssi vie eteenp\u00e4in arjen vastoink\u00e4ymisiss\u00e4 - LAB Focus<\/title>\n<meta name=\"description\" content=\"Muutoskyky ja joustavuus ovat taitoja, joita voi oppia niin yksil\u00f6n\u00e4 kuin ty\u00f6yhteis\u00f6n\u00e4kin. Artikkeli perustuu LAB-opinn\u00e4ytety\u00f6h\u00f6n.\" \/>\n<meta name=\"robots\" content=\"index, follow, max-snippet:-1, max-image-preview:large, max-video-preview:-1\" \/>\n<link rel=\"canonical\" href=\"https:\/\/blogit.lab.fi\/labfocus\/resilienssi-vie-eteenpain-arjen-vastoinkaymisissa\/\" \/>\n<meta property=\"og:locale\" content=\"fi_FI\" \/>\n<meta property=\"og:type\" content=\"article\" \/>\n<meta property=\"og:title\" content=\"Resilienssi vie eteenp\u00e4in arjen vastoink\u00e4ymisiss\u00e4 - LAB Focus\" \/>\n<meta property=\"og:description\" content=\"Muutoskyky ja joustavuus ovat taitoja, joita voi oppia niin yksil\u00f6n\u00e4 kuin ty\u00f6yhteis\u00f6n\u00e4kin. Artikkeli perustuu LAB-opinn\u00e4ytety\u00f6h\u00f6n.\" \/>\n<meta property=\"og:url\" content=\"https:\/\/blogit.lab.fi\/labfocus\/resilienssi-vie-eteenpain-arjen-vastoinkaymisissa\/\" \/>\n<meta property=\"og:site_name\" content=\"LAB Focus\" \/>\n<meta property=\"article:published_time\" content=\"2021-10-14T06:14:34+00:00\" \/>\n<meta property=\"article:modified_time\" content=\"2021-10-14T06:14:35+00:00\" \/>\n<meta property=\"og:image\" content=\"https:\/\/blogit.lab.fi\/labfocus\/wp-content\/uploads\/sites\/8\/2021\/10\/486_2021_Resilienssi-vie-eteenpain-arjen-vastoinkaymisissa.jpg\" \/>\n\t<meta property=\"og:image:width\" content=\"1280\" \/>\n\t<meta property=\"og:image:height\" content=\"777\" \/>\n\t<meta property=\"og:image:type\" content=\"image\/jpeg\" \/>\n<meta name=\"author\" content=\"tainask\" \/>\n<meta name=\"twitter:card\" content=\"summary_large_image\" \/>\n<meta name=\"twitter:creator\" content=\"@LABfinland\" \/>\n<meta name=\"twitter:site\" content=\"@LABfinland\" \/>\n<meta name=\"twitter:label1\" content=\"Kirjoittanut\" \/>\n\t<meta name=\"twitter:data1\" content=\"tainask\" \/>\n\t<meta name=\"twitter:label2\" content=\"Arvioitu lukuaika\" \/>\n\t<meta name=\"twitter:data2\" content=\"3 minuuttia\" \/>\n<script type=\"application\/ld+json\" class=\"yoast-schema-graph\">{\"@context\":\"https:\\\/\\\/schema.org\",\"@graph\":[{\"@type\":\"Article\",\"@id\":\"https:\\\/\\\/blogit.lab.fi\\\/labfocus\\\/resilienssi-vie-eteenpain-arjen-vastoinkaymisissa\\\/#article\",\"isPartOf\":{\"@id\":\"https:\\\/\\\/blogit.lab.fi\\\/labfocus\\\/resilienssi-vie-eteenpain-arjen-vastoinkaymisissa\\\/\"},\"author\":{\"name\":\"tainask\",\"@id\":\"https:\\\/\\\/blogit.lab.fi\\\/labfocus\\\/#\\\/schema\\\/person\\\/da729f65c4a2fb9fd8f0b1ec7a2ab7d0\"},\"headline\":\"Resilienssi vie eteenp\u00e4in arjen vastoink\u00e4ymisiss\u00e4\",\"datePublished\":\"2021-10-14T06:14:34+00:00\",\"dateModified\":\"2021-10-14T06:14:35+00:00\",\"mainEntityOfPage\":{\"@id\":\"https:\\\/\\\/blogit.lab.fi\\\/labfocus\\\/resilienssi-vie-eteenpain-arjen-vastoinkaymisissa\\\/\"},\"wordCount\":658,\"publisher\":{\"@id\":\"https:\\\/\\\/blogit.lab.fi\\\/labfocus\\\/#organization\"},\"image\":{\"@id\":\"https:\\\/\\\/blogit.lab.fi\\\/labfocus\\\/resilienssi-vie-eteenpain-arjen-vastoinkaymisissa\\\/#primaryimage\"},\"thumbnailUrl\":\"https:\\\/\\\/blogit.lab.fi\\\/labfocus\\\/wp-content\\\/uploads\\\/sites\\\/8\\\/2021\\\/10\\\/486_2021_Resilienssi-vie-eteenpain-arjen-vastoinkaymisissa.jpg\",\"keywords\":[\"Artikkeli E1\",\"muutoskyky\",\"ty\u00f6yhteis\u00f6\"],\"articleSection\":[\"Innovations\",\"Uudistuva ja kehittyv\u00e4 yritt\u00e4jyys\"],\"inLanguage\":\"fi\"},{\"@type\":\"WebPage\",\"@id\":\"https:\\\/\\\/blogit.lab.fi\\\/labfocus\\\/resilienssi-vie-eteenpain-arjen-vastoinkaymisissa\\\/\",\"url\":\"https:\\\/\\\/blogit.lab.fi\\\/labfocus\\\/resilienssi-vie-eteenpain-arjen-vastoinkaymisissa\\\/\",\"name\":\"Resilienssi vie eteenp\u00e4in arjen vastoink\u00e4ymisiss\u00e4 - LAB Focus\",\"isPartOf\":{\"@id\":\"https:\\\/\\\/blogit.lab.fi\\\/labfocus\\\/#website\"},\"primaryImageOfPage\":{\"@id\":\"https:\\\/\\\/blogit.lab.fi\\\/labfocus\\\/resilienssi-vie-eteenpain-arjen-vastoinkaymisissa\\\/#primaryimage\"},\"image\":{\"@id\":\"https:\\\/\\\/blogit.lab.fi\\\/labfocus\\\/resilienssi-vie-eteenpain-arjen-vastoinkaymisissa\\\/#primaryimage\"},\"thumbnailUrl\":\"https:\\\/\\\/blogit.lab.fi\\\/labfocus\\\/wp-content\\\/uploads\\\/sites\\\/8\\\/2021\\\/10\\\/486_2021_Resilienssi-vie-eteenpain-arjen-vastoinkaymisissa.jpg\",\"datePublished\":\"2021-10-14T06:14:34+00:00\",\"dateModified\":\"2021-10-14T06:14:35+00:00\",\"description\":\"Muutoskyky ja joustavuus ovat taitoja, joita voi oppia niin yksil\u00f6n\u00e4 kuin ty\u00f6yhteis\u00f6n\u00e4kin. Artikkeli perustuu LAB-opinn\u00e4ytety\u00f6h\u00f6n.\",\"breadcrumb\":{\"@id\":\"https:\\\/\\\/blogit.lab.fi\\\/labfocus\\\/resilienssi-vie-eteenpain-arjen-vastoinkaymisissa\\\/#breadcrumb\"},\"inLanguage\":\"fi\",\"potentialAction\":[{\"@type\":\"ReadAction\",\"target\":[\"https:\\\/\\\/blogit.lab.fi\\\/labfocus\\\/resilienssi-vie-eteenpain-arjen-vastoinkaymisissa\\\/\"]}]},{\"@type\":\"ImageObject\",\"inLanguage\":\"fi\",\"@id\":\"https:\\\/\\\/blogit.lab.fi\\\/labfocus\\\/resilienssi-vie-eteenpain-arjen-vastoinkaymisissa\\\/#primaryimage\",\"url\":\"https:\\\/\\\/blogit.lab.fi\\\/labfocus\\\/wp-content\\\/uploads\\\/sites\\\/8\\\/2021\\\/10\\\/486_2021_Resilienssi-vie-eteenpain-arjen-vastoinkaymisissa.jpg\",\"contentUrl\":\"https:\\\/\\\/blogit.lab.fi\\\/labfocus\\\/wp-content\\\/uploads\\\/sites\\\/8\\\/2021\\\/10\\\/486_2021_Resilienssi-vie-eteenpain-arjen-vastoinkaymisissa.jpg\",\"width\":1280,\"height\":777},{\"@type\":\"BreadcrumbList\",\"@id\":\"https:\\\/\\\/blogit.lab.fi\\\/labfocus\\\/resilienssi-vie-eteenpain-arjen-vastoinkaymisissa\\\/#breadcrumb\",\"itemListElement\":[{\"@type\":\"ListItem\",\"position\":1,\"name\":\"Home\",\"item\":\"https:\\\/\\\/blogit.lab.fi\\\/labfocus\\\/\"},{\"@type\":\"ListItem\",\"position\":2,\"name\":\"Resilienssi vie eteenp\u00e4in arjen vastoink\u00e4ymisiss\u00e4\"}]},{\"@type\":\"WebSite\",\"@id\":\"https:\\\/\\\/blogit.lab.fi\\\/labfocus\\\/#website\",\"url\":\"https:\\\/\\\/blogit.lab.fi\\\/labfocus\\\/\",\"name\":\"LAB Focus\",\"description\":\"Focus Area blog | LAB University of Applied Sciences\",\"publisher\":{\"@id\":\"https:\\\/\\\/blogit.lab.fi\\\/labfocus\\\/#organization\"},\"potentialAction\":[{\"@type\":\"SearchAction\",\"target\":{\"@type\":\"EntryPoint\",\"urlTemplate\":\"https:\\\/\\\/blogit.lab.fi\\\/labfocus\\\/?s={search_term_string}\"},\"query-input\":{\"@type\":\"PropertyValueSpecification\",\"valueRequired\":true,\"valueName\":\"search_term_string\"}}],\"inLanguage\":\"fi\"},{\"@type\":\"Organization\",\"@id\":\"https:\\\/\\\/blogit.lab.fi\\\/labfocus\\\/#organization\",\"name\":\"LAB Focus\",\"url\":\"https:\\\/\\\/blogit.lab.fi\\\/labfocus\\\/\",\"logo\":{\"@type\":\"ImageObject\",\"inLanguage\":\"fi\",\"@id\":\"https:\\\/\\\/blogit.lab.fi\\\/labfocus\\\/#\\\/schema\\\/logo\\\/image\\\/\",\"url\":\"https:\\\/\\\/blogit.lab.fi\\\/labfocus\\\/wp-content\\\/uploads\\\/sites\\\/8\\\/2020\\\/04\\\/cropped-cropped-tunnus_blogi-01.png\",\"contentUrl\":\"https:\\\/\\\/blogit.lab.fi\\\/labfocus\\\/wp-content\\\/uploads\\\/sites\\\/8\\\/2020\\\/04\\\/cropped-cropped-tunnus_blogi-01.png\",\"width\":1342,\"height\":288,\"caption\":\"LAB Focus\"},\"image\":{\"@id\":\"https:\\\/\\\/blogit.lab.fi\\\/labfocus\\\/#\\\/schema\\\/logo\\\/image\\\/\"},\"sameAs\":[\"https:\\\/\\\/x.com\\\/LABfinland\"]},{\"@type\":\"Person\",\"@id\":\"https:\\\/\\\/blogit.lab.fi\\\/labfocus\\\/#\\\/schema\\\/person\\\/da729f65c4a2fb9fd8f0b1ec7a2ab7d0\",\"name\":\"tainask\",\"image\":{\"@type\":\"ImageObject\",\"inLanguage\":\"fi\",\"@id\":\"https:\\\/\\\/secure.gravatar.com\\\/avatar\\\/4a96427877ef826b76e80c27f60b266128094f522551459346efcf14282febb3?s=96&d=mm&r=g\",\"url\":\"https:\\\/\\\/secure.gravatar.com\\\/avatar\\\/4a96427877ef826b76e80c27f60b266128094f522551459346efcf14282febb3?s=96&d=mm&r=g\",\"contentUrl\":\"https:\\\/\\\/secure.gravatar.com\\\/avatar\\\/4a96427877ef826b76e80c27f60b266128094f522551459346efcf14282febb3?s=96&d=mm&r=g\",\"caption\":\"tainask\"},\"url\":\"https:\\\/\\\/blogit.lab.fi\\\/labfocus\\\/author\\\/tainask\\\/\"}]}<\/script>\n<!-- \/ Yoast SEO plugin. -->","yoast_head_json":{"title":"Resilienssi vie eteenp\u00e4in arjen vastoink\u00e4ymisiss\u00e4 - LAB Focus","description":"Muutoskyky ja joustavuus ovat taitoja, joita voi oppia niin yksil\u00f6n\u00e4 kuin ty\u00f6yhteis\u00f6n\u00e4kin. Artikkeli perustuu LAB-opinn\u00e4ytety\u00f6h\u00f6n.","robots":{"index":"index","follow":"follow","max-snippet":"max-snippet:-1","max-image-preview":"max-image-preview:large","max-video-preview":"max-video-preview:-1"},"canonical":"https:\/\/blogit.lab.fi\/labfocus\/resilienssi-vie-eteenpain-arjen-vastoinkaymisissa\/","og_locale":"fi_FI","og_type":"article","og_title":"Resilienssi vie eteenp\u00e4in arjen vastoink\u00e4ymisiss\u00e4 - LAB Focus","og_description":"Muutoskyky ja joustavuus ovat taitoja, joita voi oppia niin yksil\u00f6n\u00e4 kuin ty\u00f6yhteis\u00f6n\u00e4kin. Artikkeli perustuu LAB-opinn\u00e4ytety\u00f6h\u00f6n.","og_url":"https:\/\/blogit.lab.fi\/labfocus\/resilienssi-vie-eteenpain-arjen-vastoinkaymisissa\/","og_site_name":"LAB Focus","article_published_time":"2021-10-14T06:14:34+00:00","article_modified_time":"2021-10-14T06:14:35+00:00","og_image":[{"width":1280,"height":777,"url":"https:\/\/blogit.lab.fi\/labfocus\/wp-content\/uploads\/sites\/8\/2021\/10\/486_2021_Resilienssi-vie-eteenpain-arjen-vastoinkaymisissa.jpg","type":"image\/jpeg"}],"author":"tainask","twitter_card":"summary_large_image","twitter_creator":"@LABfinland","twitter_site":"@LABfinland","twitter_misc":{"Kirjoittanut":"tainask","Arvioitu lukuaika":"3 minuuttia"},"schema":{"@context":"https:\/\/schema.org","@graph":[{"@type":"Article","@id":"https:\/\/blogit.lab.fi\/labfocus\/resilienssi-vie-eteenpain-arjen-vastoinkaymisissa\/#article","isPartOf":{"@id":"https:\/\/blogit.lab.fi\/labfocus\/resilienssi-vie-eteenpain-arjen-vastoinkaymisissa\/"},"author":{"name":"tainask","@id":"https:\/\/blogit.lab.fi\/labfocus\/#\/schema\/person\/da729f65c4a2fb9fd8f0b1ec7a2ab7d0"},"headline":"Resilienssi vie eteenp\u00e4in arjen vastoink\u00e4ymisiss\u00e4","datePublished":"2021-10-14T06:14:34+00:00","dateModified":"2021-10-14T06:14:35+00:00","mainEntityOfPage":{"@id":"https:\/\/blogit.lab.fi\/labfocus\/resilienssi-vie-eteenpain-arjen-vastoinkaymisissa\/"},"wordCount":658,"publisher":{"@id":"https:\/\/blogit.lab.fi\/labfocus\/#organization"},"image":{"@id":"https:\/\/blogit.lab.fi\/labfocus\/resilienssi-vie-eteenpain-arjen-vastoinkaymisissa\/#primaryimage"},"thumbnailUrl":"https:\/\/blogit.lab.fi\/labfocus\/wp-content\/uploads\/sites\/8\/2021\/10\/486_2021_Resilienssi-vie-eteenpain-arjen-vastoinkaymisissa.jpg","keywords":["Artikkeli E1","muutoskyky","ty\u00f6yhteis\u00f6"],"articleSection":["Innovations","Uudistuva ja kehittyv\u00e4 yritt\u00e4jyys"],"inLanguage":"fi"},{"@type":"WebPage","@id":"https:\/\/blogit.lab.fi\/labfocus\/resilienssi-vie-eteenpain-arjen-vastoinkaymisissa\/","url":"https:\/\/blogit.lab.fi\/labfocus\/resilienssi-vie-eteenpain-arjen-vastoinkaymisissa\/","name":"Resilienssi vie eteenp\u00e4in arjen vastoink\u00e4ymisiss\u00e4 - LAB Focus","isPartOf":{"@id":"https:\/\/blogit.lab.fi\/labfocus\/#website"},"primaryImageOfPage":{"@id":"https:\/\/blogit.lab.fi\/labfocus\/resilienssi-vie-eteenpain-arjen-vastoinkaymisissa\/#primaryimage"},"image":{"@id":"https:\/\/blogit.lab.fi\/labfocus\/resilienssi-vie-eteenpain-arjen-vastoinkaymisissa\/#primaryimage"},"thumbnailUrl":"https:\/\/blogit.lab.fi\/labfocus\/wp-content\/uploads\/sites\/8\/2021\/10\/486_2021_Resilienssi-vie-eteenpain-arjen-vastoinkaymisissa.jpg","datePublished":"2021-10-14T06:14:34+00:00","dateModified":"2021-10-14T06:14:35+00:00","description":"Muutoskyky ja joustavuus ovat taitoja, joita voi oppia niin yksil\u00f6n\u00e4 kuin ty\u00f6yhteis\u00f6n\u00e4kin. Artikkeli perustuu LAB-opinn\u00e4ytety\u00f6h\u00f6n.","breadcrumb":{"@id":"https:\/\/blogit.lab.fi\/labfocus\/resilienssi-vie-eteenpain-arjen-vastoinkaymisissa\/#breadcrumb"},"inLanguage":"fi","potentialAction":[{"@type":"ReadAction","target":["https:\/\/blogit.lab.fi\/labfocus\/resilienssi-vie-eteenpain-arjen-vastoinkaymisissa\/"]}]},{"@type":"ImageObject","inLanguage":"fi","@id":"https:\/\/blogit.lab.fi\/labfocus\/resilienssi-vie-eteenpain-arjen-vastoinkaymisissa\/#primaryimage","url":"https:\/\/blogit.lab.fi\/labfocus\/wp-content\/uploads\/sites\/8\/2021\/10\/486_2021_Resilienssi-vie-eteenpain-arjen-vastoinkaymisissa.jpg","contentUrl":"https:\/\/blogit.lab.fi\/labfocus\/wp-content\/uploads\/sites\/8\/2021\/10\/486_2021_Resilienssi-vie-eteenpain-arjen-vastoinkaymisissa.jpg","width":1280,"height":777},{"@type":"BreadcrumbList","@id":"https:\/\/blogit.lab.fi\/labfocus\/resilienssi-vie-eteenpain-arjen-vastoinkaymisissa\/#breadcrumb","itemListElement":[{"@type":"ListItem","position":1,"name":"Home","item":"https:\/\/blogit.lab.fi\/labfocus\/"},{"@type":"ListItem","position":2,"name":"Resilienssi vie eteenp\u00e4in arjen vastoink\u00e4ymisiss\u00e4"}]},{"@type":"WebSite","@id":"https:\/\/blogit.lab.fi\/labfocus\/#website","url":"https:\/\/blogit.lab.fi\/labfocus\/","name":"LAB Focus","description":"Focus Area blog | LAB University of Applied Sciences","publisher":{"@id":"https:\/\/blogit.lab.fi\/labfocus\/#organization"},"potentialAction":[{"@type":"SearchAction","target":{"@type":"EntryPoint","urlTemplate":"https:\/\/blogit.lab.fi\/labfocus\/?s={search_term_string}"},"query-input":{"@type":"PropertyValueSpecification","valueRequired":true,"valueName":"search_term_string"}}],"inLanguage":"fi"},{"@type":"Organization","@id":"https:\/\/blogit.lab.fi\/labfocus\/#organization","name":"LAB Focus","url":"https:\/\/blogit.lab.fi\/labfocus\/","logo":{"@type":"ImageObject","inLanguage":"fi","@id":"https:\/\/blogit.lab.fi\/labfocus\/#\/schema\/logo\/image\/","url":"https:\/\/blogit.lab.fi\/labfocus\/wp-content\/uploads\/sites\/8\/2020\/04\/cropped-cropped-tunnus_blogi-01.png","contentUrl":"https:\/\/blogit.lab.fi\/labfocus\/wp-content\/uploads\/sites\/8\/2020\/04\/cropped-cropped-tunnus_blogi-01.png","width":1342,"height":288,"caption":"LAB Focus"},"image":{"@id":"https:\/\/blogit.lab.fi\/labfocus\/#\/schema\/logo\/image\/"},"sameAs":["https:\/\/x.com\/LABfinland"]},{"@type":"Person","@id":"https:\/\/blogit.lab.fi\/labfocus\/#\/schema\/person\/da729f65c4a2fb9fd8f0b1ec7a2ab7d0","name":"tainask","image":{"@type":"ImageObject","inLanguage":"fi","@id":"https:\/\/secure.gravatar.com\/avatar\/4a96427877ef826b76e80c27f60b266128094f522551459346efcf14282febb3?s=96&d=mm&r=g","url":"https:\/\/secure.gravatar.com\/avatar\/4a96427877ef826b76e80c27f60b266128094f522551459346efcf14282febb3?s=96&d=mm&r=g","contentUrl":"https:\/\/secure.gravatar.com\/avatar\/4a96427877ef826b76e80c27f60b266128094f522551459346efcf14282febb3?s=96&d=mm&r=g","caption":"tainask"},"url":"https:\/\/blogit.lab.fi\/labfocus\/author\/tainask\/"}]}},"_links":{"self":[{"href":"https:\/\/blogit.lab.fi\/labfocus\/wp-json\/wp\/v2\/posts\/5479","targetHints":{"allow":["GET"]}}],"collection":[{"href":"https:\/\/blogit.lab.fi\/labfocus\/wp-json\/wp\/v2\/posts"}],"about":[{"href":"https:\/\/blogit.lab.fi\/labfocus\/wp-json\/wp\/v2\/types\/post"}],"author":[{"embeddable":true,"href":"https:\/\/blogit.lab.fi\/labfocus\/wp-json\/wp\/v2\/users\/17"}],"replies":[{"embeddable":true,"href":"https:\/\/blogit.lab.fi\/labfocus\/wp-json\/wp\/v2\/comments?post=5479"}],"version-history":[{"count":2,"href":"https:\/\/blogit.lab.fi\/labfocus\/wp-json\/wp\/v2\/posts\/5479\/revisions"}],"predecessor-version":[{"id":5482,"href":"https:\/\/blogit.lab.fi\/labfocus\/wp-json\/wp\/v2\/posts\/5479\/revisions\/5482"}],"wp:featuredmedia":[{"embeddable":true,"href":"https:\/\/blogit.lab.fi\/labfocus\/wp-json\/wp\/v2\/media\/5480"}],"wp:attachment":[{"href":"https:\/\/blogit.lab.fi\/labfocus\/wp-json\/wp\/v2\/media?parent=5479"}],"wp:term":[{"taxonomy":"category","embeddable":true,"href":"https:\/\/blogit.lab.fi\/labfocus\/wp-json\/wp\/v2\/categories?post=5479"},{"taxonomy":"post_tag","embeddable":true,"href":"https:\/\/blogit.lab.fi\/labfocus\/wp-json\/wp\/v2\/tags?post=5479"}],"curies":[{"name":"wp","href":"https:\/\/api.w.org\/{rel}","templated":true}]}}