{"id":5581,"date":"2021-10-28T09:31:43","date_gmt":"2021-10-28T06:31:43","guid":{"rendered":"https:\/\/blogit.lab.fi\/labfocus\/?p=5581"},"modified":"2021-10-28T09:31:45","modified_gmt":"2021-10-28T06:31:45","slug":"lab-kehittamassa-vihrean-tilinpaatoksen-ja-vastuullisuusraportoinnin-palvelumallia","status":"publish","type":"post","link":"https:\/\/blogit.lab.fi\/labfocus\/lab-kehittamassa-vihrean-tilinpaatoksen-ja-vastuullisuusraportoinnin-palvelumallia\/","title":{"rendered":"LAB kehitt\u00e4m\u00e4ss\u00e4 vihre\u00e4n tilinp\u00e4\u00e4t\u00f6ksen ja vastuullisuusraportoinnin palvelumallia"},"content":{"rendered":"\n<p>LABissa alkoi syyskuussa 2021 <a href=\"https:\/\/www.lab.fi\/fi\/projekti\/vihrea-tilinpaatos-ja-vastuullisuus-osana-vihreaa-siirtymaa-vihrea-vastuu\" target=\"_blank\" rel=\"noreferrer noopener\">Vihre\u00e4 tilinp\u00e4\u00e4t\u00f6s ja vastuullisuus osana vihre\u00e4\u00e4 siirtym\u00e4\u00e4 \u2212 Vihre\u00e4 vastuu<\/a> -hanke (LAB 2021a). Hankkeessa keskityt\u00e4\u00e4n pienten ja keskisuurten tilitoimistojen palvelumallin kehitt\u00e4miseen vihre\u00e4n talouden ja yritysvastuun osalta. Hankkeessa luodaan uusi palvelumalli, jonka avulla mahdollistetaan v\u00e4lillisesti tukemalla tilitoimistojen asiakkaiden yritysvastuun ja vihre\u00e4n tilinp\u00e4\u00e4t\u00f6ksen l\u00e4pin\u00e4kyvyytt\u00e4 ja vastuullista liiketoiminnan kehitt\u00e4mist\u00e4.<\/p>\n\n\n\n<p>Syyskes\u00e4\u00e4n 2023 jatkuvan hankkeen toteuttajina ovat LAB- ja Laurea-ammattikorkeakoulut. Tavoitteena on saada mukaan v\u00e4hint\u00e4\u00e4n 40 tilitoimistoa sek\u00e4 v\u00e4lillisesti tilitoimistojen asiakkaita.<\/p>\n\n\n\n<figure class=\"wp-block-image size-large\"><img loading=\"lazy\" decoding=\"async\" width=\"1024\" height=\"623\" src=\"https:\/\/blogit.lab.fi\/labfocus\/wp-content\/uploads\/sites\/8\/2021\/10\/525_2021_LAB-kehittamassa-vihrean-tilinpaatoksen-ja-vastuullisuusraportoinnin-palvelumallia-1024x623.jpg\" alt=\"\" class=\"wp-image-5582\" srcset=\"https:\/\/blogit.lab.fi\/labfocus\/wp-content\/uploads\/sites\/8\/2021\/10\/525_2021_LAB-kehittamassa-vihrean-tilinpaatoksen-ja-vastuullisuusraportoinnin-palvelumallia-1024x623.jpg 1024w, https:\/\/blogit.lab.fi\/labfocus\/wp-content\/uploads\/sites\/8\/2021\/10\/525_2021_LAB-kehittamassa-vihrean-tilinpaatoksen-ja-vastuullisuusraportoinnin-palvelumallia-300x183.jpg 300w, https:\/\/blogit.lab.fi\/labfocus\/wp-content\/uploads\/sites\/8\/2021\/10\/525_2021_LAB-kehittamassa-vihrean-tilinpaatoksen-ja-vastuullisuusraportoinnin-palvelumallia-768x467.jpg 768w, https:\/\/blogit.lab.fi\/labfocus\/wp-content\/uploads\/sites\/8\/2021\/10\/525_2021_LAB-kehittamassa-vihrean-tilinpaatoksen-ja-vastuullisuusraportoinnin-palvelumallia.jpg 1280w\" sizes=\"auto, (max-width: 1024px) 100vw, 1024px\" \/><figcaption> Kuva 1. Vastuullinen tilinp\u00e4\u00e4t\u00f6stoiminta edist\u00e4\u00e4 my\u00f6s yritysten kilpailukyky\u00e4. (LAB 2021a) <\/figcaption><\/figure>\n\n\n\n<h2 class=\"wp-block-heading\">Vastuullisuusraportoinnin merkitys kasvaa<\/h2>\n\n\n\n<p><a>Vihre\u00e4 talous viittaa talousmalleihin, joilla voidaan luoda vaurautta ilman ymp\u00e4rist\u00f6haittoja (Euroopan komissio 2021). <\/a>Isot yritykset ovat jo vuosia julkaisseet vapaaehtoisia vastuullisuusraportointeja ja omaksuneet vihre\u00e4\u00e4n tilinp\u00e4\u00e4t\u00f6kseen liittyvi\u00e4 k\u00e4yt\u00e4nt\u00f6j\u00e4. Sen sijaan pieniss\u00e4 yrityksiss\u00e4 vastuullisuuteen liittyviin asioihin on her\u00e4tty vasta viime vuosina. Vaikka yritysten vihre\u00e4\u00e4n vastuullisuuteen liittyv\u00e4t asiat ovat olleet paljon mediassa esill\u00e4, yrityksill\u00e4 ei ole toistaiseksi ollut yhdenmukaista, objektiivista palvelumallia vihre\u00e4n tilinp\u00e4\u00e4t\u00f6ksen ja vastuullisuusraportoinnin osalta.<\/p>\n\n\n\n<p>Uuden palvelumallin luominen on t\u00e4rke\u00e4\u00e4 erityisesti pienille yrityksille, jotta ne voivat pysy\u00e4 kilpailukykyisen\u00e4 ja toipua koronapandemiasta. T\u00e4t\u00e4 tarvetta kasvattaa esimerkiksi EU:ssa valmisteltava yritysvastuulaki, josta ollaan tekem\u00e4ss\u00e4 lakialoitetta kuluvana syksyn\u00e4 (Kauppalehti 2021).<\/p>\n\n\n\n<p>K\u00e4yt\u00e4nn\u00f6ss\u00e4 EU-parlamentti ajaa laajaa ja pakollista yritysvastuuta koko Eurooppaan, joka koskee kaikkia toimialoja ja kaikenkokoisia yrityksi\u00e4 ja se sis\u00e4lt\u00e4\u00e4 niin sosiaalisia, -ymp\u00e4rist\u00f6\u00f6n ja vastuulliseen johtamiseen ja hallinnointiin liittyvi\u00e4 ohjeistuksia (Helsingin Sanomat 2021). Ottaen huomioon YK:n asettamat kest\u00e4v\u00e4n kehityksen tavoitteet ja agendat tuleville vuosille (YK 2021) on lakialoite hyv\u00e4 suunta kohti n\u00e4iden tavoitteiden saavuttamista.&nbsp;<\/p>\n\n\n\n<h2 class=\"wp-block-heading\">Hankkeelle hyv\u00e4 vastaanotto kansainv\u00e4lisess\u00e4 konferenssissa<\/h2>\n\n\n\n<p>LABin ja Laurean Vihre\u00e4 vastuu -hanke esiteltiin It\u00e4-Suomen yliopiston j\u00e4rjest\u00e4m\u00e4ss\u00e4 kansainv\u00e4lisess\u00e4 Sustainable Resource Society -konferenssissa 25.10.2021. Poikkitieteelliseen konferenssiin osallistui alan tutkijoita ja elinkeinoel\u00e4m\u00e4n toimijoita ymp\u00e4ri maailmaa. Hanketta esiteltiin liiketoiminnan ja rahoituksen kokouksessa, jossa k\u00e4ytiin l\u00e4pi kuusi kest\u00e4v\u00e4\u00e4n kehitykseen ja vastuullisuuteen liittyv\u00e4\u00e4 tutkimusta. Hanke koettiin tutkijoiden parissa t\u00e4rke\u00e4ksi ja ajankohtaiseksi aiheeksi, ja projektitoimijat saivat arvokkaita kehitysideoita k\u00e4yt\u00e4nn\u00f6n ty\u00f6h\u00f6n. Lis\u00e4ksi konferenssiin osallistuminen edesauttoi verkostoitumista muiden alan toimijoiden kanssa.<\/p>\n\n\n\n<p>Hankkeen teema sopii erinomaisesti Kest\u00e4v\u00e4 kehitys -teemaviikolle, joka j\u00e4rjestet\u00e4\u00e4n LAB-ammattikorkeakoulussa ja LUT-yliopistossa marraskuun alussa 2021 <a>(LAB 2021b). <\/a><\/p>\n\n\n\n<div class=\"wp-block-group has-background\" style=\"background-color:#b3edfb\"><div class=\"wp-block-group__inner-container is-layout-flow wp-block-group-is-layout-flow\">\n<p>Kirjoittaja<\/p>\n\n\n\n<p><strong>Terhi Tuominen<\/strong> toimii LAB-ammattikorkeakoulun liiketoimintayksik\u00f6ss\u00e4 TKI-asiantuntijana sek\u00e4 Vihre\u00e4 vastuu -hankkeen projektip\u00e4\u00e4llikk\u00f6n\u00e4.<\/p>\n<\/div><\/div>\n\n\n\n<h2 class=\"wp-block-heading\">L\u00e4hteet<\/h2>\n\n\n\n<p>Euroopan Komissio. 2021. Vihre\u00e4 talous. [Viitattu 27.10.2021]. Saatavissa: https:\/\/ec.europa.eu\/environment\/basics\/green-economy\/index_fi.htm<\/p>\n\n\n\n<p>Helsingin Sanomat. 2021. EU-parlamentti ajaa laajaa ja pakollista yritysvastuuta koko Eurooppaan \u2013 Vihreiden Hautala: muut k\u00e4rsiv\u00e4t vapaamatkustajista. [Viitattu 27.10.2021]. Saatavissa: <a href=\"https:\/\/www.hs.fi\/talous\/art-2000007855121.html\" target=\"_blank\" rel=\"noreferrer noopener\">https:\/\/www.hs.fi\/talous\/art-2000007855121.html<\/a><\/p>\n\n\n\n<p>Kauppalehti. 2021. Yrityksille voi rapsahtaa raskaita velvollisuuksia \u2013 EU:n komissio valmistelee kunnianhimoista lakia vastuullisuudesta. [Viitattu 27.10.2021]. Saatavissa: <a href=\"https:\/\/www.kauppalehti.fi\/uutiset\/yrityksille-voi-rapsahtaa-raskaita-velvollisuuksia-eun-komissio-valmistelee-kunnianhimoista-lakia-vastuullisuudesta\/3ac5ad39-094b-4c2c-94b3-a131a4a1dc97\" target=\"_blank\" rel=\"noreferrer noopener\">https:\/\/www.kauppalehti.fi\/uutiset\/yrityksille-voi-rapsahtaa-raskaita-velvollisuuksia-eun-komissio-valmistelee-kunnianhimoista-lakia-vastuullisuudesta\/3ac5ad39-094b-4c2c-94b3-a131a4a1dc97<\/a><\/p>\n\n\n\n<p>LAB. 2021b. Kest\u00e4v\u00e4n kehityksen viikkoa vietet\u00e4\u00e4n Lappeenrannan korkeakoulukampuksella ja verkossa marraskuussa. [Viitattu 27.10.2021]. Saatavissa: https:\/\/www.lab.fi\/fi\/uutiset\/kestavan-kehityksen-viikkoa-vietetaan-lappeenrannan-korkeakoulukampuksella-ja-verkossa<\/p>\n\n\n\n<p>YK. Yhdistyneet Kansakunnat. 2021. Sustainable Development Goals. [Viitattu 27.10.2021] Saatavissa: <a href=\"https:\/\/sdgs.un.org\/goals\" target=\"_blank\" rel=\"noreferrer noopener\">https:\/\/sdgs.un.org\/goals<\/a><\/p>\n\n\n\n<h2 class=\"wp-block-heading\">Linkit<\/h2>\n\n\n\n<p>LAB. 2021a. Vihre\u00e4 tilinp\u00e4\u00e4t\u00f6s ja vastuullisuus osana vihre\u00e4\u00e4 siirtym\u00e4\u00e4 \u2013 Vihre\u00e4 vastuu -hanke. [Viitattu 27.10.2021]. Saatavissa: <a href=\"https:\/\/www.lab.fi\/fi\/projekti\/vihrea-tilinpaatos-ja-vastuullisuus-osana-vihreaa-siirtymaa-vihrea-vastuu\" target=\"_blank\" rel=\"noreferrer noopener\">https:\/\/www.lab.fi\/fi\/projekti\/vihrea-tilinpaatos-ja-vastuullisuus-osana-vihreaa-siirtymaa-vihrea-vastuu<\/a><\/p>\n\n\n\n<hr class=\"wp-block-separator\" \/>\n\n\n\n<p>\u00a0<\/p>\n","protected":false},"excerpt":{"rendered":"<p>LABissa alkoi syyskuussa 2021 Vihre\u00e4 tilinp\u00e4\u00e4t\u00f6s ja vastuullisuus osana vihre\u00e4\u00e4 siirtym\u00e4\u00e4 \u2212 Vihre\u00e4 vastuu -hanke (LAB 2021a). Hankkeessa keskityt\u00e4\u00e4n pienten ja keskisuurten tilitoimistojen palvelumallin kehitt\u00e4miseen vihre\u00e4n talouden ja yritysvastuun osalta. Hankkeessa luodaan uusi palvelumalli, jonka avulla mahdollistetaan v\u00e4lillisesti tukemalla tilitoimistojen asiakkaiden yritysvastuun ja vihre\u00e4n tilinp\u00e4\u00e4t\u00f6ksen l\u00e4pin\u00e4kyvyytt\u00e4 ja vastuullista liiketoiminnan kehitt\u00e4mist\u00e4. Syyskes\u00e4\u00e4n 2023 jatkuvan hankkeen toteuttajina [&hellip;]<\/p>\n","protected":false},"author":17,"featured_media":5582,"comment_status":"closed","ping_status":"open","sticky":false,"template":"","format":"standard","meta":{"footnotes":""},"categories":[19,407],"tags":[29,2883,2882,2884,2881],"class_list":{"0":"post-5581","1":"post","2":"type-post","3":"status-publish","4":"format-standard","5":"has-post-thumbnail","7":"category-innovations_fi","8":"category-uudistuva-ja-kehittyva-yrittajyys","9":"tag-artikkeli-e1","10":"tag-vastuullisuusraportointi","11":"tag-vihrea-talous","12":"tag-vihrea-tilinpaatos","13":"tag-vihrea-vastuu","14":"czr-hentry"},"yoast_head":"<!-- This site is optimized with the Yoast SEO plugin v27.5 - https:\/\/yoast.com\/product\/yoast-seo-wordpress\/ -->\n<title>LAB kehitt\u00e4m\u00e4ss\u00e4 vihre\u00e4n tilinp\u00e4\u00e4t\u00f6ksen ja vastuullisuusraportoinnin palvelumallia - LAB Focus<\/title>\n<meta name=\"description\" content=\"Vihre\u00e4 vastuu -hanke pyrkii saavuttamaan 40 tilitoimistoa mukaan kehitysty\u00f6h\u00f6n.\" \/>\n<meta name=\"robots\" content=\"index, follow, max-snippet:-1, max-image-preview:large, max-video-preview:-1\" \/>\n<link rel=\"canonical\" href=\"https:\/\/blogit.lab.fi\/labfocus\/lab-kehittamassa-vihrean-tilinpaatoksen-ja-vastuullisuusraportoinnin-palvelumallia\/\" \/>\n<meta property=\"og:locale\" content=\"fi_FI\" \/>\n<meta property=\"og:type\" content=\"article\" \/>\n<meta property=\"og:title\" content=\"LAB kehitt\u00e4m\u00e4ss\u00e4 vihre\u00e4n tilinp\u00e4\u00e4t\u00f6ksen ja vastuullisuusraportoinnin palvelumallia - LAB Focus\" \/>\n<meta property=\"og:description\" content=\"Vihre\u00e4 vastuu -hanke pyrkii saavuttamaan 40 tilitoimistoa mukaan kehitysty\u00f6h\u00f6n.\" \/>\n<meta property=\"og:url\" content=\"https:\/\/blogit.lab.fi\/labfocus\/lab-kehittamassa-vihrean-tilinpaatoksen-ja-vastuullisuusraportoinnin-palvelumallia\/\" \/>\n<meta property=\"og:site_name\" content=\"LAB Focus\" \/>\n<meta property=\"article:published_time\" content=\"2021-10-28T06:31:43+00:00\" \/>\n<meta property=\"article:modified_time\" content=\"2021-10-28T06:31:45+00:00\" \/>\n<meta property=\"og:image\" content=\"https:\/\/blogit.lab.fi\/labfocus\/wp-content\/uploads\/sites\/8\/2021\/10\/525_2021_LAB-kehittamassa-vihrean-tilinpaatoksen-ja-vastuullisuusraportoinnin-palvelumallia.jpg\" \/>\n\t<meta property=\"og:image:width\" content=\"1280\" \/>\n\t<meta property=\"og:image:height\" content=\"779\" \/>\n\t<meta property=\"og:image:type\" content=\"image\/jpeg\" \/>\n<meta name=\"author\" content=\"tainask\" \/>\n<meta name=\"twitter:card\" content=\"summary_large_image\" \/>\n<meta name=\"twitter:creator\" content=\"@LABfinland\" \/>\n<meta name=\"twitter:site\" content=\"@LABfinland\" \/>\n<meta name=\"twitter:label1\" content=\"Kirjoittanut\" \/>\n\t<meta name=\"twitter:data1\" content=\"tainask\" \/>\n\t<meta name=\"twitter:label2\" content=\"Arvioitu lukuaika\" \/>\n\t<meta name=\"twitter:data2\" content=\"3 minuuttia\" \/>\n<script type=\"application\/ld+json\" class=\"yoast-schema-graph\">{\"@context\":\"https:\\\/\\\/schema.org\",\"@graph\":[{\"@type\":\"Article\",\"@id\":\"https:\\\/\\\/blogit.lab.fi\\\/labfocus\\\/lab-kehittamassa-vihrean-tilinpaatoksen-ja-vastuullisuusraportoinnin-palvelumallia\\\/#article\",\"isPartOf\":{\"@id\":\"https:\\\/\\\/blogit.lab.fi\\\/labfocus\\\/lab-kehittamassa-vihrean-tilinpaatoksen-ja-vastuullisuusraportoinnin-palvelumallia\\\/\"},\"author\":{\"name\":\"tainask\",\"@id\":\"https:\\\/\\\/blogit.lab.fi\\\/labfocus\\\/#\\\/schema\\\/person\\\/da729f65c4a2fb9fd8f0b1ec7a2ab7d0\"},\"headline\":\"LAB kehitt\u00e4m\u00e4ss\u00e4 vihre\u00e4n tilinp\u00e4\u00e4t\u00f6ksen ja vastuullisuusraportoinnin palvelumallia\",\"datePublished\":\"2021-10-28T06:31:43+00:00\",\"dateModified\":\"2021-10-28T06:31:45+00:00\",\"mainEntityOfPage\":{\"@id\":\"https:\\\/\\\/blogit.lab.fi\\\/labfocus\\\/lab-kehittamassa-vihrean-tilinpaatoksen-ja-vastuullisuusraportoinnin-palvelumallia\\\/\"},\"wordCount\":542,\"publisher\":{\"@id\":\"https:\\\/\\\/blogit.lab.fi\\\/labfocus\\\/#organization\"},\"image\":{\"@id\":\"https:\\\/\\\/blogit.lab.fi\\\/labfocus\\\/lab-kehittamassa-vihrean-tilinpaatoksen-ja-vastuullisuusraportoinnin-palvelumallia\\\/#primaryimage\"},\"thumbnailUrl\":\"https:\\\/\\\/blogit.lab.fi\\\/labfocus\\\/wp-content\\\/uploads\\\/sites\\\/8\\\/2021\\\/10\\\/525_2021_LAB-kehittamassa-vihrean-tilinpaatoksen-ja-vastuullisuusraportoinnin-palvelumallia.jpg\",\"keywords\":[\"Artikkeli E1\",\"vastuullisuusraportointi\",\"vihre\u00e4 talous\",\"vihre\u00e4 tilinp\u00e4\u00e4t\u00f6s\",\"Vihre\u00e4 vastuu\"],\"articleSection\":[\"Innovations\",\"Uudistuva ja kehittyv\u00e4 yritt\u00e4jyys\"],\"inLanguage\":\"fi\"},{\"@type\":\"WebPage\",\"@id\":\"https:\\\/\\\/blogit.lab.fi\\\/labfocus\\\/lab-kehittamassa-vihrean-tilinpaatoksen-ja-vastuullisuusraportoinnin-palvelumallia\\\/\",\"url\":\"https:\\\/\\\/blogit.lab.fi\\\/labfocus\\\/lab-kehittamassa-vihrean-tilinpaatoksen-ja-vastuullisuusraportoinnin-palvelumallia\\\/\",\"name\":\"LAB kehitt\u00e4m\u00e4ss\u00e4 vihre\u00e4n tilinp\u00e4\u00e4t\u00f6ksen ja vastuullisuusraportoinnin palvelumallia - LAB Focus\",\"isPartOf\":{\"@id\":\"https:\\\/\\\/blogit.lab.fi\\\/labfocus\\\/#website\"},\"primaryImageOfPage\":{\"@id\":\"https:\\\/\\\/blogit.lab.fi\\\/labfocus\\\/lab-kehittamassa-vihrean-tilinpaatoksen-ja-vastuullisuusraportoinnin-palvelumallia\\\/#primaryimage\"},\"image\":{\"@id\":\"https:\\\/\\\/blogit.lab.fi\\\/labfocus\\\/lab-kehittamassa-vihrean-tilinpaatoksen-ja-vastuullisuusraportoinnin-palvelumallia\\\/#primaryimage\"},\"thumbnailUrl\":\"https:\\\/\\\/blogit.lab.fi\\\/labfocus\\\/wp-content\\\/uploads\\\/sites\\\/8\\\/2021\\\/10\\\/525_2021_LAB-kehittamassa-vihrean-tilinpaatoksen-ja-vastuullisuusraportoinnin-palvelumallia.jpg\",\"datePublished\":\"2021-10-28T06:31:43+00:00\",\"dateModified\":\"2021-10-28T06:31:45+00:00\",\"description\":\"Vihre\u00e4 vastuu -hanke pyrkii saavuttamaan 40 tilitoimistoa mukaan kehitysty\u00f6h\u00f6n.\",\"breadcrumb\":{\"@id\":\"https:\\\/\\\/blogit.lab.fi\\\/labfocus\\\/lab-kehittamassa-vihrean-tilinpaatoksen-ja-vastuullisuusraportoinnin-palvelumallia\\\/#breadcrumb\"},\"inLanguage\":\"fi\",\"potentialAction\":[{\"@type\":\"ReadAction\",\"target\":[\"https:\\\/\\\/blogit.lab.fi\\\/labfocus\\\/lab-kehittamassa-vihrean-tilinpaatoksen-ja-vastuullisuusraportoinnin-palvelumallia\\\/\"]}]},{\"@type\":\"ImageObject\",\"inLanguage\":\"fi\",\"@id\":\"https:\\\/\\\/blogit.lab.fi\\\/labfocus\\\/lab-kehittamassa-vihrean-tilinpaatoksen-ja-vastuullisuusraportoinnin-palvelumallia\\\/#primaryimage\",\"url\":\"https:\\\/\\\/blogit.lab.fi\\\/labfocus\\\/wp-content\\\/uploads\\\/sites\\\/8\\\/2021\\\/10\\\/525_2021_LAB-kehittamassa-vihrean-tilinpaatoksen-ja-vastuullisuusraportoinnin-palvelumallia.jpg\",\"contentUrl\":\"https:\\\/\\\/blogit.lab.fi\\\/labfocus\\\/wp-content\\\/uploads\\\/sites\\\/8\\\/2021\\\/10\\\/525_2021_LAB-kehittamassa-vihrean-tilinpaatoksen-ja-vastuullisuusraportoinnin-palvelumallia.jpg\",\"width\":1280,\"height\":779,\"caption\":\"5 rows of coins arranged in ascending order.Seedlings on coins.\"},{\"@type\":\"BreadcrumbList\",\"@id\":\"https:\\\/\\\/blogit.lab.fi\\\/labfocus\\\/lab-kehittamassa-vihrean-tilinpaatoksen-ja-vastuullisuusraportoinnin-palvelumallia\\\/#breadcrumb\",\"itemListElement\":[{\"@type\":\"ListItem\",\"position\":1,\"name\":\"Home\",\"item\":\"https:\\\/\\\/blogit.lab.fi\\\/labfocus\\\/\"},{\"@type\":\"ListItem\",\"position\":2,\"name\":\"LAB kehitt\u00e4m\u00e4ss\u00e4 vihre\u00e4n tilinp\u00e4\u00e4t\u00f6ksen ja vastuullisuusraportoinnin palvelumallia\"}]},{\"@type\":\"WebSite\",\"@id\":\"https:\\\/\\\/blogit.lab.fi\\\/labfocus\\\/#website\",\"url\":\"https:\\\/\\\/blogit.lab.fi\\\/labfocus\\\/\",\"name\":\"LAB Focus\",\"description\":\"Focus Area blog | LAB University of Applied Sciences\",\"publisher\":{\"@id\":\"https:\\\/\\\/blogit.lab.fi\\\/labfocus\\\/#organization\"},\"potentialAction\":[{\"@type\":\"SearchAction\",\"target\":{\"@type\":\"EntryPoint\",\"urlTemplate\":\"https:\\\/\\\/blogit.lab.fi\\\/labfocus\\\/?s={search_term_string}\"},\"query-input\":{\"@type\":\"PropertyValueSpecification\",\"valueRequired\":true,\"valueName\":\"search_term_string\"}}],\"inLanguage\":\"fi\"},{\"@type\":\"Organization\",\"@id\":\"https:\\\/\\\/blogit.lab.fi\\\/labfocus\\\/#organization\",\"name\":\"LAB Focus\",\"url\":\"https:\\\/\\\/blogit.lab.fi\\\/labfocus\\\/\",\"logo\":{\"@type\":\"ImageObject\",\"inLanguage\":\"fi\",\"@id\":\"https:\\\/\\\/blogit.lab.fi\\\/labfocus\\\/#\\\/schema\\\/logo\\\/image\\\/\",\"url\":\"https:\\\/\\\/blogit.lab.fi\\\/labfocus\\\/wp-content\\\/uploads\\\/sites\\\/8\\\/2020\\\/04\\\/cropped-cropped-tunnus_blogi-01.png\",\"contentUrl\":\"https:\\\/\\\/blogit.lab.fi\\\/labfocus\\\/wp-content\\\/uploads\\\/sites\\\/8\\\/2020\\\/04\\\/cropped-cropped-tunnus_blogi-01.png\",\"width\":1342,\"height\":288,\"caption\":\"LAB Focus\"},\"image\":{\"@id\":\"https:\\\/\\\/blogit.lab.fi\\\/labfocus\\\/#\\\/schema\\\/logo\\\/image\\\/\"},\"sameAs\":[\"https:\\\/\\\/x.com\\\/LABfinland\"]},{\"@type\":\"Person\",\"@id\":\"https:\\\/\\\/blogit.lab.fi\\\/labfocus\\\/#\\\/schema\\\/person\\\/da729f65c4a2fb9fd8f0b1ec7a2ab7d0\",\"name\":\"tainask\",\"image\":{\"@type\":\"ImageObject\",\"inLanguage\":\"fi\",\"@id\":\"https:\\\/\\\/secure.gravatar.com\\\/avatar\\\/4a96427877ef826b76e80c27f60b266128094f522551459346efcf14282febb3?s=96&d=mm&r=g\",\"url\":\"https:\\\/\\\/secure.gravatar.com\\\/avatar\\\/4a96427877ef826b76e80c27f60b266128094f522551459346efcf14282febb3?s=96&d=mm&r=g\",\"contentUrl\":\"https:\\\/\\\/secure.gravatar.com\\\/avatar\\\/4a96427877ef826b76e80c27f60b266128094f522551459346efcf14282febb3?s=96&d=mm&r=g\",\"caption\":\"tainask\"},\"url\":\"https:\\\/\\\/blogit.lab.fi\\\/labfocus\\\/author\\\/tainask\\\/\"}]}<\/script>\n<!-- \/ Yoast SEO plugin. -->","yoast_head_json":{"title":"LAB kehitt\u00e4m\u00e4ss\u00e4 vihre\u00e4n tilinp\u00e4\u00e4t\u00f6ksen ja vastuullisuusraportoinnin palvelumallia - LAB Focus","description":"Vihre\u00e4 vastuu -hanke pyrkii saavuttamaan 40 tilitoimistoa mukaan kehitysty\u00f6h\u00f6n.","robots":{"index":"index","follow":"follow","max-snippet":"max-snippet:-1","max-image-preview":"max-image-preview:large","max-video-preview":"max-video-preview:-1"},"canonical":"https:\/\/blogit.lab.fi\/labfocus\/lab-kehittamassa-vihrean-tilinpaatoksen-ja-vastuullisuusraportoinnin-palvelumallia\/","og_locale":"fi_FI","og_type":"article","og_title":"LAB kehitt\u00e4m\u00e4ss\u00e4 vihre\u00e4n tilinp\u00e4\u00e4t\u00f6ksen ja vastuullisuusraportoinnin palvelumallia - LAB Focus","og_description":"Vihre\u00e4 vastuu -hanke pyrkii saavuttamaan 40 tilitoimistoa mukaan kehitysty\u00f6h\u00f6n.","og_url":"https:\/\/blogit.lab.fi\/labfocus\/lab-kehittamassa-vihrean-tilinpaatoksen-ja-vastuullisuusraportoinnin-palvelumallia\/","og_site_name":"LAB Focus","article_published_time":"2021-10-28T06:31:43+00:00","article_modified_time":"2021-10-28T06:31:45+00:00","og_image":[{"width":1280,"height":779,"url":"https:\/\/blogit.lab.fi\/labfocus\/wp-content\/uploads\/sites\/8\/2021\/10\/525_2021_LAB-kehittamassa-vihrean-tilinpaatoksen-ja-vastuullisuusraportoinnin-palvelumallia.jpg","type":"image\/jpeg"}],"author":"tainask","twitter_card":"summary_large_image","twitter_creator":"@LABfinland","twitter_site":"@LABfinland","twitter_misc":{"Kirjoittanut":"tainask","Arvioitu lukuaika":"3 minuuttia"},"schema":{"@context":"https:\/\/schema.org","@graph":[{"@type":"Article","@id":"https:\/\/blogit.lab.fi\/labfocus\/lab-kehittamassa-vihrean-tilinpaatoksen-ja-vastuullisuusraportoinnin-palvelumallia\/#article","isPartOf":{"@id":"https:\/\/blogit.lab.fi\/labfocus\/lab-kehittamassa-vihrean-tilinpaatoksen-ja-vastuullisuusraportoinnin-palvelumallia\/"},"author":{"name":"tainask","@id":"https:\/\/blogit.lab.fi\/labfocus\/#\/schema\/person\/da729f65c4a2fb9fd8f0b1ec7a2ab7d0"},"headline":"LAB kehitt\u00e4m\u00e4ss\u00e4 vihre\u00e4n tilinp\u00e4\u00e4t\u00f6ksen ja vastuullisuusraportoinnin palvelumallia","datePublished":"2021-10-28T06:31:43+00:00","dateModified":"2021-10-28T06:31:45+00:00","mainEntityOfPage":{"@id":"https:\/\/blogit.lab.fi\/labfocus\/lab-kehittamassa-vihrean-tilinpaatoksen-ja-vastuullisuusraportoinnin-palvelumallia\/"},"wordCount":542,"publisher":{"@id":"https:\/\/blogit.lab.fi\/labfocus\/#organization"},"image":{"@id":"https:\/\/blogit.lab.fi\/labfocus\/lab-kehittamassa-vihrean-tilinpaatoksen-ja-vastuullisuusraportoinnin-palvelumallia\/#primaryimage"},"thumbnailUrl":"https:\/\/blogit.lab.fi\/labfocus\/wp-content\/uploads\/sites\/8\/2021\/10\/525_2021_LAB-kehittamassa-vihrean-tilinpaatoksen-ja-vastuullisuusraportoinnin-palvelumallia.jpg","keywords":["Artikkeli E1","vastuullisuusraportointi","vihre\u00e4 talous","vihre\u00e4 tilinp\u00e4\u00e4t\u00f6s","Vihre\u00e4 vastuu"],"articleSection":["Innovations","Uudistuva ja kehittyv\u00e4 yritt\u00e4jyys"],"inLanguage":"fi"},{"@type":"WebPage","@id":"https:\/\/blogit.lab.fi\/labfocus\/lab-kehittamassa-vihrean-tilinpaatoksen-ja-vastuullisuusraportoinnin-palvelumallia\/","url":"https:\/\/blogit.lab.fi\/labfocus\/lab-kehittamassa-vihrean-tilinpaatoksen-ja-vastuullisuusraportoinnin-palvelumallia\/","name":"LAB kehitt\u00e4m\u00e4ss\u00e4 vihre\u00e4n tilinp\u00e4\u00e4t\u00f6ksen ja vastuullisuusraportoinnin palvelumallia - LAB Focus","isPartOf":{"@id":"https:\/\/blogit.lab.fi\/labfocus\/#website"},"primaryImageOfPage":{"@id":"https:\/\/blogit.lab.fi\/labfocus\/lab-kehittamassa-vihrean-tilinpaatoksen-ja-vastuullisuusraportoinnin-palvelumallia\/#primaryimage"},"image":{"@id":"https:\/\/blogit.lab.fi\/labfocus\/lab-kehittamassa-vihrean-tilinpaatoksen-ja-vastuullisuusraportoinnin-palvelumallia\/#primaryimage"},"thumbnailUrl":"https:\/\/blogit.lab.fi\/labfocus\/wp-content\/uploads\/sites\/8\/2021\/10\/525_2021_LAB-kehittamassa-vihrean-tilinpaatoksen-ja-vastuullisuusraportoinnin-palvelumallia.jpg","datePublished":"2021-10-28T06:31:43+00:00","dateModified":"2021-10-28T06:31:45+00:00","description":"Vihre\u00e4 vastuu -hanke pyrkii saavuttamaan 40 tilitoimistoa mukaan kehitysty\u00f6h\u00f6n.","breadcrumb":{"@id":"https:\/\/blogit.lab.fi\/labfocus\/lab-kehittamassa-vihrean-tilinpaatoksen-ja-vastuullisuusraportoinnin-palvelumallia\/#breadcrumb"},"inLanguage":"fi","potentialAction":[{"@type":"ReadAction","target":["https:\/\/blogit.lab.fi\/labfocus\/lab-kehittamassa-vihrean-tilinpaatoksen-ja-vastuullisuusraportoinnin-palvelumallia\/"]}]},{"@type":"ImageObject","inLanguage":"fi","@id":"https:\/\/blogit.lab.fi\/labfocus\/lab-kehittamassa-vihrean-tilinpaatoksen-ja-vastuullisuusraportoinnin-palvelumallia\/#primaryimage","url":"https:\/\/blogit.lab.fi\/labfocus\/wp-content\/uploads\/sites\/8\/2021\/10\/525_2021_LAB-kehittamassa-vihrean-tilinpaatoksen-ja-vastuullisuusraportoinnin-palvelumallia.jpg","contentUrl":"https:\/\/blogit.lab.fi\/labfocus\/wp-content\/uploads\/sites\/8\/2021\/10\/525_2021_LAB-kehittamassa-vihrean-tilinpaatoksen-ja-vastuullisuusraportoinnin-palvelumallia.jpg","width":1280,"height":779,"caption":"5 rows of coins arranged in ascending order.Seedlings on coins."},{"@type":"BreadcrumbList","@id":"https:\/\/blogit.lab.fi\/labfocus\/lab-kehittamassa-vihrean-tilinpaatoksen-ja-vastuullisuusraportoinnin-palvelumallia\/#breadcrumb","itemListElement":[{"@type":"ListItem","position":1,"name":"Home","item":"https:\/\/blogit.lab.fi\/labfocus\/"},{"@type":"ListItem","position":2,"name":"LAB kehitt\u00e4m\u00e4ss\u00e4 vihre\u00e4n tilinp\u00e4\u00e4t\u00f6ksen ja vastuullisuusraportoinnin palvelumallia"}]},{"@type":"WebSite","@id":"https:\/\/blogit.lab.fi\/labfocus\/#website","url":"https:\/\/blogit.lab.fi\/labfocus\/","name":"LAB Focus","description":"Focus Area blog | LAB University of Applied Sciences","publisher":{"@id":"https:\/\/blogit.lab.fi\/labfocus\/#organization"},"potentialAction":[{"@type":"SearchAction","target":{"@type":"EntryPoint","urlTemplate":"https:\/\/blogit.lab.fi\/labfocus\/?s={search_term_string}"},"query-input":{"@type":"PropertyValueSpecification","valueRequired":true,"valueName":"search_term_string"}}],"inLanguage":"fi"},{"@type":"Organization","@id":"https:\/\/blogit.lab.fi\/labfocus\/#organization","name":"LAB Focus","url":"https:\/\/blogit.lab.fi\/labfocus\/","logo":{"@type":"ImageObject","inLanguage":"fi","@id":"https:\/\/blogit.lab.fi\/labfocus\/#\/schema\/logo\/image\/","url":"https:\/\/blogit.lab.fi\/labfocus\/wp-content\/uploads\/sites\/8\/2020\/04\/cropped-cropped-tunnus_blogi-01.png","contentUrl":"https:\/\/blogit.lab.fi\/labfocus\/wp-content\/uploads\/sites\/8\/2020\/04\/cropped-cropped-tunnus_blogi-01.png","width":1342,"height":288,"caption":"LAB Focus"},"image":{"@id":"https:\/\/blogit.lab.fi\/labfocus\/#\/schema\/logo\/image\/"},"sameAs":["https:\/\/x.com\/LABfinland"]},{"@type":"Person","@id":"https:\/\/blogit.lab.fi\/labfocus\/#\/schema\/person\/da729f65c4a2fb9fd8f0b1ec7a2ab7d0","name":"tainask","image":{"@type":"ImageObject","inLanguage":"fi","@id":"https:\/\/secure.gravatar.com\/avatar\/4a96427877ef826b76e80c27f60b266128094f522551459346efcf14282febb3?s=96&d=mm&r=g","url":"https:\/\/secure.gravatar.com\/avatar\/4a96427877ef826b76e80c27f60b266128094f522551459346efcf14282febb3?s=96&d=mm&r=g","contentUrl":"https:\/\/secure.gravatar.com\/avatar\/4a96427877ef826b76e80c27f60b266128094f522551459346efcf14282febb3?s=96&d=mm&r=g","caption":"tainask"},"url":"https:\/\/blogit.lab.fi\/labfocus\/author\/tainask\/"}]}},"_links":{"self":[{"href":"https:\/\/blogit.lab.fi\/labfocus\/wp-json\/wp\/v2\/posts\/5581","targetHints":{"allow":["GET"]}}],"collection":[{"href":"https:\/\/blogit.lab.fi\/labfocus\/wp-json\/wp\/v2\/posts"}],"about":[{"href":"https:\/\/blogit.lab.fi\/labfocus\/wp-json\/wp\/v2\/types\/post"}],"author":[{"embeddable":true,"href":"https:\/\/blogit.lab.fi\/labfocus\/wp-json\/wp\/v2\/users\/17"}],"replies":[{"embeddable":true,"href":"https:\/\/blogit.lab.fi\/labfocus\/wp-json\/wp\/v2\/comments?post=5581"}],"version-history":[{"count":2,"href":"https:\/\/blogit.lab.fi\/labfocus\/wp-json\/wp\/v2\/posts\/5581\/revisions"}],"predecessor-version":[{"id":5584,"href":"https:\/\/blogit.lab.fi\/labfocus\/wp-json\/wp\/v2\/posts\/5581\/revisions\/5584"}],"wp:featuredmedia":[{"embeddable":true,"href":"https:\/\/blogit.lab.fi\/labfocus\/wp-json\/wp\/v2\/media\/5582"}],"wp:attachment":[{"href":"https:\/\/blogit.lab.fi\/labfocus\/wp-json\/wp\/v2\/media?parent=5581"}],"wp:term":[{"taxonomy":"category","embeddable":true,"href":"https:\/\/blogit.lab.fi\/labfocus\/wp-json\/wp\/v2\/categories?post=5581"},{"taxonomy":"post_tag","embeddable":true,"href":"https:\/\/blogit.lab.fi\/labfocus\/wp-json\/wp\/v2\/tags?post=5581"}],"curies":[{"name":"wp","href":"https:\/\/api.w.org\/{rel}","templated":true}]}}