{"id":6638,"date":"2021-12-22T12:59:54","date_gmt":"2021-12-22T10:59:54","guid":{"rendered":"https:\/\/blogit.lab.fi\/labfocus\/?p=6638"},"modified":"2021-12-22T12:59:56","modified_gmt":"2021-12-22T10:59:56","slug":"osbua-meilla-ja-muualla-kirsikkapuistosta-joseph-bidenin-jalanjaljille","status":"publish","type":"post","link":"https:\/\/blogit.lab.fi\/labfocus\/osbua-meilla-ja-muualla-kirsikkapuistosta-joseph-bidenin-jalanjaljille\/","title":{"rendered":"Osbua meill\u00e4 ja muualla &#8211; kirsikkapuistosta Joseph Bidenin jalanj\u00e4ljille"},"content":{"rendered":"\n<p>Osallistuvan budjetoinnin \u201dosbu-ideointi\u201d on tuttua monille asukkaille Suomessa ja muualla It\u00e4meren alueella. Osbussa asukkaat ideoivat ja usein my\u00f6s p\u00e4\u00e4tt\u00e4v\u00e4t kotikuntansa yhteisen rahan k\u00e4yt\u00f6st\u00e4. Juuri p\u00e4\u00e4ttyv\u00e4ss\u00e4 EmPaci \u2013 Empowering Participatory Budgeting in the Baltic Sea Region -hankkeessa asialla on oltu kuudessa maassa.<\/p>\n\n\n\n<figure class=\"wp-block-image size-large\"><img loading=\"lazy\" decoding=\"async\" width=\"1024\" height=\"504\" src=\"https:\/\/blogit.lab.fi\/labfocus\/wp-content\/uploads\/sites\/8\/2021\/12\/745_2021_Osbua-meilla-ja-muualla-kirsikkapuistosta-Joseph-Bidenin-jalanjaljille-1024x504.png\" alt=\"Puiston kunnostus ja leikkipuistov\u00e4lineit\u00e4. \" class=\"wp-image-6639\" srcset=\"https:\/\/blogit.lab.fi\/labfocus\/wp-content\/uploads\/sites\/8\/2021\/12\/745_2021_Osbua-meilla-ja-muualla-kirsikkapuistosta-Joseph-Bidenin-jalanjaljille-1024x504.png 1024w, https:\/\/blogit.lab.fi\/labfocus\/wp-content\/uploads\/sites\/8\/2021\/12\/745_2021_Osbua-meilla-ja-muualla-kirsikkapuistosta-Joseph-Bidenin-jalanjaljille-300x148.png 300w, https:\/\/blogit.lab.fi\/labfocus\/wp-content\/uploads\/sites\/8\/2021\/12\/745_2021_Osbua-meilla-ja-muualla-kirsikkapuistosta-Joseph-Bidenin-jalanjaljille-768x378.png 768w, https:\/\/blogit.lab.fi\/labfocus\/wp-content\/uploads\/sites\/8\/2021\/12\/745_2021_Osbua-meilla-ja-muualla-kirsikkapuistosta-Joseph-Bidenin-jalanjaljille.png 1280w\" sizes=\"auto, (max-width: 1024px) 100vw, 1024px\" \/><figcaption><em>Kuva 1. It\u00e4meren alueella on kehitetty osallistuvaa budjetointia EmPaci-hankkeen avulla vuodesta 2019. Asukkaat mm. Puolassa, Ven\u00e4j\u00e4ll\u00e4 ja Lahdessa saavatkin nyt nauttia tuloksista arjessaan. (Kuvat: EmPaci, Lahden kaupunki)<\/em><\/figcaption><\/figure>\n\n\n\n<h2 class=\"wp-block-heading\">Tyypilliset ideat<\/h2>\n\n\n\n<p>Osallistuvaa budjetointia voidaan toteuttaa monella tavalla, esimerkiksi kohderyhm\u00e4\u00e4 tai aihetta rajaten. T\u00e4m\u00e4 vaikuttaa toki ehdotettaviin ja siten toteutettaviin ideoihin. P\u00e4\u00e4s\u00e4\u00e4nt\u00f6isesti voidaan sanoa, ett\u00e4 ideat koskettavat asukkaiden elinymp\u00e4rist\u00f6\u00e4 ja arkea. Asukkaat toivovat esimerkiksi pelikentti\u00e4, puistonpenkkej\u00e4, treeniportaita, taidetta ja tapahtumia (Marttinen 2020; Riihim\u00e4ki 2020; Lahti 2020).<\/p>\n\n\n\n<p>EmPaci-hankkeen pilottitoteutukset k\u00e4ynnistyiv\u00e4t samanaikaisesti COVID-19-pandemian kanssa, joten se vaikutti annettuihin ideoihin monin paikoin, koska esimerkiksi suurten yleis\u00f6tapahtumien toteuttaminen vaikutti ep\u00e4varmalta. Suuria yll\u00e4tyksi\u00e4 ei EmPacin pilottikuntien ideoissakaan silti noussut esiin. Perinteiset puistot, leikkipaikat ja ulkoliikunta-alueet saivat \u00e4\u00e4ni\u00e4 monin paikoin maasta riippumatta. Lahdessa asukkaat toivoivat kirsikkapuistoa, joka toteutettiin \u00e4\u00e4rivy\u00f6ryn saattelemana Launeelle. Riihim\u00e4ell\u00e4 puolestaan saatiin r\u00f6ntgenlaite kaupungin el\u00e4inl\u00e4\u00e4k\u00e4riin, ulkoilmakonsertteja ja kondomeja nuorille. Ven\u00e4j\u00e4ll\u00e4 toteutui puistojen ja leikkipuistojen kasvojenkohotuksia. Liettuassa nousivat vahvemmin esiin koulutukseen linkittyv\u00e4t ideat, sill\u00e4 osa pilotoinnista toteutettiin oppilaitoksessa, kun taas Latviassa haettiin ja saatiin kulttuuriteemaisia toteutuksia. Saksassa puolestaan toteutui er\u00e4\u00e4n pikkutyt\u00f6n toive puista, joita h\u00e4n kotikaupunkiinsa kaipasi. Hiukan yll\u00e4tt\u00e4vi\u00e4 toiveita kuitenkin l\u00f6ytyi. Toinen puolalaisen Bielsko Bielajan kaupungin voittajaideoista haki innostusta Yhdysvaltain presidentti Joseph Bidenin suvun historiasta, jossa kehitet\u00e4\u00e4n muun muassa kaupungin alueella sijaitsevaa Joseph Bidenin esi-isiin liittyv\u00e4\u00e4 kirkkoa ja sen aluetta. Ideointi vaatiikin usein paitsi kiinnostavan ajatuksen tunnistamista ja esiin nostamista, my\u00f6s jonkinlaista markkinointia tai koukkua jolla innostaa muutkin asukkaat oman ideansa taakse.<\/p>\n\n\n\n<h2 class=\"wp-block-heading\">Seuraavat askeleet<\/h2>\n\n\n\n<p>Useimmat EmPacin pilottitoimijat ovat aikeissa jatkaa osallistuvan budjetoinnin parissa \u2013 esimerkiksi Lahdessa ja Riihim\u00e4ell\u00e4 seuraavat kierrokset ovat parhaillaan kesken. Toteutustapoja kehitet\u00e4\u00e4n hankkeessa toteutettujen prosessiarviointien pohjalta, sill\u00e4 osbu on alati muuttuva demokratian muoto. EmPaci-hankkeessa onkin toteutettu runsaasti materiaalia osallistuvan budjetoinnin aloittamisen tai kehitt\u00e4misen tueksi. <a href=\"http:\/\/www.empaci.eu\/\">Tutustu materiaaleihin Empaci-hankkeen verkkosivuilla<\/a>. Helpoiten p\u00e4\u00e4see alkuun tutustumalla aiheesta toteutettuihin videoihin. <a href=\"https:\/\/www.youtube.com\/channel\/UCt2ZkHe2stxHppX0DI0ViwQ?app=desktop\">Videoita hankkeen YouTube-kanavalla<\/a>.<\/p>\n\n\n\n<p class=\"has-background\" style=\"background-color:#b3edfb\">Kirjoittaja<br><br><strong>Annukka Heinonen<\/strong> (tradenomi, YAMK) toimii TKI-asiantuntijana LAB-ammattikorkeakoulussa ja projektip\u00e4\u00e4llikk\u00f6n\u00e4 kansainv\u00e4lisess\u00e4 EmPaci \u2013 Empowering Participatory Budgeting in the Baltic Sea Region -projektissa, joka kokoaa 17 toimijaa kuudesta maasta kehitt\u00e4m\u00e4\u00e4n osallistuvaa budjetointia kunnissa. Suomesta mukana ovat LAB-ammattikorkeakoulun lis\u00e4ksi Tampereen yliopisto ja Kuntaliitto. Lis\u00e4tietoja projektista suomeksi.<\/p>\n\n\n\n<figure class=\"wp-block-image size-large\"><img loading=\"lazy\" decoding=\"async\" width=\"1024\" height=\"373\" src=\"https:\/\/blogit.lab.fi\/labfocus\/wp-content\/uploads\/sites\/8\/2021\/12\/Empaci_logo-2-1024x373.png\" alt=\"Logot Interreg Baltic Sea Region ja Euroopan aluekehitysrahasto sek\u00e4 Empaci.\" class=\"wp-image-6640\" srcset=\"https:\/\/blogit.lab.fi\/labfocus\/wp-content\/uploads\/sites\/8\/2021\/12\/Empaci_logo-2-1024x373.png 1024w, https:\/\/blogit.lab.fi\/labfocus\/wp-content\/uploads\/sites\/8\/2021\/12\/Empaci_logo-2-300x109.png 300w, https:\/\/blogit.lab.fi\/labfocus\/wp-content\/uploads\/sites\/8\/2021\/12\/Empaci_logo-2-768x280.png 768w, https:\/\/blogit.lab.fi\/labfocus\/wp-content\/uploads\/sites\/8\/2021\/12\/Empaci_logo-2.png 1100w\" sizes=\"auto, (max-width: 1024px) 100vw, 1024px\" \/><\/figure>\n\n\n\n<hr class=\"wp-block-separator\" \/>\n\n\n\n<h3 class=\"wp-block-heading\"><strong>L\u00e4hteet<\/strong><\/h3>\n\n\n\n<p>Lahti. 2020. Kir\u00adsik\u00adka\u00adpuis\u00adto Lah\u00adden osal\u00adlis\u00adtu\u00advan bud\u00adje\u00adtoin\u00adnin suo\u00adsik\u00adki. Kaupungin verkkouutinen 24.9.2020. [Viitattu 20.12.2021]. Saatavissa: <a href=\"https:\/\/www.lahti.fi\/uutiset\/kirsikkapuisto-lahden-osallistuvan-budjetoinnin-suosikki\/\">https:\/\/www.lahti.fi\/uutiset\/kirsikkapuisto-lahden-osallistuvan-budjetoinnin-suosikki\/<\/a><\/p>\n\n\n\n<p>Marttinen, V. 2020. Kaupunki antoi miljoonia, helsinkil\u00e4iset halusivat futiskent\u00e4n ja kauramaitoa \u2013 osallistuva budjetointi toi kuntiin my\u00f6s saunavihtoja ja roskiksia. Verkkouutinen 3.9.2020. [Viitattu 20.12.2021]. Saatavissa: <a href=\"https:\/\/yle.fi\/uutiset\/3-11520927\">https:\/\/yle.fi\/uutiset\/3-11520927<\/a><\/p>\n\n\n\n<p>Riihim\u00e4ki. 2020. Osallistuva budjetointi 2020. Kaupungin verkkoalusta. [Viitattu 20.12.2021]. Saatavissa: <a href=\"https:\/\/osallistu.riihimaki.fi\/processes\/osbu-2020\">https:\/\/osallistu.riihimaki.fi\/processes\/osbu-2020<\/a><\/p>\n\n\n\n<h3 class=\"wp-block-heading\">Linkit<\/h3>\n\n\n\n<p>Empaci. 2021. Empowering Participatory Budgeting in the Baltic Sea Region. [Viitattu 22.12.2021]. Saatavissa: <a href=\"http:\/\/www.empaci.eu\/\">http:\/\/www.empaci.eu\/<\/a><\/p>\n\n\n\n<p>PBNetwork. 2021. Youtube-kanava. [Viitattu 22.12.2012]. Saatavissa: <a href=\"https:\/\/www.youtube.com\/channel\/UCt2ZkHe2stxHppX0DI0ViwQ?app=desktop\">https:\/\/www.youtube.com\/channel\/UCt2ZkHe2stxHppX0DI0ViwQ?app=desktop<\/a><\/p>\n","protected":false},"excerpt":{"rendered":"<p>Osallistuvan budjetoinnin \u201dosbu-ideointi\u201d on tuttua monille asukkaille Suomessa ja muualla It\u00e4meren alueella. Osbussa asukkaat ideoivat ja usein my\u00f6s p\u00e4\u00e4tt\u00e4v\u00e4t kotikuntansa yhteisen rahan k\u00e4yt\u00f6st\u00e4. Juuri p\u00e4\u00e4ttyv\u00e4ss\u00e4 EmPaci \u2013 Empowering Participatory Budgeting in the Baltic Sea Region -hankkeessa asialla on oltu kuudessa maassa. Tyypilliset ideat Osallistuvaa budjetointia voidaan toteuttaa monella tavalla, esimerkiksi kohderyhm\u00e4\u00e4 tai aihetta rajaten. T\u00e4m\u00e4 [&hellip;]<\/p>\n","protected":false},"author":7,"featured_media":6642,"comment_status":"open","ping_status":"open","sticky":false,"template":"","format":"standard","meta":{"footnotes":""},"categories":[19],"tags":[29,2101,437,1695,439],"class_list":{"0":"post-6638","1":"post","2":"type-post","3":"status-publish","4":"format-standard","5":"has-post-thumbnail","7":"category-innovations_fi","8":"tag-artikkeli-e1","9":"tag-demokratia","10":"tag-empaci","11":"tag-kunnat","12":"tag-osallistuva-budjetointi","13":"czr-hentry"},"yoast_head":"<!-- This site is optimized with the Yoast SEO plugin v27.4 - https:\/\/yoast.com\/product\/yoast-seo-wordpress\/ -->\n<title>Osbua meill\u00e4 ja muualla - kirsikkapuistosta Joseph Bidenin jalanj\u00e4ljille - LAB Focus<\/title>\n<meta name=\"robots\" content=\"index, follow, max-snippet:-1, max-image-preview:large, max-video-preview:-1\" \/>\n<link rel=\"canonical\" href=\"https:\/\/blogit.lab.fi\/labfocus\/osbua-meilla-ja-muualla-kirsikkapuistosta-joseph-bidenin-jalanjaljille\/\" \/>\n<meta property=\"og:locale\" content=\"fi_FI\" \/>\n<meta property=\"og:type\" content=\"article\" \/>\n<meta property=\"og:title\" content=\"Osbua meill\u00e4 ja muualla - kirsikkapuistosta Joseph Bidenin jalanj\u00e4ljille - LAB Focus\" \/>\n<meta property=\"og:description\" content=\"Osallistuvan budjetoinnin \u201dosbu-ideointi\u201d on tuttua monille asukkaille Suomessa ja muualla It\u00e4meren alueella. Osbussa asukkaat ideoivat ja usein my\u00f6s p\u00e4\u00e4tt\u00e4v\u00e4t kotikuntansa yhteisen rahan k\u00e4yt\u00f6st\u00e4. Juuri p\u00e4\u00e4ttyv\u00e4ss\u00e4 EmPaci \u2013 Empowering Participatory Budgeting in the Baltic Sea Region -hankkeessa asialla on oltu kuudessa maassa. Tyypilliset ideat Osallistuvaa budjetointia voidaan toteuttaa monella tavalla, esimerkiksi kohderyhm\u00e4\u00e4 tai aihetta rajaten. T\u00e4m\u00e4 [&hellip;]\" \/>\n<meta property=\"og:url\" content=\"https:\/\/blogit.lab.fi\/labfocus\/osbua-meilla-ja-muualla-kirsikkapuistosta-joseph-bidenin-jalanjaljille\/\" \/>\n<meta property=\"og:site_name\" content=\"LAB Focus\" \/>\n<meta property=\"article:published_time\" content=\"2021-12-22T10:59:54+00:00\" \/>\n<meta property=\"article:modified_time\" content=\"2021-12-22T10:59:56+00:00\" \/>\n<meta property=\"og:image\" content=\"https:\/\/blogit.lab.fi\/labfocus\/wp-content\/uploads\/sites\/8\/2021\/12\/745_2021_Osbua-meilla-ja-muualla-kirsikkapuistosta-Joseph-Bidenin-jalanjaljille-2.jpg\" \/>\n\t<meta property=\"og:image:width\" content=\"871\" \/>\n\t<meta property=\"og:image:height\" content=\"590\" \/>\n\t<meta property=\"og:image:type\" content=\"image\/jpeg\" \/>\n<meta name=\"author\" content=\"niinasal\" \/>\n<meta name=\"twitter:card\" content=\"summary_large_image\" \/>\n<meta name=\"twitter:creator\" content=\"@LABfinland\" \/>\n<meta name=\"twitter:site\" content=\"@LABfinland\" \/>\n<meta name=\"twitter:label1\" content=\"Kirjoittanut\" \/>\n\t<meta name=\"twitter:data1\" content=\"niinasal\" \/>\n\t<meta name=\"twitter:label2\" content=\"Arvioitu lukuaika\" \/>\n\t<meta name=\"twitter:data2\" content=\"4 minuuttia\" \/>\n<script type=\"application\/ld+json\" class=\"yoast-schema-graph\">{\"@context\":\"https:\\\/\\\/schema.org\",\"@graph\":[{\"@type\":\"Article\",\"@id\":\"https:\\\/\\\/blogit.lab.fi\\\/labfocus\\\/osbua-meilla-ja-muualla-kirsikkapuistosta-joseph-bidenin-jalanjaljille\\\/#article\",\"isPartOf\":{\"@id\":\"https:\\\/\\\/blogit.lab.fi\\\/labfocus\\\/osbua-meilla-ja-muualla-kirsikkapuistosta-joseph-bidenin-jalanjaljille\\\/\"},\"author\":{\"name\":\"niinasal\",\"@id\":\"https:\\\/\\\/blogit.lab.fi\\\/labfocus\\\/#\\\/schema\\\/person\\\/f02f818b1b6bf8794d4aec1c49669077\"},\"headline\":\"Osbua meill\u00e4 ja muualla &#8211; kirsikkapuistosta Joseph Bidenin jalanj\u00e4ljille\",\"datePublished\":\"2021-12-22T10:59:54+00:00\",\"dateModified\":\"2021-12-22T10:59:56+00:00\",\"mainEntityOfPage\":{\"@id\":\"https:\\\/\\\/blogit.lab.fi\\\/labfocus\\\/osbua-meilla-ja-muualla-kirsikkapuistosta-joseph-bidenin-jalanjaljille\\\/\"},\"wordCount\":528,\"commentCount\":0,\"publisher\":{\"@id\":\"https:\\\/\\\/blogit.lab.fi\\\/labfocus\\\/#organization\"},\"image\":{\"@id\":\"https:\\\/\\\/blogit.lab.fi\\\/labfocus\\\/osbua-meilla-ja-muualla-kirsikkapuistosta-joseph-bidenin-jalanjaljille\\\/#primaryimage\"},\"thumbnailUrl\":\"https:\\\/\\\/blogit.lab.fi\\\/labfocus\\\/wp-content\\\/uploads\\\/sites\\\/8\\\/2021\\\/12\\\/745_2021_Osbua-meilla-ja-muualla-kirsikkapuistosta-Joseph-Bidenin-jalanjaljille-2.jpg\",\"keywords\":[\"Artikkeli E1\",\"demokratia\",\"EmPaci\",\"kunnat\",\"osallistuva budjetointi\"],\"articleSection\":[\"Innovations\"],\"inLanguage\":\"fi\",\"potentialAction\":[{\"@type\":\"CommentAction\",\"name\":\"Comment\",\"target\":[\"https:\\\/\\\/blogit.lab.fi\\\/labfocus\\\/osbua-meilla-ja-muualla-kirsikkapuistosta-joseph-bidenin-jalanjaljille\\\/#respond\"]}]},{\"@type\":\"WebPage\",\"@id\":\"https:\\\/\\\/blogit.lab.fi\\\/labfocus\\\/osbua-meilla-ja-muualla-kirsikkapuistosta-joseph-bidenin-jalanjaljille\\\/\",\"url\":\"https:\\\/\\\/blogit.lab.fi\\\/labfocus\\\/osbua-meilla-ja-muualla-kirsikkapuistosta-joseph-bidenin-jalanjaljille\\\/\",\"name\":\"Osbua meill\u00e4 ja muualla - kirsikkapuistosta Joseph Bidenin jalanj\u00e4ljille - LAB Focus\",\"isPartOf\":{\"@id\":\"https:\\\/\\\/blogit.lab.fi\\\/labfocus\\\/#website\"},\"primaryImageOfPage\":{\"@id\":\"https:\\\/\\\/blogit.lab.fi\\\/labfocus\\\/osbua-meilla-ja-muualla-kirsikkapuistosta-joseph-bidenin-jalanjaljille\\\/#primaryimage\"},\"image\":{\"@id\":\"https:\\\/\\\/blogit.lab.fi\\\/labfocus\\\/osbua-meilla-ja-muualla-kirsikkapuistosta-joseph-bidenin-jalanjaljille\\\/#primaryimage\"},\"thumbnailUrl\":\"https:\\\/\\\/blogit.lab.fi\\\/labfocus\\\/wp-content\\\/uploads\\\/sites\\\/8\\\/2021\\\/12\\\/745_2021_Osbua-meilla-ja-muualla-kirsikkapuistosta-Joseph-Bidenin-jalanjaljille-2.jpg\",\"datePublished\":\"2021-12-22T10:59:54+00:00\",\"dateModified\":\"2021-12-22T10:59:56+00:00\",\"breadcrumb\":{\"@id\":\"https:\\\/\\\/blogit.lab.fi\\\/labfocus\\\/osbua-meilla-ja-muualla-kirsikkapuistosta-joseph-bidenin-jalanjaljille\\\/#breadcrumb\"},\"inLanguage\":\"fi\",\"potentialAction\":[{\"@type\":\"ReadAction\",\"target\":[\"https:\\\/\\\/blogit.lab.fi\\\/labfocus\\\/osbua-meilla-ja-muualla-kirsikkapuistosta-joseph-bidenin-jalanjaljille\\\/\"]}]},{\"@type\":\"ImageObject\",\"inLanguage\":\"fi\",\"@id\":\"https:\\\/\\\/blogit.lab.fi\\\/labfocus\\\/osbua-meilla-ja-muualla-kirsikkapuistosta-joseph-bidenin-jalanjaljille\\\/#primaryimage\",\"url\":\"https:\\\/\\\/blogit.lab.fi\\\/labfocus\\\/wp-content\\\/uploads\\\/sites\\\/8\\\/2021\\\/12\\\/745_2021_Osbua-meilla-ja-muualla-kirsikkapuistosta-Joseph-Bidenin-jalanjaljille-2.jpg\",\"contentUrl\":\"https:\\\/\\\/blogit.lab.fi\\\/labfocus\\\/wp-content\\\/uploads\\\/sites\\\/8\\\/2021\\\/12\\\/745_2021_Osbua-meilla-ja-muualla-kirsikkapuistosta-Joseph-Bidenin-jalanjaljille-2.jpg\",\"width\":871,\"height\":590},{\"@type\":\"BreadcrumbList\",\"@id\":\"https:\\\/\\\/blogit.lab.fi\\\/labfocus\\\/osbua-meilla-ja-muualla-kirsikkapuistosta-joseph-bidenin-jalanjaljille\\\/#breadcrumb\",\"itemListElement\":[{\"@type\":\"ListItem\",\"position\":1,\"name\":\"Home\",\"item\":\"https:\\\/\\\/blogit.lab.fi\\\/labfocus\\\/\"},{\"@type\":\"ListItem\",\"position\":2,\"name\":\"Osbua meill\u00e4 ja muualla &#8211; kirsikkapuistosta Joseph Bidenin jalanj\u00e4ljille\"}]},{\"@type\":\"WebSite\",\"@id\":\"https:\\\/\\\/blogit.lab.fi\\\/labfocus\\\/#website\",\"url\":\"https:\\\/\\\/blogit.lab.fi\\\/labfocus\\\/\",\"name\":\"LAB Focus\",\"description\":\"Focus Area blog | LAB University of Applied Sciences\",\"publisher\":{\"@id\":\"https:\\\/\\\/blogit.lab.fi\\\/labfocus\\\/#organization\"},\"potentialAction\":[{\"@type\":\"SearchAction\",\"target\":{\"@type\":\"EntryPoint\",\"urlTemplate\":\"https:\\\/\\\/blogit.lab.fi\\\/labfocus\\\/?s={search_term_string}\"},\"query-input\":{\"@type\":\"PropertyValueSpecification\",\"valueRequired\":true,\"valueName\":\"search_term_string\"}}],\"inLanguage\":\"fi\"},{\"@type\":\"Organization\",\"@id\":\"https:\\\/\\\/blogit.lab.fi\\\/labfocus\\\/#organization\",\"name\":\"LAB Focus\",\"url\":\"https:\\\/\\\/blogit.lab.fi\\\/labfocus\\\/\",\"logo\":{\"@type\":\"ImageObject\",\"inLanguage\":\"fi\",\"@id\":\"https:\\\/\\\/blogit.lab.fi\\\/labfocus\\\/#\\\/schema\\\/logo\\\/image\\\/\",\"url\":\"https:\\\/\\\/blogit.lab.fi\\\/labfocus\\\/wp-content\\\/uploads\\\/sites\\\/8\\\/2020\\\/04\\\/cropped-cropped-tunnus_blogi-01.png\",\"contentUrl\":\"https:\\\/\\\/blogit.lab.fi\\\/labfocus\\\/wp-content\\\/uploads\\\/sites\\\/8\\\/2020\\\/04\\\/cropped-cropped-tunnus_blogi-01.png\",\"width\":1342,\"height\":288,\"caption\":\"LAB Focus\"},\"image\":{\"@id\":\"https:\\\/\\\/blogit.lab.fi\\\/labfocus\\\/#\\\/schema\\\/logo\\\/image\\\/\"},\"sameAs\":[\"https:\\\/\\\/x.com\\\/LABfinland\"]},{\"@type\":\"Person\",\"@id\":\"https:\\\/\\\/blogit.lab.fi\\\/labfocus\\\/#\\\/schema\\\/person\\\/f02f818b1b6bf8794d4aec1c49669077\",\"name\":\"niinasal\",\"image\":{\"@type\":\"ImageObject\",\"inLanguage\":\"fi\",\"@id\":\"https:\\\/\\\/secure.gravatar.com\\\/avatar\\\/56ff6f7f7fa10477834cd38d238f13f5db501df633669a1696900e3827da4bcd?s=96&d=mm&r=g\",\"url\":\"https:\\\/\\\/secure.gravatar.com\\\/avatar\\\/56ff6f7f7fa10477834cd38d238f13f5db501df633669a1696900e3827da4bcd?s=96&d=mm&r=g\",\"contentUrl\":\"https:\\\/\\\/secure.gravatar.com\\\/avatar\\\/56ff6f7f7fa10477834cd38d238f13f5db501df633669a1696900e3827da4bcd?s=96&d=mm&r=g\",\"caption\":\"niinasal\"},\"url\":\"https:\\\/\\\/blogit.lab.fi\\\/labfocus\\\/author\\\/niinasal\\\/\"}]}<\/script>\n<!-- \/ Yoast SEO plugin. -->","yoast_head_json":{"title":"Osbua meill\u00e4 ja muualla - kirsikkapuistosta Joseph Bidenin jalanj\u00e4ljille - LAB Focus","robots":{"index":"index","follow":"follow","max-snippet":"max-snippet:-1","max-image-preview":"max-image-preview:large","max-video-preview":"max-video-preview:-1"},"canonical":"https:\/\/blogit.lab.fi\/labfocus\/osbua-meilla-ja-muualla-kirsikkapuistosta-joseph-bidenin-jalanjaljille\/","og_locale":"fi_FI","og_type":"article","og_title":"Osbua meill\u00e4 ja muualla - kirsikkapuistosta Joseph Bidenin jalanj\u00e4ljille - LAB Focus","og_description":"Osallistuvan budjetoinnin \u201dosbu-ideointi\u201d on tuttua monille asukkaille Suomessa ja muualla It\u00e4meren alueella. Osbussa asukkaat ideoivat ja usein my\u00f6s p\u00e4\u00e4tt\u00e4v\u00e4t kotikuntansa yhteisen rahan k\u00e4yt\u00f6st\u00e4. Juuri p\u00e4\u00e4ttyv\u00e4ss\u00e4 EmPaci \u2013 Empowering Participatory Budgeting in the Baltic Sea Region -hankkeessa asialla on oltu kuudessa maassa. Tyypilliset ideat Osallistuvaa budjetointia voidaan toteuttaa monella tavalla, esimerkiksi kohderyhm\u00e4\u00e4 tai aihetta rajaten. T\u00e4m\u00e4 [&hellip;]","og_url":"https:\/\/blogit.lab.fi\/labfocus\/osbua-meilla-ja-muualla-kirsikkapuistosta-joseph-bidenin-jalanjaljille\/","og_site_name":"LAB Focus","article_published_time":"2021-12-22T10:59:54+00:00","article_modified_time":"2021-12-22T10:59:56+00:00","og_image":[{"width":871,"height":590,"url":"https:\/\/blogit.lab.fi\/labfocus\/wp-content\/uploads\/sites\/8\/2021\/12\/745_2021_Osbua-meilla-ja-muualla-kirsikkapuistosta-Joseph-Bidenin-jalanjaljille-2.jpg","type":"image\/jpeg"}],"author":"niinasal","twitter_card":"summary_large_image","twitter_creator":"@LABfinland","twitter_site":"@LABfinland","twitter_misc":{"Kirjoittanut":"niinasal","Arvioitu lukuaika":"4 minuuttia"},"schema":{"@context":"https:\/\/schema.org","@graph":[{"@type":"Article","@id":"https:\/\/blogit.lab.fi\/labfocus\/osbua-meilla-ja-muualla-kirsikkapuistosta-joseph-bidenin-jalanjaljille\/#article","isPartOf":{"@id":"https:\/\/blogit.lab.fi\/labfocus\/osbua-meilla-ja-muualla-kirsikkapuistosta-joseph-bidenin-jalanjaljille\/"},"author":{"name":"niinasal","@id":"https:\/\/blogit.lab.fi\/labfocus\/#\/schema\/person\/f02f818b1b6bf8794d4aec1c49669077"},"headline":"Osbua meill\u00e4 ja muualla &#8211; kirsikkapuistosta Joseph Bidenin jalanj\u00e4ljille","datePublished":"2021-12-22T10:59:54+00:00","dateModified":"2021-12-22T10:59:56+00:00","mainEntityOfPage":{"@id":"https:\/\/blogit.lab.fi\/labfocus\/osbua-meilla-ja-muualla-kirsikkapuistosta-joseph-bidenin-jalanjaljille\/"},"wordCount":528,"commentCount":0,"publisher":{"@id":"https:\/\/blogit.lab.fi\/labfocus\/#organization"},"image":{"@id":"https:\/\/blogit.lab.fi\/labfocus\/osbua-meilla-ja-muualla-kirsikkapuistosta-joseph-bidenin-jalanjaljille\/#primaryimage"},"thumbnailUrl":"https:\/\/blogit.lab.fi\/labfocus\/wp-content\/uploads\/sites\/8\/2021\/12\/745_2021_Osbua-meilla-ja-muualla-kirsikkapuistosta-Joseph-Bidenin-jalanjaljille-2.jpg","keywords":["Artikkeli E1","demokratia","EmPaci","kunnat","osallistuva budjetointi"],"articleSection":["Innovations"],"inLanguage":"fi","potentialAction":[{"@type":"CommentAction","name":"Comment","target":["https:\/\/blogit.lab.fi\/labfocus\/osbua-meilla-ja-muualla-kirsikkapuistosta-joseph-bidenin-jalanjaljille\/#respond"]}]},{"@type":"WebPage","@id":"https:\/\/blogit.lab.fi\/labfocus\/osbua-meilla-ja-muualla-kirsikkapuistosta-joseph-bidenin-jalanjaljille\/","url":"https:\/\/blogit.lab.fi\/labfocus\/osbua-meilla-ja-muualla-kirsikkapuistosta-joseph-bidenin-jalanjaljille\/","name":"Osbua meill\u00e4 ja muualla - kirsikkapuistosta Joseph Bidenin jalanj\u00e4ljille - LAB Focus","isPartOf":{"@id":"https:\/\/blogit.lab.fi\/labfocus\/#website"},"primaryImageOfPage":{"@id":"https:\/\/blogit.lab.fi\/labfocus\/osbua-meilla-ja-muualla-kirsikkapuistosta-joseph-bidenin-jalanjaljille\/#primaryimage"},"image":{"@id":"https:\/\/blogit.lab.fi\/labfocus\/osbua-meilla-ja-muualla-kirsikkapuistosta-joseph-bidenin-jalanjaljille\/#primaryimage"},"thumbnailUrl":"https:\/\/blogit.lab.fi\/labfocus\/wp-content\/uploads\/sites\/8\/2021\/12\/745_2021_Osbua-meilla-ja-muualla-kirsikkapuistosta-Joseph-Bidenin-jalanjaljille-2.jpg","datePublished":"2021-12-22T10:59:54+00:00","dateModified":"2021-12-22T10:59:56+00:00","breadcrumb":{"@id":"https:\/\/blogit.lab.fi\/labfocus\/osbua-meilla-ja-muualla-kirsikkapuistosta-joseph-bidenin-jalanjaljille\/#breadcrumb"},"inLanguage":"fi","potentialAction":[{"@type":"ReadAction","target":["https:\/\/blogit.lab.fi\/labfocus\/osbua-meilla-ja-muualla-kirsikkapuistosta-joseph-bidenin-jalanjaljille\/"]}]},{"@type":"ImageObject","inLanguage":"fi","@id":"https:\/\/blogit.lab.fi\/labfocus\/osbua-meilla-ja-muualla-kirsikkapuistosta-joseph-bidenin-jalanjaljille\/#primaryimage","url":"https:\/\/blogit.lab.fi\/labfocus\/wp-content\/uploads\/sites\/8\/2021\/12\/745_2021_Osbua-meilla-ja-muualla-kirsikkapuistosta-Joseph-Bidenin-jalanjaljille-2.jpg","contentUrl":"https:\/\/blogit.lab.fi\/labfocus\/wp-content\/uploads\/sites\/8\/2021\/12\/745_2021_Osbua-meilla-ja-muualla-kirsikkapuistosta-Joseph-Bidenin-jalanjaljille-2.jpg","width":871,"height":590},{"@type":"BreadcrumbList","@id":"https:\/\/blogit.lab.fi\/labfocus\/osbua-meilla-ja-muualla-kirsikkapuistosta-joseph-bidenin-jalanjaljille\/#breadcrumb","itemListElement":[{"@type":"ListItem","position":1,"name":"Home","item":"https:\/\/blogit.lab.fi\/labfocus\/"},{"@type":"ListItem","position":2,"name":"Osbua meill\u00e4 ja muualla &#8211; kirsikkapuistosta Joseph Bidenin jalanj\u00e4ljille"}]},{"@type":"WebSite","@id":"https:\/\/blogit.lab.fi\/labfocus\/#website","url":"https:\/\/blogit.lab.fi\/labfocus\/","name":"LAB Focus","description":"Focus Area blog | LAB University of Applied Sciences","publisher":{"@id":"https:\/\/blogit.lab.fi\/labfocus\/#organization"},"potentialAction":[{"@type":"SearchAction","target":{"@type":"EntryPoint","urlTemplate":"https:\/\/blogit.lab.fi\/labfocus\/?s={search_term_string}"},"query-input":{"@type":"PropertyValueSpecification","valueRequired":true,"valueName":"search_term_string"}}],"inLanguage":"fi"},{"@type":"Organization","@id":"https:\/\/blogit.lab.fi\/labfocus\/#organization","name":"LAB Focus","url":"https:\/\/blogit.lab.fi\/labfocus\/","logo":{"@type":"ImageObject","inLanguage":"fi","@id":"https:\/\/blogit.lab.fi\/labfocus\/#\/schema\/logo\/image\/","url":"https:\/\/blogit.lab.fi\/labfocus\/wp-content\/uploads\/sites\/8\/2020\/04\/cropped-cropped-tunnus_blogi-01.png","contentUrl":"https:\/\/blogit.lab.fi\/labfocus\/wp-content\/uploads\/sites\/8\/2020\/04\/cropped-cropped-tunnus_blogi-01.png","width":1342,"height":288,"caption":"LAB Focus"},"image":{"@id":"https:\/\/blogit.lab.fi\/labfocus\/#\/schema\/logo\/image\/"},"sameAs":["https:\/\/x.com\/LABfinland"]},{"@type":"Person","@id":"https:\/\/blogit.lab.fi\/labfocus\/#\/schema\/person\/f02f818b1b6bf8794d4aec1c49669077","name":"niinasal","image":{"@type":"ImageObject","inLanguage":"fi","@id":"https:\/\/secure.gravatar.com\/avatar\/56ff6f7f7fa10477834cd38d238f13f5db501df633669a1696900e3827da4bcd?s=96&d=mm&r=g","url":"https:\/\/secure.gravatar.com\/avatar\/56ff6f7f7fa10477834cd38d238f13f5db501df633669a1696900e3827da4bcd?s=96&d=mm&r=g","contentUrl":"https:\/\/secure.gravatar.com\/avatar\/56ff6f7f7fa10477834cd38d238f13f5db501df633669a1696900e3827da4bcd?s=96&d=mm&r=g","caption":"niinasal"},"url":"https:\/\/blogit.lab.fi\/labfocus\/author\/niinasal\/"}]}},"_links":{"self":[{"href":"https:\/\/blogit.lab.fi\/labfocus\/wp-json\/wp\/v2\/posts\/6638","targetHints":{"allow":["GET"]}}],"collection":[{"href":"https:\/\/blogit.lab.fi\/labfocus\/wp-json\/wp\/v2\/posts"}],"about":[{"href":"https:\/\/blogit.lab.fi\/labfocus\/wp-json\/wp\/v2\/types\/post"}],"author":[{"embeddable":true,"href":"https:\/\/blogit.lab.fi\/labfocus\/wp-json\/wp\/v2\/users\/7"}],"replies":[{"embeddable":true,"href":"https:\/\/blogit.lab.fi\/labfocus\/wp-json\/wp\/v2\/comments?post=6638"}],"version-history":[{"count":1,"href":"https:\/\/blogit.lab.fi\/labfocus\/wp-json\/wp\/v2\/posts\/6638\/revisions"}],"predecessor-version":[{"id":6643,"href":"https:\/\/blogit.lab.fi\/labfocus\/wp-json\/wp\/v2\/posts\/6638\/revisions\/6643"}],"wp:featuredmedia":[{"embeddable":true,"href":"https:\/\/blogit.lab.fi\/labfocus\/wp-json\/wp\/v2\/media\/6642"}],"wp:attachment":[{"href":"https:\/\/blogit.lab.fi\/labfocus\/wp-json\/wp\/v2\/media?parent=6638"}],"wp:term":[{"taxonomy":"category","embeddable":true,"href":"https:\/\/blogit.lab.fi\/labfocus\/wp-json\/wp\/v2\/categories?post=6638"},{"taxonomy":"post_tag","embeddable":true,"href":"https:\/\/blogit.lab.fi\/labfocus\/wp-json\/wp\/v2\/tags?post=6638"}],"curies":[{"name":"wp","href":"https:\/\/api.w.org\/{rel}","templated":true}]}}