{"id":7385,"date":"2022-03-08T11:41:54","date_gmt":"2022-03-08T09:41:54","guid":{"rendered":"https:\/\/blogit.lab.fi\/labfocus\/?p=7385"},"modified":"2022-03-08T11:41:55","modified_gmt":"2022-03-08T09:41:55","slug":"lapsipotilaan-emotionaalinen-valmistaminen-silmaleikkaukseen","status":"publish","type":"post","link":"https:\/\/blogit.lab.fi\/labfocus\/lapsipotilaan-emotionaalinen-valmistaminen-silmaleikkaukseen\/","title":{"rendered":"Lapsipotilaan emotionaalinen valmistaminen silm\u00e4leikkaukseen"},"content":{"rendered":"\n<p>Turun yliopistollisen keskussairaalan eli Tyksin silm\u00e4leikkausosastolla hoidetaan viikoittain lapsipotilaita, joiden ik\u00e4jakauma on noin yksivuotiaista kouluik\u00e4isiin ja nuoriin. Toimenpiteet ovat p\u00e4\u00e4s\u00e4\u00e4nt\u00f6isesti elektiivisi\u00e4 ja p\u00e4iv\u00e4kirurgisia ja tehd\u00e4\u00e4n yleisanestesiassa. Leikkausp\u00e4\u00e4t\u00f6ksen j\u00e4lkeen potilaat vanhempineen saavat kutsukirjeen yhteydess\u00e4 kirjalliset ohjeet leikkausp\u00e4iv\u00e4\u00e4n ja yleisanestesiaan valmistautumiseen. Lapsen emotionaalinen valmistaminen j\u00e4nnitt\u00e4v\u00e4\u00e4 leikkausp\u00e4iv\u00e4\u00e4 varten j\u00e4\u00e4 kuitenkin pitk\u00e4lti vanhempien oman aktiivisuuden varaan.<\/p>\n\n\n\n<figure class=\"wp-block-image size-large\"><img loading=\"lazy\" decoding=\"async\" width=\"1024\" height=\"614\" src=\"https:\/\/blogit.lab.fi\/labfocus\/wp-content\/uploads\/sites\/8\/2022\/03\/104_2022_Lapsipotilaan-emotionaalinen-valmistaminen-silmaleikkaukseen_1-1024x614.jpg\" alt=\"[Alt-teksti: Vihreisiin sairaalavaatteisiin puettu pieni keltainen nalle seisoo hoitotarviketarjottimella.]\" class=\"wp-image-7386\" srcset=\"https:\/\/blogit.lab.fi\/labfocus\/wp-content\/uploads\/sites\/8\/2022\/03\/104_2022_Lapsipotilaan-emotionaalinen-valmistaminen-silmaleikkaukseen_1-1024x614.jpg 1024w, https:\/\/blogit.lab.fi\/labfocus\/wp-content\/uploads\/sites\/8\/2022\/03\/104_2022_Lapsipotilaan-emotionaalinen-valmistaminen-silmaleikkaukseen_1-300x180.jpg 300w, https:\/\/blogit.lab.fi\/labfocus\/wp-content\/uploads\/sites\/8\/2022\/03\/104_2022_Lapsipotilaan-emotionaalinen-valmistaminen-silmaleikkaukseen_1-768x461.jpg 768w, https:\/\/blogit.lab.fi\/labfocus\/wp-content\/uploads\/sites\/8\/2022\/03\/104_2022_Lapsipotilaan-emotionaalinen-valmistaminen-silmaleikkaukseen_1.jpg 1280w\" sizes=\"auto, (max-width: 1024px) 100vw, 1024px\" \/><figcaption>Kuva 1. Silm\u00e4klinikan uninalle toivottaa lapsen tervetulleeksi toimenpidep\u00e4iv\u00e4\u00e4n. (Kuva: Kirill Ahtola)<\/figcaption><\/figure>\n\n\n\n<h2 class=\"wp-block-heading\">Hyv\u00e4 valmistautuminen lis\u00e4\u00e4 turvallisuuden tunnetta<\/h2>\n\n\n\n<p>Lapsen tullessa leikkaukseen ja joutuessa n\u00e4in uuteen tilanteeseen ovat pelko ja ahdistus ymm\u00e4rrett\u00e4vi\u00e4 tunteita, varsinkin kun siihen oletettavasti liittyy ep\u00e4mukavia ja mahdollisesti kivuliaitakin toimenpiteit\u00e4. Lapsella onkin oikeus saada ik\u00e4tasonsa mukaisesti tietoa toimenpiteest\u00e4, tulevista tapahtumista ja tuntemuksista. Hyv\u00e4 valmistautuminen lis\u00e4\u00e4 lapsen ja vanhemman turvallisuuden tunnetta ja helpottaa yhteisty\u00f6t\u00e4 hoitohenkil\u00f6kunnan kanssa. (Boles 2016.)<\/p>\n\n\n\n<p>Vanhempien merkitys on suuri lapsipotilaiden valmistelussa. On todettu, ett\u00e4 mahdollisuus tutustua leikkausp\u00e4iv\u00e4n tapahtumiin etuk\u00e4teen parantaa vanhempien aktiivisuutta valmistella lasta leikkausp\u00e4iv\u00e4\u00e4n sek\u00e4 tyytyv\u00e4isyytt\u00e4 leikkauksen j\u00e4lkeen (Chow ym. 2016). Toimenpiteest\u00e4 kerrottaessa pit\u00e4\u00e4 huomioida, ett\u00e4 pienet lapset ajattelevat hyvin konkreettisesti ja siksi onkin huomioitava tarkkaan, millaisia sanoja ja k\u00e4sitteit\u00e4 toimenpiteist\u00e4 k\u00e4ytet\u00e4\u00e4n. (Storvik-Syd\u00e4nmaa ym. 2019.)<\/p>\n\n\n\n<h2 class=\"wp-block-heading\">Lapsen huomiointi kirjeell\u00e4<\/h2>\n\n\n\n<p>Silm\u00e4leikkausosastolla koettiin tarpeelliseksi kehitt\u00e4\u00e4 lapsipotilaiden preoperatiivista ohjausta. Anestesiahoitoty\u00f6h\u00f6n erikoistunut osaaja -t\u00e4ydennyskoulutuskurssin yhteydess\u00e4 kehitt\u00e4misteht\u00e4v\u00e4ksi valikoitui laatia lapselle oma kutsukirje, jonka tavoitteena on luoda lapselle ik\u00e4tasoon sopivalla tavalla totuudenmukainen ja positiivinen kuva toimenpidep\u00e4iv\u00e4st\u00e4 silm\u00e4leikkausosastolla. Kirjeen tarkoituksena on sek\u00e4 vahvistaa vanhempien valmiuksia valmistella lasta toimenpiteeseen ett\u00e4 huomioida lapsi t\u00e4rke\u00e4n\u00e4 osana omaa hoitoaan.<\/p>\n\n\n\n<p>Kirjeen kohderyhm\u00e4ksi valikoitui alakoulu- ja leikki-ik\u00e4iset lapset, ja sen laatimista varten seurattiin lapsipotilaan hoitopolkua yhden leikkausp\u00e4iv\u00e4n ajan Tyksin silm\u00e4klinikan p\u00e4iv\u00e4kirurgisella ja leikkausosastolla. Lis\u00e4ksi keskusteltiin hoitok\u00e4yt\u00e4nn\u00f6ist\u00e4 hoitajien kanssa ja pyydettiin kommentteja ja ehdotuksia koskien kirjeen raakaversiota.<\/p>\n\n\n\n<p>Tuotoksena syntyneess\u00e4 kirjeess\u00e4 leikkausosaston Uninalle toivottaa lapsen tervetulleeksi ja havainnollistavien kuvien avulla kertoo tulevasta leikkausp\u00e4iv\u00e4st\u00e4. Kirjeess\u00e4 kerrotaan mit\u00e4 toimenpidep\u00e4iv\u00e4n\u00e4 konkreettisesti tapahtuu, keit\u00e4 lapsi tapaa p\u00e4iv\u00e4n aikana, mit\u00e4 valmisteluhuoneessa tapahtuu, millaisia mittareita ja laitteita k\u00e4ytet\u00e4\u00e4n ja mit\u00e4 leikkauksen j\u00e4lkeen her\u00e4\u00e4m\u00f6ss\u00e4 ja p\u00e4iv\u00e4kirurgisen osaston lep\u00e4\u00e4m\u00f6ss\u00e4 tapahtuu ennen kotiutumista.<\/p>\n\n\n\n<figure class=\"wp-block-image size-large\"><img loading=\"lazy\" decoding=\"async\" width=\"1024\" height=\"564\" src=\"https:\/\/blogit.lab.fi\/labfocus\/wp-content\/uploads\/sites\/8\/2022\/03\/104_2022_Lapsipotilaan-emotionaalinen-valmistaminen-silmaleikkaukseen_2-1024x564.jpg\" alt=\"[Alt-teksti: Leikkaussali, jossa hoitaja osoittaa k\u00e4dell\u00e4\u00e4n kohti monitoria ja lapsipotilas katselee samaa n\u00e4kym\u00e4\u00e4 pehmolelu toisessa k\u00e4dess\u00e4, toisen k\u00e4den etusormessa on mittalaite johtoineen.]\" class=\"wp-image-7387\" srcset=\"https:\/\/blogit.lab.fi\/labfocus\/wp-content\/uploads\/sites\/8\/2022\/03\/104_2022_Lapsipotilaan-emotionaalinen-valmistaminen-silmaleikkaukseen_2-1024x564.jpg 1024w, https:\/\/blogit.lab.fi\/labfocus\/wp-content\/uploads\/sites\/8\/2022\/03\/104_2022_Lapsipotilaan-emotionaalinen-valmistaminen-silmaleikkaukseen_2-300x165.jpg 300w, https:\/\/blogit.lab.fi\/labfocus\/wp-content\/uploads\/sites\/8\/2022\/03\/104_2022_Lapsipotilaan-emotionaalinen-valmistaminen-silmaleikkaukseen_2-768x423.jpg 768w, https:\/\/blogit.lab.fi\/labfocus\/wp-content\/uploads\/sites\/8\/2022\/03\/104_2022_Lapsipotilaan-emotionaalinen-valmistaminen-silmaleikkaukseen_2.jpg 1280w\" sizes=\"auto, (max-width: 1024px) 100vw, 1024px\" \/><figcaption>Kuva 2. Pient\u00e4 potilasta valmistellaan yleisanestesiaa varten leikkaussalissa. (Kuva: Kirill Ahtola)<\/figcaption><\/figure>\n\n\n\n<p>Kirje tullaan l\u00e4hett\u00e4m\u00e4\u00e4n lapsipotilaille kutsukirjeen yhteydess\u00e4 ja se liitet\u00e4\u00e4n my\u00f6hemmin my\u00f6s Varsinais-Suomen sairaanhoitopiirin hoito-ohjeet.fi -sivulle. Kirjeest\u00e4 on sek\u00e4 suomen- ett\u00e4 ruotsinkieliset versiot.<\/p>\n\n\n\n<p>Toiveissa on, ett\u00e4 kirjeen pohjalta voitaisiin jatkossa toteuttaa my\u00f6s ohjausvideo, esimerkiksi yhteisty\u00f6ss\u00e4 opinn\u00e4ytety\u00f6t\u00e4 tekev\u00e4n opiskelijaryhm\u00e4n kanssa. Lapsen ik\u00e4tasoon sopiva ja oikein ajoitettu preoperatiivinen ohjausvideo kun on varsin kustannustehokas audiovisuaalinen ohjausmenetelm\u00e4 ja toimiva my\u00f6s pienimmill\u00e4 leikki-ik\u00e4isill\u00e4 lapsilla.<\/p>\n\n\n\n<div class=\"wp-block-group\"><div class=\"wp-block-group__inner-container is-layout-flow wp-block-group-is-layout-flow\">\n<div class=\"wp-block-group has-background\" style=\"background-color:#8df1fc\"><div class=\"wp-block-group__inner-container is-layout-flow wp-block-group-is-layout-flow\">\n<p>Kirjoittajat<\/p>\n\n\n\n<p><strong>Kaisa Yl\u00e4-Outinen<\/strong> ty\u00f6skentelee sairaanhoitajana Tyksin silm\u00e4leikkausosastolla ja opiskelee LAB-ammattikorkeakoulun Anestesiahoitoty\u00f6h\u00f6n erikoistunut osaaja -koulutuksessa.<\/p>\n\n\n\n<p><strong>Maria Tuominen<\/strong> ty\u00f6skentelee LAB-ammattikorkeakoulussa lehtorina Hyvinvointi-yksik\u00f6ss\u00e4. H\u00e4n on toiminut vastuuopettajana Anestesiahoitoty\u00f6h\u00f6n erikoistunut osaaja -koulutuksessa.<\/p>\n<\/div><\/div>\n<\/div><\/div>\n\n\n\n<h2 class=\"wp-block-heading\">L\u00e4hteet<\/h2>\n\n\n\n<p>Boles, J. 2016. Children\u2019s Corner: Perspectives on Supportive Care. Preparing Children and Families For Procedures or Surgery. Pediatric Nursing. Vol 42(3): 147\u2013149. Viitattu 18.2.2022. Saatavissa <a href=\"http:\/\/search.ebscohost.com.ezproxy.saimia.fi\/login.aspx?direct=true&amp;db=c8h&amp;AN=116249515&amp;site=ehost-live\" target=\"_blank\" rel=\"noreferrer noopener\">http:\/\/search.ebscohost.com.ezproxy.saimia.fi\/login.aspx?direct=true&amp;db=c8h&amp;AN=116249515&amp;site=ehost-live<\/a><\/p>\n\n\n\n<p>Chow, C.H.T., Van Lieshout, R.J., Schmidt, L.A., Dobson, K.G. &amp; Buckley, N. 2016. Systematic Review: Audiovisual Interventions for Reducing Preoperative Anxiety in Children Undergoing Elective Surgery. Journal of Pediatric Psychology. Vol. 41(2): 182-203. Viitattu 18.2.2022. Saatavissa doi: 10.1093\/jpepsy\/jsv094.<\/p>\n\n\n\n<p>Storvik-Syd\u00e4nmaa, S., Tervaj\u00e4rvi, L.&amp; Hammar, A-M. 2019. Lapsen ja perheen hoitoty\u00f6. Sanoma Pro Oy. Helsinki.<\/p>\n","protected":false},"excerpt":{"rendered":"<p>Turun yliopistollisen keskussairaalan eli Tyksin silm\u00e4leikkausosastolla hoidetaan viikoittain lapsipotilaita, joiden ik\u00e4jakauma on noin yksivuotiaista kouluik\u00e4isiin ja nuoriin. Toimenpiteet ovat p\u00e4\u00e4s\u00e4\u00e4nt\u00f6isesti elektiivisi\u00e4 ja p\u00e4iv\u00e4kirurgisia ja tehd\u00e4\u00e4n yleisanestesiassa. Leikkausp\u00e4\u00e4t\u00f6ksen j\u00e4lkeen potilaat vanhempineen saavat kutsukirjeen yhteydess\u00e4 kirjalliset ohjeet leikkausp\u00e4iv\u00e4\u00e4n ja yleisanestesiaan valmistautumiseen. Lapsen emotionaalinen valmistaminen j\u00e4nnitt\u00e4v\u00e4\u00e4 leikkausp\u00e4iv\u00e4\u00e4 varten j\u00e4\u00e4 kuitenkin pitk\u00e4lti vanhempien oman aktiivisuuden varaan. Hyv\u00e4 valmistautuminen lis\u00e4\u00e4 [&hellip;]<\/p>\n","protected":false},"author":17,"featured_media":7386,"comment_status":"closed","ping_status":"open","sticky":false,"template":"","format":"standard","meta":{"footnotes":""},"categories":[15],"tags":[29,2308,257,3371,3370],"class_list":{"0":"post-7385","1":"post","2":"type-post","3":"status-publish","4":"format-standard","5":"has-post-thumbnail","7":"category-health_fi","8":"tag-artikkeli-e1","9":"tag-emotionaalinen-tuki","10":"tag-kehittaminen","11":"tag-lapsipotilas","12":"tag-silmaleikkaus","13":"czr-hentry"},"yoast_head":"<!-- This site is optimized with the Yoast SEO plugin v27.5 - https:\/\/yoast.com\/product\/yoast-seo-wordpress\/ -->\n<title>Lapsipotilaan emotionaalinen valmistaminen silm\u00e4leikkaukseen - LAB Focus<\/title>\n<meta name=\"description\" content=\"T\u00e4ydennyskoulutuskurssin kehitt\u00e4misteht\u00e4v\u00e4n\u00e4 syntyi Tyksin silm\u00e4klinikalle opaskirje, joka l\u00e4hetet\u00e4\u00e4n leikkaukseen tuleville lapsipotilaille.\" \/>\n<meta name=\"robots\" content=\"index, follow, max-snippet:-1, max-image-preview:large, max-video-preview:-1\" \/>\n<link rel=\"canonical\" href=\"https:\/\/blogit.lab.fi\/labfocus\/lapsipotilaan-emotionaalinen-valmistaminen-silmaleikkaukseen\/\" \/>\n<meta property=\"og:locale\" content=\"fi_FI\" \/>\n<meta property=\"og:type\" content=\"article\" \/>\n<meta property=\"og:title\" content=\"Lapsipotilaan emotionaalinen valmistaminen silm\u00e4leikkaukseen - LAB Focus\" \/>\n<meta property=\"og:description\" content=\"T\u00e4ydennyskoulutuskurssin kehitt\u00e4misteht\u00e4v\u00e4n\u00e4 syntyi Tyksin silm\u00e4klinikalle opaskirje, joka l\u00e4hetet\u00e4\u00e4n leikkaukseen tuleville lapsipotilaille.\" \/>\n<meta property=\"og:url\" content=\"https:\/\/blogit.lab.fi\/labfocus\/lapsipotilaan-emotionaalinen-valmistaminen-silmaleikkaukseen\/\" \/>\n<meta property=\"og:site_name\" content=\"LAB Focus\" \/>\n<meta property=\"article:published_time\" content=\"2022-03-08T09:41:54+00:00\" \/>\n<meta property=\"article:modified_time\" content=\"2022-03-08T09:41:55+00:00\" \/>\n<meta property=\"og:image\" content=\"https:\/\/blogit.lab.fi\/labfocus\/wp-content\/uploads\/sites\/8\/2022\/03\/104_2022_Lapsipotilaan-emotionaalinen-valmistaminen-silmaleikkaukseen_1.jpg\" \/>\n\t<meta property=\"og:image:width\" content=\"1280\" \/>\n\t<meta property=\"og:image:height\" content=\"768\" \/>\n\t<meta property=\"og:image:type\" content=\"image\/jpeg\" \/>\n<meta name=\"author\" content=\"tainask\" \/>\n<meta name=\"twitter:card\" content=\"summary_large_image\" \/>\n<meta name=\"twitter:creator\" content=\"@LABfinland\" \/>\n<meta name=\"twitter:site\" content=\"@LABfinland\" \/>\n<meta name=\"twitter:label1\" content=\"Kirjoittanut\" \/>\n\t<meta name=\"twitter:data1\" content=\"tainask\" \/>\n\t<meta name=\"twitter:label2\" content=\"Arvioitu lukuaika\" \/>\n\t<meta name=\"twitter:data2\" content=\"4 minuuttia\" \/>\n<script type=\"application\/ld+json\" class=\"yoast-schema-graph\">{\"@context\":\"https:\\\/\\\/schema.org\",\"@graph\":[{\"@type\":\"Article\",\"@id\":\"https:\\\/\\\/blogit.lab.fi\\\/labfocus\\\/lapsipotilaan-emotionaalinen-valmistaminen-silmaleikkaukseen\\\/#article\",\"isPartOf\":{\"@id\":\"https:\\\/\\\/blogit.lab.fi\\\/labfocus\\\/lapsipotilaan-emotionaalinen-valmistaminen-silmaleikkaukseen\\\/\"},\"author\":{\"name\":\"tainask\",\"@id\":\"https:\\\/\\\/blogit.lab.fi\\\/labfocus\\\/#\\\/schema\\\/person\\\/da729f65c4a2fb9fd8f0b1ec7a2ab7d0\"},\"headline\":\"Lapsipotilaan emotionaalinen valmistaminen silm\u00e4leikkaukseen\",\"datePublished\":\"2022-03-08T09:41:54+00:00\",\"dateModified\":\"2022-03-08T09:41:55+00:00\",\"mainEntityOfPage\":{\"@id\":\"https:\\\/\\\/blogit.lab.fi\\\/labfocus\\\/lapsipotilaan-emotionaalinen-valmistaminen-silmaleikkaukseen\\\/\"},\"wordCount\":606,\"publisher\":{\"@id\":\"https:\\\/\\\/blogit.lab.fi\\\/labfocus\\\/#organization\"},\"image\":{\"@id\":\"https:\\\/\\\/blogit.lab.fi\\\/labfocus\\\/lapsipotilaan-emotionaalinen-valmistaminen-silmaleikkaukseen\\\/#primaryimage\"},\"thumbnailUrl\":\"https:\\\/\\\/blogit.lab.fi\\\/labfocus\\\/wp-content\\\/uploads\\\/sites\\\/8\\\/2022\\\/03\\\/104_2022_Lapsipotilaan-emotionaalinen-valmistaminen-silmaleikkaukseen_1.jpg\",\"keywords\":[\"Artikkeli E1\",\"emotionaalinen tuki\",\"kehitt\u00e4minen\",\"lapsipotilas\",\"silm\u00e4leikkaus\"],\"articleSection\":[\"Health\"],\"inLanguage\":\"fi\"},{\"@type\":\"WebPage\",\"@id\":\"https:\\\/\\\/blogit.lab.fi\\\/labfocus\\\/lapsipotilaan-emotionaalinen-valmistaminen-silmaleikkaukseen\\\/\",\"url\":\"https:\\\/\\\/blogit.lab.fi\\\/labfocus\\\/lapsipotilaan-emotionaalinen-valmistaminen-silmaleikkaukseen\\\/\",\"name\":\"Lapsipotilaan emotionaalinen valmistaminen silm\u00e4leikkaukseen - LAB Focus\",\"isPartOf\":{\"@id\":\"https:\\\/\\\/blogit.lab.fi\\\/labfocus\\\/#website\"},\"primaryImageOfPage\":{\"@id\":\"https:\\\/\\\/blogit.lab.fi\\\/labfocus\\\/lapsipotilaan-emotionaalinen-valmistaminen-silmaleikkaukseen\\\/#primaryimage\"},\"image\":{\"@id\":\"https:\\\/\\\/blogit.lab.fi\\\/labfocus\\\/lapsipotilaan-emotionaalinen-valmistaminen-silmaleikkaukseen\\\/#primaryimage\"},\"thumbnailUrl\":\"https:\\\/\\\/blogit.lab.fi\\\/labfocus\\\/wp-content\\\/uploads\\\/sites\\\/8\\\/2022\\\/03\\\/104_2022_Lapsipotilaan-emotionaalinen-valmistaminen-silmaleikkaukseen_1.jpg\",\"datePublished\":\"2022-03-08T09:41:54+00:00\",\"dateModified\":\"2022-03-08T09:41:55+00:00\",\"description\":\"T\u00e4ydennyskoulutuskurssin kehitt\u00e4misteht\u00e4v\u00e4n\u00e4 syntyi Tyksin silm\u00e4klinikalle opaskirje, joka l\u00e4hetet\u00e4\u00e4n leikkaukseen tuleville lapsipotilaille.\",\"breadcrumb\":{\"@id\":\"https:\\\/\\\/blogit.lab.fi\\\/labfocus\\\/lapsipotilaan-emotionaalinen-valmistaminen-silmaleikkaukseen\\\/#breadcrumb\"},\"inLanguage\":\"fi\",\"potentialAction\":[{\"@type\":\"ReadAction\",\"target\":[\"https:\\\/\\\/blogit.lab.fi\\\/labfocus\\\/lapsipotilaan-emotionaalinen-valmistaminen-silmaleikkaukseen\\\/\"]}]},{\"@type\":\"ImageObject\",\"inLanguage\":\"fi\",\"@id\":\"https:\\\/\\\/blogit.lab.fi\\\/labfocus\\\/lapsipotilaan-emotionaalinen-valmistaminen-silmaleikkaukseen\\\/#primaryimage\",\"url\":\"https:\\\/\\\/blogit.lab.fi\\\/labfocus\\\/wp-content\\\/uploads\\\/sites\\\/8\\\/2022\\\/03\\\/104_2022_Lapsipotilaan-emotionaalinen-valmistaminen-silmaleikkaukseen_1.jpg\",\"contentUrl\":\"https:\\\/\\\/blogit.lab.fi\\\/labfocus\\\/wp-content\\\/uploads\\\/sites\\\/8\\\/2022\\\/03\\\/104_2022_Lapsipotilaan-emotionaalinen-valmistaminen-silmaleikkaukseen_1.jpg\",\"width\":1280,\"height\":768},{\"@type\":\"BreadcrumbList\",\"@id\":\"https:\\\/\\\/blogit.lab.fi\\\/labfocus\\\/lapsipotilaan-emotionaalinen-valmistaminen-silmaleikkaukseen\\\/#breadcrumb\",\"itemListElement\":[{\"@type\":\"ListItem\",\"position\":1,\"name\":\"Home\",\"item\":\"https:\\\/\\\/blogit.lab.fi\\\/labfocus\\\/\"},{\"@type\":\"ListItem\",\"position\":2,\"name\":\"Lapsipotilaan emotionaalinen valmistaminen silm\u00e4leikkaukseen\"}]},{\"@type\":\"WebSite\",\"@id\":\"https:\\\/\\\/blogit.lab.fi\\\/labfocus\\\/#website\",\"url\":\"https:\\\/\\\/blogit.lab.fi\\\/labfocus\\\/\",\"name\":\"LAB Focus\",\"description\":\"Focus Area blog | LAB University of Applied Sciences\",\"publisher\":{\"@id\":\"https:\\\/\\\/blogit.lab.fi\\\/labfocus\\\/#organization\"},\"potentialAction\":[{\"@type\":\"SearchAction\",\"target\":{\"@type\":\"EntryPoint\",\"urlTemplate\":\"https:\\\/\\\/blogit.lab.fi\\\/labfocus\\\/?s={search_term_string}\"},\"query-input\":{\"@type\":\"PropertyValueSpecification\",\"valueRequired\":true,\"valueName\":\"search_term_string\"}}],\"inLanguage\":\"fi\"},{\"@type\":\"Organization\",\"@id\":\"https:\\\/\\\/blogit.lab.fi\\\/labfocus\\\/#organization\",\"name\":\"LAB Focus\",\"url\":\"https:\\\/\\\/blogit.lab.fi\\\/labfocus\\\/\",\"logo\":{\"@type\":\"ImageObject\",\"inLanguage\":\"fi\",\"@id\":\"https:\\\/\\\/blogit.lab.fi\\\/labfocus\\\/#\\\/schema\\\/logo\\\/image\\\/\",\"url\":\"https:\\\/\\\/blogit.lab.fi\\\/labfocus\\\/wp-content\\\/uploads\\\/sites\\\/8\\\/2020\\\/04\\\/cropped-cropped-tunnus_blogi-01.png\",\"contentUrl\":\"https:\\\/\\\/blogit.lab.fi\\\/labfocus\\\/wp-content\\\/uploads\\\/sites\\\/8\\\/2020\\\/04\\\/cropped-cropped-tunnus_blogi-01.png\",\"width\":1342,\"height\":288,\"caption\":\"LAB Focus\"},\"image\":{\"@id\":\"https:\\\/\\\/blogit.lab.fi\\\/labfocus\\\/#\\\/schema\\\/logo\\\/image\\\/\"},\"sameAs\":[\"https:\\\/\\\/x.com\\\/LABfinland\"]},{\"@type\":\"Person\",\"@id\":\"https:\\\/\\\/blogit.lab.fi\\\/labfocus\\\/#\\\/schema\\\/person\\\/da729f65c4a2fb9fd8f0b1ec7a2ab7d0\",\"name\":\"tainask\",\"image\":{\"@type\":\"ImageObject\",\"inLanguage\":\"fi\",\"@id\":\"https:\\\/\\\/secure.gravatar.com\\\/avatar\\\/4a96427877ef826b76e80c27f60b266128094f522551459346efcf14282febb3?s=96&d=mm&r=g\",\"url\":\"https:\\\/\\\/secure.gravatar.com\\\/avatar\\\/4a96427877ef826b76e80c27f60b266128094f522551459346efcf14282febb3?s=96&d=mm&r=g\",\"contentUrl\":\"https:\\\/\\\/secure.gravatar.com\\\/avatar\\\/4a96427877ef826b76e80c27f60b266128094f522551459346efcf14282febb3?s=96&d=mm&r=g\",\"caption\":\"tainask\"},\"url\":\"https:\\\/\\\/blogit.lab.fi\\\/labfocus\\\/author\\\/tainask\\\/\"}]}<\/script>\n<!-- \/ Yoast SEO plugin. -->","yoast_head_json":{"title":"Lapsipotilaan emotionaalinen valmistaminen silm\u00e4leikkaukseen - LAB Focus","description":"T\u00e4ydennyskoulutuskurssin kehitt\u00e4misteht\u00e4v\u00e4n\u00e4 syntyi Tyksin silm\u00e4klinikalle opaskirje, joka l\u00e4hetet\u00e4\u00e4n leikkaukseen tuleville lapsipotilaille.","robots":{"index":"index","follow":"follow","max-snippet":"max-snippet:-1","max-image-preview":"max-image-preview:large","max-video-preview":"max-video-preview:-1"},"canonical":"https:\/\/blogit.lab.fi\/labfocus\/lapsipotilaan-emotionaalinen-valmistaminen-silmaleikkaukseen\/","og_locale":"fi_FI","og_type":"article","og_title":"Lapsipotilaan emotionaalinen valmistaminen silm\u00e4leikkaukseen - LAB Focus","og_description":"T\u00e4ydennyskoulutuskurssin kehitt\u00e4misteht\u00e4v\u00e4n\u00e4 syntyi Tyksin silm\u00e4klinikalle opaskirje, joka l\u00e4hetet\u00e4\u00e4n leikkaukseen tuleville lapsipotilaille.","og_url":"https:\/\/blogit.lab.fi\/labfocus\/lapsipotilaan-emotionaalinen-valmistaminen-silmaleikkaukseen\/","og_site_name":"LAB Focus","article_published_time":"2022-03-08T09:41:54+00:00","article_modified_time":"2022-03-08T09:41:55+00:00","og_image":[{"width":1280,"height":768,"url":"https:\/\/blogit.lab.fi\/labfocus\/wp-content\/uploads\/sites\/8\/2022\/03\/104_2022_Lapsipotilaan-emotionaalinen-valmistaminen-silmaleikkaukseen_1.jpg","type":"image\/jpeg"}],"author":"tainask","twitter_card":"summary_large_image","twitter_creator":"@LABfinland","twitter_site":"@LABfinland","twitter_misc":{"Kirjoittanut":"tainask","Arvioitu lukuaika":"4 minuuttia"},"schema":{"@context":"https:\/\/schema.org","@graph":[{"@type":"Article","@id":"https:\/\/blogit.lab.fi\/labfocus\/lapsipotilaan-emotionaalinen-valmistaminen-silmaleikkaukseen\/#article","isPartOf":{"@id":"https:\/\/blogit.lab.fi\/labfocus\/lapsipotilaan-emotionaalinen-valmistaminen-silmaleikkaukseen\/"},"author":{"name":"tainask","@id":"https:\/\/blogit.lab.fi\/labfocus\/#\/schema\/person\/da729f65c4a2fb9fd8f0b1ec7a2ab7d0"},"headline":"Lapsipotilaan emotionaalinen valmistaminen silm\u00e4leikkaukseen","datePublished":"2022-03-08T09:41:54+00:00","dateModified":"2022-03-08T09:41:55+00:00","mainEntityOfPage":{"@id":"https:\/\/blogit.lab.fi\/labfocus\/lapsipotilaan-emotionaalinen-valmistaminen-silmaleikkaukseen\/"},"wordCount":606,"publisher":{"@id":"https:\/\/blogit.lab.fi\/labfocus\/#organization"},"image":{"@id":"https:\/\/blogit.lab.fi\/labfocus\/lapsipotilaan-emotionaalinen-valmistaminen-silmaleikkaukseen\/#primaryimage"},"thumbnailUrl":"https:\/\/blogit.lab.fi\/labfocus\/wp-content\/uploads\/sites\/8\/2022\/03\/104_2022_Lapsipotilaan-emotionaalinen-valmistaminen-silmaleikkaukseen_1.jpg","keywords":["Artikkeli E1","emotionaalinen tuki","kehitt\u00e4minen","lapsipotilas","silm\u00e4leikkaus"],"articleSection":["Health"],"inLanguage":"fi"},{"@type":"WebPage","@id":"https:\/\/blogit.lab.fi\/labfocus\/lapsipotilaan-emotionaalinen-valmistaminen-silmaleikkaukseen\/","url":"https:\/\/blogit.lab.fi\/labfocus\/lapsipotilaan-emotionaalinen-valmistaminen-silmaleikkaukseen\/","name":"Lapsipotilaan emotionaalinen valmistaminen silm\u00e4leikkaukseen - LAB Focus","isPartOf":{"@id":"https:\/\/blogit.lab.fi\/labfocus\/#website"},"primaryImageOfPage":{"@id":"https:\/\/blogit.lab.fi\/labfocus\/lapsipotilaan-emotionaalinen-valmistaminen-silmaleikkaukseen\/#primaryimage"},"image":{"@id":"https:\/\/blogit.lab.fi\/labfocus\/lapsipotilaan-emotionaalinen-valmistaminen-silmaleikkaukseen\/#primaryimage"},"thumbnailUrl":"https:\/\/blogit.lab.fi\/labfocus\/wp-content\/uploads\/sites\/8\/2022\/03\/104_2022_Lapsipotilaan-emotionaalinen-valmistaminen-silmaleikkaukseen_1.jpg","datePublished":"2022-03-08T09:41:54+00:00","dateModified":"2022-03-08T09:41:55+00:00","description":"T\u00e4ydennyskoulutuskurssin kehitt\u00e4misteht\u00e4v\u00e4n\u00e4 syntyi Tyksin silm\u00e4klinikalle opaskirje, joka l\u00e4hetet\u00e4\u00e4n leikkaukseen tuleville lapsipotilaille.","breadcrumb":{"@id":"https:\/\/blogit.lab.fi\/labfocus\/lapsipotilaan-emotionaalinen-valmistaminen-silmaleikkaukseen\/#breadcrumb"},"inLanguage":"fi","potentialAction":[{"@type":"ReadAction","target":["https:\/\/blogit.lab.fi\/labfocus\/lapsipotilaan-emotionaalinen-valmistaminen-silmaleikkaukseen\/"]}]},{"@type":"ImageObject","inLanguage":"fi","@id":"https:\/\/blogit.lab.fi\/labfocus\/lapsipotilaan-emotionaalinen-valmistaminen-silmaleikkaukseen\/#primaryimage","url":"https:\/\/blogit.lab.fi\/labfocus\/wp-content\/uploads\/sites\/8\/2022\/03\/104_2022_Lapsipotilaan-emotionaalinen-valmistaminen-silmaleikkaukseen_1.jpg","contentUrl":"https:\/\/blogit.lab.fi\/labfocus\/wp-content\/uploads\/sites\/8\/2022\/03\/104_2022_Lapsipotilaan-emotionaalinen-valmistaminen-silmaleikkaukseen_1.jpg","width":1280,"height":768},{"@type":"BreadcrumbList","@id":"https:\/\/blogit.lab.fi\/labfocus\/lapsipotilaan-emotionaalinen-valmistaminen-silmaleikkaukseen\/#breadcrumb","itemListElement":[{"@type":"ListItem","position":1,"name":"Home","item":"https:\/\/blogit.lab.fi\/labfocus\/"},{"@type":"ListItem","position":2,"name":"Lapsipotilaan emotionaalinen valmistaminen silm\u00e4leikkaukseen"}]},{"@type":"WebSite","@id":"https:\/\/blogit.lab.fi\/labfocus\/#website","url":"https:\/\/blogit.lab.fi\/labfocus\/","name":"LAB Focus","description":"Focus Area blog | LAB University of Applied Sciences","publisher":{"@id":"https:\/\/blogit.lab.fi\/labfocus\/#organization"},"potentialAction":[{"@type":"SearchAction","target":{"@type":"EntryPoint","urlTemplate":"https:\/\/blogit.lab.fi\/labfocus\/?s={search_term_string}"},"query-input":{"@type":"PropertyValueSpecification","valueRequired":true,"valueName":"search_term_string"}}],"inLanguage":"fi"},{"@type":"Organization","@id":"https:\/\/blogit.lab.fi\/labfocus\/#organization","name":"LAB Focus","url":"https:\/\/blogit.lab.fi\/labfocus\/","logo":{"@type":"ImageObject","inLanguage":"fi","@id":"https:\/\/blogit.lab.fi\/labfocus\/#\/schema\/logo\/image\/","url":"https:\/\/blogit.lab.fi\/labfocus\/wp-content\/uploads\/sites\/8\/2020\/04\/cropped-cropped-tunnus_blogi-01.png","contentUrl":"https:\/\/blogit.lab.fi\/labfocus\/wp-content\/uploads\/sites\/8\/2020\/04\/cropped-cropped-tunnus_blogi-01.png","width":1342,"height":288,"caption":"LAB Focus"},"image":{"@id":"https:\/\/blogit.lab.fi\/labfocus\/#\/schema\/logo\/image\/"},"sameAs":["https:\/\/x.com\/LABfinland"]},{"@type":"Person","@id":"https:\/\/blogit.lab.fi\/labfocus\/#\/schema\/person\/da729f65c4a2fb9fd8f0b1ec7a2ab7d0","name":"tainask","image":{"@type":"ImageObject","inLanguage":"fi","@id":"https:\/\/secure.gravatar.com\/avatar\/4a96427877ef826b76e80c27f60b266128094f522551459346efcf14282febb3?s=96&d=mm&r=g","url":"https:\/\/secure.gravatar.com\/avatar\/4a96427877ef826b76e80c27f60b266128094f522551459346efcf14282febb3?s=96&d=mm&r=g","contentUrl":"https:\/\/secure.gravatar.com\/avatar\/4a96427877ef826b76e80c27f60b266128094f522551459346efcf14282febb3?s=96&d=mm&r=g","caption":"tainask"},"url":"https:\/\/blogit.lab.fi\/labfocus\/author\/tainask\/"}]}},"_links":{"self":[{"href":"https:\/\/blogit.lab.fi\/labfocus\/wp-json\/wp\/v2\/posts\/7385","targetHints":{"allow":["GET"]}}],"collection":[{"href":"https:\/\/blogit.lab.fi\/labfocus\/wp-json\/wp\/v2\/posts"}],"about":[{"href":"https:\/\/blogit.lab.fi\/labfocus\/wp-json\/wp\/v2\/types\/post"}],"author":[{"embeddable":true,"href":"https:\/\/blogit.lab.fi\/labfocus\/wp-json\/wp\/v2\/users\/17"}],"replies":[{"embeddable":true,"href":"https:\/\/blogit.lab.fi\/labfocus\/wp-json\/wp\/v2\/comments?post=7385"}],"version-history":[{"count":2,"href":"https:\/\/blogit.lab.fi\/labfocus\/wp-json\/wp\/v2\/posts\/7385\/revisions"}],"predecessor-version":[{"id":7389,"href":"https:\/\/blogit.lab.fi\/labfocus\/wp-json\/wp\/v2\/posts\/7385\/revisions\/7389"}],"wp:featuredmedia":[{"embeddable":true,"href":"https:\/\/blogit.lab.fi\/labfocus\/wp-json\/wp\/v2\/media\/7386"}],"wp:attachment":[{"href":"https:\/\/blogit.lab.fi\/labfocus\/wp-json\/wp\/v2\/media?parent=7385"}],"wp:term":[{"taxonomy":"category","embeddable":true,"href":"https:\/\/blogit.lab.fi\/labfocus\/wp-json\/wp\/v2\/categories?post=7385"},{"taxonomy":"post_tag","embeddable":true,"href":"https:\/\/blogit.lab.fi\/labfocus\/wp-json\/wp\/v2\/tags?post=7385"}],"curies":[{"name":"wp","href":"https:\/\/api.w.org\/{rel}","templated":true}]}}