{"id":8123,"date":"2022-05-10T14:16:01","date_gmt":"2022-05-10T11:16:01","guid":{"rendered":"https:\/\/blogit.lab.fi\/labfocus\/?p=8123"},"modified":"2022-05-10T14:16:03","modified_gmt":"2022-05-10T11:16:03","slug":"katsaus-varhaiskasvatuksen-henkilostorakenteen-muutostilanteeseen","status":"publish","type":"post","link":"https:\/\/blogit.lab.fi\/labfocus\/katsaus-varhaiskasvatuksen-henkilostorakenteen-muutostilanteeseen\/","title":{"rendered":"Katsaus varhaiskasvatuksen henkil\u00f6st\u00f6rakenteen muutostilanteeseen"},"content":{"rendered":"\n<p>Varhaiskasvatuslain (540\/2018) mukaan vuoteen 2030 menness\u00e4 varhaiskasvatuksen henkil\u00f6st\u00f6rakenteeseen tulee muutos, joka vahvistaa korkeakoulutettujen kasvattajien m\u00e4\u00e4r\u00e4\u00e4 p\u00e4iv\u00e4kodeissa. Vuonna 2030 jokaisessa p\u00e4iv\u00e4kotiryhm\u00e4ss\u00e4 tulisi olla kaksi korkeakoulutettua kasvattajaa; varhaiskasvatuksen opettajia ja varhaiskasvatuksen sosionomeja. Lis\u00e4ksi tavoitteena on, ett\u00e4 koko p\u00e4iv\u00e4kodissa 2\/3&nbsp; korkeakoulutetuista on varhaiskasvatuksen opettajia.<\/p>\n\n\n\n<p>Kuntaliiton muistiossa tarkastellaan varhaiskasvatuksen henkil\u00f6st\u00f6n riitt\u00e4vyytt\u00e4 tulevina vuosina. Laskelmien ja selvityksen mukaan henkil\u00f6st\u00f6m\u00e4\u00e4r\u00e4 ei tule yliopistojen ja ammattikorkeakoulujen ilmoittamilla koulutusm\u00e4\u00e4rill\u00e4 lainkaan riitt\u00e4m\u00e4\u00e4n. Erityisen\u00e4 haasteena mainitaan varhaiskasvatuksen opettajien riitt\u00e4m\u00e4tt\u00f6myys ja se, ett\u00e4 uuden henkil\u00f6st\u00f6rakenteen mukainen varhaiskasvatuksen sosionomi on ammattinimikkeen\u00e4 kokonaan uusi. Heille ei viel\u00e4 ole pystytty luomaan teht\u00e4v\u00e4kuvauksia, ja esimerkiksi my\u00f6s palkkahinnoittelu on auki. (Lahtinen 2022.)<\/p>\n\n\n\n<h2 class=\"wp-block-heading\">Varhaiskasvatuksen sosionomin ep\u00e4selv\u00e4 toimenkuva<\/h2>\n\n\n\n<p>Varhaiskasvatuksen sosionomin kelpoisuus edellytt\u00e4\u00e4 60 opintopisteen varhaiskasvatuksen ja sosiaalipedagogiikan opintojen sis\u00e4llytt\u00e4mist\u00e4 sosionomitutkintoon. Ammattikorkeakoulut noudattavat ammattikorkeakoulujen yhdess\u00e4 laatimaa suositusta siin\u00e4, mist\u00e4 ja millaisista opinnoista n\u00e4m\u00e4 60 opintopistett\u00e4 koostuvat. (Sosionomi AMK Kompetenssit ja ammatillinen ydinosaaminen varhaiskasvatuksessa 2019).<\/p>\n\n\n\n<figure class=\"wp-block-image size-large is-resized\"><img loading=\"lazy\" decoding=\"async\" src=\"https:\/\/blogit.lab.fi\/labfocus\/wp-content\/uploads\/sites\/8\/2022\/05\/230_2022_Katsaus-varhaiskasvatuksen-henkilostorakenteen-muutostilanteeseen-1024x567.jpg\" alt=\"\" class=\"wp-image-8124\" width=\"698\" height=\"386\" srcset=\"https:\/\/blogit.lab.fi\/labfocus\/wp-content\/uploads\/sites\/8\/2022\/05\/230_2022_Katsaus-varhaiskasvatuksen-henkilostorakenteen-muutostilanteeseen-1024x567.jpg 1024w, https:\/\/blogit.lab.fi\/labfocus\/wp-content\/uploads\/sites\/8\/2022\/05\/230_2022_Katsaus-varhaiskasvatuksen-henkilostorakenteen-muutostilanteeseen-300x166.jpg 300w, https:\/\/blogit.lab.fi\/labfocus\/wp-content\/uploads\/sites\/8\/2022\/05\/230_2022_Katsaus-varhaiskasvatuksen-henkilostorakenteen-muutostilanteeseen-768x425.jpg 768w, https:\/\/blogit.lab.fi\/labfocus\/wp-content\/uploads\/sites\/8\/2022\/05\/230_2022_Katsaus-varhaiskasvatuksen-henkilostorakenteen-muutostilanteeseen.jpg 1280w\" sizes=\"auto, (max-width: 698px) 100vw, 698px\" \/><figcaption>Kuva 1. Laadukas varhaiskasvatus on joka lapsen oikeus. Varhaiskasvatuksen sosionomi on Suomessa viel\u00e4 melko uusi ilmi\u00f6 ja teht\u00e4v\u00e4nkuva vasta t\u00e4smenem\u00e4ss\u00e4. \u00a0(FeeLoona 2016)<\/figcaption><\/figure>\n\n\n\n<p>Oman hankaluutensa kelpoisuuden edellytt\u00e4mien opintojen sis\u00e4lt\u00f6\u00f6n luo se, ettei valtakunnallisesti ole olemassa selke\u00e4\u00e4 ja yksimielist\u00e4 varhaiskasvatuksen sosionomin osaamiskuvausta <a>(Varhaiskasvatuksen koulutusten kehitt\u00e4misohjelma 2021<\/a>\u20122030, 83\u201284). Kunnat eiv\u00e4t my\u00f6sk\u00e4\u00e4n ole viel\u00e4 laajasti l\u00e4hteneet rakentamaan varhaiskasvatuksen sosionomin teht\u00e4v\u00e4kuvausta. Koska ammattinimike on tuore ja teht\u00e4v\u00e4kuva on viel\u00e4 ep\u00e4selv\u00e4, eiv\u00e4t kunnat ole laajemmin l\u00e4hteneet luomaan ja avaamaan varhaiskasvatuksen sosionomin vakansseja.<\/p>\n\n\n\n<p>Samaan aikaan varhaiskasvatus koko maassa kamppailee yh\u00e4 pahenevasta ty\u00f6voimapulasta (Rusi &amp; Felixson 2021). Niin veto- kuin pitovoimankin alalla on laskussa. Uutisointi alaan liittyen nostaa esiin ep\u00e4kohtia, huolia ja henkil\u00f6kunnan puutteesta johtuvia haasteita. Turvallisuuden koetaan vaarantuneen ja kannetaan huolta siit\u00e4, toteutuuko jokaisen lapsen oikeus ja mahdollisuus saada tavoitteellista, omaa kasvuaan ja kehityst\u00e4\u00e4n tukevaa sensitiivist\u00e4 varhaiskasvatusta joka p\u00e4iv\u00e4.<\/p>\n\n\n\n<p>LAB-ammattikorkeakoulussa varhaiskasvatukseen suuntautuminen on ollut aikaisemmin eritt\u00e4in suosittua, noin puolet opiskelijoista on valinnut opinnoissaan sen. T\u00e4ll\u00e4 hetkell\u00e4 ep\u00e4selv\u00e4n tilanteen vuoksi varhaiskasvatuksen opintoihin suuntaudutaan aikaisempaa v\u00e4hemmin.<\/p>\n\n\n\n<p>Toivottavasti varhaiskasvatuksen sosionomin teht\u00e4v\u00e4kuvauksesta ja kokonaistilanteesta saataisiin mahdollisimman pian selvyys ja kunnat avaisivat vakansseja varhaiskasvatuksen sosionomeille. T\u00e4m\u00e4n my\u00f6t\u00e4 kiinnostus opintoja kohtaan palautuisi ja ty\u00f6voimapula helpottuisi. N\u00e4in varhaiskasvatuksen kent\u00e4lle saataisiin osaavia, oman kompetenssin mukaista ty\u00f6t\u00e4 tekevi\u00e4 ammattilaisia.<\/p>\n\n\n\n<div class=\"wp-block-group has-background\" style=\"background-color:#8df1fc\"><div class=\"wp-block-group__inner-container is-layout-flow wp-block-group-is-layout-flow\">\n<p>Kirjoittajat<\/p>\n\n\n\n<p><strong>Helena Hatakka<\/strong> ty\u00f6skentelee yliopettajana LAB-ammattikorkeakoulussa.<\/p>\n\n\n\n<p><strong>Outi Kokko-Muhonen<\/strong> ty\u00f6skentelee lehtorina sosionomikoulutuksessa LAB-ammattikorkeakoulussa.<\/p>\n<\/div><\/div>\n\n\n\n<h2 class=\"wp-block-heading\">L\u00e4hteet<\/h2>\n\n\n\n<p>FeeLoona. 2016. Gr\u00fcnhagen, E. Lapsi, torni, rakenneosat, lohkoja. Pixabay. Viitattu 21.4.2022. Saatavissa <a href=\"https:\/\/pixabay.com\/fi\/photos\/lapsi-torni-rakenneosat-lohkoja-1864718\/\" target=\"_blank\" rel=\"noreferrer noopener\">https:\/\/pixabay.com\/fi\/photos\/lapsi-torni-rakenneosat-lohkoja-1864718\/<\/a><\/p>\n\n\n\n<p>Lahtinen, J. 2022. Kuntaliiton selvitys varhaiskasvatuksen henkil\u00f6st\u00f6n riitt\u00e4vyydest\u00e4. Kuntaliitto. Viitattu 21.4.2022. Saatavissa <a href=\"https:\/\/www.kuntaliitto.fi\/sites\/default\/files\/media\/file\/Varhaiskasvatus_ty%C3%B6ntekij%C3%B6iden%20riitt%C3%A4vyys%20%28002%29.pdf\" target=\"_blank\" rel=\"noreferrer noopener\">https:\/\/www.kuntaliitto.fi\/sites\/default\/files\/media\/file\/Varhaiskasvatus_ty%C3%B6ntekij%C3%B6iden%20riitt%C3%A4vyys%20%28002%29.pdf<\/a><\/p>\n\n\n\n<p>Rusi, M. &amp; Felixson, K. 2021. Varhaiskasvatuksen ty\u00f6voimapulaan on ratkaisuja. Turun Sanomat 15.12.2021.<\/p>\n\n\n\n<p><a>Sosionomi (AMK) kompetenssit ja ammatillinen ydinosaaminen. 2019. Osaamiskuvaus.<\/a>\u00a0 Julkaisematon l\u00e4hde.<\/p>\n\n\n\n<p>Varhaiskasvatuslaki 540\/2018. <a>Finlex. Viitattu 21.4.2022. Saatavissa \u00a0https:\/\/www.finlex.fi\/fi\/laki\/alkup\/2018\/20180540<\/a>\u00a0<\/p>\n\n\n\n<p>Varhaiskasvatuksen koulutusten kehitt\u00e4misohjelma 2021\u20122030. 2021. Varhaiskasvatuksen koulutusten kehitt\u00e4misfoorumi. Opetus- ja kulttuuriministeri\u00f6n julkaisuja 2021:3. Viitattu 21.4.2022. Saatavissa<\/p>\n\n\n\n<p><a href=\"https:\/\/julkaisut.valtioneuvosto.fi\/bitstream\/handle\/10024\/162662\/OKM_2021_3.pdf?sequence=1&amp;isAllowed=y\">https:\/\/julkaisut.valtioneuvosto.fi\/bitstream\/handle\/10024\/162662\/OKM_2021_3.pdf?sequence=1&amp;isAllowed=y<\/a><\/p>\n\n\n\n<hr class=\"wp-block-separator\" \/>\n\n\n\n<p><a id=\"_msocom_1\"><\/a><\/p>\n","protected":false},"excerpt":{"rendered":"<p>Varhaiskasvatuslain (540\/2018) mukaan vuoteen 2030 menness\u00e4 varhaiskasvatuksen henkil\u00f6st\u00f6rakenteeseen tulee muutos, joka vahvistaa korkeakoulutettujen kasvattajien m\u00e4\u00e4r\u00e4\u00e4 p\u00e4iv\u00e4kodeissa. Vuonna 2030 jokaisessa p\u00e4iv\u00e4kotiryhm\u00e4ss\u00e4 tulisi olla kaksi korkeakoulutettua kasvattajaa; varhaiskasvatuksen opettajia ja varhaiskasvatuksen sosionomeja. Lis\u00e4ksi tavoitteena on, ett\u00e4 koko p\u00e4iv\u00e4kodissa 2\/3&nbsp; korkeakoulutetuista on varhaiskasvatuksen opettajia. Kuntaliiton muistiossa tarkastellaan varhaiskasvatuksen henkil\u00f6st\u00f6n riitt\u00e4vyytt\u00e4 tulevina vuosina. Laskelmien ja selvityksen mukaan henkil\u00f6st\u00f6m\u00e4\u00e4r\u00e4 ei [&hellip;]<\/p>\n","protected":false},"author":17,"featured_media":8124,"comment_status":"closed","ping_status":"open","sticky":false,"template":"","format":"standard","meta":{"footnotes":""},"categories":[15,119],"tags":[29,3674,3672,263],"class_list":{"0":"post-8123","1":"post","2":"type-post","3":"status-publish","4":"format-standard","5":"has-post-thumbnail","7":"category-health_fi","8":"category-osallisuuden-edistaminen-ja-turvallinen-arki","9":"tag-artikkeli-e1","10":"tag-henkilostorakenne","11":"tag-varhaiskasvatuksen-sosionomi-fi","12":"tag-varhaiskasvatus","13":"czr-hentry"},"yoast_head":"<!-- This site is optimized with the Yoast SEO plugin v27.4 - https:\/\/yoast.com\/product\/yoast-seo-wordpress\/ -->\n<title>Katsaus varhaiskasvatuksen henkil\u00f6st\u00f6rakenteen muutostilanteeseen - LAB Focus<\/title>\n<meta name=\"description\" content=\"Tavoitteena on lis\u00e4t\u00e4 korkeakoulutettujen m\u00e4\u00e4r\u00e4\u00e4 varhaiskasvatuksessa, mutta varhaiskasvatuksen sosionomien teht\u00e4v\u00e4nkuva ja palkkaus on vasta muotoutumassa.\" \/>\n<meta name=\"robots\" content=\"index, follow, max-snippet:-1, max-image-preview:large, max-video-preview:-1\" \/>\n<link rel=\"canonical\" href=\"https:\/\/blogit.lab.fi\/labfocus\/katsaus-varhaiskasvatuksen-henkilostorakenteen-muutostilanteeseen\/\" \/>\n<meta property=\"og:locale\" content=\"fi_FI\" \/>\n<meta property=\"og:type\" content=\"article\" \/>\n<meta property=\"og:title\" content=\"Katsaus varhaiskasvatuksen henkil\u00f6st\u00f6rakenteen muutostilanteeseen - LAB Focus\" \/>\n<meta property=\"og:description\" content=\"Tavoitteena on lis\u00e4t\u00e4 korkeakoulutettujen m\u00e4\u00e4r\u00e4\u00e4 varhaiskasvatuksessa, mutta varhaiskasvatuksen sosionomien teht\u00e4v\u00e4nkuva ja palkkaus on vasta muotoutumassa.\" \/>\n<meta property=\"og:url\" content=\"https:\/\/blogit.lab.fi\/labfocus\/katsaus-varhaiskasvatuksen-henkilostorakenteen-muutostilanteeseen\/\" \/>\n<meta property=\"og:site_name\" content=\"LAB Focus\" \/>\n<meta property=\"article:published_time\" content=\"2022-05-10T11:16:01+00:00\" \/>\n<meta property=\"article:modified_time\" content=\"2022-05-10T11:16:03+00:00\" \/>\n<meta property=\"og:image\" content=\"https:\/\/blogit.lab.fi\/labfocus\/wp-content\/uploads\/sites\/8\/2022\/05\/230_2022_Katsaus-varhaiskasvatuksen-henkilostorakenteen-muutostilanteeseen.jpg\" \/>\n\t<meta property=\"og:image:width\" content=\"1280\" \/>\n\t<meta property=\"og:image:height\" content=\"709\" \/>\n\t<meta property=\"og:image:type\" content=\"image\/jpeg\" \/>\n<meta name=\"author\" content=\"tainask\" \/>\n<meta name=\"twitter:card\" content=\"summary_large_image\" \/>\n<meta name=\"twitter:creator\" content=\"@LABfinland\" \/>\n<meta name=\"twitter:site\" content=\"@LABfinland\" \/>\n<meta name=\"twitter:label1\" content=\"Kirjoittanut\" \/>\n\t<meta name=\"twitter:data1\" content=\"tainask\" \/>\n\t<meta name=\"twitter:label2\" content=\"Arvioitu lukuaika\" \/>\n\t<meta name=\"twitter:data2\" content=\"3 minuuttia\" \/>\n<script type=\"application\/ld+json\" class=\"yoast-schema-graph\">{\"@context\":\"https:\\\/\\\/schema.org\",\"@graph\":[{\"@type\":\"Article\",\"@id\":\"https:\\\/\\\/blogit.lab.fi\\\/labfocus\\\/katsaus-varhaiskasvatuksen-henkilostorakenteen-muutostilanteeseen\\\/#article\",\"isPartOf\":{\"@id\":\"https:\\\/\\\/blogit.lab.fi\\\/labfocus\\\/katsaus-varhaiskasvatuksen-henkilostorakenteen-muutostilanteeseen\\\/\"},\"author\":{\"name\":\"tainask\",\"@id\":\"https:\\\/\\\/blogit.lab.fi\\\/labfocus\\\/#\\\/schema\\\/person\\\/da729f65c4a2fb9fd8f0b1ec7a2ab7d0\"},\"headline\":\"Katsaus varhaiskasvatuksen henkil\u00f6st\u00f6rakenteen muutostilanteeseen\",\"datePublished\":\"2022-05-10T11:16:01+00:00\",\"dateModified\":\"2022-05-10T11:16:03+00:00\",\"mainEntityOfPage\":{\"@id\":\"https:\\\/\\\/blogit.lab.fi\\\/labfocus\\\/katsaus-varhaiskasvatuksen-henkilostorakenteen-muutostilanteeseen\\\/\"},\"wordCount\":520,\"publisher\":{\"@id\":\"https:\\\/\\\/blogit.lab.fi\\\/labfocus\\\/#organization\"},\"image\":{\"@id\":\"https:\\\/\\\/blogit.lab.fi\\\/labfocus\\\/katsaus-varhaiskasvatuksen-henkilostorakenteen-muutostilanteeseen\\\/#primaryimage\"},\"thumbnailUrl\":\"https:\\\/\\\/blogit.lab.fi\\\/labfocus\\\/wp-content\\\/uploads\\\/sites\\\/8\\\/2022\\\/05\\\/230_2022_Katsaus-varhaiskasvatuksen-henkilostorakenteen-muutostilanteeseen.jpg\",\"keywords\":[\"Artikkeli E1\",\"henkil\u00f6st\u00f6rakenne\",\"varhaiskasvatuksen sosionomi\",\"varhaiskasvatus\"],\"articleSection\":[\"Health\",\"Osallisuus, ty\u00f6el\u00e4m\u00e4 ja turvallinen arki\"],\"inLanguage\":\"fi\"},{\"@type\":\"WebPage\",\"@id\":\"https:\\\/\\\/blogit.lab.fi\\\/labfocus\\\/katsaus-varhaiskasvatuksen-henkilostorakenteen-muutostilanteeseen\\\/\",\"url\":\"https:\\\/\\\/blogit.lab.fi\\\/labfocus\\\/katsaus-varhaiskasvatuksen-henkilostorakenteen-muutostilanteeseen\\\/\",\"name\":\"Katsaus varhaiskasvatuksen henkil\u00f6st\u00f6rakenteen muutostilanteeseen - LAB Focus\",\"isPartOf\":{\"@id\":\"https:\\\/\\\/blogit.lab.fi\\\/labfocus\\\/#website\"},\"primaryImageOfPage\":{\"@id\":\"https:\\\/\\\/blogit.lab.fi\\\/labfocus\\\/katsaus-varhaiskasvatuksen-henkilostorakenteen-muutostilanteeseen\\\/#primaryimage\"},\"image\":{\"@id\":\"https:\\\/\\\/blogit.lab.fi\\\/labfocus\\\/katsaus-varhaiskasvatuksen-henkilostorakenteen-muutostilanteeseen\\\/#primaryimage\"},\"thumbnailUrl\":\"https:\\\/\\\/blogit.lab.fi\\\/labfocus\\\/wp-content\\\/uploads\\\/sites\\\/8\\\/2022\\\/05\\\/230_2022_Katsaus-varhaiskasvatuksen-henkilostorakenteen-muutostilanteeseen.jpg\",\"datePublished\":\"2022-05-10T11:16:01+00:00\",\"dateModified\":\"2022-05-10T11:16:03+00:00\",\"description\":\"Tavoitteena on lis\u00e4t\u00e4 korkeakoulutettujen m\u00e4\u00e4r\u00e4\u00e4 varhaiskasvatuksessa, mutta varhaiskasvatuksen sosionomien teht\u00e4v\u00e4nkuva ja palkkaus on vasta muotoutumassa.\",\"breadcrumb\":{\"@id\":\"https:\\\/\\\/blogit.lab.fi\\\/labfocus\\\/katsaus-varhaiskasvatuksen-henkilostorakenteen-muutostilanteeseen\\\/#breadcrumb\"},\"inLanguage\":\"fi\",\"potentialAction\":[{\"@type\":\"ReadAction\",\"target\":[\"https:\\\/\\\/blogit.lab.fi\\\/labfocus\\\/katsaus-varhaiskasvatuksen-henkilostorakenteen-muutostilanteeseen\\\/\"]}]},{\"@type\":\"ImageObject\",\"inLanguage\":\"fi\",\"@id\":\"https:\\\/\\\/blogit.lab.fi\\\/labfocus\\\/katsaus-varhaiskasvatuksen-henkilostorakenteen-muutostilanteeseen\\\/#primaryimage\",\"url\":\"https:\\\/\\\/blogit.lab.fi\\\/labfocus\\\/wp-content\\\/uploads\\\/sites\\\/8\\\/2022\\\/05\\\/230_2022_Katsaus-varhaiskasvatuksen-henkilostorakenteen-muutostilanteeseen.jpg\",\"contentUrl\":\"https:\\\/\\\/blogit.lab.fi\\\/labfocus\\\/wp-content\\\/uploads\\\/sites\\\/8\\\/2022\\\/05\\\/230_2022_Katsaus-varhaiskasvatuksen-henkilostorakenteen-muutostilanteeseen.jpg\",\"width\":1280,\"height\":709},{\"@type\":\"BreadcrumbList\",\"@id\":\"https:\\\/\\\/blogit.lab.fi\\\/labfocus\\\/katsaus-varhaiskasvatuksen-henkilostorakenteen-muutostilanteeseen\\\/#breadcrumb\",\"itemListElement\":[{\"@type\":\"ListItem\",\"position\":1,\"name\":\"Home\",\"item\":\"https:\\\/\\\/blogit.lab.fi\\\/labfocus\\\/\"},{\"@type\":\"ListItem\",\"position\":2,\"name\":\"Katsaus varhaiskasvatuksen henkil\u00f6st\u00f6rakenteen muutostilanteeseen\"}]},{\"@type\":\"WebSite\",\"@id\":\"https:\\\/\\\/blogit.lab.fi\\\/labfocus\\\/#website\",\"url\":\"https:\\\/\\\/blogit.lab.fi\\\/labfocus\\\/\",\"name\":\"LAB Focus\",\"description\":\"Focus Area blog | LAB University of Applied Sciences\",\"publisher\":{\"@id\":\"https:\\\/\\\/blogit.lab.fi\\\/labfocus\\\/#organization\"},\"potentialAction\":[{\"@type\":\"SearchAction\",\"target\":{\"@type\":\"EntryPoint\",\"urlTemplate\":\"https:\\\/\\\/blogit.lab.fi\\\/labfocus\\\/?s={search_term_string}\"},\"query-input\":{\"@type\":\"PropertyValueSpecification\",\"valueRequired\":true,\"valueName\":\"search_term_string\"}}],\"inLanguage\":\"fi\"},{\"@type\":\"Organization\",\"@id\":\"https:\\\/\\\/blogit.lab.fi\\\/labfocus\\\/#organization\",\"name\":\"LAB Focus\",\"url\":\"https:\\\/\\\/blogit.lab.fi\\\/labfocus\\\/\",\"logo\":{\"@type\":\"ImageObject\",\"inLanguage\":\"fi\",\"@id\":\"https:\\\/\\\/blogit.lab.fi\\\/labfocus\\\/#\\\/schema\\\/logo\\\/image\\\/\",\"url\":\"https:\\\/\\\/blogit.lab.fi\\\/labfocus\\\/wp-content\\\/uploads\\\/sites\\\/8\\\/2020\\\/04\\\/cropped-cropped-tunnus_blogi-01.png\",\"contentUrl\":\"https:\\\/\\\/blogit.lab.fi\\\/labfocus\\\/wp-content\\\/uploads\\\/sites\\\/8\\\/2020\\\/04\\\/cropped-cropped-tunnus_blogi-01.png\",\"width\":1342,\"height\":288,\"caption\":\"LAB Focus\"},\"image\":{\"@id\":\"https:\\\/\\\/blogit.lab.fi\\\/labfocus\\\/#\\\/schema\\\/logo\\\/image\\\/\"},\"sameAs\":[\"https:\\\/\\\/x.com\\\/LABfinland\"]},{\"@type\":\"Person\",\"@id\":\"https:\\\/\\\/blogit.lab.fi\\\/labfocus\\\/#\\\/schema\\\/person\\\/da729f65c4a2fb9fd8f0b1ec7a2ab7d0\",\"name\":\"tainask\",\"image\":{\"@type\":\"ImageObject\",\"inLanguage\":\"fi\",\"@id\":\"https:\\\/\\\/secure.gravatar.com\\\/avatar\\\/4a96427877ef826b76e80c27f60b266128094f522551459346efcf14282febb3?s=96&d=mm&r=g\",\"url\":\"https:\\\/\\\/secure.gravatar.com\\\/avatar\\\/4a96427877ef826b76e80c27f60b266128094f522551459346efcf14282febb3?s=96&d=mm&r=g\",\"contentUrl\":\"https:\\\/\\\/secure.gravatar.com\\\/avatar\\\/4a96427877ef826b76e80c27f60b266128094f522551459346efcf14282febb3?s=96&d=mm&r=g\",\"caption\":\"tainask\"},\"url\":\"https:\\\/\\\/blogit.lab.fi\\\/labfocus\\\/author\\\/tainask\\\/\"}]}<\/script>\n<!-- \/ Yoast SEO plugin. -->","yoast_head_json":{"title":"Katsaus varhaiskasvatuksen henkil\u00f6st\u00f6rakenteen muutostilanteeseen - LAB Focus","description":"Tavoitteena on lis\u00e4t\u00e4 korkeakoulutettujen m\u00e4\u00e4r\u00e4\u00e4 varhaiskasvatuksessa, mutta varhaiskasvatuksen sosionomien teht\u00e4v\u00e4nkuva ja palkkaus on vasta muotoutumassa.","robots":{"index":"index","follow":"follow","max-snippet":"max-snippet:-1","max-image-preview":"max-image-preview:large","max-video-preview":"max-video-preview:-1"},"canonical":"https:\/\/blogit.lab.fi\/labfocus\/katsaus-varhaiskasvatuksen-henkilostorakenteen-muutostilanteeseen\/","og_locale":"fi_FI","og_type":"article","og_title":"Katsaus varhaiskasvatuksen henkil\u00f6st\u00f6rakenteen muutostilanteeseen - LAB Focus","og_description":"Tavoitteena on lis\u00e4t\u00e4 korkeakoulutettujen m\u00e4\u00e4r\u00e4\u00e4 varhaiskasvatuksessa, mutta varhaiskasvatuksen sosionomien teht\u00e4v\u00e4nkuva ja palkkaus on vasta muotoutumassa.","og_url":"https:\/\/blogit.lab.fi\/labfocus\/katsaus-varhaiskasvatuksen-henkilostorakenteen-muutostilanteeseen\/","og_site_name":"LAB Focus","article_published_time":"2022-05-10T11:16:01+00:00","article_modified_time":"2022-05-10T11:16:03+00:00","og_image":[{"width":1280,"height":709,"url":"https:\/\/blogit.lab.fi\/labfocus\/wp-content\/uploads\/sites\/8\/2022\/05\/230_2022_Katsaus-varhaiskasvatuksen-henkilostorakenteen-muutostilanteeseen.jpg","type":"image\/jpeg"}],"author":"tainask","twitter_card":"summary_large_image","twitter_creator":"@LABfinland","twitter_site":"@LABfinland","twitter_misc":{"Kirjoittanut":"tainask","Arvioitu lukuaika":"3 minuuttia"},"schema":{"@context":"https:\/\/schema.org","@graph":[{"@type":"Article","@id":"https:\/\/blogit.lab.fi\/labfocus\/katsaus-varhaiskasvatuksen-henkilostorakenteen-muutostilanteeseen\/#article","isPartOf":{"@id":"https:\/\/blogit.lab.fi\/labfocus\/katsaus-varhaiskasvatuksen-henkilostorakenteen-muutostilanteeseen\/"},"author":{"name":"tainask","@id":"https:\/\/blogit.lab.fi\/labfocus\/#\/schema\/person\/da729f65c4a2fb9fd8f0b1ec7a2ab7d0"},"headline":"Katsaus varhaiskasvatuksen henkil\u00f6st\u00f6rakenteen muutostilanteeseen","datePublished":"2022-05-10T11:16:01+00:00","dateModified":"2022-05-10T11:16:03+00:00","mainEntityOfPage":{"@id":"https:\/\/blogit.lab.fi\/labfocus\/katsaus-varhaiskasvatuksen-henkilostorakenteen-muutostilanteeseen\/"},"wordCount":520,"publisher":{"@id":"https:\/\/blogit.lab.fi\/labfocus\/#organization"},"image":{"@id":"https:\/\/blogit.lab.fi\/labfocus\/katsaus-varhaiskasvatuksen-henkilostorakenteen-muutostilanteeseen\/#primaryimage"},"thumbnailUrl":"https:\/\/blogit.lab.fi\/labfocus\/wp-content\/uploads\/sites\/8\/2022\/05\/230_2022_Katsaus-varhaiskasvatuksen-henkilostorakenteen-muutostilanteeseen.jpg","keywords":["Artikkeli E1","henkil\u00f6st\u00f6rakenne","varhaiskasvatuksen sosionomi","varhaiskasvatus"],"articleSection":["Health","Osallisuus, ty\u00f6el\u00e4m\u00e4 ja turvallinen arki"],"inLanguage":"fi"},{"@type":"WebPage","@id":"https:\/\/blogit.lab.fi\/labfocus\/katsaus-varhaiskasvatuksen-henkilostorakenteen-muutostilanteeseen\/","url":"https:\/\/blogit.lab.fi\/labfocus\/katsaus-varhaiskasvatuksen-henkilostorakenteen-muutostilanteeseen\/","name":"Katsaus varhaiskasvatuksen henkil\u00f6st\u00f6rakenteen muutostilanteeseen - LAB Focus","isPartOf":{"@id":"https:\/\/blogit.lab.fi\/labfocus\/#website"},"primaryImageOfPage":{"@id":"https:\/\/blogit.lab.fi\/labfocus\/katsaus-varhaiskasvatuksen-henkilostorakenteen-muutostilanteeseen\/#primaryimage"},"image":{"@id":"https:\/\/blogit.lab.fi\/labfocus\/katsaus-varhaiskasvatuksen-henkilostorakenteen-muutostilanteeseen\/#primaryimage"},"thumbnailUrl":"https:\/\/blogit.lab.fi\/labfocus\/wp-content\/uploads\/sites\/8\/2022\/05\/230_2022_Katsaus-varhaiskasvatuksen-henkilostorakenteen-muutostilanteeseen.jpg","datePublished":"2022-05-10T11:16:01+00:00","dateModified":"2022-05-10T11:16:03+00:00","description":"Tavoitteena on lis\u00e4t\u00e4 korkeakoulutettujen m\u00e4\u00e4r\u00e4\u00e4 varhaiskasvatuksessa, mutta varhaiskasvatuksen sosionomien teht\u00e4v\u00e4nkuva ja palkkaus on vasta muotoutumassa.","breadcrumb":{"@id":"https:\/\/blogit.lab.fi\/labfocus\/katsaus-varhaiskasvatuksen-henkilostorakenteen-muutostilanteeseen\/#breadcrumb"},"inLanguage":"fi","potentialAction":[{"@type":"ReadAction","target":["https:\/\/blogit.lab.fi\/labfocus\/katsaus-varhaiskasvatuksen-henkilostorakenteen-muutostilanteeseen\/"]}]},{"@type":"ImageObject","inLanguage":"fi","@id":"https:\/\/blogit.lab.fi\/labfocus\/katsaus-varhaiskasvatuksen-henkilostorakenteen-muutostilanteeseen\/#primaryimage","url":"https:\/\/blogit.lab.fi\/labfocus\/wp-content\/uploads\/sites\/8\/2022\/05\/230_2022_Katsaus-varhaiskasvatuksen-henkilostorakenteen-muutostilanteeseen.jpg","contentUrl":"https:\/\/blogit.lab.fi\/labfocus\/wp-content\/uploads\/sites\/8\/2022\/05\/230_2022_Katsaus-varhaiskasvatuksen-henkilostorakenteen-muutostilanteeseen.jpg","width":1280,"height":709},{"@type":"BreadcrumbList","@id":"https:\/\/blogit.lab.fi\/labfocus\/katsaus-varhaiskasvatuksen-henkilostorakenteen-muutostilanteeseen\/#breadcrumb","itemListElement":[{"@type":"ListItem","position":1,"name":"Home","item":"https:\/\/blogit.lab.fi\/labfocus\/"},{"@type":"ListItem","position":2,"name":"Katsaus varhaiskasvatuksen henkil\u00f6st\u00f6rakenteen muutostilanteeseen"}]},{"@type":"WebSite","@id":"https:\/\/blogit.lab.fi\/labfocus\/#website","url":"https:\/\/blogit.lab.fi\/labfocus\/","name":"LAB Focus","description":"Focus Area blog | LAB University of Applied Sciences","publisher":{"@id":"https:\/\/blogit.lab.fi\/labfocus\/#organization"},"potentialAction":[{"@type":"SearchAction","target":{"@type":"EntryPoint","urlTemplate":"https:\/\/blogit.lab.fi\/labfocus\/?s={search_term_string}"},"query-input":{"@type":"PropertyValueSpecification","valueRequired":true,"valueName":"search_term_string"}}],"inLanguage":"fi"},{"@type":"Organization","@id":"https:\/\/blogit.lab.fi\/labfocus\/#organization","name":"LAB Focus","url":"https:\/\/blogit.lab.fi\/labfocus\/","logo":{"@type":"ImageObject","inLanguage":"fi","@id":"https:\/\/blogit.lab.fi\/labfocus\/#\/schema\/logo\/image\/","url":"https:\/\/blogit.lab.fi\/labfocus\/wp-content\/uploads\/sites\/8\/2020\/04\/cropped-cropped-tunnus_blogi-01.png","contentUrl":"https:\/\/blogit.lab.fi\/labfocus\/wp-content\/uploads\/sites\/8\/2020\/04\/cropped-cropped-tunnus_blogi-01.png","width":1342,"height":288,"caption":"LAB Focus"},"image":{"@id":"https:\/\/blogit.lab.fi\/labfocus\/#\/schema\/logo\/image\/"},"sameAs":["https:\/\/x.com\/LABfinland"]},{"@type":"Person","@id":"https:\/\/blogit.lab.fi\/labfocus\/#\/schema\/person\/da729f65c4a2fb9fd8f0b1ec7a2ab7d0","name":"tainask","image":{"@type":"ImageObject","inLanguage":"fi","@id":"https:\/\/secure.gravatar.com\/avatar\/4a96427877ef826b76e80c27f60b266128094f522551459346efcf14282febb3?s=96&d=mm&r=g","url":"https:\/\/secure.gravatar.com\/avatar\/4a96427877ef826b76e80c27f60b266128094f522551459346efcf14282febb3?s=96&d=mm&r=g","contentUrl":"https:\/\/secure.gravatar.com\/avatar\/4a96427877ef826b76e80c27f60b266128094f522551459346efcf14282febb3?s=96&d=mm&r=g","caption":"tainask"},"url":"https:\/\/blogit.lab.fi\/labfocus\/author\/tainask\/"}]}},"_links":{"self":[{"href":"https:\/\/blogit.lab.fi\/labfocus\/wp-json\/wp\/v2\/posts\/8123","targetHints":{"allow":["GET"]}}],"collection":[{"href":"https:\/\/blogit.lab.fi\/labfocus\/wp-json\/wp\/v2\/posts"}],"about":[{"href":"https:\/\/blogit.lab.fi\/labfocus\/wp-json\/wp\/v2\/types\/post"}],"author":[{"embeddable":true,"href":"https:\/\/blogit.lab.fi\/labfocus\/wp-json\/wp\/v2\/users\/17"}],"replies":[{"embeddable":true,"href":"https:\/\/blogit.lab.fi\/labfocus\/wp-json\/wp\/v2\/comments?post=8123"}],"version-history":[{"count":1,"href":"https:\/\/blogit.lab.fi\/labfocus\/wp-json\/wp\/v2\/posts\/8123\/revisions"}],"predecessor-version":[{"id":8125,"href":"https:\/\/blogit.lab.fi\/labfocus\/wp-json\/wp\/v2\/posts\/8123\/revisions\/8125"}],"wp:featuredmedia":[{"embeddable":true,"href":"https:\/\/blogit.lab.fi\/labfocus\/wp-json\/wp\/v2\/media\/8124"}],"wp:attachment":[{"href":"https:\/\/blogit.lab.fi\/labfocus\/wp-json\/wp\/v2\/media?parent=8123"}],"wp:term":[{"taxonomy":"category","embeddable":true,"href":"https:\/\/blogit.lab.fi\/labfocus\/wp-json\/wp\/v2\/categories?post=8123"},{"taxonomy":"post_tag","embeddable":true,"href":"https:\/\/blogit.lab.fi\/labfocus\/wp-json\/wp\/v2\/tags?post=8123"}],"curies":[{"name":"wp","href":"https:\/\/api.w.org\/{rel}","templated":true}]}}