{"id":8176,"date":"2022-05-12T10:29:40","date_gmt":"2022-05-12T07:29:40","guid":{"rendered":"https:\/\/blogit.lab.fi\/labfocus\/?p=8176"},"modified":"2022-05-12T10:29:42","modified_gmt":"2022-05-12T07:29:42","slug":"tulevaisuusajattelun-ja-ennakoinnin-aamupaiva","status":"publish","type":"post","link":"https:\/\/blogit.lab.fi\/labfocus\/tulevaisuusajattelun-ja-ennakoinnin-aamupaiva\/","title":{"rendered":"Tulevaisuusajattelun ja ennakoinnin aamup\u00e4iv\u00e4"},"content":{"rendered":"\n<p><a href=\"https:\/\/lab.fi\/fi\/projekti\/jatko-muotoilukoulutuksen-ja-tyoelaman-jatkuva-vuorovaikutus-ja-oppiminen\">Jatko \u2013 Muotoilukoulutuksen ja ty\u00f6el\u00e4m\u00e4n jatkuva vuorovaikutus ja oppiminen<\/a> -hankkeessa kehitet\u00e4\u00e4n LAB-ammattikorkeakoulun ja Muotoiluinstituutin t\u00e4ydennyskoulutustarjontaa. Tulevaisuusajattelun ja ennakoinnin aamup\u00e4iv\u00e4 oli yksi koulutuspiloteista. Tulevaisuuksien ajattelun ja ennakoinnin sis\u00e4lt\u00f6ihin meit\u00e4 johdatteli Susanna Bj\u00f6rklund, muotoilija, trendianalyytikko ja toimittaja, joka ty\u00f6skentelee LABin Muotoiluinsituutissa lehtorina.<\/p>\n\n\n\n<figure class=\"wp-block-image size-large\"><img loading=\"lazy\" decoding=\"async\" width=\"1024\" height=\"557\" src=\"https:\/\/blogit.lab.fi\/labfocus\/wp-content\/uploads\/sites\/8\/2022\/05\/165_2022_sanapilvi1-1024x557.jpg\" alt=\"Mentimeter pohjalle koottuna osallistujien t\u00e4rke\u00e4t trendit ja ilmi\u00f6t sanoina, suurimpina: empatia, hyvinvointi, yhteellisyys, ep\u00e4varmuus, tunnetaidot, k\u00e4sill\u00e4 tekeminen ja hybridiajattelu \" class=\"wp-image-8178\" srcset=\"https:\/\/blogit.lab.fi\/labfocus\/wp-content\/uploads\/sites\/8\/2022\/05\/165_2022_sanapilvi1-1024x557.jpg 1024w, https:\/\/blogit.lab.fi\/labfocus\/wp-content\/uploads\/sites\/8\/2022\/05\/165_2022_sanapilvi1-300x163.jpg 300w, https:\/\/blogit.lab.fi\/labfocus\/wp-content\/uploads\/sites\/8\/2022\/05\/165_2022_sanapilvi1-768x418.jpg 768w, https:\/\/blogit.lab.fi\/labfocus\/wp-content\/uploads\/sites\/8\/2022\/05\/165_2022_sanapilvi1.jpg 1379w\" sizes=\"auto, (max-width: 1024px) 100vw, 1024px\" \/><figcaption>Kuva 1. Osallistujien mielest\u00e4 ajassamme t\u00e4rkeit\u00e4 trendej\u00e4 ja ilmi\u00f6it\u00e4. Mentimeter-teht\u00e4v\u00e4 ty\u00f6pajan aikana. (Kuva: Paula Nurminen)<\/figcaption><\/figure>\n\n\n\n<p>Virtuaalisessa aamup\u00e4iv\u00e4ss\u00e4 oli l\u00e4hes 40 osallistujaa, eli aihe selke\u00e4sti kiinnostaa. T\u00e4ll\u00e4 hetkell\u00e4 sek\u00e4 korona ett\u00e4 Ukrainan tilanne heijastuu arkeemme. T\u00e4t\u00e4 hetke\u00e4 ja tulevaisuutta v\u00e4ritt\u00e4\u00e4 ep\u00e4varmuus. Ennakoinnin osaamisen t\u00e4rkeys korostuu t\u00e4llaisina aikoina. On hyv\u00e4 tiedostaa, ett\u00e4 tulevaisuus ei tapahdu meille, my\u00f6sk\u00e4\u00e4n kriisien j\u00e4lkeen, vaan me luomme sit\u00e4 yhdess\u00e4 (Koskelo 2021, 266). Voimme itse p\u00e4\u00e4tt\u00e4\u00e4 miten katsomme tulevaisuuteen. Voimme katsoa sinne luottavaisina ja ymm\u00e4rt\u00e4en, ett\u00e4 voimme vaikuttaa siihen.<\/p>\n\n\n\n<p>Ennakointiin, megatrendeihin ja ilmi\u00f6ihin johdattavan alkuosuuden p\u00e4\u00e4tteeksi osallistujia pyydettiin tuomaan esille t\u00e4rkein\u00e4 pit\u00e4mi\u00e4\u00e4n trendej\u00e4. Tuloksista keskusteltaessa todettiin, ett\u00e4 empatia, ep\u00e4varmuus, hyvinvointi ja yhteis\u00f6llisyys korostuivat osallistujien vastauksissa (kuva 1).<\/p>\n\n\n\n<p>Mediateht\u00e4v\u00e4n avulla opeteltiin tulevaisuuden signaalien havainnointia. Osallistujat tutkivat median tarjontaa valmennusp\u00e4iv\u00e4n\u00e4, ja sielt\u00e4 poimittiin ajallemme t\u00e4rkeit\u00e4 ilmi\u00f6it\u00e4. Ilmi\u00f6iden kartoittaminen auttaa hahmottamaan mit\u00e4 ymp\u00e4rist\u00f6ss\u00e4mme on tapahtumassa.<\/p>\n\n\n\n<figure class=\"wp-block-image size-large\"><img loading=\"lazy\" decoding=\"async\" width=\"1024\" height=\"494\" src=\"https:\/\/blogit.lab.fi\/labfocus\/wp-content\/uploads\/sites\/8\/2022\/05\/165_2022_sanapilvi2-1024x494.png\" alt=\"Kuvassa muistilappun\u00e4kym\u00e4, teht\u00e4v\u00e4ss\u00e4 keskell\u00e4 annettu haaste: Parempi ty\u00f6el\u00e4m\u00e4, ymp\u00e4rill\u00e4 haasteeseen nousseet teemat kuten ty\u00f6voiman riitt\u00e4vyys, terveyden yll\u00e4pito, tasapainon yll\u00e4pito, ty\u00f6h\u00f6n suhtautumisen muutos, palkkauksen muutos, koulutus, ty\u00f6nteon tavat ja arvostus. N\u00e4ist\u00e4 teht\u00e4v\u00e4\u00e4 on jatkettu eteenp\u00e4in tekem\u00e4ll\u00e4 jokaiseen teemaan jatkoideoita, kuten terveyden yll\u00e4pitoon: joustava ilmapiiri, etusetelit ja liikuntasetelit, valmentaminen, ennaltaehk\u00e4isev\u00e4 toiminta sek\u00e4 hyvinvointiin panostaminen\/korostaminen \" class=\"wp-image-8179\" srcset=\"https:\/\/blogit.lab.fi\/labfocus\/wp-content\/uploads\/sites\/8\/2022\/05\/165_2022_sanapilvi2-1024x494.png 1024w, https:\/\/blogit.lab.fi\/labfocus\/wp-content\/uploads\/sites\/8\/2022\/05\/165_2022_sanapilvi2-300x145.png 300w, https:\/\/blogit.lab.fi\/labfocus\/wp-content\/uploads\/sites\/8\/2022\/05\/165_2022_sanapilvi2-768x370.png 768w, https:\/\/blogit.lab.fi\/labfocus\/wp-content\/uploads\/sites\/8\/2022\/05\/165_2022_sanapilvi2.png 1379w\" sizes=\"auto, (max-width: 1024px) 100vw, 1024px\" \/><figcaption>Kuva 2. Kuvakaappaus Lotus Blossom -teht\u00e4v\u00e4st\u00e4 (Kuva: Paula Nurminen)<\/figcaption><\/figure>\n\n\n\n<h2 class=\"wp-block-heading\">Uusin silmin kohti tulevaisuutta<\/h2>\n\n\n\n<p>Tarve tunnistaa mink\u00e4 tarvitsee muuttua, on tulevaisuusty\u00f6skentelyn ydint\u00e4. Aamup\u00e4iv\u00e4n aikana k\u00e4ytiin l\u00e4pi erilaisia tulevaisuuksien ajattelun ja ennakoinnin ty\u00f6v\u00e4lineit\u00e4. Ryhm\u00e4teht\u00e4v\u00e4n haasteena oli paremman ty\u00f6el\u00e4m\u00e4n ennakointi Lotus Blossom -teht\u00e4v\u00e4n avulla. Yhteisty\u00f6skentelypohjalle oli luotu ryhmille omat kukat, joihin keskelle sijoitettiin annettu haaste ja sen ymp\u00e4rille kirjattiin ratkaisuvaihtoehtoja ja idean parannettavia ominaisuuksia tai kokonaisuuden osia. N\u00e4ist\u00e4 jokaisesta tehtiin viel\u00e4 omat ter\u00e4lehdet, joissa pureuduttiin syvemm\u00e4lle haasteen osien jatkoideointina. Lopullinen kukka pit\u00e4\u00e4 sis\u00e4ll\u00e4\u00e4n kahdeksan ratkaisuvaihtoehtoa ja niille jokaiselle kahdeksan jatkoideaa (kuva1.). Menetelm\u00e4n on kehitt\u00e4nyt japanilainen Yasuo Matsumura. Lotus Blossomin avulla p\u00e4\u00e4st\u00e4\u00e4n syventym\u00e4\u00e4n haasteeseen monesta eri suunnasta. (Bj\u00f6rklund 2022.) J\u00e4rjestelm\u00e4llinen tapa pureutua valittuun aiheeseen havainnollisen menetelm\u00e4n avulla auttaa innovoinnissa ja tulosten eteenp\u00e4in vienniss\u00e4.<\/p>\n\n\n\n<p>Tilaisuus antoi osallistujille palautteen mukaan inspiraatiota ja avarsi ajattelua, hyv\u00e4\u00e4 ryhm\u00e4ty\u00f6t\u00e4 kehuttiin. Tilaisuus koettiin mielekk\u00e4\u00e4n\u00e4 vaihteluna, oivaltavana, positiivisena ja lohdullisena. Uudet l\u00e4hteet ennakointiaiheeseen sai kiitosta ja joku mainitsi, ett\u00e4 tulevaisuudessa aikoo seurata muutoksia ihan uusin silmin.<\/p>\n\n\n\n<p class=\"has-background\" style=\"background-color:#b3edfb\">Kirjoittaja<br><br><strong>Paula Nurminen<\/strong> ty\u00f6skentelee JATKO-hankkeessa projektisuunnittelijana ja on ollut mukana suunnittelemassa sek\u00e4 toteuttamassa yhdess\u00e4 tiimin kanssa t\u00e4t\u00e4 Tulevaisuusajattelun ja ennakoinnin aamup\u00e4iv\u00e4n koulutuspilottia.<\/p>\n\n\n\n<hr class=\"wp-block-separator\" \/>\n\n\n\n<h3 class=\"wp-block-heading\">L\u00e4hteet<\/h3>\n\n\n\n<p>Bj\u00f6rklund, S. 2022. Tulevaisuusajattelun ja ennakoinnin aamup\u00e4iv\u00e4. Webinaari 9.3.2022.<\/p>\n\n\n\n<p>Koskelo, M. 2021. Teht\u00e4v\u00e4n\u00e4 tulevaisuus. Alma Talent: Helsinki.<\/p>\n\n\n\n<h3 class=\"wp-block-heading\">Linkit<\/h3>\n\n\n\n<p>LAB. 2022. JATKO -Muotoilukoulutuksen ja ty\u00f6el\u00e4m\u00e4n jatkuva vuorovaikutus ja oppiminen -projektisivu. Viitattu 9.4.2022. Saatavissa <a href=\"https:\/\/lab.fi\/fi\/projekti\/jatko-muotoilukoulutuksen-ja-tyoelaman-jatkuva-vuorovaikutus-ja-oppiminen\">https:\/\/lab.fi\/fi\/projekti\/jatko-muotoilukoulutuksen-ja-tyoelaman-jatkuva-vuorovaikutus-ja-oppiminen<\/a><\/p>\n","protected":false},"excerpt":{"rendered":"<p>Jatko \u2013 Muotoilukoulutuksen ja ty\u00f6el\u00e4m\u00e4n jatkuva vuorovaikutus ja oppiminen -hankkeessa kehitet\u00e4\u00e4n LAB-ammattikorkeakoulun ja Muotoiluinstituutin t\u00e4ydennyskoulutustarjontaa. Tulevaisuusajattelun ja ennakoinnin aamup\u00e4iv\u00e4 oli yksi koulutuspiloteista. Tulevaisuuksien ajattelun ja ennakoinnin sis\u00e4lt\u00f6ihin meit\u00e4 johdatteli Susanna Bj\u00f6rklund, muotoilija, trendianalyytikko ja toimittaja, joka ty\u00f6skentelee LABin Muotoiluinsituutissa lehtorina. Virtuaalisessa aamup\u00e4iv\u00e4ss\u00e4 oli l\u00e4hes 40 osallistujaa, eli aihe selke\u00e4sti kiinnostaa. T\u00e4ll\u00e4 hetkell\u00e4 sek\u00e4 korona ett\u00e4 [&hellip;]<\/p>\n","protected":false},"author":7,"featured_media":8178,"comment_status":"open","ping_status":"open","sticky":false,"template":"","format":"standard","meta":{"footnotes":""},"categories":[11],"tags":[29,3718],"class_list":{"0":"post-8176","1":"post","2":"type-post","3":"status-publish","4":"format-standard","5":"has-post-thumbnail","7":"category-design_fi","8":"tag-artikkeli-e1","9":"tag-tulevaisuustyoskentely","10":"czr-hentry"},"yoast_head":"<!-- This site is optimized with the Yoast SEO plugin v27.4 - https:\/\/yoast.com\/product\/yoast-seo-wordpress\/ -->\n<title>Tulevaisuusajattelun ja ennakoinnin aamup\u00e4iv\u00e4 - LAB Focus<\/title>\n<meta name=\"robots\" content=\"index, follow, max-snippet:-1, max-image-preview:large, max-video-preview:-1\" \/>\n<link rel=\"canonical\" href=\"https:\/\/blogit.lab.fi\/labfocus\/tulevaisuusajattelun-ja-ennakoinnin-aamupaiva\/\" \/>\n<meta property=\"og:locale\" content=\"fi_FI\" \/>\n<meta property=\"og:type\" content=\"article\" \/>\n<meta property=\"og:title\" content=\"Tulevaisuusajattelun ja ennakoinnin aamup\u00e4iv\u00e4 - LAB Focus\" \/>\n<meta property=\"og:description\" content=\"Jatko \u2013 Muotoilukoulutuksen ja ty\u00f6el\u00e4m\u00e4n jatkuva vuorovaikutus ja oppiminen -hankkeessa kehitet\u00e4\u00e4n LAB-ammattikorkeakoulun ja Muotoiluinstituutin t\u00e4ydennyskoulutustarjontaa. Tulevaisuusajattelun ja ennakoinnin aamup\u00e4iv\u00e4 oli yksi koulutuspiloteista. Tulevaisuuksien ajattelun ja ennakoinnin sis\u00e4lt\u00f6ihin meit\u00e4 johdatteli Susanna Bj\u00f6rklund, muotoilija, trendianalyytikko ja toimittaja, joka ty\u00f6skentelee LABin Muotoiluinsituutissa lehtorina. Virtuaalisessa aamup\u00e4iv\u00e4ss\u00e4 oli l\u00e4hes 40 osallistujaa, eli aihe selke\u00e4sti kiinnostaa. T\u00e4ll\u00e4 hetkell\u00e4 sek\u00e4 korona ett\u00e4 [&hellip;]\" \/>\n<meta property=\"og:url\" content=\"https:\/\/blogit.lab.fi\/labfocus\/tulevaisuusajattelun-ja-ennakoinnin-aamupaiva\/\" \/>\n<meta property=\"og:site_name\" content=\"LAB Focus\" \/>\n<meta property=\"article:published_time\" content=\"2022-05-12T07:29:40+00:00\" \/>\n<meta property=\"article:modified_time\" content=\"2022-05-12T07:29:42+00:00\" \/>\n<meta property=\"og:image\" content=\"https:\/\/blogit.lab.fi\/labfocus\/wp-content\/uploads\/sites\/8\/2022\/05\/165_2022_sanapilvi1.jpg\" \/>\n\t<meta property=\"og:image:width\" content=\"1379\" \/>\n\t<meta property=\"og:image:height\" content=\"750\" \/>\n\t<meta property=\"og:image:type\" content=\"image\/jpeg\" \/>\n<meta name=\"author\" content=\"niinasal\" \/>\n<meta name=\"twitter:card\" content=\"summary_large_image\" \/>\n<meta name=\"twitter:creator\" content=\"@LABfinland\" \/>\n<meta name=\"twitter:site\" content=\"@LABfinland\" \/>\n<meta name=\"twitter:label1\" content=\"Kirjoittanut\" \/>\n\t<meta name=\"twitter:data1\" content=\"niinasal\" \/>\n\t<meta name=\"twitter:label2\" content=\"Arvioitu lukuaika\" \/>\n\t<meta name=\"twitter:data2\" content=\"3 minuuttia\" \/>\n<script type=\"application\/ld+json\" class=\"yoast-schema-graph\">{\"@context\":\"https:\\\/\\\/schema.org\",\"@graph\":[{\"@type\":\"Article\",\"@id\":\"https:\\\/\\\/blogit.lab.fi\\\/labfocus\\\/tulevaisuusajattelun-ja-ennakoinnin-aamupaiva\\\/#article\",\"isPartOf\":{\"@id\":\"https:\\\/\\\/blogit.lab.fi\\\/labfocus\\\/tulevaisuusajattelun-ja-ennakoinnin-aamupaiva\\\/\"},\"author\":{\"name\":\"niinasal\",\"@id\":\"https:\\\/\\\/blogit.lab.fi\\\/labfocus\\\/#\\\/schema\\\/person\\\/f02f818b1b6bf8794d4aec1c49669077\"},\"headline\":\"Tulevaisuusajattelun ja ennakoinnin aamup\u00e4iv\u00e4\",\"datePublished\":\"2022-05-12T07:29:40+00:00\",\"dateModified\":\"2022-05-12T07:29:42+00:00\",\"mainEntityOfPage\":{\"@id\":\"https:\\\/\\\/blogit.lab.fi\\\/labfocus\\\/tulevaisuusajattelun-ja-ennakoinnin-aamupaiva\\\/\"},\"wordCount\":479,\"commentCount\":0,\"publisher\":{\"@id\":\"https:\\\/\\\/blogit.lab.fi\\\/labfocus\\\/#organization\"},\"image\":{\"@id\":\"https:\\\/\\\/blogit.lab.fi\\\/labfocus\\\/tulevaisuusajattelun-ja-ennakoinnin-aamupaiva\\\/#primaryimage\"},\"thumbnailUrl\":\"https:\\\/\\\/blogit.lab.fi\\\/labfocus\\\/wp-content\\\/uploads\\\/sites\\\/8\\\/2022\\\/05\\\/165_2022_sanapilvi1.jpg\",\"keywords\":[\"Artikkeli E1\",\"tulevaisuusty\u00f6skentely\"],\"articleSection\":[\"Design\"],\"inLanguage\":\"fi\",\"potentialAction\":[{\"@type\":\"CommentAction\",\"name\":\"Comment\",\"target\":[\"https:\\\/\\\/blogit.lab.fi\\\/labfocus\\\/tulevaisuusajattelun-ja-ennakoinnin-aamupaiva\\\/#respond\"]}]},{\"@type\":\"WebPage\",\"@id\":\"https:\\\/\\\/blogit.lab.fi\\\/labfocus\\\/tulevaisuusajattelun-ja-ennakoinnin-aamupaiva\\\/\",\"url\":\"https:\\\/\\\/blogit.lab.fi\\\/labfocus\\\/tulevaisuusajattelun-ja-ennakoinnin-aamupaiva\\\/\",\"name\":\"Tulevaisuusajattelun ja ennakoinnin aamup\u00e4iv\u00e4 - LAB Focus\",\"isPartOf\":{\"@id\":\"https:\\\/\\\/blogit.lab.fi\\\/labfocus\\\/#website\"},\"primaryImageOfPage\":{\"@id\":\"https:\\\/\\\/blogit.lab.fi\\\/labfocus\\\/tulevaisuusajattelun-ja-ennakoinnin-aamupaiva\\\/#primaryimage\"},\"image\":{\"@id\":\"https:\\\/\\\/blogit.lab.fi\\\/labfocus\\\/tulevaisuusajattelun-ja-ennakoinnin-aamupaiva\\\/#primaryimage\"},\"thumbnailUrl\":\"https:\\\/\\\/blogit.lab.fi\\\/labfocus\\\/wp-content\\\/uploads\\\/sites\\\/8\\\/2022\\\/05\\\/165_2022_sanapilvi1.jpg\",\"datePublished\":\"2022-05-12T07:29:40+00:00\",\"dateModified\":\"2022-05-12T07:29:42+00:00\",\"breadcrumb\":{\"@id\":\"https:\\\/\\\/blogit.lab.fi\\\/labfocus\\\/tulevaisuusajattelun-ja-ennakoinnin-aamupaiva\\\/#breadcrumb\"},\"inLanguage\":\"fi\",\"potentialAction\":[{\"@type\":\"ReadAction\",\"target\":[\"https:\\\/\\\/blogit.lab.fi\\\/labfocus\\\/tulevaisuusajattelun-ja-ennakoinnin-aamupaiva\\\/\"]}]},{\"@type\":\"ImageObject\",\"inLanguage\":\"fi\",\"@id\":\"https:\\\/\\\/blogit.lab.fi\\\/labfocus\\\/tulevaisuusajattelun-ja-ennakoinnin-aamupaiva\\\/#primaryimage\",\"url\":\"https:\\\/\\\/blogit.lab.fi\\\/labfocus\\\/wp-content\\\/uploads\\\/sites\\\/8\\\/2022\\\/05\\\/165_2022_sanapilvi1.jpg\",\"contentUrl\":\"https:\\\/\\\/blogit.lab.fi\\\/labfocus\\\/wp-content\\\/uploads\\\/sites\\\/8\\\/2022\\\/05\\\/165_2022_sanapilvi1.jpg\",\"width\":1379,\"height\":750},{\"@type\":\"BreadcrumbList\",\"@id\":\"https:\\\/\\\/blogit.lab.fi\\\/labfocus\\\/tulevaisuusajattelun-ja-ennakoinnin-aamupaiva\\\/#breadcrumb\",\"itemListElement\":[{\"@type\":\"ListItem\",\"position\":1,\"name\":\"Home\",\"item\":\"https:\\\/\\\/blogit.lab.fi\\\/labfocus\\\/\"},{\"@type\":\"ListItem\",\"position\":2,\"name\":\"Tulevaisuusajattelun ja ennakoinnin aamup\u00e4iv\u00e4\"}]},{\"@type\":\"WebSite\",\"@id\":\"https:\\\/\\\/blogit.lab.fi\\\/labfocus\\\/#website\",\"url\":\"https:\\\/\\\/blogit.lab.fi\\\/labfocus\\\/\",\"name\":\"LAB Focus\",\"description\":\"Focus Area blog | LAB University of Applied Sciences\",\"publisher\":{\"@id\":\"https:\\\/\\\/blogit.lab.fi\\\/labfocus\\\/#organization\"},\"potentialAction\":[{\"@type\":\"SearchAction\",\"target\":{\"@type\":\"EntryPoint\",\"urlTemplate\":\"https:\\\/\\\/blogit.lab.fi\\\/labfocus\\\/?s={search_term_string}\"},\"query-input\":{\"@type\":\"PropertyValueSpecification\",\"valueRequired\":true,\"valueName\":\"search_term_string\"}}],\"inLanguage\":\"fi\"},{\"@type\":\"Organization\",\"@id\":\"https:\\\/\\\/blogit.lab.fi\\\/labfocus\\\/#organization\",\"name\":\"LAB Focus\",\"url\":\"https:\\\/\\\/blogit.lab.fi\\\/labfocus\\\/\",\"logo\":{\"@type\":\"ImageObject\",\"inLanguage\":\"fi\",\"@id\":\"https:\\\/\\\/blogit.lab.fi\\\/labfocus\\\/#\\\/schema\\\/logo\\\/image\\\/\",\"url\":\"https:\\\/\\\/blogit.lab.fi\\\/labfocus\\\/wp-content\\\/uploads\\\/sites\\\/8\\\/2020\\\/04\\\/cropped-cropped-tunnus_blogi-01.png\",\"contentUrl\":\"https:\\\/\\\/blogit.lab.fi\\\/labfocus\\\/wp-content\\\/uploads\\\/sites\\\/8\\\/2020\\\/04\\\/cropped-cropped-tunnus_blogi-01.png\",\"width\":1342,\"height\":288,\"caption\":\"LAB Focus\"},\"image\":{\"@id\":\"https:\\\/\\\/blogit.lab.fi\\\/labfocus\\\/#\\\/schema\\\/logo\\\/image\\\/\"},\"sameAs\":[\"https:\\\/\\\/x.com\\\/LABfinland\"]},{\"@type\":\"Person\",\"@id\":\"https:\\\/\\\/blogit.lab.fi\\\/labfocus\\\/#\\\/schema\\\/person\\\/f02f818b1b6bf8794d4aec1c49669077\",\"name\":\"niinasal\",\"image\":{\"@type\":\"ImageObject\",\"inLanguage\":\"fi\",\"@id\":\"https:\\\/\\\/secure.gravatar.com\\\/avatar\\\/56ff6f7f7fa10477834cd38d238f13f5db501df633669a1696900e3827da4bcd?s=96&d=mm&r=g\",\"url\":\"https:\\\/\\\/secure.gravatar.com\\\/avatar\\\/56ff6f7f7fa10477834cd38d238f13f5db501df633669a1696900e3827da4bcd?s=96&d=mm&r=g\",\"contentUrl\":\"https:\\\/\\\/secure.gravatar.com\\\/avatar\\\/56ff6f7f7fa10477834cd38d238f13f5db501df633669a1696900e3827da4bcd?s=96&d=mm&r=g\",\"caption\":\"niinasal\"},\"url\":\"https:\\\/\\\/blogit.lab.fi\\\/labfocus\\\/author\\\/niinasal\\\/\"}]}<\/script>\n<!-- \/ Yoast SEO plugin. -->","yoast_head_json":{"title":"Tulevaisuusajattelun ja ennakoinnin aamup\u00e4iv\u00e4 - LAB Focus","robots":{"index":"index","follow":"follow","max-snippet":"max-snippet:-1","max-image-preview":"max-image-preview:large","max-video-preview":"max-video-preview:-1"},"canonical":"https:\/\/blogit.lab.fi\/labfocus\/tulevaisuusajattelun-ja-ennakoinnin-aamupaiva\/","og_locale":"fi_FI","og_type":"article","og_title":"Tulevaisuusajattelun ja ennakoinnin aamup\u00e4iv\u00e4 - LAB Focus","og_description":"Jatko \u2013 Muotoilukoulutuksen ja ty\u00f6el\u00e4m\u00e4n jatkuva vuorovaikutus ja oppiminen -hankkeessa kehitet\u00e4\u00e4n LAB-ammattikorkeakoulun ja Muotoiluinstituutin t\u00e4ydennyskoulutustarjontaa. Tulevaisuusajattelun ja ennakoinnin aamup\u00e4iv\u00e4 oli yksi koulutuspiloteista. Tulevaisuuksien ajattelun ja ennakoinnin sis\u00e4lt\u00f6ihin meit\u00e4 johdatteli Susanna Bj\u00f6rklund, muotoilija, trendianalyytikko ja toimittaja, joka ty\u00f6skentelee LABin Muotoiluinsituutissa lehtorina. Virtuaalisessa aamup\u00e4iv\u00e4ss\u00e4 oli l\u00e4hes 40 osallistujaa, eli aihe selke\u00e4sti kiinnostaa. T\u00e4ll\u00e4 hetkell\u00e4 sek\u00e4 korona ett\u00e4 [&hellip;]","og_url":"https:\/\/blogit.lab.fi\/labfocus\/tulevaisuusajattelun-ja-ennakoinnin-aamupaiva\/","og_site_name":"LAB Focus","article_published_time":"2022-05-12T07:29:40+00:00","article_modified_time":"2022-05-12T07:29:42+00:00","og_image":[{"width":1379,"height":750,"url":"https:\/\/blogit.lab.fi\/labfocus\/wp-content\/uploads\/sites\/8\/2022\/05\/165_2022_sanapilvi1.jpg","type":"image\/jpeg"}],"author":"niinasal","twitter_card":"summary_large_image","twitter_creator":"@LABfinland","twitter_site":"@LABfinland","twitter_misc":{"Kirjoittanut":"niinasal","Arvioitu lukuaika":"3 minuuttia"},"schema":{"@context":"https:\/\/schema.org","@graph":[{"@type":"Article","@id":"https:\/\/blogit.lab.fi\/labfocus\/tulevaisuusajattelun-ja-ennakoinnin-aamupaiva\/#article","isPartOf":{"@id":"https:\/\/blogit.lab.fi\/labfocus\/tulevaisuusajattelun-ja-ennakoinnin-aamupaiva\/"},"author":{"name":"niinasal","@id":"https:\/\/blogit.lab.fi\/labfocus\/#\/schema\/person\/f02f818b1b6bf8794d4aec1c49669077"},"headline":"Tulevaisuusajattelun ja ennakoinnin aamup\u00e4iv\u00e4","datePublished":"2022-05-12T07:29:40+00:00","dateModified":"2022-05-12T07:29:42+00:00","mainEntityOfPage":{"@id":"https:\/\/blogit.lab.fi\/labfocus\/tulevaisuusajattelun-ja-ennakoinnin-aamupaiva\/"},"wordCount":479,"commentCount":0,"publisher":{"@id":"https:\/\/blogit.lab.fi\/labfocus\/#organization"},"image":{"@id":"https:\/\/blogit.lab.fi\/labfocus\/tulevaisuusajattelun-ja-ennakoinnin-aamupaiva\/#primaryimage"},"thumbnailUrl":"https:\/\/blogit.lab.fi\/labfocus\/wp-content\/uploads\/sites\/8\/2022\/05\/165_2022_sanapilvi1.jpg","keywords":["Artikkeli E1","tulevaisuusty\u00f6skentely"],"articleSection":["Design"],"inLanguage":"fi","potentialAction":[{"@type":"CommentAction","name":"Comment","target":["https:\/\/blogit.lab.fi\/labfocus\/tulevaisuusajattelun-ja-ennakoinnin-aamupaiva\/#respond"]}]},{"@type":"WebPage","@id":"https:\/\/blogit.lab.fi\/labfocus\/tulevaisuusajattelun-ja-ennakoinnin-aamupaiva\/","url":"https:\/\/blogit.lab.fi\/labfocus\/tulevaisuusajattelun-ja-ennakoinnin-aamupaiva\/","name":"Tulevaisuusajattelun ja ennakoinnin aamup\u00e4iv\u00e4 - LAB Focus","isPartOf":{"@id":"https:\/\/blogit.lab.fi\/labfocus\/#website"},"primaryImageOfPage":{"@id":"https:\/\/blogit.lab.fi\/labfocus\/tulevaisuusajattelun-ja-ennakoinnin-aamupaiva\/#primaryimage"},"image":{"@id":"https:\/\/blogit.lab.fi\/labfocus\/tulevaisuusajattelun-ja-ennakoinnin-aamupaiva\/#primaryimage"},"thumbnailUrl":"https:\/\/blogit.lab.fi\/labfocus\/wp-content\/uploads\/sites\/8\/2022\/05\/165_2022_sanapilvi1.jpg","datePublished":"2022-05-12T07:29:40+00:00","dateModified":"2022-05-12T07:29:42+00:00","breadcrumb":{"@id":"https:\/\/blogit.lab.fi\/labfocus\/tulevaisuusajattelun-ja-ennakoinnin-aamupaiva\/#breadcrumb"},"inLanguage":"fi","potentialAction":[{"@type":"ReadAction","target":["https:\/\/blogit.lab.fi\/labfocus\/tulevaisuusajattelun-ja-ennakoinnin-aamupaiva\/"]}]},{"@type":"ImageObject","inLanguage":"fi","@id":"https:\/\/blogit.lab.fi\/labfocus\/tulevaisuusajattelun-ja-ennakoinnin-aamupaiva\/#primaryimage","url":"https:\/\/blogit.lab.fi\/labfocus\/wp-content\/uploads\/sites\/8\/2022\/05\/165_2022_sanapilvi1.jpg","contentUrl":"https:\/\/blogit.lab.fi\/labfocus\/wp-content\/uploads\/sites\/8\/2022\/05\/165_2022_sanapilvi1.jpg","width":1379,"height":750},{"@type":"BreadcrumbList","@id":"https:\/\/blogit.lab.fi\/labfocus\/tulevaisuusajattelun-ja-ennakoinnin-aamupaiva\/#breadcrumb","itemListElement":[{"@type":"ListItem","position":1,"name":"Home","item":"https:\/\/blogit.lab.fi\/labfocus\/"},{"@type":"ListItem","position":2,"name":"Tulevaisuusajattelun ja ennakoinnin aamup\u00e4iv\u00e4"}]},{"@type":"WebSite","@id":"https:\/\/blogit.lab.fi\/labfocus\/#website","url":"https:\/\/blogit.lab.fi\/labfocus\/","name":"LAB Focus","description":"Focus Area blog | LAB University of Applied Sciences","publisher":{"@id":"https:\/\/blogit.lab.fi\/labfocus\/#organization"},"potentialAction":[{"@type":"SearchAction","target":{"@type":"EntryPoint","urlTemplate":"https:\/\/blogit.lab.fi\/labfocus\/?s={search_term_string}"},"query-input":{"@type":"PropertyValueSpecification","valueRequired":true,"valueName":"search_term_string"}}],"inLanguage":"fi"},{"@type":"Organization","@id":"https:\/\/blogit.lab.fi\/labfocus\/#organization","name":"LAB Focus","url":"https:\/\/blogit.lab.fi\/labfocus\/","logo":{"@type":"ImageObject","inLanguage":"fi","@id":"https:\/\/blogit.lab.fi\/labfocus\/#\/schema\/logo\/image\/","url":"https:\/\/blogit.lab.fi\/labfocus\/wp-content\/uploads\/sites\/8\/2020\/04\/cropped-cropped-tunnus_blogi-01.png","contentUrl":"https:\/\/blogit.lab.fi\/labfocus\/wp-content\/uploads\/sites\/8\/2020\/04\/cropped-cropped-tunnus_blogi-01.png","width":1342,"height":288,"caption":"LAB Focus"},"image":{"@id":"https:\/\/blogit.lab.fi\/labfocus\/#\/schema\/logo\/image\/"},"sameAs":["https:\/\/x.com\/LABfinland"]},{"@type":"Person","@id":"https:\/\/blogit.lab.fi\/labfocus\/#\/schema\/person\/f02f818b1b6bf8794d4aec1c49669077","name":"niinasal","image":{"@type":"ImageObject","inLanguage":"fi","@id":"https:\/\/secure.gravatar.com\/avatar\/56ff6f7f7fa10477834cd38d238f13f5db501df633669a1696900e3827da4bcd?s=96&d=mm&r=g","url":"https:\/\/secure.gravatar.com\/avatar\/56ff6f7f7fa10477834cd38d238f13f5db501df633669a1696900e3827da4bcd?s=96&d=mm&r=g","contentUrl":"https:\/\/secure.gravatar.com\/avatar\/56ff6f7f7fa10477834cd38d238f13f5db501df633669a1696900e3827da4bcd?s=96&d=mm&r=g","caption":"niinasal"},"url":"https:\/\/blogit.lab.fi\/labfocus\/author\/niinasal\/"}]}},"_links":{"self":[{"href":"https:\/\/blogit.lab.fi\/labfocus\/wp-json\/wp\/v2\/posts\/8176","targetHints":{"allow":["GET"]}}],"collection":[{"href":"https:\/\/blogit.lab.fi\/labfocus\/wp-json\/wp\/v2\/posts"}],"about":[{"href":"https:\/\/blogit.lab.fi\/labfocus\/wp-json\/wp\/v2\/types\/post"}],"author":[{"embeddable":true,"href":"https:\/\/blogit.lab.fi\/labfocus\/wp-json\/wp\/v2\/users\/7"}],"replies":[{"embeddable":true,"href":"https:\/\/blogit.lab.fi\/labfocus\/wp-json\/wp\/v2\/comments?post=8176"}],"version-history":[{"count":1,"href":"https:\/\/blogit.lab.fi\/labfocus\/wp-json\/wp\/v2\/posts\/8176\/revisions"}],"predecessor-version":[{"id":8180,"href":"https:\/\/blogit.lab.fi\/labfocus\/wp-json\/wp\/v2\/posts\/8176\/revisions\/8180"}],"wp:featuredmedia":[{"embeddable":true,"href":"https:\/\/blogit.lab.fi\/labfocus\/wp-json\/wp\/v2\/media\/8178"}],"wp:attachment":[{"href":"https:\/\/blogit.lab.fi\/labfocus\/wp-json\/wp\/v2\/media?parent=8176"}],"wp:term":[{"taxonomy":"category","embeddable":true,"href":"https:\/\/blogit.lab.fi\/labfocus\/wp-json\/wp\/v2\/categories?post=8176"},{"taxonomy":"post_tag","embeddable":true,"href":"https:\/\/blogit.lab.fi\/labfocus\/wp-json\/wp\/v2\/tags?post=8176"}],"curies":[{"name":"wp","href":"https:\/\/api.w.org\/{rel}","templated":true}]}}