{"id":8442,"date":"2022-05-24T10:37:41","date_gmt":"2022-05-24T07:37:41","guid":{"rendered":"https:\/\/blogit.lab.fi\/labfocus\/?p=8442"},"modified":"2022-05-24T10:37:42","modified_gmt":"2022-05-24T07:37:42","slug":"sote-alan-amk-opiskelijoiden-tyollistyminen-vanhustyohon","status":"publish","type":"post","link":"https:\/\/blogit.lab.fi\/labfocus\/sote-alan-amk-opiskelijoiden-tyollistyminen-vanhustyohon\/","title":{"rendered":"Sote-alan amk-opiskelijoiden ty\u00f6llistyminen vanhusty\u00f6h\u00f6n"},"content":{"rendered":"\n<p>Vanhusty\u00f6 ty\u00f6llist\u00e4\u00e4 ison osan sosiaali- ja terveysalan ammattilaisista. Sotepalveluiden ty\u00f6ntekij\u00e4m\u00e4\u00e4r\u00e4 oli vuoden 2018 loppupuolella 399&nbsp;492 henkil\u00f6\u00e4. Heist\u00e4 338&nbsp;775 teki ty\u00f6t\u00e4\u00e4n alan ammattinimikkeill\u00e4 (Terveyden ja hyvinvoinnin laitos 2022). Tevameren (2021, 40) mukaan sosiaali- ja terveyspalvelualan ty\u00f6voimasta 37&nbsp;800 ty\u00f6skenteli vuoden 2018 aikana vanhusten ja vammaisten sosiaalihuollon avopalvelujen parissa. Vanhusten ja vammaisten asumispalveluissa ty\u00f6skenteli 41&nbsp;951 ty\u00f6ntekij\u00e4\u00e4.<\/p>\n\n\n\n<p>Ty\u00f6voimapula vanhusten palveluiden parissa ja l\u00e4hes koko sote-alalla on Suomessa t\u00e4ll\u00e4 hetkell\u00e4 merkitt\u00e4v\u00e4. Tevameren (2021, 53) mukaan sairaanhoitajien ja sosiaality\u00f6n erityisasiantuntijoiden m\u00e4\u00e4r\u00e4 ei tulisi vuoden 2019 j\u00e4lkeisen puolen vuoden aikana vastaamaan ty\u00f6el\u00e4m\u00e4n tarpeita, ja <a>hiljattainkin on tilastoin osoitettu pula sote-alan ammattilaisista (Ammattibarometri 2022).<\/a><\/p>\n\n\n\n<p>Vanhusty\u00f6 tarvitsee asiantuntijoita, eli sote-alan ammattilaisia nyt ja tulevaisuudessa. Monesti vanhusty\u00f6 voi n\u00e4ytt\u00e4yty\u00e4 ulkopuolisille helppona, eik\u00e4 v\u00e4ltt\u00e4m\u00e4tt\u00e4 n\u00e4hd\u00e4 toimenkuvan kokonaisuutta ja vaativaa ammattitaitoa, jonka esimerkiksi sairaanhoitajan ty\u00f6 kotihoidossa vaatii. H\u00e4m\u00e4l\u00e4isen ja Kivel\u00e4n (2021) mukaan kotihoidossa sairaanhoitaja p\u00e4\u00e4see hallitsemaan erilaisia kokonaisuuksia ja hy\u00f6dynt\u00e4m\u00e4\u00e4n monipuolisesti AMK-koulutuksen antamia taitoja. Kotihoidossa sairaanhoitaja toimii asiantuntijateht\u00e4v\u00e4ss\u00e4 tehden ty\u00f6t\u00e4 sek\u00e4 itsen\u00e4isesti ett\u00e4 tiimiss\u00e4.<\/p>\n\n\n\n<p>Sairaanhoitajien lis\u00e4ksi vanhusten palveluiden parissa ty\u00f6skentelee my\u00f6s muita AMK-tutkinnon suorittaneita asiantuntijoita kuten terveydenhoitajia, geronomeja, ensihoitajia, fysioterapeutteja, sosionomeja ja toimintaterapeutteja erilaisissa teht\u00e4viss\u00e4 ja toimintaymp\u00e4rist\u00f6iss\u00e4.<\/p>\n\n\n\n<figure class=\"wp-block-image size-large\"><img loading=\"lazy\" decoding=\"async\" width=\"1024\" height=\"551\" src=\"https:\/\/blogit.lab.fi\/labfocus\/wp-content\/uploads\/sites\/8\/2022\/05\/282_2022_Sote-alan-amk-opiskelijoiden-tyollistyminen-vanhustyohon-1024x551.jpg\" alt=\"\" class=\"wp-image-8444\" srcset=\"https:\/\/blogit.lab.fi\/labfocus\/wp-content\/uploads\/sites\/8\/2022\/05\/282_2022_Sote-alan-amk-opiskelijoiden-tyollistyminen-vanhustyohon-1024x551.jpg 1024w, https:\/\/blogit.lab.fi\/labfocus\/wp-content\/uploads\/sites\/8\/2022\/05\/282_2022_Sote-alan-amk-opiskelijoiden-tyollistyminen-vanhustyohon-300x161.jpg 300w, https:\/\/blogit.lab.fi\/labfocus\/wp-content\/uploads\/sites\/8\/2022\/05\/282_2022_Sote-alan-amk-opiskelijoiden-tyollistyminen-vanhustyohon-768x413.jpg 768w, https:\/\/blogit.lab.fi\/labfocus\/wp-content\/uploads\/sites\/8\/2022\/05\/282_2022_Sote-alan-amk-opiskelijoiden-tyollistyminen-vanhustyohon.jpg 1280w\" sizes=\"auto, (max-width: 1024px) 100vw, 1024px\" \/><figcaption>Kuva 1. Mist\u00e4 l\u00f6yd\u00e4mme tulevaisuudessa ammattilaiset vanhusten palveluihin? Tukevatko monialainen yhteisty\u00f6 ja positiiviset harjoittelukokemukset opiskelijoiden ohjautumista vanhusty\u00f6h\u00f6n riitt\u00e4v\u00e4sti? (Bennett 2017)<\/figcaption><\/figure>\n\n\n\n<h2 class=\"wp-block-heading\">Tuodaan esiin mahdollisuudet ja onnistumiset<\/h2>\n\n\n\n<p>Alan veto- ja pitovoimaisuuteen vaikuttavat merkitt\u00e4v\u00e4sti opiskelijoiden ty\u00f6harjoittelujaksoilla saamat kokemukset ty\u00f6teht\u00e4vist\u00e4 ja -yhteis\u00f6st\u00e4. Saltiola-S\u00e4rk\u00e4n ja Siniluhdan (2020, 20) mukaan monialainen yhteisty\u00f6 korostuu asiantuntijateht\u00e4v\u00e4ss\u00e4. Lis\u00e4ksi asiantuntijoiden osaaminen tuo yhten\u00e4isi\u00e4 ja k\u00e4yt\u00e4nt\u00f6\u00f6n perustuvia k\u00e4yt\u00e4nt\u00f6j\u00e4 ik\u00e4\u00e4ntyneiden hoitoty\u00f6n arkeen.<\/p>\n\n\n\n<p>H\u00e4m\u00e4l\u00e4inen ja Kivel\u00e4 (2021) tuovat esiin, ett\u00e4 opiskelijoille on t\u00e4rke\u00e4\u00e4 saada harjoitteluissa positiivisia kokemuksia. Positiiviset kokemukset voivat olla omien taitojen kehittymist\u00e4 tai onnistuneita kohtaamisia ik\u00e4ihmisten kanssa. Annetaan opiskelijoille nyt ja jatkossa mahdollisuus n\u00e4hd\u00e4 alan toinen puoli: mahdollisuudet ja onnistumiset.<\/p>\n\n\n\n<div class=\"wp-block-group has-background\" style=\"background-color:#8df1fc\"><div class=\"wp-block-group__inner-container is-layout-flow wp-block-group-is-layout-flow\">\n<p>Kirjoittajat<\/p>\n\n\n\n<p><strong>Johanna Tielinen<\/strong> on LAB-ammattikorkeakoulun tradenomiopiskelija, joka on harjoittelijana LAB SoteCampus -hankkeessa (<a>LAB 2022<\/a>).<\/p>\n\n\n\n<p><strong>Jaana Ahl<\/strong> toimii LAB SoteCampus -hankkeen (LAB 2022) projektip\u00e4\u00e4llikk\u00f6n\u00e4. Hankkeen tarkoituksena on edist\u00e4\u00e4 muun muassa vanhusty\u00f6n vetovoimaisuutta ja saada uusia ty\u00f6ntekij\u00f6it\u00e4 hakeutumaan alan ty\u00f6teht\u00e4viin.<\/p>\n<\/div><\/div>\n\n\n\n<h2 class=\"wp-block-heading\">L\u00e4hteet<\/h2>\n\n\n\n<p>Ammattibarometri. 2022. Ty\u00f6llistymisen n\u00e4kym\u00e4t eri ammateissa. Suomi 2022 \/ I. Viitattu 5.5.2022. Saatavissa <a href=\"https:\/\/www.ammattibarometri.fi\/Toplista.asp?maakunta=suomi&amp;vuosi=22i&amp;kieli=\" target=\"_blank\" rel=\"noreferrer noopener\">https:\/\/www.ammattibarometri.fi\/Toplista.asp?maakunta=suomi&amp;vuosi=22i&amp;kieli=<\/a><\/p>\n\n\n\n<p>Bennett, M. 2017. People. Unsplash. Viitattu 5.5.2022. Saatavissa <a href=\"https:\/\/unsplash.com\/photos\/78hTqvjYMS4\" target=\"_blank\" rel=\"noreferrer noopener\">https:\/\/unsplash.com\/photos\/78hTqvjYMS4<\/a><\/p>\n\n\n\n<p>H\u00e4m\u00e4l\u00e4inen, I. &amp; Kivel\u00e4, E. 2021. \u201dNe onnistumiset on parhaita\u201d \u2012 pohdintaa vanhusty\u00f6n vetovoimaisuudesta. Dialogi. Viitattu 28.4.2022. Saatavissa <a href=\"https:\/\/dialogi.diak.fi\/2021\/04\/15\/ne-onnistumiset-on-parhaita-pohdintaa-vanhustyon-vetovoimaisuudesta\/\" target=\"_blank\" rel=\"noreferrer noopener\">https:\/\/dialogi.diak.fi\/2021\/04\/15\/ne-onnistumiset-on-parhaita-pohdintaa-vanhustyon-vetovoimaisuudesta\/<\/a><\/p>\n\n\n\n<p>LAB. 2022. LAB SoteCampus. Hanke. Viitattu 5.5.2022. Saatavissa <a href=\"https:\/\/lab.fi\/fi\/projekti\/lab-sotecampus\" target=\"_blank\" rel=\"noreferrer noopener\">https:\/\/lab.fi\/fi\/projekti\/lab-sotecampus<\/a><\/p>\n\n\n\n<p>Saltiola-S\u00e4rkk\u00e4, L. &amp; Siniluhta, S. 2020. Hyv\u00e4 hoito pohjautuu hyv\u00e4\u00e4n perehdytykseen. Vanhusty\u00f6n keskusliitto. Vanhusty\u00f6-lehti. Nro 2\/2020. Viitattu 28.4.2022. Saatavissa <a href=\"https:\/\/vtkl.fi\/wp-content\/uploads\/2020\/03\/Vanhustyo_0220.pdf\" target=\"_blank\" rel=\"noreferrer noopener\">https:\/\/vtkl.fi\/wp-content\/uploads\/2020\/03\/Vanhustyo_0220.pdf<\/a><\/p>\n\n\n\n<p>Terveyden ja hyvinvoinnin laitos. 2022. Terveys- ja sosiaalipalvelujen henkil\u00f6st\u00f6 2018. Viitattu 28.4.2022. Saatavissa <a href=\"https:\/\/thl.fi\/fi\/tilastot-ja-data\/tilastot-aiheittain\/sosiaali-ja-terveydenhuollon-resurssit\/terveys-ja-sosiaalipalvelujen-henkilosto\" target=\"_blank\" rel=\"noreferrer noopener\">https:\/\/thl.fi\/fi\/tilastot-ja-data\/tilastot-aiheittain\/sosiaali-ja-terveydenhuollon-resurssit\/terveys-ja-sosiaalipalvelujen-henkilosto<\/a><\/p>\n\n\n\n<p><a>Tevameri, T. 2021. Katsaus sote-alan ty\u00f6voimaan \u2013 toimintaymp\u00e4rist\u00f6n ajankohtaisten muutosten ja pidemm\u00e4n aikav\u00e4lin tarkastelua. Ty\u00f6- ja elinkeinoministeri\u00f6. TEM toimialaraportit. 2021:2. Viitattu 28.4.2022. Saatavissa <\/a><a href=\"https:\/\/julkaisut.valtioneuvosto.fi\/bitstream\/handle\/10024\/162852\/TEM_2021_02_t.pdf\" target=\"_blank\" rel=\"noreferrer noopener\">https:\/\/julkaisut.valtioneuvosto.fi\/bitstream\/handle\/10024\/162852\/TEM_2021_02_t.pdf<\/a><\/p>\n\n\n\n<hr class=\"wp-block-separator\" \/>\n\n\n\n<p><a id=\"_msocom_1\"><\/a><\/p>\n","protected":false},"excerpt":{"rendered":"<p>Vanhusty\u00f6 ty\u00f6llist\u00e4\u00e4 ison osan sosiaali- ja terveysalan ammattilaisista. Sotepalveluiden ty\u00f6ntekij\u00e4m\u00e4\u00e4r\u00e4 oli vuoden 2018 loppupuolella 399&nbsp;492 henkil\u00f6\u00e4. Heist\u00e4 338&nbsp;775 teki ty\u00f6t\u00e4\u00e4n alan ammattinimikkeill\u00e4 (Terveyden ja hyvinvoinnin laitos 2022). Tevameren (2021, 40) mukaan sosiaali- ja terveyspalvelualan ty\u00f6voimasta 37&nbsp;800 ty\u00f6skenteli vuoden 2018 aikana vanhusten ja vammaisten sosiaalihuollon avopalvelujen parissa. Vanhusten ja vammaisten asumispalveluissa ty\u00f6skenteli 41&nbsp;951 ty\u00f6ntekij\u00e4\u00e4. Ty\u00f6voimapula vanhusten [&hellip;]<\/p>\n","protected":false},"author":17,"featured_media":8444,"comment_status":"closed","ping_status":"open","sticky":false,"template":"","format":"standard","meta":{"footnotes":""},"categories":[15],"tags":[29,2049,716,3549],"class_list":{"0":"post-8442","1":"post","2":"type-post","3":"status-publish","4":"format-standard","5":"has-post-thumbnail","7":"category-health_fi","8":"tag-artikkeli-e1","9":"tag-opiskelijat","10":"tag-sote-ala","11":"tag-vanhustyo","12":"czr-hentry"},"yoast_head":"<!-- This site is optimized with the Yoast SEO plugin v27.4 - https:\/\/yoast.com\/product\/yoast-seo-wordpress\/ -->\n<title>Sote-alan amk-opiskelijoiden ty\u00f6llistyminen vanhusty\u00f6h\u00f6n - LAB Focus<\/title>\n<meta name=\"description\" content=\"Vanhusty\u00f6h\u00f6n tarvitaan osaavia tekij\u00f6it\u00e4. LAB SoteCampus pyrkii lis\u00e4\u00e4m\u00e4\u00e4n vanhusty\u00f6n houkuttelevuutta asianmukaisen valistuksen keinoin.\" \/>\n<meta name=\"robots\" content=\"index, follow, max-snippet:-1, max-image-preview:large, max-video-preview:-1\" \/>\n<link rel=\"canonical\" href=\"https:\/\/blogit.lab.fi\/labfocus\/sote-alan-amk-opiskelijoiden-tyollistyminen-vanhustyohon\/\" \/>\n<meta property=\"og:locale\" content=\"fi_FI\" \/>\n<meta property=\"og:type\" content=\"article\" \/>\n<meta property=\"og:title\" content=\"Sote-alan amk-opiskelijoiden ty\u00f6llistyminen vanhusty\u00f6h\u00f6n - LAB Focus\" \/>\n<meta property=\"og:description\" content=\"Vanhusty\u00f6h\u00f6n tarvitaan osaavia tekij\u00f6it\u00e4. LAB SoteCampus pyrkii lis\u00e4\u00e4m\u00e4\u00e4n vanhusty\u00f6n houkuttelevuutta asianmukaisen valistuksen keinoin.\" \/>\n<meta property=\"og:url\" content=\"https:\/\/blogit.lab.fi\/labfocus\/sote-alan-amk-opiskelijoiden-tyollistyminen-vanhustyohon\/\" \/>\n<meta property=\"og:site_name\" content=\"LAB Focus\" \/>\n<meta property=\"article:published_time\" content=\"2022-05-24T07:37:41+00:00\" \/>\n<meta property=\"article:modified_time\" content=\"2022-05-24T07:37:42+00:00\" \/>\n<meta property=\"og:image\" content=\"https:\/\/blogit.lab.fi\/labfocus\/wp-content\/uploads\/sites\/8\/2022\/05\/282_2022_Sote-alan-amk-opiskelijoiden-tyollistyminen-vanhustyohon.jpg\" \/>\n\t<meta property=\"og:image:width\" content=\"1280\" \/>\n\t<meta property=\"og:image:height\" content=\"689\" \/>\n\t<meta property=\"og:image:type\" content=\"image\/jpeg\" \/>\n<meta name=\"author\" content=\"tainask\" \/>\n<meta name=\"twitter:card\" content=\"summary_large_image\" \/>\n<meta name=\"twitter:creator\" content=\"@LABfinland\" \/>\n<meta name=\"twitter:site\" content=\"@LABfinland\" \/>\n<meta name=\"twitter:label1\" content=\"Kirjoittanut\" \/>\n\t<meta name=\"twitter:data1\" content=\"tainask\" \/>\n\t<meta name=\"twitter:label2\" content=\"Arvioitu lukuaika\" \/>\n\t<meta name=\"twitter:data2\" content=\"3 minuuttia\" \/>\n<script type=\"application\/ld+json\" class=\"yoast-schema-graph\">{\"@context\":\"https:\\\/\\\/schema.org\",\"@graph\":[{\"@type\":\"Article\",\"@id\":\"https:\\\/\\\/blogit.lab.fi\\\/labfocus\\\/sote-alan-amk-opiskelijoiden-tyollistyminen-vanhustyohon\\\/#article\",\"isPartOf\":{\"@id\":\"https:\\\/\\\/blogit.lab.fi\\\/labfocus\\\/sote-alan-amk-opiskelijoiden-tyollistyminen-vanhustyohon\\\/\"},\"author\":{\"name\":\"tainask\",\"@id\":\"https:\\\/\\\/blogit.lab.fi\\\/labfocus\\\/#\\\/schema\\\/person\\\/da729f65c4a2fb9fd8f0b1ec7a2ab7d0\"},\"headline\":\"Sote-alan amk-opiskelijoiden ty\u00f6llistyminen vanhusty\u00f6h\u00f6n\",\"datePublished\":\"2022-05-24T07:37:41+00:00\",\"dateModified\":\"2022-05-24T07:37:42+00:00\",\"mainEntityOfPage\":{\"@id\":\"https:\\\/\\\/blogit.lab.fi\\\/labfocus\\\/sote-alan-amk-opiskelijoiden-tyollistyminen-vanhustyohon\\\/\"},\"wordCount\":539,\"publisher\":{\"@id\":\"https:\\\/\\\/blogit.lab.fi\\\/labfocus\\\/#organization\"},\"image\":{\"@id\":\"https:\\\/\\\/blogit.lab.fi\\\/labfocus\\\/sote-alan-amk-opiskelijoiden-tyollistyminen-vanhustyohon\\\/#primaryimage\"},\"thumbnailUrl\":\"https:\\\/\\\/blogit.lab.fi\\\/labfocus\\\/wp-content\\\/uploads\\\/sites\\\/8\\\/2022\\\/05\\\/282_2022_Sote-alan-amk-opiskelijoiden-tyollistyminen-vanhustyohon.jpg\",\"keywords\":[\"Artikkeli E1\",\"opiskelijat\",\"sote-ala\",\"vanhusty\u00f6\"],\"articleSection\":[\"Health\"],\"inLanguage\":\"fi\"},{\"@type\":\"WebPage\",\"@id\":\"https:\\\/\\\/blogit.lab.fi\\\/labfocus\\\/sote-alan-amk-opiskelijoiden-tyollistyminen-vanhustyohon\\\/\",\"url\":\"https:\\\/\\\/blogit.lab.fi\\\/labfocus\\\/sote-alan-amk-opiskelijoiden-tyollistyminen-vanhustyohon\\\/\",\"name\":\"Sote-alan amk-opiskelijoiden ty\u00f6llistyminen vanhusty\u00f6h\u00f6n - LAB Focus\",\"isPartOf\":{\"@id\":\"https:\\\/\\\/blogit.lab.fi\\\/labfocus\\\/#website\"},\"primaryImageOfPage\":{\"@id\":\"https:\\\/\\\/blogit.lab.fi\\\/labfocus\\\/sote-alan-amk-opiskelijoiden-tyollistyminen-vanhustyohon\\\/#primaryimage\"},\"image\":{\"@id\":\"https:\\\/\\\/blogit.lab.fi\\\/labfocus\\\/sote-alan-amk-opiskelijoiden-tyollistyminen-vanhustyohon\\\/#primaryimage\"},\"thumbnailUrl\":\"https:\\\/\\\/blogit.lab.fi\\\/labfocus\\\/wp-content\\\/uploads\\\/sites\\\/8\\\/2022\\\/05\\\/282_2022_Sote-alan-amk-opiskelijoiden-tyollistyminen-vanhustyohon.jpg\",\"datePublished\":\"2022-05-24T07:37:41+00:00\",\"dateModified\":\"2022-05-24T07:37:42+00:00\",\"description\":\"Vanhusty\u00f6h\u00f6n tarvitaan osaavia tekij\u00f6it\u00e4. LAB SoteCampus pyrkii lis\u00e4\u00e4m\u00e4\u00e4n vanhusty\u00f6n houkuttelevuutta asianmukaisen valistuksen keinoin.\",\"breadcrumb\":{\"@id\":\"https:\\\/\\\/blogit.lab.fi\\\/labfocus\\\/sote-alan-amk-opiskelijoiden-tyollistyminen-vanhustyohon\\\/#breadcrumb\"},\"inLanguage\":\"fi\",\"potentialAction\":[{\"@type\":\"ReadAction\",\"target\":[\"https:\\\/\\\/blogit.lab.fi\\\/labfocus\\\/sote-alan-amk-opiskelijoiden-tyollistyminen-vanhustyohon\\\/\"]}]},{\"@type\":\"ImageObject\",\"inLanguage\":\"fi\",\"@id\":\"https:\\\/\\\/blogit.lab.fi\\\/labfocus\\\/sote-alan-amk-opiskelijoiden-tyollistyminen-vanhustyohon\\\/#primaryimage\",\"url\":\"https:\\\/\\\/blogit.lab.fi\\\/labfocus\\\/wp-content\\\/uploads\\\/sites\\\/8\\\/2022\\\/05\\\/282_2022_Sote-alan-amk-opiskelijoiden-tyollistyminen-vanhustyohon.jpg\",\"contentUrl\":\"https:\\\/\\\/blogit.lab.fi\\\/labfocus\\\/wp-content\\\/uploads\\\/sites\\\/8\\\/2022\\\/05\\\/282_2022_Sote-alan-amk-opiskelijoiden-tyollistyminen-vanhustyohon.jpg\",\"width\":1280,\"height\":689},{\"@type\":\"BreadcrumbList\",\"@id\":\"https:\\\/\\\/blogit.lab.fi\\\/labfocus\\\/sote-alan-amk-opiskelijoiden-tyollistyminen-vanhustyohon\\\/#breadcrumb\",\"itemListElement\":[{\"@type\":\"ListItem\",\"position\":1,\"name\":\"Home\",\"item\":\"https:\\\/\\\/blogit.lab.fi\\\/labfocus\\\/\"},{\"@type\":\"ListItem\",\"position\":2,\"name\":\"Sote-alan amk-opiskelijoiden ty\u00f6llistyminen vanhusty\u00f6h\u00f6n\"}]},{\"@type\":\"WebSite\",\"@id\":\"https:\\\/\\\/blogit.lab.fi\\\/labfocus\\\/#website\",\"url\":\"https:\\\/\\\/blogit.lab.fi\\\/labfocus\\\/\",\"name\":\"LAB Focus\",\"description\":\"Focus Area blog | LAB University of Applied Sciences\",\"publisher\":{\"@id\":\"https:\\\/\\\/blogit.lab.fi\\\/labfocus\\\/#organization\"},\"potentialAction\":[{\"@type\":\"SearchAction\",\"target\":{\"@type\":\"EntryPoint\",\"urlTemplate\":\"https:\\\/\\\/blogit.lab.fi\\\/labfocus\\\/?s={search_term_string}\"},\"query-input\":{\"@type\":\"PropertyValueSpecification\",\"valueRequired\":true,\"valueName\":\"search_term_string\"}}],\"inLanguage\":\"fi\"},{\"@type\":\"Organization\",\"@id\":\"https:\\\/\\\/blogit.lab.fi\\\/labfocus\\\/#organization\",\"name\":\"LAB Focus\",\"url\":\"https:\\\/\\\/blogit.lab.fi\\\/labfocus\\\/\",\"logo\":{\"@type\":\"ImageObject\",\"inLanguage\":\"fi\",\"@id\":\"https:\\\/\\\/blogit.lab.fi\\\/labfocus\\\/#\\\/schema\\\/logo\\\/image\\\/\",\"url\":\"https:\\\/\\\/blogit.lab.fi\\\/labfocus\\\/wp-content\\\/uploads\\\/sites\\\/8\\\/2020\\\/04\\\/cropped-cropped-tunnus_blogi-01.png\",\"contentUrl\":\"https:\\\/\\\/blogit.lab.fi\\\/labfocus\\\/wp-content\\\/uploads\\\/sites\\\/8\\\/2020\\\/04\\\/cropped-cropped-tunnus_blogi-01.png\",\"width\":1342,\"height\":288,\"caption\":\"LAB Focus\"},\"image\":{\"@id\":\"https:\\\/\\\/blogit.lab.fi\\\/labfocus\\\/#\\\/schema\\\/logo\\\/image\\\/\"},\"sameAs\":[\"https:\\\/\\\/x.com\\\/LABfinland\"]},{\"@type\":\"Person\",\"@id\":\"https:\\\/\\\/blogit.lab.fi\\\/labfocus\\\/#\\\/schema\\\/person\\\/da729f65c4a2fb9fd8f0b1ec7a2ab7d0\",\"name\":\"tainask\",\"image\":{\"@type\":\"ImageObject\",\"inLanguage\":\"fi\",\"@id\":\"https:\\\/\\\/secure.gravatar.com\\\/avatar\\\/4a96427877ef826b76e80c27f60b266128094f522551459346efcf14282febb3?s=96&d=mm&r=g\",\"url\":\"https:\\\/\\\/secure.gravatar.com\\\/avatar\\\/4a96427877ef826b76e80c27f60b266128094f522551459346efcf14282febb3?s=96&d=mm&r=g\",\"contentUrl\":\"https:\\\/\\\/secure.gravatar.com\\\/avatar\\\/4a96427877ef826b76e80c27f60b266128094f522551459346efcf14282febb3?s=96&d=mm&r=g\",\"caption\":\"tainask\"},\"url\":\"https:\\\/\\\/blogit.lab.fi\\\/labfocus\\\/author\\\/tainask\\\/\"}]}<\/script>\n<!-- \/ Yoast SEO plugin. -->","yoast_head_json":{"title":"Sote-alan amk-opiskelijoiden ty\u00f6llistyminen vanhusty\u00f6h\u00f6n - LAB Focus","description":"Vanhusty\u00f6h\u00f6n tarvitaan osaavia tekij\u00f6it\u00e4. LAB SoteCampus pyrkii lis\u00e4\u00e4m\u00e4\u00e4n vanhusty\u00f6n houkuttelevuutta asianmukaisen valistuksen keinoin.","robots":{"index":"index","follow":"follow","max-snippet":"max-snippet:-1","max-image-preview":"max-image-preview:large","max-video-preview":"max-video-preview:-1"},"canonical":"https:\/\/blogit.lab.fi\/labfocus\/sote-alan-amk-opiskelijoiden-tyollistyminen-vanhustyohon\/","og_locale":"fi_FI","og_type":"article","og_title":"Sote-alan amk-opiskelijoiden ty\u00f6llistyminen vanhusty\u00f6h\u00f6n - LAB Focus","og_description":"Vanhusty\u00f6h\u00f6n tarvitaan osaavia tekij\u00f6it\u00e4. LAB SoteCampus pyrkii lis\u00e4\u00e4m\u00e4\u00e4n vanhusty\u00f6n houkuttelevuutta asianmukaisen valistuksen keinoin.","og_url":"https:\/\/blogit.lab.fi\/labfocus\/sote-alan-amk-opiskelijoiden-tyollistyminen-vanhustyohon\/","og_site_name":"LAB Focus","article_published_time":"2022-05-24T07:37:41+00:00","article_modified_time":"2022-05-24T07:37:42+00:00","og_image":[{"width":1280,"height":689,"url":"https:\/\/blogit.lab.fi\/labfocus\/wp-content\/uploads\/sites\/8\/2022\/05\/282_2022_Sote-alan-amk-opiskelijoiden-tyollistyminen-vanhustyohon.jpg","type":"image\/jpeg"}],"author":"tainask","twitter_card":"summary_large_image","twitter_creator":"@LABfinland","twitter_site":"@LABfinland","twitter_misc":{"Kirjoittanut":"tainask","Arvioitu lukuaika":"3 minuuttia"},"schema":{"@context":"https:\/\/schema.org","@graph":[{"@type":"Article","@id":"https:\/\/blogit.lab.fi\/labfocus\/sote-alan-amk-opiskelijoiden-tyollistyminen-vanhustyohon\/#article","isPartOf":{"@id":"https:\/\/blogit.lab.fi\/labfocus\/sote-alan-amk-opiskelijoiden-tyollistyminen-vanhustyohon\/"},"author":{"name":"tainask","@id":"https:\/\/blogit.lab.fi\/labfocus\/#\/schema\/person\/da729f65c4a2fb9fd8f0b1ec7a2ab7d0"},"headline":"Sote-alan amk-opiskelijoiden ty\u00f6llistyminen vanhusty\u00f6h\u00f6n","datePublished":"2022-05-24T07:37:41+00:00","dateModified":"2022-05-24T07:37:42+00:00","mainEntityOfPage":{"@id":"https:\/\/blogit.lab.fi\/labfocus\/sote-alan-amk-opiskelijoiden-tyollistyminen-vanhustyohon\/"},"wordCount":539,"publisher":{"@id":"https:\/\/blogit.lab.fi\/labfocus\/#organization"},"image":{"@id":"https:\/\/blogit.lab.fi\/labfocus\/sote-alan-amk-opiskelijoiden-tyollistyminen-vanhustyohon\/#primaryimage"},"thumbnailUrl":"https:\/\/blogit.lab.fi\/labfocus\/wp-content\/uploads\/sites\/8\/2022\/05\/282_2022_Sote-alan-amk-opiskelijoiden-tyollistyminen-vanhustyohon.jpg","keywords":["Artikkeli E1","opiskelijat","sote-ala","vanhusty\u00f6"],"articleSection":["Health"],"inLanguage":"fi"},{"@type":"WebPage","@id":"https:\/\/blogit.lab.fi\/labfocus\/sote-alan-amk-opiskelijoiden-tyollistyminen-vanhustyohon\/","url":"https:\/\/blogit.lab.fi\/labfocus\/sote-alan-amk-opiskelijoiden-tyollistyminen-vanhustyohon\/","name":"Sote-alan amk-opiskelijoiden ty\u00f6llistyminen vanhusty\u00f6h\u00f6n - LAB Focus","isPartOf":{"@id":"https:\/\/blogit.lab.fi\/labfocus\/#website"},"primaryImageOfPage":{"@id":"https:\/\/blogit.lab.fi\/labfocus\/sote-alan-amk-opiskelijoiden-tyollistyminen-vanhustyohon\/#primaryimage"},"image":{"@id":"https:\/\/blogit.lab.fi\/labfocus\/sote-alan-amk-opiskelijoiden-tyollistyminen-vanhustyohon\/#primaryimage"},"thumbnailUrl":"https:\/\/blogit.lab.fi\/labfocus\/wp-content\/uploads\/sites\/8\/2022\/05\/282_2022_Sote-alan-amk-opiskelijoiden-tyollistyminen-vanhustyohon.jpg","datePublished":"2022-05-24T07:37:41+00:00","dateModified":"2022-05-24T07:37:42+00:00","description":"Vanhusty\u00f6h\u00f6n tarvitaan osaavia tekij\u00f6it\u00e4. LAB SoteCampus pyrkii lis\u00e4\u00e4m\u00e4\u00e4n vanhusty\u00f6n houkuttelevuutta asianmukaisen valistuksen keinoin.","breadcrumb":{"@id":"https:\/\/blogit.lab.fi\/labfocus\/sote-alan-amk-opiskelijoiden-tyollistyminen-vanhustyohon\/#breadcrumb"},"inLanguage":"fi","potentialAction":[{"@type":"ReadAction","target":["https:\/\/blogit.lab.fi\/labfocus\/sote-alan-amk-opiskelijoiden-tyollistyminen-vanhustyohon\/"]}]},{"@type":"ImageObject","inLanguage":"fi","@id":"https:\/\/blogit.lab.fi\/labfocus\/sote-alan-amk-opiskelijoiden-tyollistyminen-vanhustyohon\/#primaryimage","url":"https:\/\/blogit.lab.fi\/labfocus\/wp-content\/uploads\/sites\/8\/2022\/05\/282_2022_Sote-alan-amk-opiskelijoiden-tyollistyminen-vanhustyohon.jpg","contentUrl":"https:\/\/blogit.lab.fi\/labfocus\/wp-content\/uploads\/sites\/8\/2022\/05\/282_2022_Sote-alan-amk-opiskelijoiden-tyollistyminen-vanhustyohon.jpg","width":1280,"height":689},{"@type":"BreadcrumbList","@id":"https:\/\/blogit.lab.fi\/labfocus\/sote-alan-amk-opiskelijoiden-tyollistyminen-vanhustyohon\/#breadcrumb","itemListElement":[{"@type":"ListItem","position":1,"name":"Home","item":"https:\/\/blogit.lab.fi\/labfocus\/"},{"@type":"ListItem","position":2,"name":"Sote-alan amk-opiskelijoiden ty\u00f6llistyminen vanhusty\u00f6h\u00f6n"}]},{"@type":"WebSite","@id":"https:\/\/blogit.lab.fi\/labfocus\/#website","url":"https:\/\/blogit.lab.fi\/labfocus\/","name":"LAB Focus","description":"Focus Area blog | LAB University of Applied Sciences","publisher":{"@id":"https:\/\/blogit.lab.fi\/labfocus\/#organization"},"potentialAction":[{"@type":"SearchAction","target":{"@type":"EntryPoint","urlTemplate":"https:\/\/blogit.lab.fi\/labfocus\/?s={search_term_string}"},"query-input":{"@type":"PropertyValueSpecification","valueRequired":true,"valueName":"search_term_string"}}],"inLanguage":"fi"},{"@type":"Organization","@id":"https:\/\/blogit.lab.fi\/labfocus\/#organization","name":"LAB Focus","url":"https:\/\/blogit.lab.fi\/labfocus\/","logo":{"@type":"ImageObject","inLanguage":"fi","@id":"https:\/\/blogit.lab.fi\/labfocus\/#\/schema\/logo\/image\/","url":"https:\/\/blogit.lab.fi\/labfocus\/wp-content\/uploads\/sites\/8\/2020\/04\/cropped-cropped-tunnus_blogi-01.png","contentUrl":"https:\/\/blogit.lab.fi\/labfocus\/wp-content\/uploads\/sites\/8\/2020\/04\/cropped-cropped-tunnus_blogi-01.png","width":1342,"height":288,"caption":"LAB Focus"},"image":{"@id":"https:\/\/blogit.lab.fi\/labfocus\/#\/schema\/logo\/image\/"},"sameAs":["https:\/\/x.com\/LABfinland"]},{"@type":"Person","@id":"https:\/\/blogit.lab.fi\/labfocus\/#\/schema\/person\/da729f65c4a2fb9fd8f0b1ec7a2ab7d0","name":"tainask","image":{"@type":"ImageObject","inLanguage":"fi","@id":"https:\/\/secure.gravatar.com\/avatar\/4a96427877ef826b76e80c27f60b266128094f522551459346efcf14282febb3?s=96&d=mm&r=g","url":"https:\/\/secure.gravatar.com\/avatar\/4a96427877ef826b76e80c27f60b266128094f522551459346efcf14282febb3?s=96&d=mm&r=g","contentUrl":"https:\/\/secure.gravatar.com\/avatar\/4a96427877ef826b76e80c27f60b266128094f522551459346efcf14282febb3?s=96&d=mm&r=g","caption":"tainask"},"url":"https:\/\/blogit.lab.fi\/labfocus\/author\/tainask\/"}]}},"_links":{"self":[{"href":"https:\/\/blogit.lab.fi\/labfocus\/wp-json\/wp\/v2\/posts\/8442","targetHints":{"allow":["GET"]}}],"collection":[{"href":"https:\/\/blogit.lab.fi\/labfocus\/wp-json\/wp\/v2\/posts"}],"about":[{"href":"https:\/\/blogit.lab.fi\/labfocus\/wp-json\/wp\/v2\/types\/post"}],"author":[{"embeddable":true,"href":"https:\/\/blogit.lab.fi\/labfocus\/wp-json\/wp\/v2\/users\/17"}],"replies":[{"embeddable":true,"href":"https:\/\/blogit.lab.fi\/labfocus\/wp-json\/wp\/v2\/comments?post=8442"}],"version-history":[{"count":1,"href":"https:\/\/blogit.lab.fi\/labfocus\/wp-json\/wp\/v2\/posts\/8442\/revisions"}],"predecessor-version":[{"id":8445,"href":"https:\/\/blogit.lab.fi\/labfocus\/wp-json\/wp\/v2\/posts\/8442\/revisions\/8445"}],"wp:featuredmedia":[{"embeddable":true,"href":"https:\/\/blogit.lab.fi\/labfocus\/wp-json\/wp\/v2\/media\/8444"}],"wp:attachment":[{"href":"https:\/\/blogit.lab.fi\/labfocus\/wp-json\/wp\/v2\/media?parent=8442"}],"wp:term":[{"taxonomy":"category","embeddable":true,"href":"https:\/\/blogit.lab.fi\/labfocus\/wp-json\/wp\/v2\/categories?post=8442"},{"taxonomy":"post_tag","embeddable":true,"href":"https:\/\/blogit.lab.fi\/labfocus\/wp-json\/wp\/v2\/tags?post=8442"}],"curies":[{"name":"wp","href":"https:\/\/api.w.org\/{rel}","templated":true}]}}