{"id":8450,"date":"2022-05-24T14:01:30","date_gmt":"2022-05-24T11:01:30","guid":{"rendered":"https:\/\/blogit.lab.fi\/labfocus\/?p=8450"},"modified":"2022-05-24T15:01:56","modified_gmt":"2022-05-24T12:01:56","slug":"yrityskohtainen-tyopajakokonaisuus-digiupin-valtti","status":"publish","type":"post","link":"https:\/\/blogit.lab.fi\/labfocus\/yrityskohtainen-tyopajakokonaisuus-digiupin-valtti\/","title":{"rendered":"Yrityskohtainen ty\u00f6pajakokonaisuus digiUPin valtti\u00a0"},"content":{"rendered":"\n<p>Digitaalisen transformaation johtaminen, digiUP-projekti p\u00e4\u00e4si vihdoin koronarajoitusten hellitt\u00e4ess\u00e4 esittelem\u00e4\u00e4n toimintaansa MIDAS-ohjelman (LAB 2022) j\u00e4rjest\u00e4m\u00e4ss\u00e4 fyysisess\u00e4 <a>messutapahtumassa 19.5.2022 Lahdessa Walimon Casselissa. <\/a>&nbsp;<\/p>\n\n\n\n<p>digiUP (Linkki 1) on LUT-yliopiston ja LAB-ammattikorkeakoulun toteuttama Euroopan aluekehitysrahaston ja P\u00e4ij\u00e4t-H\u00e4meen liiton rahoittama projekti, jonka tavoitteena on tukea erityisesti p\u00e4ij\u00e4th\u00e4m\u00e4l\u00e4isi\u00e4 pk-yrityksi\u00e4 hy\u00f6dynt\u00e4m\u00e4\u00e4n digitalisaation mahdollisuuksia liiketoiminnan tavoitteet edell\u00e4. <\/p>\n\n\n\n<p>Linkki digiUP-projektin sivuille: <a href=\"https:\/\/lab.fi\/fi\/projekti\/digiUP\" target=\"_blank\" rel=\"noreferrer noopener\">https:\/\/lab.fi\/fi\/projekti\/digiUP<\/a><\/p>\n\n\n\n<p>Syksyll\u00e4 2019 alkanut projekti p\u00e4\u00e4ttyy 30.9.2022, joten esitelt\u00e4v\u00e4\u00e4 tapahtumassa oli jo melkoisesti. Projektista kiinnostuneita seisoikin esittelypisteell\u00e4 hetkitt\u00e4in jonoksi asti.<\/p>\n\n\n\n<figure class=\"wp-block-image size-large\"><img loading=\"lazy\" decoding=\"async\" width=\"1024\" height=\"662\" src=\"https:\/\/blogit.lab.fi\/labfocus\/wp-content\/uploads\/sites\/8\/2022\/05\/344_2022_Yrityskohtainen-tyopajakokonaisuus-digiUPin-valtti_3-1024x662.jpg\" alt=\"[Alt-teksti: Isossa julisteessa tekstit digi up digitaalisen transformaation johtaminen minne yrityksenne haluaa miten me voimme auttaa.]\" class=\"wp-image-8452\" srcset=\"https:\/\/blogit.lab.fi\/labfocus\/wp-content\/uploads\/sites\/8\/2022\/05\/344_2022_Yrityskohtainen-tyopajakokonaisuus-digiUPin-valtti_3-1024x662.jpg 1024w, https:\/\/blogit.lab.fi\/labfocus\/wp-content\/uploads\/sites\/8\/2022\/05\/344_2022_Yrityskohtainen-tyopajakokonaisuus-digiUPin-valtti_3-300x194.jpg 300w, https:\/\/blogit.lab.fi\/labfocus\/wp-content\/uploads\/sites\/8\/2022\/05\/344_2022_Yrityskohtainen-tyopajakokonaisuus-digiUPin-valtti_3-768x496.jpg 768w, https:\/\/blogit.lab.fi\/labfocus\/wp-content\/uploads\/sites\/8\/2022\/05\/344_2022_Yrityskohtainen-tyopajakokonaisuus-digiUPin-valtti_3.jpg 1280w\" sizes=\"auto, (max-width: 1024px) 100vw, 1024px\" \/><figcaption>Kuva 1. digiUP-projektin standi MIDAS-messuilla. (Kuva: Sariseelia Sore)<\/figcaption><\/figure>\n\n\n\n<h2 class=\"wp-block-heading\">T\u00e4sm\u00e4suunnittelua ja tiekartta<\/h2>\n\n\n\n<p>Projektin henkil\u00f6st\u00f6 p\u00e4\u00e4si esittelem\u00e4\u00e4n hankkeessa toteutettuja yrityksille suunnattuja ty\u00f6kaluja ja toimintamalleja. Erityist\u00e4 kiinnostusta her\u00e4tti yritysten parissa eritt\u00e4in hyv\u00e4n vastaanoton saanut nelivaiheinen yrityskohtainen ty\u00f6pajakokonaisuus. Sen aikana tunnistetaan yrityksen digitarpeet, parhaiten lis\u00e4arvoa tuova liiketoiminnan kehitt\u00e4miskohde ja suunnitellaan konkreettinen tiekartta tavoitteen saavuttamiseksi. Kokonaisuus aloitetaan kartoittamalla yrityksen digivalmiudet projektissa tuotetulla verkkopohjaisella digitarvekartoituksen ty\u00f6kalulla (linkki 2), joka tukee laajan n\u00e4k\u00f6kulman saamista yrityksen kehityst\u00e4 vaativista toiminnan kohteista.<\/p>\n\n\n\n<p>Linkki digitarvekartoitusty\u00f6kaluun: <a href=\"http:\/\/digitarvekartoitus.fi\" target=\"_blank\" rel=\"noreferrer noopener\">http:\/\/digitarvekartoitus.fi<\/a><\/p>\n\n\n\n<p>T\u00e4t\u00e4 seuraa kaksi yhteistoiminnallista kolmen tunnin ty\u00f6pajaa, joiden aikana valitaan mit\u00e4 liiketoiminnan osa-aluetta yrityksess\u00e4 l\u00e4hdet\u00e4\u00e4n kehitt\u00e4m\u00e4\u00e4n digin avulla ja miten se konkreettisesti tapahtuu. Lopuksi yritys saa projektilta tukea sopivan palveluntarjoajan etsimiseksi sek\u00e4 tarjouspyynn\u00f6n tekemiseksi. Digisiirtym\u00e4n tueksi projektissa on tuotettu yrityksille my\u00f6s ty\u00f6kalu digi-investoinnin kannattavuuden laskemiseksi (linkki 3) sek\u00e4 koottu malliesimerkkej\u00e4 mittareista, &nbsp;joilla digi-investoinnin vaikutusta liiketoimintaan voidaan mitata ja seurata (linkki 4).<\/p>\n\n\n\n<p>Linkki digi-investoinnin kannattavuuslaskelman ty\u00f6kaluun: <a href=\"https:\/\/research.lut.fi\/converis\/getfile?id=13840146&amp;portal=true&amp;v=1\" target=\"_blank\" rel=\"noreferrer noopener\">https:\/\/research.lut.fi\/converis\/getfile?id=13840146&amp;portal=true&amp;v=1<\/a><\/p>\n\n\n\n<p>Linkki malliesimerkkeihin, jotka esittelev\u00e4t liiketoiminnan mittauksen ja seurannan digimittareita: <a href=\"https:\/\/research.lut.fi\/converis\/getfile?id=14177086&amp;portal=true&amp;v=1v\" target=\"_blank\" rel=\"noreferrer noopener\">https:\/\/research.lut.fi\/converis\/getfile?id=14177086&amp;portal=true&amp;v=1v<\/a><\/p>\n\n\n\n<figure class=\"wp-block-image size-large\"><img loading=\"lazy\" decoding=\"async\" width=\"1024\" height=\"662\" src=\"https:\/\/blogit.lab.fi\/labfocus\/wp-content\/uploads\/sites\/8\/2022\/05\/344_2022_Yrityskohtainen-tyopajakokonaisuus-digiUPin-valtti-1024x662.jpg\" alt=\"[Alt-teksti: Mies ja n\u00e4ytt\u00f6kangas, mies pit\u00e4\u00e4 esityst\u00e4. Kankaalla lukee muun muassa digitalisoitumisesta puhutaan paljon, mutta mit\u00e4 se voisi tarkoittaa juuri sinun yrityksesi n\u00e4k\u00f6kulmasta.]\" class=\"wp-image-8473\" srcset=\"https:\/\/blogit.lab.fi\/labfocus\/wp-content\/uploads\/sites\/8\/2022\/05\/344_2022_Yrityskohtainen-tyopajakokonaisuus-digiUPin-valtti-1024x662.jpg 1024w, https:\/\/blogit.lab.fi\/labfocus\/wp-content\/uploads\/sites\/8\/2022\/05\/344_2022_Yrityskohtainen-tyopajakokonaisuus-digiUPin-valtti-300x194.jpg 300w, https:\/\/blogit.lab.fi\/labfocus\/wp-content\/uploads\/sites\/8\/2022\/05\/344_2022_Yrityskohtainen-tyopajakokonaisuus-digiUPin-valtti-768x496.jpg 768w, https:\/\/blogit.lab.fi\/labfocus\/wp-content\/uploads\/sites\/8\/2022\/05\/344_2022_Yrityskohtainen-tyopajakokonaisuus-digiUPin-valtti.jpg 1280w\" sizes=\"auto, (max-width: 1024px) 100vw, 1024px\" \/><figcaption><a>Kuva 2<\/a>. Projektiasiantuntija Aki Vainio esittelem\u00e4ss\u00e4 digiUP-projektia. (Kuva: Sariseelia Sore)<\/figcaption><\/figure>\n\n\n\n<h2 class=\"wp-block-heading\">digiUP yrityksen tukena<\/h2>\n\n\n\n<p><a>Standin lis\u00e4ksi digiUP-projekti p\u00e4\u00e4si esiin erikseen projektiasiantuntija Aki Vainion sanoin (Vainio 2022). Yleisesti on hyvin tiedossa, ett\u00e4 digitalisoituneet yritykset p\u00e4rj\u00e4\u00e4v\u00e4t kilpailussa digikehityksest\u00e4 j\u00e4lkeen j\u00e4\u00e4neit\u00e4 yrityksi\u00e4 selv\u00e4sti paremmin. Yritykset kokevat siten painetta hy\u00f6dynt\u00e4\u00e4 digi\u00e4 tavalla tai toisella. L\u00e4ht\u00f6kohtana tulee kuitenkin olla yrityksen omat tarpeet ja tavoitteet, sill\u00e4 digi sin\u00e4ll\u00e4\u00e4n ei tuota liiketoiminnalle lis\u00e4arvoa. Useat tiet\u00e4v\u00e4t my\u00f6s omakohtaisesti, ett\u00e4 hieman sinnep\u00e4in oleva digiratkaisu tuntuu aiheuttavan ylim\u00e4\u00e4r\u00e4ist\u00e4 ty\u00f6t\u00e4 ja harmia, eik\u00e4 se v\u00e4ltt\u00e4m\u00e4tt\u00e4 tuota kaikkea mahdollista kyseisen liiketoiminnan kaipaamaa lis\u00e4arvoa. digiUP-projektilla on osaamista n\u00e4ihin teemoihin liittyen ja aito halu tukea yrityksi\u00e4 siirtym\u00e4\u00e4n kohti nykyisen liiketoimintaymp\u00e4rist\u00f6n edellytt\u00e4m\u00e4\u00e4 digi\u00e4 hy\u00f6dynt\u00e4v\u00e4\u00e4 toimintaa. Yleis\u00f6n toivottiin muistavan, ett\u00e4 ongelmien kanssa ei tarvitse j\u00e4\u00e4d\u00e4 yksin, vaan digiUP auttaa (Vainio 2022).<\/a><\/p>\n\n\n\n<div class=\"wp-block-group has-background\" style=\"background-color:#8df1fc\"><div class=\"wp-block-group__inner-container is-layout-flow wp-block-group-is-layout-flow\">\n<p>Kirjoittaja<\/p>\n\n\n\n<p><strong>Sariseelia Sore<\/strong> ty\u00f6skentelee LAB-ammattikorkeakoulussa lehtorina ja koordinaattorina digitaaliset ratkaisut -YAMK-koulutuksessa. Lis\u00e4ksi h\u00e4n toimii digiUP-projektissa LABin osatoteutuksen projektip\u00e4\u00e4llikk\u00f6n\u00e4.<\/p>\n<\/div><\/div>\n\n\n\n<div class=\"wp-block-image\"><figure class=\"aligncenter size-full is-resized\"><img loading=\"lazy\" decoding=\"async\" src=\"https:\/\/blogit.lab.fi\/labfocus\/wp-content\/uploads\/sites\/8\/2022\/05\/digiUP-002.png\" alt=\"\" class=\"wp-image-8474\" width=\"195\" height=\"171\" srcset=\"https:\/\/blogit.lab.fi\/labfocus\/wp-content\/uploads\/sites\/8\/2022\/05\/digiUP-002.png 1000w, https:\/\/blogit.lab.fi\/labfocus\/wp-content\/uploads\/sites\/8\/2022\/05\/digiUP-002-300x264.png 300w, https:\/\/blogit.lab.fi\/labfocus\/wp-content\/uploads\/sites\/8\/2022\/05\/digiUP-002-768x677.png 768w\" sizes=\"auto, (max-width: 195px) 100vw, 195px\" \/><\/figure><\/div>\n\n\n\n<div class=\"wp-block-image\"><figure class=\"aligncenter size-full\"><img loading=\"lazy\" decoding=\"async\" width=\"215\" height=\"100\" src=\"https:\/\/blogit.lab.fi\/labfocus\/wp-content\/uploads\/sites\/8\/2022\/05\/EAKRvipu_217x100px-2.png\" alt=\"\" class=\"wp-image-8475\" \/><\/figure><\/div>\n\n\n\n<h2 class=\"wp-block-heading\">L\u00e4hteet<\/h2>\n\n\n\n<p>LAB. 2022. MIDAS \u2013 uudistetaan hankemaailma yhdess\u00e4. Hanke. Viitattu 22.5.2022. Saatavissa <a href=\"https:\/\/www.lab.fi\/fi\/projekti\/midas-uudistetaan-hankemaailma-yhdessa\">https:\/\/www.lab.fi\/fi\/projekti\/midas-uudistetaan-hankemaailma-yhdessa<\/a><\/p>\n\n\n\n<p><a><\/a><a>Vainio, A. 2022. Hankkeiden ja tulosten esittelyt. Esitys MIDAS-ohjelman messutapahtumassa Lahdessa 19.5.2022.<\/a><\/p>\n\n\n\n<h2 class=\"wp-block-heading\">Linkit<\/h2>\n\n\n\n<p>Linkki 1. LAB. 2022a. digiUP. Digitaalisen transformaation johtaminen. Hanke. Viitattu 22.5.2022. Saatavissa <a href=\"https:\/\/lab.fi\/fi\/projekti\/digiUP\" target=\"_blank\" rel=\"noreferrer noopener\">https:\/\/lab.fi\/fi\/projekti\/digiUP<\/a><\/p>\n\n\n\n<p>Linkki 2. LAB. 2022b. digiUP. Digitarvekartoitusty\u00f6kalu. Viitattu 22.5.2022. Saatavissa <a href=\"http:\/\/digitarvekartoitus.fi\" target=\"_blank\" rel=\"noreferrer noopener\">http:\/\/digitarvekartoitus.fi<\/a><\/p>\n\n\n\n<p>Linkki 3. LUT. 2022a. Digitaalisen transformaation johtaminen. Investointity\u00f6kalu. Viitattu 22.5.2022. Saatavissa <a href=\"https:\/\/research.lut.fi\/converis\/getfile?id=13840146&amp;portal=true&amp;v=1\" target=\"_blank\" rel=\"noreferrer noopener\">https:\/\/research.lut.fi\/converis\/getfile?id=13840146&amp;portal=true&amp;v=1<\/a><\/p>\n\n\n\n<p>Linkki 4. LUT. 2022b. Digitaalisen transformaation johtaminen. Mittarikortit. Viitattu 22.5.2022. Saatavissa <a href=\"https:\/\/research.lut.fi\/converis\/getfile?id=14177086&amp;portal=true&amp;v=1v\" target=\"_blank\" rel=\"noreferrer noopener\">https:\/\/research.lut.fi\/converis\/getfile?id=14177086&amp;portal=true&amp;v=1v<\/a><\/p>\n\n\n\n<hr class=\"wp-block-separator\" \/>\n\n\n\n<p><a id=\"_msocom_1\"><\/a><\/p>\n","protected":false},"excerpt":{"rendered":"<p>Digitaalisen transformaation johtaminen, digiUP-projekti p\u00e4\u00e4si vihdoin koronarajoitusten hellitt\u00e4ess\u00e4 esittelem\u00e4\u00e4n toimintaansa MIDAS-ohjelman (LAB 2022) j\u00e4rjest\u00e4m\u00e4ss\u00e4 fyysisess\u00e4 messutapahtumassa 19.5.2022 Lahdessa Walimon Casselissa. &nbsp; digiUP (Linkki 1) on LUT-yliopiston ja LAB-ammattikorkeakoulun toteuttama Euroopan aluekehitysrahaston ja P\u00e4ij\u00e4t-H\u00e4meen liiton rahoittama projekti, jonka tavoitteena on tukea erityisesti p\u00e4ij\u00e4th\u00e4m\u00e4l\u00e4isi\u00e4 pk-yrityksi\u00e4 hy\u00f6dynt\u00e4m\u00e4\u00e4n digitalisaation mahdollisuuksia liiketoiminnan tavoitteet edell\u00e4. Linkki digiUP-projektin sivuille: https:\/\/lab.fi\/fi\/projekti\/digiUP Syksyll\u00e4 2019 [&hellip;]<\/p>\n","protected":false},"author":17,"featured_media":8452,"comment_status":"closed","ping_status":"open","sticky":false,"template":"","format":"standard","meta":{"footnotes":""},"categories":[19,403,1],"tags":[29,137,849,347],"class_list":{"0":"post-8450","1":"post","2":"type-post","3":"status-publish","4":"format-standard","5":"has-post-thumbnail","7":"category-innovations_fi","8":"category-liiketoiminnan-muotoilu-ja-runsas-arvo","9":"category-uncategorized","10":"tag-artikkeli-e1","11":"tag-digitalisaatio","12":"tag-digiup","13":"tag-tyopaja","14":"czr-hentry"},"yoast_head":"<!-- This site is optimized with the Yoast SEO plugin v27.5 - https:\/\/yoast.com\/product\/yoast-seo-wordpress\/ -->\n<title>Yrityskohtainen ty\u00f6pajakokonaisuus digiUPin valtti\u00a0 - LAB Focus<\/title>\n<meta name=\"description\" content=\"LAB-ammattikorkeakoulun hallinnoima digiUP-projekti p\u00e4\u00e4si esittelem\u00e4\u00e4n kokemuksiaan messuilla. digiUP tarjoaa apua yritysten digiloikkaan.\" \/>\n<meta name=\"robots\" content=\"index, follow, max-snippet:-1, max-image-preview:large, max-video-preview:-1\" \/>\n<link rel=\"canonical\" href=\"https:\/\/blogit.lab.fi\/labfocus\/yrityskohtainen-tyopajakokonaisuus-digiupin-valtti\/\" \/>\n<meta property=\"og:locale\" content=\"fi_FI\" \/>\n<meta property=\"og:type\" content=\"article\" \/>\n<meta property=\"og:title\" content=\"Yrityskohtainen ty\u00f6pajakokonaisuus digiUPin valtti\u00a0 - LAB Focus\" \/>\n<meta property=\"og:description\" content=\"LAB-ammattikorkeakoulun hallinnoima digiUP-projekti p\u00e4\u00e4si esittelem\u00e4\u00e4n kokemuksiaan messuilla. digiUP tarjoaa apua yritysten digiloikkaan.\" \/>\n<meta property=\"og:url\" content=\"https:\/\/blogit.lab.fi\/labfocus\/yrityskohtainen-tyopajakokonaisuus-digiupin-valtti\/\" \/>\n<meta property=\"og:site_name\" content=\"LAB Focus\" \/>\n<meta property=\"article:published_time\" content=\"2022-05-24T11:01:30+00:00\" \/>\n<meta property=\"article:modified_time\" content=\"2022-05-24T12:01:56+00:00\" \/>\n<meta property=\"og:image\" content=\"https:\/\/blogit.lab.fi\/labfocus\/wp-content\/uploads\/sites\/8\/2022\/05\/344_2022_Yrityskohtainen-tyopajakokonaisuus-digiUPin-valtti_3.jpg\" \/>\n\t<meta property=\"og:image:width\" content=\"1280\" \/>\n\t<meta property=\"og:image:height\" content=\"827\" \/>\n\t<meta property=\"og:image:type\" content=\"image\/jpeg\" \/>\n<meta name=\"author\" content=\"tainask\" \/>\n<meta name=\"twitter:card\" content=\"summary_large_image\" \/>\n<meta name=\"twitter:creator\" content=\"@LABfinland\" \/>\n<meta name=\"twitter:site\" content=\"@LABfinland\" \/>\n<meta name=\"twitter:label1\" content=\"Kirjoittanut\" \/>\n\t<meta name=\"twitter:data1\" content=\"tainask\" \/>\n\t<meta name=\"twitter:label2\" content=\"Arvioitu lukuaika\" \/>\n\t<meta name=\"twitter:data2\" content=\"4 minuuttia\" \/>\n<script type=\"application\/ld+json\" class=\"yoast-schema-graph\">{\"@context\":\"https:\\\/\\\/schema.org\",\"@graph\":[{\"@type\":\"Article\",\"@id\":\"https:\\\/\\\/blogit.lab.fi\\\/labfocus\\\/yrityskohtainen-tyopajakokonaisuus-digiupin-valtti\\\/#article\",\"isPartOf\":{\"@id\":\"https:\\\/\\\/blogit.lab.fi\\\/labfocus\\\/yrityskohtainen-tyopajakokonaisuus-digiupin-valtti\\\/\"},\"author\":{\"name\":\"tainask\",\"@id\":\"https:\\\/\\\/blogit.lab.fi\\\/labfocus\\\/#\\\/schema\\\/person\\\/da729f65c4a2fb9fd8f0b1ec7a2ab7d0\"},\"headline\":\"Yrityskohtainen ty\u00f6pajakokonaisuus digiUPin valtti\u00a0\",\"datePublished\":\"2022-05-24T11:01:30+00:00\",\"dateModified\":\"2022-05-24T12:01:56+00:00\",\"mainEntityOfPage\":{\"@id\":\"https:\\\/\\\/blogit.lab.fi\\\/labfocus\\\/yrityskohtainen-tyopajakokonaisuus-digiupin-valtti\\\/\"},\"wordCount\":576,\"publisher\":{\"@id\":\"https:\\\/\\\/blogit.lab.fi\\\/labfocus\\\/#organization\"},\"image\":{\"@id\":\"https:\\\/\\\/blogit.lab.fi\\\/labfocus\\\/yrityskohtainen-tyopajakokonaisuus-digiupin-valtti\\\/#primaryimage\"},\"thumbnailUrl\":\"https:\\\/\\\/blogit.lab.fi\\\/labfocus\\\/wp-content\\\/uploads\\\/sites\\\/8\\\/2022\\\/05\\\/344_2022_Yrityskohtainen-tyopajakokonaisuus-digiUPin-valtti_3.jpg\",\"keywords\":[\"Artikkeli E1\",\"digitalisaatio\",\"digiUP\",\"ty\u00f6paja\"],\"articleSection\":[\"Innovations\",\"Liiketoiminnan muotoilu ja runsas arvo\",\"Uncategorized\"],\"inLanguage\":\"fi\"},{\"@type\":\"WebPage\",\"@id\":\"https:\\\/\\\/blogit.lab.fi\\\/labfocus\\\/yrityskohtainen-tyopajakokonaisuus-digiupin-valtti\\\/\",\"url\":\"https:\\\/\\\/blogit.lab.fi\\\/labfocus\\\/yrityskohtainen-tyopajakokonaisuus-digiupin-valtti\\\/\",\"name\":\"Yrityskohtainen ty\u00f6pajakokonaisuus digiUPin valtti\u00a0 - LAB Focus\",\"isPartOf\":{\"@id\":\"https:\\\/\\\/blogit.lab.fi\\\/labfocus\\\/#website\"},\"primaryImageOfPage\":{\"@id\":\"https:\\\/\\\/blogit.lab.fi\\\/labfocus\\\/yrityskohtainen-tyopajakokonaisuus-digiupin-valtti\\\/#primaryimage\"},\"image\":{\"@id\":\"https:\\\/\\\/blogit.lab.fi\\\/labfocus\\\/yrityskohtainen-tyopajakokonaisuus-digiupin-valtti\\\/#primaryimage\"},\"thumbnailUrl\":\"https:\\\/\\\/blogit.lab.fi\\\/labfocus\\\/wp-content\\\/uploads\\\/sites\\\/8\\\/2022\\\/05\\\/344_2022_Yrityskohtainen-tyopajakokonaisuus-digiUPin-valtti_3.jpg\",\"datePublished\":\"2022-05-24T11:01:30+00:00\",\"dateModified\":\"2022-05-24T12:01:56+00:00\",\"description\":\"LAB-ammattikorkeakoulun hallinnoima digiUP-projekti p\u00e4\u00e4si esittelem\u00e4\u00e4n kokemuksiaan messuilla. digiUP tarjoaa apua yritysten digiloikkaan.\",\"breadcrumb\":{\"@id\":\"https:\\\/\\\/blogit.lab.fi\\\/labfocus\\\/yrityskohtainen-tyopajakokonaisuus-digiupin-valtti\\\/#breadcrumb\"},\"inLanguage\":\"fi\",\"potentialAction\":[{\"@type\":\"ReadAction\",\"target\":[\"https:\\\/\\\/blogit.lab.fi\\\/labfocus\\\/yrityskohtainen-tyopajakokonaisuus-digiupin-valtti\\\/\"]}]},{\"@type\":\"ImageObject\",\"inLanguage\":\"fi\",\"@id\":\"https:\\\/\\\/blogit.lab.fi\\\/labfocus\\\/yrityskohtainen-tyopajakokonaisuus-digiupin-valtti\\\/#primaryimage\",\"url\":\"https:\\\/\\\/blogit.lab.fi\\\/labfocus\\\/wp-content\\\/uploads\\\/sites\\\/8\\\/2022\\\/05\\\/344_2022_Yrityskohtainen-tyopajakokonaisuus-digiUPin-valtti_3.jpg\",\"contentUrl\":\"https:\\\/\\\/blogit.lab.fi\\\/labfocus\\\/wp-content\\\/uploads\\\/sites\\\/8\\\/2022\\\/05\\\/344_2022_Yrityskohtainen-tyopajakokonaisuus-digiUPin-valtti_3.jpg\",\"width\":1280,\"height\":827},{\"@type\":\"BreadcrumbList\",\"@id\":\"https:\\\/\\\/blogit.lab.fi\\\/labfocus\\\/yrityskohtainen-tyopajakokonaisuus-digiupin-valtti\\\/#breadcrumb\",\"itemListElement\":[{\"@type\":\"ListItem\",\"position\":1,\"name\":\"Home\",\"item\":\"https:\\\/\\\/blogit.lab.fi\\\/labfocus\\\/\"},{\"@type\":\"ListItem\",\"position\":2,\"name\":\"Yrityskohtainen ty\u00f6pajakokonaisuus digiUPin valtti\u00a0\"}]},{\"@type\":\"WebSite\",\"@id\":\"https:\\\/\\\/blogit.lab.fi\\\/labfocus\\\/#website\",\"url\":\"https:\\\/\\\/blogit.lab.fi\\\/labfocus\\\/\",\"name\":\"LAB Focus\",\"description\":\"Focus Area blog | LAB University of Applied Sciences\",\"publisher\":{\"@id\":\"https:\\\/\\\/blogit.lab.fi\\\/labfocus\\\/#organization\"},\"potentialAction\":[{\"@type\":\"SearchAction\",\"target\":{\"@type\":\"EntryPoint\",\"urlTemplate\":\"https:\\\/\\\/blogit.lab.fi\\\/labfocus\\\/?s={search_term_string}\"},\"query-input\":{\"@type\":\"PropertyValueSpecification\",\"valueRequired\":true,\"valueName\":\"search_term_string\"}}],\"inLanguage\":\"fi\"},{\"@type\":\"Organization\",\"@id\":\"https:\\\/\\\/blogit.lab.fi\\\/labfocus\\\/#organization\",\"name\":\"LAB Focus\",\"url\":\"https:\\\/\\\/blogit.lab.fi\\\/labfocus\\\/\",\"logo\":{\"@type\":\"ImageObject\",\"inLanguage\":\"fi\",\"@id\":\"https:\\\/\\\/blogit.lab.fi\\\/labfocus\\\/#\\\/schema\\\/logo\\\/image\\\/\",\"url\":\"https:\\\/\\\/blogit.lab.fi\\\/labfocus\\\/wp-content\\\/uploads\\\/sites\\\/8\\\/2020\\\/04\\\/cropped-cropped-tunnus_blogi-01.png\",\"contentUrl\":\"https:\\\/\\\/blogit.lab.fi\\\/labfocus\\\/wp-content\\\/uploads\\\/sites\\\/8\\\/2020\\\/04\\\/cropped-cropped-tunnus_blogi-01.png\",\"width\":1342,\"height\":288,\"caption\":\"LAB Focus\"},\"image\":{\"@id\":\"https:\\\/\\\/blogit.lab.fi\\\/labfocus\\\/#\\\/schema\\\/logo\\\/image\\\/\"},\"sameAs\":[\"https:\\\/\\\/x.com\\\/LABfinland\"]},{\"@type\":\"Person\",\"@id\":\"https:\\\/\\\/blogit.lab.fi\\\/labfocus\\\/#\\\/schema\\\/person\\\/da729f65c4a2fb9fd8f0b1ec7a2ab7d0\",\"name\":\"tainask\",\"image\":{\"@type\":\"ImageObject\",\"inLanguage\":\"fi\",\"@id\":\"https:\\\/\\\/secure.gravatar.com\\\/avatar\\\/4a96427877ef826b76e80c27f60b266128094f522551459346efcf14282febb3?s=96&d=mm&r=g\",\"url\":\"https:\\\/\\\/secure.gravatar.com\\\/avatar\\\/4a96427877ef826b76e80c27f60b266128094f522551459346efcf14282febb3?s=96&d=mm&r=g\",\"contentUrl\":\"https:\\\/\\\/secure.gravatar.com\\\/avatar\\\/4a96427877ef826b76e80c27f60b266128094f522551459346efcf14282febb3?s=96&d=mm&r=g\",\"caption\":\"tainask\"},\"url\":\"https:\\\/\\\/blogit.lab.fi\\\/labfocus\\\/author\\\/tainask\\\/\"}]}<\/script>\n<!-- \/ Yoast SEO plugin. -->","yoast_head_json":{"title":"Yrityskohtainen ty\u00f6pajakokonaisuus digiUPin valtti\u00a0 - LAB Focus","description":"LAB-ammattikorkeakoulun hallinnoima digiUP-projekti p\u00e4\u00e4si esittelem\u00e4\u00e4n kokemuksiaan messuilla. digiUP tarjoaa apua yritysten digiloikkaan.","robots":{"index":"index","follow":"follow","max-snippet":"max-snippet:-1","max-image-preview":"max-image-preview:large","max-video-preview":"max-video-preview:-1"},"canonical":"https:\/\/blogit.lab.fi\/labfocus\/yrityskohtainen-tyopajakokonaisuus-digiupin-valtti\/","og_locale":"fi_FI","og_type":"article","og_title":"Yrityskohtainen ty\u00f6pajakokonaisuus digiUPin valtti\u00a0 - LAB Focus","og_description":"LAB-ammattikorkeakoulun hallinnoima digiUP-projekti p\u00e4\u00e4si esittelem\u00e4\u00e4n kokemuksiaan messuilla. digiUP tarjoaa apua yritysten digiloikkaan.","og_url":"https:\/\/blogit.lab.fi\/labfocus\/yrityskohtainen-tyopajakokonaisuus-digiupin-valtti\/","og_site_name":"LAB Focus","article_published_time":"2022-05-24T11:01:30+00:00","article_modified_time":"2022-05-24T12:01:56+00:00","og_image":[{"width":1280,"height":827,"url":"https:\/\/blogit.lab.fi\/labfocus\/wp-content\/uploads\/sites\/8\/2022\/05\/344_2022_Yrityskohtainen-tyopajakokonaisuus-digiUPin-valtti_3.jpg","type":"image\/jpeg"}],"author":"tainask","twitter_card":"summary_large_image","twitter_creator":"@LABfinland","twitter_site":"@LABfinland","twitter_misc":{"Kirjoittanut":"tainask","Arvioitu lukuaika":"4 minuuttia"},"schema":{"@context":"https:\/\/schema.org","@graph":[{"@type":"Article","@id":"https:\/\/blogit.lab.fi\/labfocus\/yrityskohtainen-tyopajakokonaisuus-digiupin-valtti\/#article","isPartOf":{"@id":"https:\/\/blogit.lab.fi\/labfocus\/yrityskohtainen-tyopajakokonaisuus-digiupin-valtti\/"},"author":{"name":"tainask","@id":"https:\/\/blogit.lab.fi\/labfocus\/#\/schema\/person\/da729f65c4a2fb9fd8f0b1ec7a2ab7d0"},"headline":"Yrityskohtainen ty\u00f6pajakokonaisuus digiUPin valtti\u00a0","datePublished":"2022-05-24T11:01:30+00:00","dateModified":"2022-05-24T12:01:56+00:00","mainEntityOfPage":{"@id":"https:\/\/blogit.lab.fi\/labfocus\/yrityskohtainen-tyopajakokonaisuus-digiupin-valtti\/"},"wordCount":576,"publisher":{"@id":"https:\/\/blogit.lab.fi\/labfocus\/#organization"},"image":{"@id":"https:\/\/blogit.lab.fi\/labfocus\/yrityskohtainen-tyopajakokonaisuus-digiupin-valtti\/#primaryimage"},"thumbnailUrl":"https:\/\/blogit.lab.fi\/labfocus\/wp-content\/uploads\/sites\/8\/2022\/05\/344_2022_Yrityskohtainen-tyopajakokonaisuus-digiUPin-valtti_3.jpg","keywords":["Artikkeli E1","digitalisaatio","digiUP","ty\u00f6paja"],"articleSection":["Innovations","Liiketoiminnan muotoilu ja runsas arvo","Uncategorized"],"inLanguage":"fi"},{"@type":"WebPage","@id":"https:\/\/blogit.lab.fi\/labfocus\/yrityskohtainen-tyopajakokonaisuus-digiupin-valtti\/","url":"https:\/\/blogit.lab.fi\/labfocus\/yrityskohtainen-tyopajakokonaisuus-digiupin-valtti\/","name":"Yrityskohtainen ty\u00f6pajakokonaisuus digiUPin valtti\u00a0 - LAB Focus","isPartOf":{"@id":"https:\/\/blogit.lab.fi\/labfocus\/#website"},"primaryImageOfPage":{"@id":"https:\/\/blogit.lab.fi\/labfocus\/yrityskohtainen-tyopajakokonaisuus-digiupin-valtti\/#primaryimage"},"image":{"@id":"https:\/\/blogit.lab.fi\/labfocus\/yrityskohtainen-tyopajakokonaisuus-digiupin-valtti\/#primaryimage"},"thumbnailUrl":"https:\/\/blogit.lab.fi\/labfocus\/wp-content\/uploads\/sites\/8\/2022\/05\/344_2022_Yrityskohtainen-tyopajakokonaisuus-digiUPin-valtti_3.jpg","datePublished":"2022-05-24T11:01:30+00:00","dateModified":"2022-05-24T12:01:56+00:00","description":"LAB-ammattikorkeakoulun hallinnoima digiUP-projekti p\u00e4\u00e4si esittelem\u00e4\u00e4n kokemuksiaan messuilla. digiUP tarjoaa apua yritysten digiloikkaan.","breadcrumb":{"@id":"https:\/\/blogit.lab.fi\/labfocus\/yrityskohtainen-tyopajakokonaisuus-digiupin-valtti\/#breadcrumb"},"inLanguage":"fi","potentialAction":[{"@type":"ReadAction","target":["https:\/\/blogit.lab.fi\/labfocus\/yrityskohtainen-tyopajakokonaisuus-digiupin-valtti\/"]}]},{"@type":"ImageObject","inLanguage":"fi","@id":"https:\/\/blogit.lab.fi\/labfocus\/yrityskohtainen-tyopajakokonaisuus-digiupin-valtti\/#primaryimage","url":"https:\/\/blogit.lab.fi\/labfocus\/wp-content\/uploads\/sites\/8\/2022\/05\/344_2022_Yrityskohtainen-tyopajakokonaisuus-digiUPin-valtti_3.jpg","contentUrl":"https:\/\/blogit.lab.fi\/labfocus\/wp-content\/uploads\/sites\/8\/2022\/05\/344_2022_Yrityskohtainen-tyopajakokonaisuus-digiUPin-valtti_3.jpg","width":1280,"height":827},{"@type":"BreadcrumbList","@id":"https:\/\/blogit.lab.fi\/labfocus\/yrityskohtainen-tyopajakokonaisuus-digiupin-valtti\/#breadcrumb","itemListElement":[{"@type":"ListItem","position":1,"name":"Home","item":"https:\/\/blogit.lab.fi\/labfocus\/"},{"@type":"ListItem","position":2,"name":"Yrityskohtainen ty\u00f6pajakokonaisuus digiUPin valtti\u00a0"}]},{"@type":"WebSite","@id":"https:\/\/blogit.lab.fi\/labfocus\/#website","url":"https:\/\/blogit.lab.fi\/labfocus\/","name":"LAB Focus","description":"Focus Area blog | LAB University of Applied Sciences","publisher":{"@id":"https:\/\/blogit.lab.fi\/labfocus\/#organization"},"potentialAction":[{"@type":"SearchAction","target":{"@type":"EntryPoint","urlTemplate":"https:\/\/blogit.lab.fi\/labfocus\/?s={search_term_string}"},"query-input":{"@type":"PropertyValueSpecification","valueRequired":true,"valueName":"search_term_string"}}],"inLanguage":"fi"},{"@type":"Organization","@id":"https:\/\/blogit.lab.fi\/labfocus\/#organization","name":"LAB Focus","url":"https:\/\/blogit.lab.fi\/labfocus\/","logo":{"@type":"ImageObject","inLanguage":"fi","@id":"https:\/\/blogit.lab.fi\/labfocus\/#\/schema\/logo\/image\/","url":"https:\/\/blogit.lab.fi\/labfocus\/wp-content\/uploads\/sites\/8\/2020\/04\/cropped-cropped-tunnus_blogi-01.png","contentUrl":"https:\/\/blogit.lab.fi\/labfocus\/wp-content\/uploads\/sites\/8\/2020\/04\/cropped-cropped-tunnus_blogi-01.png","width":1342,"height":288,"caption":"LAB Focus"},"image":{"@id":"https:\/\/blogit.lab.fi\/labfocus\/#\/schema\/logo\/image\/"},"sameAs":["https:\/\/x.com\/LABfinland"]},{"@type":"Person","@id":"https:\/\/blogit.lab.fi\/labfocus\/#\/schema\/person\/da729f65c4a2fb9fd8f0b1ec7a2ab7d0","name":"tainask","image":{"@type":"ImageObject","inLanguage":"fi","@id":"https:\/\/secure.gravatar.com\/avatar\/4a96427877ef826b76e80c27f60b266128094f522551459346efcf14282febb3?s=96&d=mm&r=g","url":"https:\/\/secure.gravatar.com\/avatar\/4a96427877ef826b76e80c27f60b266128094f522551459346efcf14282febb3?s=96&d=mm&r=g","contentUrl":"https:\/\/secure.gravatar.com\/avatar\/4a96427877ef826b76e80c27f60b266128094f522551459346efcf14282febb3?s=96&d=mm&r=g","caption":"tainask"},"url":"https:\/\/blogit.lab.fi\/labfocus\/author\/tainask\/"}]}},"_links":{"self":[{"href":"https:\/\/blogit.lab.fi\/labfocus\/wp-json\/wp\/v2\/posts\/8450","targetHints":{"allow":["GET"]}}],"collection":[{"href":"https:\/\/blogit.lab.fi\/labfocus\/wp-json\/wp\/v2\/posts"}],"about":[{"href":"https:\/\/blogit.lab.fi\/labfocus\/wp-json\/wp\/v2\/types\/post"}],"author":[{"embeddable":true,"href":"https:\/\/blogit.lab.fi\/labfocus\/wp-json\/wp\/v2\/users\/17"}],"replies":[{"embeddable":true,"href":"https:\/\/blogit.lab.fi\/labfocus\/wp-json\/wp\/v2\/comments?post=8450"}],"version-history":[{"count":4,"href":"https:\/\/blogit.lab.fi\/labfocus\/wp-json\/wp\/v2\/posts\/8450\/revisions"}],"predecessor-version":[{"id":8478,"href":"https:\/\/blogit.lab.fi\/labfocus\/wp-json\/wp\/v2\/posts\/8450\/revisions\/8478"}],"wp:featuredmedia":[{"embeddable":true,"href":"https:\/\/blogit.lab.fi\/labfocus\/wp-json\/wp\/v2\/media\/8452"}],"wp:attachment":[{"href":"https:\/\/blogit.lab.fi\/labfocus\/wp-json\/wp\/v2\/media?parent=8450"}],"wp:term":[{"taxonomy":"category","embeddable":true,"href":"https:\/\/blogit.lab.fi\/labfocus\/wp-json\/wp\/v2\/categories?post=8450"},{"taxonomy":"post_tag","embeddable":true,"href":"https:\/\/blogit.lab.fi\/labfocus\/wp-json\/wp\/v2\/tags?post=8450"}],"curies":[{"name":"wp","href":"https:\/\/api.w.org\/{rel}","templated":true}]}}