{"id":8689,"date":"2022-06-03T12:00:18","date_gmt":"2022-06-03T09:00:18","guid":{"rendered":"https:\/\/blogit.lab.fi\/labfocus\/?p=8689"},"modified":"2022-06-03T12:00:20","modified_gmt":"2022-06-03T09:00:20","slug":"sote-alan-vanhustyon-digitalisoituminen-asiantuntijanakokulmasta","status":"publish","type":"post","link":"https:\/\/blogit.lab.fi\/labfocus\/sote-alan-vanhustyon-digitalisoituminen-asiantuntijanakokulmasta\/","title":{"rendered":"Sote-alan vanhusty\u00f6n digitalisoituminen asiantuntijan\u00e4k\u00f6kulmasta"},"content":{"rendered":"\n<p>Tulevaisuudessa digitaalisten ratkaisujen tulee pysty\u00e4 vastaamaan vanhusty\u00f6n asettamiin vaatimuksiin. S\u00e4ntin (2019) mukaan digitaalisten ratkaisujen k\u00e4ytt\u00f6\u00f6nottamisella voidaan luoda hoidosta laadukkaampaa ja kustannustehokkaampaa. Asiakkaiden hyv\u00e4n hoidon edist\u00e4minen tulee olla digitaalisten ratkaisujen kehitt\u00e4misen ja k\u00e4ytt\u00f6\u00f6noton perusteena.<\/p>\n\n\n\n<figure class=\"wp-block-image size-large\"><img loading=\"lazy\" decoding=\"async\" width=\"1024\" height=\"627\" src=\"https:\/\/blogit.lab.fi\/labfocus\/wp-content\/uploads\/sites\/8\/2022\/06\/341_2022_Sote-alan-vanhustyon-digitalisoituminen-asiantuntijanakokulmasta_1-1-1024x627.jpg\" alt=\"\" class=\"wp-image-8692\" srcset=\"https:\/\/blogit.lab.fi\/labfocus\/wp-content\/uploads\/sites\/8\/2022\/06\/341_2022_Sote-alan-vanhustyon-digitalisoituminen-asiantuntijanakokulmasta_1-1-1024x627.jpg 1024w, https:\/\/blogit.lab.fi\/labfocus\/wp-content\/uploads\/sites\/8\/2022\/06\/341_2022_Sote-alan-vanhustyon-digitalisoituminen-asiantuntijanakokulmasta_1-1-300x184.jpg 300w, https:\/\/blogit.lab.fi\/labfocus\/wp-content\/uploads\/sites\/8\/2022\/06\/341_2022_Sote-alan-vanhustyon-digitalisoituminen-asiantuntijanakokulmasta_1-1-768x470.jpg 768w, https:\/\/blogit.lab.fi\/labfocus\/wp-content\/uploads\/sites\/8\/2022\/06\/341_2022_Sote-alan-vanhustyon-digitalisoituminen-asiantuntijanakokulmasta_1-1-570x350.jpg 570w, https:\/\/blogit.lab.fi\/labfocus\/wp-content\/uploads\/sites\/8\/2022\/06\/341_2022_Sote-alan-vanhustyon-digitalisoituminen-asiantuntijanakokulmasta_1-1.jpg 1280w\" sizes=\"auto, (max-width: 1024px) 100vw, 1024px\" \/><figcaption>Kuva 1. Hyv\u00e4n hoidon edist\u00e4minen on ensisijaisena tavoitteena sote-alan digitalisaatiossa. (Schnobrich 2018)<\/figcaption><\/figure>\n\n\n\n<p>Digitaalisia ratkaisuja on t\u00e4rke\u00e4\u00e4 testata testitiloissa ennen niiden ottamista laaja-alaiseen k\u00e4ytt\u00f6\u00f6n. LAB-ammattikorkeakoulun LAB WellTech (LAB 2022a) edist\u00e4\u00e4 omalta osaltaan teknologian k\u00e4ytt\u00f6\u00f6nottoa mahdollistamalla teknologiayrityksille testbed-toiminnan. Testbed-toiminta sallii muun muassa testien tekemisen simulaation ja oikean sotetoimintaymp\u00e4rist\u00f6n keinoin.<\/p>\n\n\n\n<h2 class=\"wp-block-heading\">Digitalisaation kahdet kasvot ty\u00f6hyvinvoinnissa<\/h2>\n\n\n\n<p>Teknologisten ratkaisujen lis\u00e4\u00e4ntyminen vanhusty\u00f6ss\u00e4 on vaikuttanut ty\u00f6ntekij\u00f6ihin sek\u00e4 positiivisesti ett\u00e4 negatiivisesti. Esimerkiksi vuonna 2018 JHL:n j\u00e4senille toteutetussa kyselyss\u00e4 ilmeni, ett\u00e4 vanhusty\u00f6ntekij\u00e4t kokevat yleisesti teknologiasta johtuvaa kuormitusta. Ty\u00f6ntekij\u00f6iden kokema kuormitus muodostui muun muassa lis\u00e4\u00e4ntyneist\u00e4 aikapaineista ja teknologian k\u00e4ytt\u00e4j\u00e4yst\u00e4v\u00e4llisyyden ja toimintavarmuuden ongelmista. Lis\u00e4ksi yhdeksi ongelmaksi nimettiin perehdytyksen puute. (Bordi 2019, 32\u201333.)<\/p>\n\n\n\n<p>Digitaaliset ratkaisut ovat tuoneet alalle uusia ty\u00f6teht\u00e4vi\u00e4 ja mahdollistaneet ty\u00f6n laadukkaamman toteutuksen. Sosiaali- ja terveysalan digitalisaatio on edist\u00e4nyt Bordin (2019, 33) mukaan ty\u00f6hyvinvointia usealta n\u00e4k\u00f6kulmalta. Vanhusty\u00f6ntekij\u00f6iden arjessa digitalisaatio on n\u00e4kynyt dokumentaation muuttumisena sujuvammaksi, aineiston ajantasaisuutena ja vaivattomampana tiedon saantina. Flinkman (2021) puolestaan mainitsee, ett\u00e4 et\u00e4yhteys- ja \u00e4lylaitepalveluiden k\u00e4ytt\u00f6 on lis\u00e4\u00e4ntynyt vanhusty\u00f6ntekij\u00f6iden keskuudessa.<\/p>\n\n\n\n<figure class=\"wp-block-image size-large\"><img loading=\"lazy\" decoding=\"async\" width=\"1024\" height=\"583\" src=\"https:\/\/blogit.lab.fi\/labfocus\/wp-content\/uploads\/sites\/8\/2022\/06\/341_2022_Sote-alan-vanhustyon-digitalisoituminen-asiantuntijanakokulmasta_2-1024x583.jpg\" alt=\"\" class=\"wp-image-8693\" srcset=\"https:\/\/blogit.lab.fi\/labfocus\/wp-content\/uploads\/sites\/8\/2022\/06\/341_2022_Sote-alan-vanhustyon-digitalisoituminen-asiantuntijanakokulmasta_2-1024x583.jpg 1024w, https:\/\/blogit.lab.fi\/labfocus\/wp-content\/uploads\/sites\/8\/2022\/06\/341_2022_Sote-alan-vanhustyon-digitalisoituminen-asiantuntijanakokulmasta_2-300x171.jpg 300w, https:\/\/blogit.lab.fi\/labfocus\/wp-content\/uploads\/sites\/8\/2022\/06\/341_2022_Sote-alan-vanhustyon-digitalisoituminen-asiantuntijanakokulmasta_2-768x437.jpg 768w, https:\/\/blogit.lab.fi\/labfocus\/wp-content\/uploads\/sites\/8\/2022\/06\/341_2022_Sote-alan-vanhustyon-digitalisoituminen-asiantuntijanakokulmasta_2-570x325.jpg 570w, https:\/\/blogit.lab.fi\/labfocus\/wp-content\/uploads\/sites\/8\/2022\/06\/341_2022_Sote-alan-vanhustyon-digitalisoituminen-asiantuntijanakokulmasta_2.jpg 1280w\" sizes=\"auto, (max-width: 1024px) 100vw, 1024px\" \/><figcaption>Kuva 2. Digitaalisten ratkaisujen k\u00e4ytt\u00f6\u00f6noton keski\u00f6ss\u00e4 ovat asiantuntijat. (Sinn 2019)<\/figcaption><\/figure>\n\n\n\n<h2 class=\"wp-block-heading\">Asiantuntijoiden ja p\u00e4\u00e4k\u00e4ytt\u00e4jien monialainen yhteisty\u00f6<\/h2>\n\n\n\n<p>Asiantuntijoiden kuten sairaanhoitajien n\u00e4k\u00f6kulmasta hyvi\u00e4 k\u00e4yt\u00e4nt\u00f6j\u00e4 digitalisaation edist\u00e4misess\u00e4 ty\u00f6paikoilla ovat j\u00e4rjestelm\u00e4asiantuntijoiden eli p\u00e4\u00e4k\u00e4ytt\u00e4jien tai vastaavien henkil\u00f6iden mukaan ottaminen tietotekniikkaan liittyvi\u00e4 asioita k\u00e4sitelt\u00e4ess\u00e4, muutosten testaaminen pieness\u00e4 testiyksik\u00f6ss\u00e4 ennen kokonaisvaltaista k\u00e4ytt\u00f6\u00f6nottoa ja tietoteknisen tuen tarjoaminen l\u00e4hitapaamisina. (Vehko &amp; muut 2019, 23\u201324.) Digitalisaation ensisijainen tavoite eli asiakkaiden hyv\u00e4n hoidon edist\u00e4minen saavutetaan kehitt\u00e4m\u00e4ll\u00e4 digitaalisia ratkaisuja jo alkuvaiheessa monialaisessa yhteisty\u00f6ss\u00e4, p\u00e4\u00e4k\u00e4ytt\u00e4j\u00e4l\u00e4ht\u00f6isesti ja testbed-toimintaa hy\u00f6dynt\u00e4en.<\/p>\n\n\n\n<div class=\"wp-block-group has-background\" style=\"background-color:#8df1fc\"><div class=\"wp-block-group__inner-container is-layout-flow wp-block-group-is-layout-flow\">\n<p>Kirjoittajat<\/p>\n\n\n\n<p><strong>Johanna Tielinen<\/strong> on LAB-ammattikorkeakoulun tradenomiopiskelija, joka on harjoittelijana LAB SoteCampus -hankkeessa (LAB 2022b).<\/p>\n\n\n\n<p><strong>Katariina Velling<\/strong> on LAB SoteCampuksessa (LAB 2022b) mukana oleva TKI-asiantuntija. Hankkeen tarkoituksena on edist\u00e4\u00e4 muun muassa vanhusty\u00f6n vetovoimaisuutta ja saada uusia ty\u00f6ntekij\u00f6it\u00e4 hakeutumaan alan ty\u00f6teht\u00e4viin.<\/p>\n<\/div><\/div>\n\n\n\n<h2 class=\"wp-block-heading\">L\u00e4hteet<\/h2>\n\n\n\n<p>Bordi, L. 2019. Hyvinvointi digitalisoituvassa vanhusty\u00f6ss\u00e4. Julkisten ja hyvinvointialojen liitto JHL &amp; Tampereen yliopisto. Selvitys. Viitattu 27.4.2022. Saatavissa <a href=\"https:\/\/www.jhl.fi\/wp-content\/uploads\/2019\/08\/hyvinvointi-digitalisoituvassa-vanhustyss-selvitysraportti.pdf\" target=\"_blank\" rel=\"noreferrer noopener\">https:\/\/www.jhl.fi\/wp-content\/uploads\/2019\/08\/hyvinvointi-digitalisoituvassa-vanhustyss-selvitysraportti.pdf<\/a><\/p>\n\n\n\n<p>Flinkman, M. 2021. Digitaalisten sovellusten ja teknologian k\u00e4ytt\u00f6 yleistyy vanhusty\u00f6ss\u00e4. Tehy. Blogi. Viitattu 18.5.2022. Saatavissa <a href=\"https:\/\/www.tehy.fi\/fi\/blogi\/digitaalisten-sovellusten-ja-teknologian-kaytto-yleistyy-vanhustyossa\" target=\"_blank\" rel=\"noreferrer noopener\">https:\/\/www.tehy.fi\/fi\/blogi\/digitaalisten-sovellusten-ja-teknologian-kaytto-yleistyy-vanhustyossa<\/a><\/p>\n\n\n\n<p>LAB. 2022a. LAB WellTech. Palvelu. Viitattu 20.5.2022. Saatavissa <a href=\"https:\/\/lab.fi\/fi\/palvelu\/lab-welltech\" target=\"_blank\" rel=\"noreferrer noopener\">https:\/\/lab.fi\/fi\/palvelu\/lab-welltech<\/a><\/p>\n\n\n\n<p>LAB. 2022b. LAB SoteCampus. Hanke. Viitattu 20.5.2022. Saatavissa <a href=\"https:\/\/lab.fi\/fi\/projekti\/lab-sotecampus\" target=\"_blank\" rel=\"noreferrer noopener\">https:\/\/lab.fi\/fi\/projekti\/lab-sotecampus<\/a><\/p>\n\n\n\n<p>Schnobrich. 2018. Schnobrich, J. What\u2019s going on here. Unsplash. Viitattu 20.5.2022. Saatavissa <a href=\"https:\/\/unsplash.com\/photos\/FlPc9_VocJ4\" target=\"_blank\" rel=\"noreferrer noopener\">https:\/\/unsplash.com\/photos\/FlPc9_VocJ4<\/a><\/p>\n\n\n\n<p>Sinn. 2019. Sinn, A. Red heart made of binary digits. Unsplash. Viitattu 20.5.2022. Saatavissa <a href=\"https:\/\/unsplash.com\/photos\/KgLtFCgfC28\" target=\"_blank\" rel=\"noreferrer noopener\">https:\/\/unsplash.com\/photos\/KgLtFCgfC28<\/a> \u00a0\u00a0<\/p>\n\n\n\n<p>S\u00e4ntti, H. 2019. \u201dHenkil\u00f6kunta ja tekniikka laitetaan helposti vastakkain, vaikka n\u00e4in ei ole\u201d \u2013 teknologia on hoivaty\u00f6n iso mahdollisuus. Vanhusty\u00f6n keskusliitto. Viitattu 27.4.2022. Saatavissa <a href=\"https:\/\/vtkl.fi\/henkilokunta-ja-tekniikka-laitetaan-helposti-vastakkain-vaikka-nain-ei-ole-teknologia-on-hoivatyon-iso-mahdollisuus\" target=\"_blank\" rel=\"noreferrer noopener\">https:\/\/vtkl.fi\/henkilokunta-ja-tekniikka-laitetaan-helposti-vastakkain-vaikka-nain-ei-ole-teknologia-on-hoivatyon-iso-mahdollisuus<\/a><\/p>\n\n\n\n<p>Vehko, T., Hypp\u00f6nen, H., Ryh\u00e4nen-Tompuri, M. &amp; Heponiemi, T. 2019. Miten tietoj\u00e4rjestelm\u00e4t palvelevat terveydenhuollon ammattilaisten ty\u00f6t\u00e4? Vaikutukset ty\u00f6h\u00f6n ja hyvinvointiin. Digity\u00f6 ja stressi -hankkeen loppuraportti. Terveyden ja hyvinvoinnin laitos. 2019. Viitattu 26.4.2022. Saatavissa <a href=\"https:\/\/urn.fi\/URN:ISBN:978-952-343-279-6\" target=\"_blank\" rel=\"noreferrer noopener\">https:\/\/urn.fi\/URN:ISBN:978-952-343-279-6<\/a><\/p>\n","protected":false},"excerpt":{"rendered":"<p>Tulevaisuudessa digitaalisten ratkaisujen tulee pysty\u00e4 vastaamaan vanhusty\u00f6n asettamiin vaatimuksiin. S\u00e4ntin (2019) mukaan digitaalisten ratkaisujen k\u00e4ytt\u00f6\u00f6nottamisella voidaan luoda hoidosta laadukkaampaa ja kustannustehokkaampaa. Asiakkaiden hyv\u00e4n hoidon edist\u00e4minen tulee olla digitaalisten ratkaisujen kehitt\u00e4misen ja k\u00e4ytt\u00f6\u00f6noton perusteena. Digitaalisia ratkaisuja on t\u00e4rke\u00e4\u00e4 testata testitiloissa ennen niiden ottamista laaja-alaiseen k\u00e4ytt\u00f6\u00f6n. LAB-ammattikorkeakoulun LAB WellTech (LAB 2022a) edist\u00e4\u00e4 omalta osaltaan teknologian k\u00e4ytt\u00f6\u00f6nottoa mahdollistamalla [&hellip;]<\/p>\n","protected":false},"author":17,"featured_media":8693,"comment_status":"closed","ping_status":"open","sticky":false,"template":"","format":"standard","meta":{"footnotes":""},"categories":[15],"tags":[29,137,3794,3549],"class_list":{"0":"post-8689","1":"post","2":"type-post","3":"status-publish","4":"format-standard","5":"has-post-thumbnail","7":"category-health_fi","8":"tag-artikkeli-e1","9":"tag-digitalisaatio","10":"tag-lab-sotecampus-fi","11":"tag-vanhustyo","12":"czr-hentry"},"yoast_head":"<!-- This site is optimized with the Yoast SEO plugin v27.5 - https:\/\/yoast.com\/product\/yoast-seo-wordpress\/ -->\n<title>Sote-alan vanhusty\u00f6n digitalisoituminen asiantuntijan\u00e4k\u00f6kulmasta - LAB Focus<\/title>\n<meta name=\"description\" content=\"Digitalisaatio tuo vanhusty\u00f6h\u00f6n sek\u00e4 hyv\u00e4\u00e4 ett\u00e4 huonoa. Palvelujen kehitt\u00e4minen edellytt\u00e4\u00e4 monialaista yhteisty\u00f6t\u00e4 toimijoiden kesken.\" \/>\n<meta name=\"robots\" content=\"index, follow, max-snippet:-1, max-image-preview:large, max-video-preview:-1\" \/>\n<link rel=\"canonical\" href=\"https:\/\/blogit.lab.fi\/labfocus\/sote-alan-vanhustyon-digitalisoituminen-asiantuntijanakokulmasta\/\" \/>\n<meta property=\"og:locale\" content=\"fi_FI\" \/>\n<meta property=\"og:type\" content=\"article\" \/>\n<meta property=\"og:title\" content=\"Sote-alan vanhusty\u00f6n digitalisoituminen asiantuntijan\u00e4k\u00f6kulmasta - LAB Focus\" \/>\n<meta property=\"og:description\" content=\"Digitalisaatio tuo vanhusty\u00f6h\u00f6n sek\u00e4 hyv\u00e4\u00e4 ett\u00e4 huonoa. Palvelujen kehitt\u00e4minen edellytt\u00e4\u00e4 monialaista yhteisty\u00f6t\u00e4 toimijoiden kesken.\" \/>\n<meta property=\"og:url\" content=\"https:\/\/blogit.lab.fi\/labfocus\/sote-alan-vanhustyon-digitalisoituminen-asiantuntijanakokulmasta\/\" \/>\n<meta property=\"og:site_name\" content=\"LAB Focus\" \/>\n<meta property=\"article:published_time\" content=\"2022-06-03T09:00:18+00:00\" \/>\n<meta property=\"article:modified_time\" content=\"2022-06-03T09:00:20+00:00\" \/>\n<meta property=\"og:image\" content=\"https:\/\/blogit.lab.fi\/labfocus\/wp-content\/uploads\/sites\/8\/2022\/06\/341_2022_Sote-alan-vanhustyon-digitalisoituminen-asiantuntijanakokulmasta_2.jpg\" \/>\n\t<meta property=\"og:image:width\" content=\"1280\" \/>\n\t<meta property=\"og:image:height\" content=\"729\" \/>\n\t<meta property=\"og:image:type\" content=\"image\/jpeg\" \/>\n<meta name=\"author\" content=\"tainask\" \/>\n<meta name=\"twitter:card\" content=\"summary_large_image\" \/>\n<meta name=\"twitter:creator\" content=\"@LABfinland\" \/>\n<meta name=\"twitter:site\" content=\"@LABfinland\" \/>\n<meta name=\"twitter:label1\" content=\"Kirjoittanut\" \/>\n\t<meta name=\"twitter:data1\" content=\"tainask\" \/>\n\t<meta name=\"twitter:label2\" content=\"Arvioitu lukuaika\" \/>\n\t<meta name=\"twitter:data2\" content=\"4 minuuttia\" \/>\n<script type=\"application\/ld+json\" class=\"yoast-schema-graph\">{\"@context\":\"https:\\\/\\\/schema.org\",\"@graph\":[{\"@type\":\"Article\",\"@id\":\"https:\\\/\\\/blogit.lab.fi\\\/labfocus\\\/sote-alan-vanhustyon-digitalisoituminen-asiantuntijanakokulmasta\\\/#article\",\"isPartOf\":{\"@id\":\"https:\\\/\\\/blogit.lab.fi\\\/labfocus\\\/sote-alan-vanhustyon-digitalisoituminen-asiantuntijanakokulmasta\\\/\"},\"author\":{\"name\":\"tainask\",\"@id\":\"https:\\\/\\\/blogit.lab.fi\\\/labfocus\\\/#\\\/schema\\\/person\\\/da729f65c4a2fb9fd8f0b1ec7a2ab7d0\"},\"headline\":\"Sote-alan vanhusty\u00f6n digitalisoituminen asiantuntijan\u00e4k\u00f6kulmasta\",\"datePublished\":\"2022-06-03T09:00:18+00:00\",\"dateModified\":\"2022-06-03T09:00:20+00:00\",\"mainEntityOfPage\":{\"@id\":\"https:\\\/\\\/blogit.lab.fi\\\/labfocus\\\/sote-alan-vanhustyon-digitalisoituminen-asiantuntijanakokulmasta\\\/\"},\"wordCount\":571,\"publisher\":{\"@id\":\"https:\\\/\\\/blogit.lab.fi\\\/labfocus\\\/#organization\"},\"image\":{\"@id\":\"https:\\\/\\\/blogit.lab.fi\\\/labfocus\\\/sote-alan-vanhustyon-digitalisoituminen-asiantuntijanakokulmasta\\\/#primaryimage\"},\"thumbnailUrl\":\"https:\\\/\\\/blogit.lab.fi\\\/labfocus\\\/wp-content\\\/uploads\\\/sites\\\/8\\\/2022\\\/06\\\/341_2022_Sote-alan-vanhustyon-digitalisoituminen-asiantuntijanakokulmasta_2.jpg\",\"keywords\":[\"Artikkeli E1\",\"digitalisaatio\",\"LAB SoteCampus\",\"vanhusty\u00f6\"],\"articleSection\":[\"Health\"],\"inLanguage\":\"fi\"},{\"@type\":\"WebPage\",\"@id\":\"https:\\\/\\\/blogit.lab.fi\\\/labfocus\\\/sote-alan-vanhustyon-digitalisoituminen-asiantuntijanakokulmasta\\\/\",\"url\":\"https:\\\/\\\/blogit.lab.fi\\\/labfocus\\\/sote-alan-vanhustyon-digitalisoituminen-asiantuntijanakokulmasta\\\/\",\"name\":\"Sote-alan vanhusty\u00f6n digitalisoituminen asiantuntijan\u00e4k\u00f6kulmasta - LAB Focus\",\"isPartOf\":{\"@id\":\"https:\\\/\\\/blogit.lab.fi\\\/labfocus\\\/#website\"},\"primaryImageOfPage\":{\"@id\":\"https:\\\/\\\/blogit.lab.fi\\\/labfocus\\\/sote-alan-vanhustyon-digitalisoituminen-asiantuntijanakokulmasta\\\/#primaryimage\"},\"image\":{\"@id\":\"https:\\\/\\\/blogit.lab.fi\\\/labfocus\\\/sote-alan-vanhustyon-digitalisoituminen-asiantuntijanakokulmasta\\\/#primaryimage\"},\"thumbnailUrl\":\"https:\\\/\\\/blogit.lab.fi\\\/labfocus\\\/wp-content\\\/uploads\\\/sites\\\/8\\\/2022\\\/06\\\/341_2022_Sote-alan-vanhustyon-digitalisoituminen-asiantuntijanakokulmasta_2.jpg\",\"datePublished\":\"2022-06-03T09:00:18+00:00\",\"dateModified\":\"2022-06-03T09:00:20+00:00\",\"description\":\"Digitalisaatio tuo vanhusty\u00f6h\u00f6n sek\u00e4 hyv\u00e4\u00e4 ett\u00e4 huonoa. Palvelujen kehitt\u00e4minen edellytt\u00e4\u00e4 monialaista yhteisty\u00f6t\u00e4 toimijoiden kesken.\",\"breadcrumb\":{\"@id\":\"https:\\\/\\\/blogit.lab.fi\\\/labfocus\\\/sote-alan-vanhustyon-digitalisoituminen-asiantuntijanakokulmasta\\\/#breadcrumb\"},\"inLanguage\":\"fi\",\"potentialAction\":[{\"@type\":\"ReadAction\",\"target\":[\"https:\\\/\\\/blogit.lab.fi\\\/labfocus\\\/sote-alan-vanhustyon-digitalisoituminen-asiantuntijanakokulmasta\\\/\"]}]},{\"@type\":\"ImageObject\",\"inLanguage\":\"fi\",\"@id\":\"https:\\\/\\\/blogit.lab.fi\\\/labfocus\\\/sote-alan-vanhustyon-digitalisoituminen-asiantuntijanakokulmasta\\\/#primaryimage\",\"url\":\"https:\\\/\\\/blogit.lab.fi\\\/labfocus\\\/wp-content\\\/uploads\\\/sites\\\/8\\\/2022\\\/06\\\/341_2022_Sote-alan-vanhustyon-digitalisoituminen-asiantuntijanakokulmasta_2.jpg\",\"contentUrl\":\"https:\\\/\\\/blogit.lab.fi\\\/labfocus\\\/wp-content\\\/uploads\\\/sites\\\/8\\\/2022\\\/06\\\/341_2022_Sote-alan-vanhustyon-digitalisoituminen-asiantuntijanakokulmasta_2.jpg\",\"width\":1280,\"height\":729},{\"@type\":\"BreadcrumbList\",\"@id\":\"https:\\\/\\\/blogit.lab.fi\\\/labfocus\\\/sote-alan-vanhustyon-digitalisoituminen-asiantuntijanakokulmasta\\\/#breadcrumb\",\"itemListElement\":[{\"@type\":\"ListItem\",\"position\":1,\"name\":\"Home\",\"item\":\"https:\\\/\\\/blogit.lab.fi\\\/labfocus\\\/\"},{\"@type\":\"ListItem\",\"position\":2,\"name\":\"Sote-alan vanhusty\u00f6n digitalisoituminen asiantuntijan\u00e4k\u00f6kulmasta\"}]},{\"@type\":\"WebSite\",\"@id\":\"https:\\\/\\\/blogit.lab.fi\\\/labfocus\\\/#website\",\"url\":\"https:\\\/\\\/blogit.lab.fi\\\/labfocus\\\/\",\"name\":\"LAB Focus\",\"description\":\"Focus Area blog | LAB University of Applied Sciences\",\"publisher\":{\"@id\":\"https:\\\/\\\/blogit.lab.fi\\\/labfocus\\\/#organization\"},\"potentialAction\":[{\"@type\":\"SearchAction\",\"target\":{\"@type\":\"EntryPoint\",\"urlTemplate\":\"https:\\\/\\\/blogit.lab.fi\\\/labfocus\\\/?s={search_term_string}\"},\"query-input\":{\"@type\":\"PropertyValueSpecification\",\"valueRequired\":true,\"valueName\":\"search_term_string\"}}],\"inLanguage\":\"fi\"},{\"@type\":\"Organization\",\"@id\":\"https:\\\/\\\/blogit.lab.fi\\\/labfocus\\\/#organization\",\"name\":\"LAB Focus\",\"url\":\"https:\\\/\\\/blogit.lab.fi\\\/labfocus\\\/\",\"logo\":{\"@type\":\"ImageObject\",\"inLanguage\":\"fi\",\"@id\":\"https:\\\/\\\/blogit.lab.fi\\\/labfocus\\\/#\\\/schema\\\/logo\\\/image\\\/\",\"url\":\"https:\\\/\\\/blogit.lab.fi\\\/labfocus\\\/wp-content\\\/uploads\\\/sites\\\/8\\\/2020\\\/04\\\/cropped-cropped-tunnus_blogi-01.png\",\"contentUrl\":\"https:\\\/\\\/blogit.lab.fi\\\/labfocus\\\/wp-content\\\/uploads\\\/sites\\\/8\\\/2020\\\/04\\\/cropped-cropped-tunnus_blogi-01.png\",\"width\":1342,\"height\":288,\"caption\":\"LAB Focus\"},\"image\":{\"@id\":\"https:\\\/\\\/blogit.lab.fi\\\/labfocus\\\/#\\\/schema\\\/logo\\\/image\\\/\"},\"sameAs\":[\"https:\\\/\\\/x.com\\\/LABfinland\"]},{\"@type\":\"Person\",\"@id\":\"https:\\\/\\\/blogit.lab.fi\\\/labfocus\\\/#\\\/schema\\\/person\\\/da729f65c4a2fb9fd8f0b1ec7a2ab7d0\",\"name\":\"tainask\",\"image\":{\"@type\":\"ImageObject\",\"inLanguage\":\"fi\",\"@id\":\"https:\\\/\\\/secure.gravatar.com\\\/avatar\\\/4a96427877ef826b76e80c27f60b266128094f522551459346efcf14282febb3?s=96&d=mm&r=g\",\"url\":\"https:\\\/\\\/secure.gravatar.com\\\/avatar\\\/4a96427877ef826b76e80c27f60b266128094f522551459346efcf14282febb3?s=96&d=mm&r=g\",\"contentUrl\":\"https:\\\/\\\/secure.gravatar.com\\\/avatar\\\/4a96427877ef826b76e80c27f60b266128094f522551459346efcf14282febb3?s=96&d=mm&r=g\",\"caption\":\"tainask\"},\"url\":\"https:\\\/\\\/blogit.lab.fi\\\/labfocus\\\/author\\\/tainask\\\/\"}]}<\/script>\n<!-- \/ Yoast SEO plugin. -->","yoast_head_json":{"title":"Sote-alan vanhusty\u00f6n digitalisoituminen asiantuntijan\u00e4k\u00f6kulmasta - LAB Focus","description":"Digitalisaatio tuo vanhusty\u00f6h\u00f6n sek\u00e4 hyv\u00e4\u00e4 ett\u00e4 huonoa. Palvelujen kehitt\u00e4minen edellytt\u00e4\u00e4 monialaista yhteisty\u00f6t\u00e4 toimijoiden kesken.","robots":{"index":"index","follow":"follow","max-snippet":"max-snippet:-1","max-image-preview":"max-image-preview:large","max-video-preview":"max-video-preview:-1"},"canonical":"https:\/\/blogit.lab.fi\/labfocus\/sote-alan-vanhustyon-digitalisoituminen-asiantuntijanakokulmasta\/","og_locale":"fi_FI","og_type":"article","og_title":"Sote-alan vanhusty\u00f6n digitalisoituminen asiantuntijan\u00e4k\u00f6kulmasta - LAB Focus","og_description":"Digitalisaatio tuo vanhusty\u00f6h\u00f6n sek\u00e4 hyv\u00e4\u00e4 ett\u00e4 huonoa. Palvelujen kehitt\u00e4minen edellytt\u00e4\u00e4 monialaista yhteisty\u00f6t\u00e4 toimijoiden kesken.","og_url":"https:\/\/blogit.lab.fi\/labfocus\/sote-alan-vanhustyon-digitalisoituminen-asiantuntijanakokulmasta\/","og_site_name":"LAB Focus","article_published_time":"2022-06-03T09:00:18+00:00","article_modified_time":"2022-06-03T09:00:20+00:00","og_image":[{"width":1280,"height":729,"url":"https:\/\/blogit.lab.fi\/labfocus\/wp-content\/uploads\/sites\/8\/2022\/06\/341_2022_Sote-alan-vanhustyon-digitalisoituminen-asiantuntijanakokulmasta_2.jpg","type":"image\/jpeg"}],"author":"tainask","twitter_card":"summary_large_image","twitter_creator":"@LABfinland","twitter_site":"@LABfinland","twitter_misc":{"Kirjoittanut":"tainask","Arvioitu lukuaika":"4 minuuttia"},"schema":{"@context":"https:\/\/schema.org","@graph":[{"@type":"Article","@id":"https:\/\/blogit.lab.fi\/labfocus\/sote-alan-vanhustyon-digitalisoituminen-asiantuntijanakokulmasta\/#article","isPartOf":{"@id":"https:\/\/blogit.lab.fi\/labfocus\/sote-alan-vanhustyon-digitalisoituminen-asiantuntijanakokulmasta\/"},"author":{"name":"tainask","@id":"https:\/\/blogit.lab.fi\/labfocus\/#\/schema\/person\/da729f65c4a2fb9fd8f0b1ec7a2ab7d0"},"headline":"Sote-alan vanhusty\u00f6n digitalisoituminen asiantuntijan\u00e4k\u00f6kulmasta","datePublished":"2022-06-03T09:00:18+00:00","dateModified":"2022-06-03T09:00:20+00:00","mainEntityOfPage":{"@id":"https:\/\/blogit.lab.fi\/labfocus\/sote-alan-vanhustyon-digitalisoituminen-asiantuntijanakokulmasta\/"},"wordCount":571,"publisher":{"@id":"https:\/\/blogit.lab.fi\/labfocus\/#organization"},"image":{"@id":"https:\/\/blogit.lab.fi\/labfocus\/sote-alan-vanhustyon-digitalisoituminen-asiantuntijanakokulmasta\/#primaryimage"},"thumbnailUrl":"https:\/\/blogit.lab.fi\/labfocus\/wp-content\/uploads\/sites\/8\/2022\/06\/341_2022_Sote-alan-vanhustyon-digitalisoituminen-asiantuntijanakokulmasta_2.jpg","keywords":["Artikkeli E1","digitalisaatio","LAB SoteCampus","vanhusty\u00f6"],"articleSection":["Health"],"inLanguage":"fi"},{"@type":"WebPage","@id":"https:\/\/blogit.lab.fi\/labfocus\/sote-alan-vanhustyon-digitalisoituminen-asiantuntijanakokulmasta\/","url":"https:\/\/blogit.lab.fi\/labfocus\/sote-alan-vanhustyon-digitalisoituminen-asiantuntijanakokulmasta\/","name":"Sote-alan vanhusty\u00f6n digitalisoituminen asiantuntijan\u00e4k\u00f6kulmasta - LAB Focus","isPartOf":{"@id":"https:\/\/blogit.lab.fi\/labfocus\/#website"},"primaryImageOfPage":{"@id":"https:\/\/blogit.lab.fi\/labfocus\/sote-alan-vanhustyon-digitalisoituminen-asiantuntijanakokulmasta\/#primaryimage"},"image":{"@id":"https:\/\/blogit.lab.fi\/labfocus\/sote-alan-vanhustyon-digitalisoituminen-asiantuntijanakokulmasta\/#primaryimage"},"thumbnailUrl":"https:\/\/blogit.lab.fi\/labfocus\/wp-content\/uploads\/sites\/8\/2022\/06\/341_2022_Sote-alan-vanhustyon-digitalisoituminen-asiantuntijanakokulmasta_2.jpg","datePublished":"2022-06-03T09:00:18+00:00","dateModified":"2022-06-03T09:00:20+00:00","description":"Digitalisaatio tuo vanhusty\u00f6h\u00f6n sek\u00e4 hyv\u00e4\u00e4 ett\u00e4 huonoa. Palvelujen kehitt\u00e4minen edellytt\u00e4\u00e4 monialaista yhteisty\u00f6t\u00e4 toimijoiden kesken.","breadcrumb":{"@id":"https:\/\/blogit.lab.fi\/labfocus\/sote-alan-vanhustyon-digitalisoituminen-asiantuntijanakokulmasta\/#breadcrumb"},"inLanguage":"fi","potentialAction":[{"@type":"ReadAction","target":["https:\/\/blogit.lab.fi\/labfocus\/sote-alan-vanhustyon-digitalisoituminen-asiantuntijanakokulmasta\/"]}]},{"@type":"ImageObject","inLanguage":"fi","@id":"https:\/\/blogit.lab.fi\/labfocus\/sote-alan-vanhustyon-digitalisoituminen-asiantuntijanakokulmasta\/#primaryimage","url":"https:\/\/blogit.lab.fi\/labfocus\/wp-content\/uploads\/sites\/8\/2022\/06\/341_2022_Sote-alan-vanhustyon-digitalisoituminen-asiantuntijanakokulmasta_2.jpg","contentUrl":"https:\/\/blogit.lab.fi\/labfocus\/wp-content\/uploads\/sites\/8\/2022\/06\/341_2022_Sote-alan-vanhustyon-digitalisoituminen-asiantuntijanakokulmasta_2.jpg","width":1280,"height":729},{"@type":"BreadcrumbList","@id":"https:\/\/blogit.lab.fi\/labfocus\/sote-alan-vanhustyon-digitalisoituminen-asiantuntijanakokulmasta\/#breadcrumb","itemListElement":[{"@type":"ListItem","position":1,"name":"Home","item":"https:\/\/blogit.lab.fi\/labfocus\/"},{"@type":"ListItem","position":2,"name":"Sote-alan vanhusty\u00f6n digitalisoituminen asiantuntijan\u00e4k\u00f6kulmasta"}]},{"@type":"WebSite","@id":"https:\/\/blogit.lab.fi\/labfocus\/#website","url":"https:\/\/blogit.lab.fi\/labfocus\/","name":"LAB Focus","description":"Focus Area blog | LAB University of Applied Sciences","publisher":{"@id":"https:\/\/blogit.lab.fi\/labfocus\/#organization"},"potentialAction":[{"@type":"SearchAction","target":{"@type":"EntryPoint","urlTemplate":"https:\/\/blogit.lab.fi\/labfocus\/?s={search_term_string}"},"query-input":{"@type":"PropertyValueSpecification","valueRequired":true,"valueName":"search_term_string"}}],"inLanguage":"fi"},{"@type":"Organization","@id":"https:\/\/blogit.lab.fi\/labfocus\/#organization","name":"LAB Focus","url":"https:\/\/blogit.lab.fi\/labfocus\/","logo":{"@type":"ImageObject","inLanguage":"fi","@id":"https:\/\/blogit.lab.fi\/labfocus\/#\/schema\/logo\/image\/","url":"https:\/\/blogit.lab.fi\/labfocus\/wp-content\/uploads\/sites\/8\/2020\/04\/cropped-cropped-tunnus_blogi-01.png","contentUrl":"https:\/\/blogit.lab.fi\/labfocus\/wp-content\/uploads\/sites\/8\/2020\/04\/cropped-cropped-tunnus_blogi-01.png","width":1342,"height":288,"caption":"LAB Focus"},"image":{"@id":"https:\/\/blogit.lab.fi\/labfocus\/#\/schema\/logo\/image\/"},"sameAs":["https:\/\/x.com\/LABfinland"]},{"@type":"Person","@id":"https:\/\/blogit.lab.fi\/labfocus\/#\/schema\/person\/da729f65c4a2fb9fd8f0b1ec7a2ab7d0","name":"tainask","image":{"@type":"ImageObject","inLanguage":"fi","@id":"https:\/\/secure.gravatar.com\/avatar\/4a96427877ef826b76e80c27f60b266128094f522551459346efcf14282febb3?s=96&d=mm&r=g","url":"https:\/\/secure.gravatar.com\/avatar\/4a96427877ef826b76e80c27f60b266128094f522551459346efcf14282febb3?s=96&d=mm&r=g","contentUrl":"https:\/\/secure.gravatar.com\/avatar\/4a96427877ef826b76e80c27f60b266128094f522551459346efcf14282febb3?s=96&d=mm&r=g","caption":"tainask"},"url":"https:\/\/blogit.lab.fi\/labfocus\/author\/tainask\/"}]}},"_links":{"self":[{"href":"https:\/\/blogit.lab.fi\/labfocus\/wp-json\/wp\/v2\/posts\/8689","targetHints":{"allow":["GET"]}}],"collection":[{"href":"https:\/\/blogit.lab.fi\/labfocus\/wp-json\/wp\/v2\/posts"}],"about":[{"href":"https:\/\/blogit.lab.fi\/labfocus\/wp-json\/wp\/v2\/types\/post"}],"author":[{"embeddable":true,"href":"https:\/\/blogit.lab.fi\/labfocus\/wp-json\/wp\/v2\/users\/17"}],"replies":[{"embeddable":true,"href":"https:\/\/blogit.lab.fi\/labfocus\/wp-json\/wp\/v2\/comments?post=8689"}],"version-history":[{"count":1,"href":"https:\/\/blogit.lab.fi\/labfocus\/wp-json\/wp\/v2\/posts\/8689\/revisions"}],"predecessor-version":[{"id":8694,"href":"https:\/\/blogit.lab.fi\/labfocus\/wp-json\/wp\/v2\/posts\/8689\/revisions\/8694"}],"wp:featuredmedia":[{"embeddable":true,"href":"https:\/\/blogit.lab.fi\/labfocus\/wp-json\/wp\/v2\/media\/8693"}],"wp:attachment":[{"href":"https:\/\/blogit.lab.fi\/labfocus\/wp-json\/wp\/v2\/media?parent=8689"}],"wp:term":[{"taxonomy":"category","embeddable":true,"href":"https:\/\/blogit.lab.fi\/labfocus\/wp-json\/wp\/v2\/categories?post=8689"},{"taxonomy":"post_tag","embeddable":true,"href":"https:\/\/blogit.lab.fi\/labfocus\/wp-json\/wp\/v2\/tags?post=8689"}],"curies":[{"name":"wp","href":"https:\/\/api.w.org\/{rel}","templated":true}]}}