{"id":8927,"date":"2022-06-10T09:39:34","date_gmt":"2022-06-10T06:39:34","guid":{"rendered":"https:\/\/blogit.lab.fi\/labfocus\/?p=8927"},"modified":"2022-06-10T09:39:35","modified_gmt":"2022-06-10T06:39:35","slug":"sijaishuollossa-ilmeneva-asiakasvakivalta-on-lahes-arkipaivaista","status":"publish","type":"post","link":"https:\/\/blogit.lab.fi\/labfocus\/sijaishuollossa-ilmeneva-asiakasvakivalta-on-lahes-arkipaivaista\/","title":{"rendered":"Sijaishuollossa ilmenev\u00e4 asiakasv\u00e4kivalta on l\u00e4hes arkip\u00e4iv\u00e4ist\u00e4"},"content":{"rendered":"\n<p>V\u00e4kivalta ja sen uhka ty\u00f6paikalla vaikuttavat ty\u00f6yhteis\u00f6\u00f6n eri tavoin aiheuttaen muun muassa pelkoa, turvattomuuden tunnetta sek\u00e4 heikent\u00e4en ty\u00f6motivaatiota. (Sundell 2014, 11.)<\/p>\n\n\n\n<p>Sosiaaliala on yksi niist\u00e4 ammateista, joissa kohdataan asiakasv\u00e4kivalta- ja uhkatilanteita keskim\u00e4\u00e4r\u00e4ist\u00e4 enemm\u00e4n. Jokaisella ty\u00f6ntekij\u00e4ll\u00e4 on oikeus turvalliseen ja v\u00e4kivallattomaan ty\u00f6skentely-ymp\u00e4rist\u00f6\u00f6n.<\/p>\n\n\n\n<figure class=\"wp-block-image size-large\"><img loading=\"lazy\" decoding=\"async\" width=\"1024\" height=\"576\" src=\"https:\/\/blogit.lab.fi\/labfocus\/wp-content\/uploads\/sites\/8\/2022\/06\/340_2022_Sijaishuollossa-ilmeneva-asiakasvakivalta-on-lahes-arkipaivaista-1024x576.jpg\" alt=\"\" class=\"wp-image-8929\" srcset=\"https:\/\/blogit.lab.fi\/labfocus\/wp-content\/uploads\/sites\/8\/2022\/06\/340_2022_Sijaishuollossa-ilmeneva-asiakasvakivalta-on-lahes-arkipaivaista-1024x576.jpg 1024w, https:\/\/blogit.lab.fi\/labfocus\/wp-content\/uploads\/sites\/8\/2022\/06\/340_2022_Sijaishuollossa-ilmeneva-asiakasvakivalta-on-lahes-arkipaivaista-300x169.jpg 300w, https:\/\/blogit.lab.fi\/labfocus\/wp-content\/uploads\/sites\/8\/2022\/06\/340_2022_Sijaishuollossa-ilmeneva-asiakasvakivalta-on-lahes-arkipaivaista-768x432.jpg 768w, https:\/\/blogit.lab.fi\/labfocus\/wp-content\/uploads\/sites\/8\/2022\/06\/340_2022_Sijaishuollossa-ilmeneva-asiakasvakivalta-on-lahes-arkipaivaista-570x321.jpg 570w, https:\/\/blogit.lab.fi\/labfocus\/wp-content\/uploads\/sites\/8\/2022\/06\/340_2022_Sijaishuollossa-ilmeneva-asiakasvakivalta-on-lahes-arkipaivaista-1110x624.jpg 1110w, https:\/\/blogit.lab.fi\/labfocus\/wp-content\/uploads\/sites\/8\/2022\/06\/340_2022_Sijaishuollossa-ilmeneva-asiakasvakivalta-on-lahes-arkipaivaista-528x297.jpg 528w, https:\/\/blogit.lab.fi\/labfocus\/wp-content\/uploads\/sites\/8\/2022\/06\/340_2022_Sijaishuollossa-ilmeneva-asiakasvakivalta-on-lahes-arkipaivaista.jpg 1280w\" sizes=\"auto, (max-width: 1024px) 100vw, 1024px\" \/><figcaption>Kuva 1. Asiakasv\u00e4kivallalla on monenlaisia vaikutuksia ty\u00f6ntekij\u00e4\u00e4n. (Piqsels 2022)<\/figcaption><\/figure>\n\n\n\n<h2 class=\"wp-block-heading\">Sosiaaliohjaajien \u00e4\u00e4ni kuuluviin<\/h2>\n\n\n\n<p>LAB-ammattikorkeakoulun ja Jyv\u00e4skyl\u00e4n ammattikorkeakoulun sosionomiopiskelijat Sj\u00f6blom ja Kondelin selvittiv\u00e4t AMK- opinn\u00e4ytety\u00f6ss\u00e4\u00e4n (2022),&nbsp;millaista asiakasv\u00e4kivaltaa sosiaaliohjaajat ovat kokeneet sijaishuollossa ty\u00f6skennelless\u00e4\u00e4n. Tutkimustuloksista k\u00e4y ilmi, ett\u00e4 sosiaaliohjaajat kokevat monenlaista v\u00e4kivaltaa asiakkaiden sek\u00e4 asiakkaiden omaisten taholta. Toistuvia asiakasv\u00e4kivallan muotoja ovat&nbsp;haukkuminen, fyysisell\u00e4 v\u00e4kivallalla uhkailu, ly\u00f6minen, potkiminen sek\u00e4 tavaroilla heittely. Muita esiin tulleita asiakasv\u00e4kivallan muotoja ovat muun muassa piinaaminen, kirist\u00e4minen, alistaminen, vainoaminen, sylkeminen sek\u00e4 pureminen.<\/p>\n\n\n\n<p>Asiakkaan omaisten suunnalta esiintyy v\u00e4kivaltaa, joka n\u00e4kyy vainoamisena sek\u00e4 seksuaalisena h\u00e4irint\u00e4n\u00e4. Sosiaaliohjaajien kokemuksien perusteella asiakasv\u00e4kivaltaa esiintyy suurimmaksi osaksi rajaamistilanteissa.<\/p>\n\n\n\n<h2 class=\"wp-block-heading\">Asiakasv\u00e4kivalta ty\u00f6hyvinvointia heikent\u00e4m\u00e4ss\u00e4<\/h2>\n\n\n\n<p>Asiakasv\u00e4kivaltatilanteet kuormittavat ty\u00f6ntekij\u00e4\u00e4 sek\u00e4 ty\u00f6yhteis\u00f6\u00e4 monin eri tavoin. Tilanteet ja v\u00e4kivallan uhka voivat aiheuttaa sairauspoissaoloja, sill\u00e4 ty\u00f6ntekij\u00e4t kokevat uupumusta, ahdistuneisuutta ja pelkotiloja. He saattavat saada fyysisi\u00e4 vammoja asiakasv\u00e4kivaltatilanteista. Asiakasv\u00e4kivalta voi my\u00f6s kohdistua uhkailuna ty\u00f6ntekij\u00f6iden perheisiin ja l\u00e4heisiin.<\/p>\n\n\n\n<p>Osa haastateltavista pit\u00e4\u00e4 erityisesti henkist\u00e4 v\u00e4kivaltaa arkip\u00e4iv\u00e4isen\u00e4 asiana, johon suhtaudutaan ammatinvalintakysymyksen\u00e4. Tutkimustuloksista ilmenee, ett\u00e4 asiakasv\u00e4kivaltatilanteet saattavat olla niin arkip\u00e4iv\u00e4isi\u00e4, ettei niit\u00e4 k\u00e4yd\u00e4 edes l\u00e4pi ty\u00f6yhteis\u00f6ss\u00e4. Sosiaaliohjaajat toivovat enemm\u00e4n tukea esihenkil\u00f6ilt\u00e4 v\u00e4kivaltatilanteiden k\u00e4sittelyyn sek\u00e4 asiakasv\u00e4kivaltatilanteiden vakavuuden ymm\u00e4rt\u00e4mist\u00e4. (Kondelin &amp; Sj\u00f6blom 2022.)<\/p>\n\n\n\n<p>Ty\u00f6ntekij\u00e4t ovat uupuneita jatkuvan v\u00e4kivallan uhan alla ty\u00f6skentelyyn. Ty\u00f6ntekij\u00e4t kokevat, ettei korvaus ty\u00f6st\u00e4 ole riitt\u00e4v\u00e4n hyv\u00e4, mink\u00e4 takia iso osa haastateltavistakin on miettinyt ammatinvaihtoa. (Kondelin &amp; Sj\u00f6blom 2022.) Sijaishuollon tavoitteena on luoda asiakkaille turvallinen kasvuymp\u00e4rist\u00f6. Turvallisen kasvuymp\u00e4rist\u00f6n luomiseksi tarvitaan ammattitaitoiset, ty\u00f6h\u00f6ns\u00e4 sitoutuneet ty\u00f6ntekij\u00e4t ja t\u00e4st\u00e4 syyst\u00e4 asiakasv\u00e4kivallan ennaltaehk\u00e4isyyn tulisi panostaa sek\u00e4 resursseja tulisi lis\u00e4t\u00e4.<\/p>\n\n\n\n<div class=\"wp-block-group has-background\" style=\"background-color:#8df1fc\"><div class=\"wp-block-group__inner-container is-layout-flow wp-block-group-is-layout-flow\">\n<p>Kirjoittajat&nbsp;<\/p>\n\n\n\n<p><strong>Sonja Sj\u00f6blom&nbsp;<\/strong>on LAB- ammattikorkeakoulusta kes\u00e4kuussa 2022 valmistuva sosionomiopiskelija.<\/p>\n\n\n\n<p><strong>Tarja Kempe-Hakkarainen&nbsp;<\/strong>toimii LAB- ammattikorkeakoulussa Hyvinvointi-yksik\u00f6ss\u00e4 sosiaalialan lehtorina.<\/p>\n<\/div><\/div>\n\n\n\n<h2 class=\"wp-block-heading\">L\u00e4hteet<\/h2>\n\n\n\n<p>Kondelin, N. &amp; Sj\u00f6blom, S. 2022. Sosiaaliohjaajien kokemuksia asiakasv\u00e4kivallasta sijaishuollossa. Opinn\u00e4ytety\u00f6, sosionomi (AMK). LAB-ammattikorkeakoulu. Lahti. Viitattu 19.5.2022. Saatavissa <a href=\"https:\/\/urn.fi\/URN:NBN:fi:amk-2022060917011\" target=\"_blank\" rel=\"noreferrer noopener\">https:\/\/urn.fi\/URN:NBN:fi:amk-2022060917011<\/a><\/p>\n\n\n\n<p>Piqsels. 2022. Woman, wearing, white, long-sleeved, shirt. Viitattu 19.5.2022. Saatavissa <a href=\"https:\/\/www.piqsels.com\/en\/public-domain-photo-ffztk\" target=\"_blank\" rel=\"noreferrer noopener\">https:\/\/www.piqsels.com\/en\/public-domain-photo-ffztk<\/a><\/p>\n\n\n\n<p>Sundell, L. 2014. Ty\u00f6kaverina pelko &#8211; v\u00e4kivaltariskien ennakointi ja hallinta. Juva: Bookwell.<\/p>\n","protected":false},"excerpt":{"rendered":"<p>V\u00e4kivalta ja sen uhka ty\u00f6paikalla vaikuttavat ty\u00f6yhteis\u00f6\u00f6n eri tavoin aiheuttaen muun muassa pelkoa, turvattomuuden tunnetta sek\u00e4 heikent\u00e4en ty\u00f6motivaatiota. (Sundell 2014, 11.) Sosiaaliala on yksi niist\u00e4 ammateista, joissa kohdataan asiakasv\u00e4kivalta- ja uhkatilanteita keskim\u00e4\u00e4r\u00e4ist\u00e4 enemm\u00e4n. Jokaisella ty\u00f6ntekij\u00e4ll\u00e4 on oikeus turvalliseen ja v\u00e4kivallattomaan ty\u00f6skentely-ymp\u00e4rist\u00f6\u00f6n. Sosiaaliohjaajien \u00e4\u00e4ni kuuluviin LAB-ammattikorkeakoulun ja Jyv\u00e4skyl\u00e4n ammattikorkeakoulun sosionomiopiskelijat Sj\u00f6blom ja Kondelin selvittiv\u00e4t AMK- opinn\u00e4ytety\u00f6ss\u00e4\u00e4n [&hellip;]<\/p>\n","protected":false},"author":17,"featured_media":8929,"comment_status":"closed","ping_status":"open","sticky":false,"template":"","format":"standard","meta":{"footnotes":""},"categories":[15],"tags":[29,3966,3970,3968],"class_list":{"0":"post-8927","1":"post","2":"type-post","3":"status-publish","4":"format-standard","5":"has-post-thumbnail","7":"category-health_fi","8":"tag-artikkeli-e1","9":"tag-asiakasvakivalta","10":"tag-sijaishuolto-fi","11":"tag-sosiaaliohjaaja","12":"czr-hentry"},"yoast_head":"<!-- This site is optimized with the Yoast SEO plugin v27.5 - https:\/\/yoast.com\/product\/yoast-seo-wordpress\/ -->\n<title>Sijaishuollossa ilmenev\u00e4 asiakasv\u00e4kivalta on l\u00e4hes arkip\u00e4iv\u00e4ist\u00e4 - LAB Focus<\/title>\n<meta name=\"description\" content=\"V\u00e4kivallan uhka kuormittaa sosiaality\u00f6ntekij\u00f6it\u00e4, eik\u00e4 ty\u00f6st\u00e4 saatua korvausta pidet\u00e4 riitt\u00e4v\u00e4n\u00e4. Opinn\u00e4ytety\u00f6h\u00f6n perustuva artikkeli.\" \/>\n<meta name=\"robots\" content=\"index, follow, max-snippet:-1, max-image-preview:large, max-video-preview:-1\" \/>\n<link rel=\"canonical\" href=\"https:\/\/blogit.lab.fi\/labfocus\/sijaishuollossa-ilmeneva-asiakasvakivalta-on-lahes-arkipaivaista\/\" \/>\n<meta property=\"og:locale\" content=\"fi_FI\" \/>\n<meta property=\"og:type\" content=\"article\" \/>\n<meta property=\"og:title\" content=\"Sijaishuollossa ilmenev\u00e4 asiakasv\u00e4kivalta on l\u00e4hes arkip\u00e4iv\u00e4ist\u00e4 - LAB Focus\" \/>\n<meta property=\"og:description\" content=\"V\u00e4kivallan uhka kuormittaa sosiaality\u00f6ntekij\u00f6it\u00e4, eik\u00e4 ty\u00f6st\u00e4 saatua korvausta pidet\u00e4 riitt\u00e4v\u00e4n\u00e4. Opinn\u00e4ytety\u00f6h\u00f6n perustuva artikkeli.\" \/>\n<meta property=\"og:url\" content=\"https:\/\/blogit.lab.fi\/labfocus\/sijaishuollossa-ilmeneva-asiakasvakivalta-on-lahes-arkipaivaista\/\" \/>\n<meta property=\"og:site_name\" content=\"LAB Focus\" \/>\n<meta property=\"article:published_time\" content=\"2022-06-10T06:39:34+00:00\" \/>\n<meta property=\"article:modified_time\" content=\"2022-06-10T06:39:35+00:00\" \/>\n<meta property=\"og:image\" content=\"https:\/\/blogit.lab.fi\/labfocus\/wp-content\/uploads\/sites\/8\/2022\/06\/340_2022_Sijaishuollossa-ilmeneva-asiakasvakivalta-on-lahes-arkipaivaista.jpg\" \/>\n\t<meta property=\"og:image:width\" content=\"1280\" \/>\n\t<meta property=\"og:image:height\" content=\"720\" \/>\n\t<meta property=\"og:image:type\" content=\"image\/jpeg\" \/>\n<meta name=\"author\" content=\"tainask\" \/>\n<meta name=\"twitter:card\" content=\"summary_large_image\" \/>\n<meta name=\"twitter:creator\" content=\"@LABfinland\" \/>\n<meta name=\"twitter:site\" content=\"@LABfinland\" \/>\n<meta name=\"twitter:label1\" content=\"Kirjoittanut\" \/>\n\t<meta name=\"twitter:data1\" content=\"tainask\" \/>\n\t<meta name=\"twitter:label2\" content=\"Arvioitu lukuaika\" \/>\n\t<meta name=\"twitter:data2\" content=\"3 minuuttia\" \/>\n<script type=\"application\/ld+json\" class=\"yoast-schema-graph\">{\"@context\":\"https:\\\/\\\/schema.org\",\"@graph\":[{\"@type\":\"Article\",\"@id\":\"https:\\\/\\\/blogit.lab.fi\\\/labfocus\\\/sijaishuollossa-ilmeneva-asiakasvakivalta-on-lahes-arkipaivaista\\\/#article\",\"isPartOf\":{\"@id\":\"https:\\\/\\\/blogit.lab.fi\\\/labfocus\\\/sijaishuollossa-ilmeneva-asiakasvakivalta-on-lahes-arkipaivaista\\\/\"},\"author\":{\"name\":\"tainask\",\"@id\":\"https:\\\/\\\/blogit.lab.fi\\\/labfocus\\\/#\\\/schema\\\/person\\\/da729f65c4a2fb9fd8f0b1ec7a2ab7d0\"},\"headline\":\"Sijaishuollossa ilmenev\u00e4 asiakasv\u00e4kivalta on l\u00e4hes arkip\u00e4iv\u00e4ist\u00e4\",\"datePublished\":\"2022-06-10T06:39:34+00:00\",\"dateModified\":\"2022-06-10T06:39:35+00:00\",\"mainEntityOfPage\":{\"@id\":\"https:\\\/\\\/blogit.lab.fi\\\/labfocus\\\/sijaishuollossa-ilmeneva-asiakasvakivalta-on-lahes-arkipaivaista\\\/\"},\"wordCount\":445,\"publisher\":{\"@id\":\"https:\\\/\\\/blogit.lab.fi\\\/labfocus\\\/#organization\"},\"image\":{\"@id\":\"https:\\\/\\\/blogit.lab.fi\\\/labfocus\\\/sijaishuollossa-ilmeneva-asiakasvakivalta-on-lahes-arkipaivaista\\\/#primaryimage\"},\"thumbnailUrl\":\"https:\\\/\\\/blogit.lab.fi\\\/labfocus\\\/wp-content\\\/uploads\\\/sites\\\/8\\\/2022\\\/06\\\/340_2022_Sijaishuollossa-ilmeneva-asiakasvakivalta-on-lahes-arkipaivaista.jpg\",\"keywords\":[\"Artikkeli E1\",\"asiakasv\u00e4kivalta\",\"sijaishuolto\",\"sosiaaliohjaaja\"],\"articleSection\":[\"Health\"],\"inLanguage\":\"fi\"},{\"@type\":\"WebPage\",\"@id\":\"https:\\\/\\\/blogit.lab.fi\\\/labfocus\\\/sijaishuollossa-ilmeneva-asiakasvakivalta-on-lahes-arkipaivaista\\\/\",\"url\":\"https:\\\/\\\/blogit.lab.fi\\\/labfocus\\\/sijaishuollossa-ilmeneva-asiakasvakivalta-on-lahes-arkipaivaista\\\/\",\"name\":\"Sijaishuollossa ilmenev\u00e4 asiakasv\u00e4kivalta on l\u00e4hes arkip\u00e4iv\u00e4ist\u00e4 - LAB Focus\",\"isPartOf\":{\"@id\":\"https:\\\/\\\/blogit.lab.fi\\\/labfocus\\\/#website\"},\"primaryImageOfPage\":{\"@id\":\"https:\\\/\\\/blogit.lab.fi\\\/labfocus\\\/sijaishuollossa-ilmeneva-asiakasvakivalta-on-lahes-arkipaivaista\\\/#primaryimage\"},\"image\":{\"@id\":\"https:\\\/\\\/blogit.lab.fi\\\/labfocus\\\/sijaishuollossa-ilmeneva-asiakasvakivalta-on-lahes-arkipaivaista\\\/#primaryimage\"},\"thumbnailUrl\":\"https:\\\/\\\/blogit.lab.fi\\\/labfocus\\\/wp-content\\\/uploads\\\/sites\\\/8\\\/2022\\\/06\\\/340_2022_Sijaishuollossa-ilmeneva-asiakasvakivalta-on-lahes-arkipaivaista.jpg\",\"datePublished\":\"2022-06-10T06:39:34+00:00\",\"dateModified\":\"2022-06-10T06:39:35+00:00\",\"description\":\"V\u00e4kivallan uhka kuormittaa sosiaality\u00f6ntekij\u00f6it\u00e4, eik\u00e4 ty\u00f6st\u00e4 saatua korvausta pidet\u00e4 riitt\u00e4v\u00e4n\u00e4. Opinn\u00e4ytety\u00f6h\u00f6n perustuva artikkeli.\",\"breadcrumb\":{\"@id\":\"https:\\\/\\\/blogit.lab.fi\\\/labfocus\\\/sijaishuollossa-ilmeneva-asiakasvakivalta-on-lahes-arkipaivaista\\\/#breadcrumb\"},\"inLanguage\":\"fi\",\"potentialAction\":[{\"@type\":\"ReadAction\",\"target\":[\"https:\\\/\\\/blogit.lab.fi\\\/labfocus\\\/sijaishuollossa-ilmeneva-asiakasvakivalta-on-lahes-arkipaivaista\\\/\"]}]},{\"@type\":\"ImageObject\",\"inLanguage\":\"fi\",\"@id\":\"https:\\\/\\\/blogit.lab.fi\\\/labfocus\\\/sijaishuollossa-ilmeneva-asiakasvakivalta-on-lahes-arkipaivaista\\\/#primaryimage\",\"url\":\"https:\\\/\\\/blogit.lab.fi\\\/labfocus\\\/wp-content\\\/uploads\\\/sites\\\/8\\\/2022\\\/06\\\/340_2022_Sijaishuollossa-ilmeneva-asiakasvakivalta-on-lahes-arkipaivaista.jpg\",\"contentUrl\":\"https:\\\/\\\/blogit.lab.fi\\\/labfocus\\\/wp-content\\\/uploads\\\/sites\\\/8\\\/2022\\\/06\\\/340_2022_Sijaishuollossa-ilmeneva-asiakasvakivalta-on-lahes-arkipaivaista.jpg\",\"width\":1280,\"height\":720},{\"@type\":\"BreadcrumbList\",\"@id\":\"https:\\\/\\\/blogit.lab.fi\\\/labfocus\\\/sijaishuollossa-ilmeneva-asiakasvakivalta-on-lahes-arkipaivaista\\\/#breadcrumb\",\"itemListElement\":[{\"@type\":\"ListItem\",\"position\":1,\"name\":\"Home\",\"item\":\"https:\\\/\\\/blogit.lab.fi\\\/labfocus\\\/\"},{\"@type\":\"ListItem\",\"position\":2,\"name\":\"Sijaishuollossa ilmenev\u00e4 asiakasv\u00e4kivalta on l\u00e4hes arkip\u00e4iv\u00e4ist\u00e4\"}]},{\"@type\":\"WebSite\",\"@id\":\"https:\\\/\\\/blogit.lab.fi\\\/labfocus\\\/#website\",\"url\":\"https:\\\/\\\/blogit.lab.fi\\\/labfocus\\\/\",\"name\":\"LAB Focus\",\"description\":\"Focus Area blog | LAB University of Applied Sciences\",\"publisher\":{\"@id\":\"https:\\\/\\\/blogit.lab.fi\\\/labfocus\\\/#organization\"},\"potentialAction\":[{\"@type\":\"SearchAction\",\"target\":{\"@type\":\"EntryPoint\",\"urlTemplate\":\"https:\\\/\\\/blogit.lab.fi\\\/labfocus\\\/?s={search_term_string}\"},\"query-input\":{\"@type\":\"PropertyValueSpecification\",\"valueRequired\":true,\"valueName\":\"search_term_string\"}}],\"inLanguage\":\"fi\"},{\"@type\":\"Organization\",\"@id\":\"https:\\\/\\\/blogit.lab.fi\\\/labfocus\\\/#organization\",\"name\":\"LAB Focus\",\"url\":\"https:\\\/\\\/blogit.lab.fi\\\/labfocus\\\/\",\"logo\":{\"@type\":\"ImageObject\",\"inLanguage\":\"fi\",\"@id\":\"https:\\\/\\\/blogit.lab.fi\\\/labfocus\\\/#\\\/schema\\\/logo\\\/image\\\/\",\"url\":\"https:\\\/\\\/blogit.lab.fi\\\/labfocus\\\/wp-content\\\/uploads\\\/sites\\\/8\\\/2020\\\/04\\\/cropped-cropped-tunnus_blogi-01.png\",\"contentUrl\":\"https:\\\/\\\/blogit.lab.fi\\\/labfocus\\\/wp-content\\\/uploads\\\/sites\\\/8\\\/2020\\\/04\\\/cropped-cropped-tunnus_blogi-01.png\",\"width\":1342,\"height\":288,\"caption\":\"LAB Focus\"},\"image\":{\"@id\":\"https:\\\/\\\/blogit.lab.fi\\\/labfocus\\\/#\\\/schema\\\/logo\\\/image\\\/\"},\"sameAs\":[\"https:\\\/\\\/x.com\\\/LABfinland\"]},{\"@type\":\"Person\",\"@id\":\"https:\\\/\\\/blogit.lab.fi\\\/labfocus\\\/#\\\/schema\\\/person\\\/da729f65c4a2fb9fd8f0b1ec7a2ab7d0\",\"name\":\"tainask\",\"image\":{\"@type\":\"ImageObject\",\"inLanguage\":\"fi\",\"@id\":\"https:\\\/\\\/secure.gravatar.com\\\/avatar\\\/4a96427877ef826b76e80c27f60b266128094f522551459346efcf14282febb3?s=96&d=mm&r=g\",\"url\":\"https:\\\/\\\/secure.gravatar.com\\\/avatar\\\/4a96427877ef826b76e80c27f60b266128094f522551459346efcf14282febb3?s=96&d=mm&r=g\",\"contentUrl\":\"https:\\\/\\\/secure.gravatar.com\\\/avatar\\\/4a96427877ef826b76e80c27f60b266128094f522551459346efcf14282febb3?s=96&d=mm&r=g\",\"caption\":\"tainask\"},\"url\":\"https:\\\/\\\/blogit.lab.fi\\\/labfocus\\\/author\\\/tainask\\\/\"}]}<\/script>\n<!-- \/ Yoast SEO plugin. -->","yoast_head_json":{"title":"Sijaishuollossa ilmenev\u00e4 asiakasv\u00e4kivalta on l\u00e4hes arkip\u00e4iv\u00e4ist\u00e4 - LAB Focus","description":"V\u00e4kivallan uhka kuormittaa sosiaality\u00f6ntekij\u00f6it\u00e4, eik\u00e4 ty\u00f6st\u00e4 saatua korvausta pidet\u00e4 riitt\u00e4v\u00e4n\u00e4. Opinn\u00e4ytety\u00f6h\u00f6n perustuva artikkeli.","robots":{"index":"index","follow":"follow","max-snippet":"max-snippet:-1","max-image-preview":"max-image-preview:large","max-video-preview":"max-video-preview:-1"},"canonical":"https:\/\/blogit.lab.fi\/labfocus\/sijaishuollossa-ilmeneva-asiakasvakivalta-on-lahes-arkipaivaista\/","og_locale":"fi_FI","og_type":"article","og_title":"Sijaishuollossa ilmenev\u00e4 asiakasv\u00e4kivalta on l\u00e4hes arkip\u00e4iv\u00e4ist\u00e4 - LAB Focus","og_description":"V\u00e4kivallan uhka kuormittaa sosiaality\u00f6ntekij\u00f6it\u00e4, eik\u00e4 ty\u00f6st\u00e4 saatua korvausta pidet\u00e4 riitt\u00e4v\u00e4n\u00e4. Opinn\u00e4ytety\u00f6h\u00f6n perustuva artikkeli.","og_url":"https:\/\/blogit.lab.fi\/labfocus\/sijaishuollossa-ilmeneva-asiakasvakivalta-on-lahes-arkipaivaista\/","og_site_name":"LAB Focus","article_published_time":"2022-06-10T06:39:34+00:00","article_modified_time":"2022-06-10T06:39:35+00:00","og_image":[{"width":1280,"height":720,"url":"https:\/\/blogit.lab.fi\/labfocus\/wp-content\/uploads\/sites\/8\/2022\/06\/340_2022_Sijaishuollossa-ilmeneva-asiakasvakivalta-on-lahes-arkipaivaista.jpg","type":"image\/jpeg"}],"author":"tainask","twitter_card":"summary_large_image","twitter_creator":"@LABfinland","twitter_site":"@LABfinland","twitter_misc":{"Kirjoittanut":"tainask","Arvioitu lukuaika":"3 minuuttia"},"schema":{"@context":"https:\/\/schema.org","@graph":[{"@type":"Article","@id":"https:\/\/blogit.lab.fi\/labfocus\/sijaishuollossa-ilmeneva-asiakasvakivalta-on-lahes-arkipaivaista\/#article","isPartOf":{"@id":"https:\/\/blogit.lab.fi\/labfocus\/sijaishuollossa-ilmeneva-asiakasvakivalta-on-lahes-arkipaivaista\/"},"author":{"name":"tainask","@id":"https:\/\/blogit.lab.fi\/labfocus\/#\/schema\/person\/da729f65c4a2fb9fd8f0b1ec7a2ab7d0"},"headline":"Sijaishuollossa ilmenev\u00e4 asiakasv\u00e4kivalta on l\u00e4hes arkip\u00e4iv\u00e4ist\u00e4","datePublished":"2022-06-10T06:39:34+00:00","dateModified":"2022-06-10T06:39:35+00:00","mainEntityOfPage":{"@id":"https:\/\/blogit.lab.fi\/labfocus\/sijaishuollossa-ilmeneva-asiakasvakivalta-on-lahes-arkipaivaista\/"},"wordCount":445,"publisher":{"@id":"https:\/\/blogit.lab.fi\/labfocus\/#organization"},"image":{"@id":"https:\/\/blogit.lab.fi\/labfocus\/sijaishuollossa-ilmeneva-asiakasvakivalta-on-lahes-arkipaivaista\/#primaryimage"},"thumbnailUrl":"https:\/\/blogit.lab.fi\/labfocus\/wp-content\/uploads\/sites\/8\/2022\/06\/340_2022_Sijaishuollossa-ilmeneva-asiakasvakivalta-on-lahes-arkipaivaista.jpg","keywords":["Artikkeli E1","asiakasv\u00e4kivalta","sijaishuolto","sosiaaliohjaaja"],"articleSection":["Health"],"inLanguage":"fi"},{"@type":"WebPage","@id":"https:\/\/blogit.lab.fi\/labfocus\/sijaishuollossa-ilmeneva-asiakasvakivalta-on-lahes-arkipaivaista\/","url":"https:\/\/blogit.lab.fi\/labfocus\/sijaishuollossa-ilmeneva-asiakasvakivalta-on-lahes-arkipaivaista\/","name":"Sijaishuollossa ilmenev\u00e4 asiakasv\u00e4kivalta on l\u00e4hes arkip\u00e4iv\u00e4ist\u00e4 - LAB Focus","isPartOf":{"@id":"https:\/\/blogit.lab.fi\/labfocus\/#website"},"primaryImageOfPage":{"@id":"https:\/\/blogit.lab.fi\/labfocus\/sijaishuollossa-ilmeneva-asiakasvakivalta-on-lahes-arkipaivaista\/#primaryimage"},"image":{"@id":"https:\/\/blogit.lab.fi\/labfocus\/sijaishuollossa-ilmeneva-asiakasvakivalta-on-lahes-arkipaivaista\/#primaryimage"},"thumbnailUrl":"https:\/\/blogit.lab.fi\/labfocus\/wp-content\/uploads\/sites\/8\/2022\/06\/340_2022_Sijaishuollossa-ilmeneva-asiakasvakivalta-on-lahes-arkipaivaista.jpg","datePublished":"2022-06-10T06:39:34+00:00","dateModified":"2022-06-10T06:39:35+00:00","description":"V\u00e4kivallan uhka kuormittaa sosiaality\u00f6ntekij\u00f6it\u00e4, eik\u00e4 ty\u00f6st\u00e4 saatua korvausta pidet\u00e4 riitt\u00e4v\u00e4n\u00e4. Opinn\u00e4ytety\u00f6h\u00f6n perustuva artikkeli.","breadcrumb":{"@id":"https:\/\/blogit.lab.fi\/labfocus\/sijaishuollossa-ilmeneva-asiakasvakivalta-on-lahes-arkipaivaista\/#breadcrumb"},"inLanguage":"fi","potentialAction":[{"@type":"ReadAction","target":["https:\/\/blogit.lab.fi\/labfocus\/sijaishuollossa-ilmeneva-asiakasvakivalta-on-lahes-arkipaivaista\/"]}]},{"@type":"ImageObject","inLanguage":"fi","@id":"https:\/\/blogit.lab.fi\/labfocus\/sijaishuollossa-ilmeneva-asiakasvakivalta-on-lahes-arkipaivaista\/#primaryimage","url":"https:\/\/blogit.lab.fi\/labfocus\/wp-content\/uploads\/sites\/8\/2022\/06\/340_2022_Sijaishuollossa-ilmeneva-asiakasvakivalta-on-lahes-arkipaivaista.jpg","contentUrl":"https:\/\/blogit.lab.fi\/labfocus\/wp-content\/uploads\/sites\/8\/2022\/06\/340_2022_Sijaishuollossa-ilmeneva-asiakasvakivalta-on-lahes-arkipaivaista.jpg","width":1280,"height":720},{"@type":"BreadcrumbList","@id":"https:\/\/blogit.lab.fi\/labfocus\/sijaishuollossa-ilmeneva-asiakasvakivalta-on-lahes-arkipaivaista\/#breadcrumb","itemListElement":[{"@type":"ListItem","position":1,"name":"Home","item":"https:\/\/blogit.lab.fi\/labfocus\/"},{"@type":"ListItem","position":2,"name":"Sijaishuollossa ilmenev\u00e4 asiakasv\u00e4kivalta on l\u00e4hes arkip\u00e4iv\u00e4ist\u00e4"}]},{"@type":"WebSite","@id":"https:\/\/blogit.lab.fi\/labfocus\/#website","url":"https:\/\/blogit.lab.fi\/labfocus\/","name":"LAB Focus","description":"Focus Area blog | LAB University of Applied Sciences","publisher":{"@id":"https:\/\/blogit.lab.fi\/labfocus\/#organization"},"potentialAction":[{"@type":"SearchAction","target":{"@type":"EntryPoint","urlTemplate":"https:\/\/blogit.lab.fi\/labfocus\/?s={search_term_string}"},"query-input":{"@type":"PropertyValueSpecification","valueRequired":true,"valueName":"search_term_string"}}],"inLanguage":"fi"},{"@type":"Organization","@id":"https:\/\/blogit.lab.fi\/labfocus\/#organization","name":"LAB Focus","url":"https:\/\/blogit.lab.fi\/labfocus\/","logo":{"@type":"ImageObject","inLanguage":"fi","@id":"https:\/\/blogit.lab.fi\/labfocus\/#\/schema\/logo\/image\/","url":"https:\/\/blogit.lab.fi\/labfocus\/wp-content\/uploads\/sites\/8\/2020\/04\/cropped-cropped-tunnus_blogi-01.png","contentUrl":"https:\/\/blogit.lab.fi\/labfocus\/wp-content\/uploads\/sites\/8\/2020\/04\/cropped-cropped-tunnus_blogi-01.png","width":1342,"height":288,"caption":"LAB Focus"},"image":{"@id":"https:\/\/blogit.lab.fi\/labfocus\/#\/schema\/logo\/image\/"},"sameAs":["https:\/\/x.com\/LABfinland"]},{"@type":"Person","@id":"https:\/\/blogit.lab.fi\/labfocus\/#\/schema\/person\/da729f65c4a2fb9fd8f0b1ec7a2ab7d0","name":"tainask","image":{"@type":"ImageObject","inLanguage":"fi","@id":"https:\/\/secure.gravatar.com\/avatar\/4a96427877ef826b76e80c27f60b266128094f522551459346efcf14282febb3?s=96&d=mm&r=g","url":"https:\/\/secure.gravatar.com\/avatar\/4a96427877ef826b76e80c27f60b266128094f522551459346efcf14282febb3?s=96&d=mm&r=g","contentUrl":"https:\/\/secure.gravatar.com\/avatar\/4a96427877ef826b76e80c27f60b266128094f522551459346efcf14282febb3?s=96&d=mm&r=g","caption":"tainask"},"url":"https:\/\/blogit.lab.fi\/labfocus\/author\/tainask\/"}]}},"_links":{"self":[{"href":"https:\/\/blogit.lab.fi\/labfocus\/wp-json\/wp\/v2\/posts\/8927","targetHints":{"allow":["GET"]}}],"collection":[{"href":"https:\/\/blogit.lab.fi\/labfocus\/wp-json\/wp\/v2\/posts"}],"about":[{"href":"https:\/\/blogit.lab.fi\/labfocus\/wp-json\/wp\/v2\/types\/post"}],"author":[{"embeddable":true,"href":"https:\/\/blogit.lab.fi\/labfocus\/wp-json\/wp\/v2\/users\/17"}],"replies":[{"embeddable":true,"href":"https:\/\/blogit.lab.fi\/labfocus\/wp-json\/wp\/v2\/comments?post=8927"}],"version-history":[{"count":2,"href":"https:\/\/blogit.lab.fi\/labfocus\/wp-json\/wp\/v2\/posts\/8927\/revisions"}],"predecessor-version":[{"id":8931,"href":"https:\/\/blogit.lab.fi\/labfocus\/wp-json\/wp\/v2\/posts\/8927\/revisions\/8931"}],"wp:featuredmedia":[{"embeddable":true,"href":"https:\/\/blogit.lab.fi\/labfocus\/wp-json\/wp\/v2\/media\/8929"}],"wp:attachment":[{"href":"https:\/\/blogit.lab.fi\/labfocus\/wp-json\/wp\/v2\/media?parent=8927"}],"wp:term":[{"taxonomy":"category","embeddable":true,"href":"https:\/\/blogit.lab.fi\/labfocus\/wp-json\/wp\/v2\/categories?post=8927"},{"taxonomy":"post_tag","embeddable":true,"href":"https:\/\/blogit.lab.fi\/labfocus\/wp-json\/wp\/v2\/tags?post=8927"}],"curies":[{"name":"wp","href":"https:\/\/api.w.org\/{rel}","templated":true}]}}