{"id":9118,"date":"2022-06-15T15:08:49","date_gmt":"2022-06-15T12:08:49","guid":{"rendered":"https:\/\/blogit.lab.fi\/labfocus\/?p=9118"},"modified":"2022-06-15T15:08:50","modified_gmt":"2022-06-15T12:08:50","slug":"kestavan-tyomatkaliikkumisen-pilotointi-kaynnistyi","status":"publish","type":"post","link":"https:\/\/blogit.lab.fi\/labfocus\/kestavan-tyomatkaliikkumisen-pilotointi-kaynnistyi\/","title":{"rendered":"Kest\u00e4v\u00e4n ty\u00f6matkaliikkumisen pilotointi k\u00e4ynnistyi"},"content":{"rendered":"\n<p>Py\u00f6r\u00e4ll\u00e4, potkulaudalla ja bussilla P\u00e4ij\u00e4t-Sotessa -hankkeessa (LAB 2022) pilotoidaan kest\u00e4v\u00e4n ty\u00f6matkaliikkumisen kokeiluja yhteisty\u00f6ss\u00e4 P\u00e4ij\u00e4t-H\u00e4meen hyvinvointiyhtym\u00e4n (P\u00e4ij\u00e4t-Soten), Lahden kaupungin, LUT-yliopiston, LAB-ammattikorkeakoulun sek\u00e4 palveluntuottajien kanssa. Hanketta rahoittaa Traficom.<\/p>\n\n\n\n<p>Hankkeen tavoitteena on edist\u00e4\u00e4 P\u00e4ij\u00e4t-Soten ty\u00f6ntekij\u00f6iden siirtymist\u00e4 k\u00e4ytt\u00e4m\u00e4\u00e4n kest\u00e4v\u00e4n liikkumisen tapoja niin ty\u00f6matkoilla kuin ty\u00f6p\u00e4iv\u00e4n aikana tapahtuvissa siirtymisiss\u00e4kin.<\/p>\n\n\n\n<h2 class=\"wp-block-heading\">Kokemuksia nelj\u00e4st\u00e4 kokeilusta<\/h2>\n\n\n\n<p>Hankkeessa pilotoidaan nelj\u00e4\u00e4 kest\u00e4v\u00e4n ty\u00f6matkaliikkumisen kokeilua: ty\u00f6suhdematkalippu ja -s\u00e4hk\u00f6py\u00f6r\u00e4kokeilut ty\u00f6matkaliikkumisessa, yhteisk\u00e4ytt\u00f6py\u00f6r\u00e4t ja -s\u00e4hk\u00f6potkulaudat ty\u00f6p\u00e4iv\u00e4n aikaisilla matkoilla sek\u00e4 leasing-s\u00e4hk\u00f6py\u00f6r\u00e4t kotihoitopalveluissa ty\u00f6p\u00e4iv\u00e4n aikaisissa siirtymisiss\u00e4. Kokeilun osallistujat ovat P\u00e4ij\u00e4t-H\u00e4meen hyvinvointikuntayhtym\u00e4n henkil\u00f6st\u00f6\u00e4, ja ilmassa onkin ollut innostunutta odotusta kokeilun alkamisesta.<\/p>\n\n\n\n<p>Kokeilut ovat alkaneet kev\u00e4\u00e4n 2022 aikana ja jatkuvat kes\u00e4n yli, kokonaisuudessaan hanke kest\u00e4\u00e4 vuoden 2022 loppuun asti. Kokeiluista ker\u00e4t\u00e4\u00e4n tietoja muun muassa niiden aikana toteutettavien kyselyiden ja haastatteluiden sek\u00e4 alku- ja loppukartoitusten avulla.<\/p>\n\n\n\n<p>Osallistujat ovat vastanneet alkukartoituskyselyyn ja p\u00e4\u00e4sseet aloittamaan ty\u00f6matkansa bussilla ty\u00f6suhdematkalipun avulla. My\u00f6s ty\u00f6p\u00e4iv\u00e4n aikana liikkuvat ovat startanneet kokeilunsa Lahden s\u00e4hk\u00f6avusteisella kaupunkipy\u00f6r\u00e4 Mankelilla sek\u00e4 Tierin yhteisk\u00e4ytt\u00f6isill\u00e4 s\u00e4hk\u00f6potkulaudoilla.<\/p>\n\n\n\n<figure class=\"wp-block-image size-large\"><img loading=\"lazy\" decoding=\"async\" width=\"1024\" height=\"512\" src=\"https:\/\/blogit.lab.fi\/labfocus\/wp-content\/uploads\/sites\/8\/2022\/06\/447_2022_Kestavan-tyomatkaliikkumisen-pilotointi-kaynnistyi_1-1024x512.png\" alt=\"[Alt-teksti: Kuvassa on useita Lahden s\u00e4hk\u00f6avusteisia kaupunkipy\u00f6ri\u00e4 eli Mankeleita pys\u00e4k\u00f6ityn\u00e4 asemalleen.]\" class=\"wp-image-9120\" srcset=\"https:\/\/blogit.lab.fi\/labfocus\/wp-content\/uploads\/sites\/8\/2022\/06\/447_2022_Kestavan-tyomatkaliikkumisen-pilotointi-kaynnistyi_1-1024x512.png 1024w, https:\/\/blogit.lab.fi\/labfocus\/wp-content\/uploads\/sites\/8\/2022\/06\/447_2022_Kestavan-tyomatkaliikkumisen-pilotointi-kaynnistyi_1-300x150.png 300w, https:\/\/blogit.lab.fi\/labfocus\/wp-content\/uploads\/sites\/8\/2022\/06\/447_2022_Kestavan-tyomatkaliikkumisen-pilotointi-kaynnistyi_1-768x384.png 768w, https:\/\/blogit.lab.fi\/labfocus\/wp-content\/uploads\/sites\/8\/2022\/06\/447_2022_Kestavan-tyomatkaliikkumisen-pilotointi-kaynnistyi_1-570x285.png 570w, https:\/\/blogit.lab.fi\/labfocus\/wp-content\/uploads\/sites\/8\/2022\/06\/447_2022_Kestavan-tyomatkaliikkumisen-pilotointi-kaynnistyi_1.png 1270w\" sizes=\"auto, (max-width: 1024px) 100vw, 1024px\" \/><figcaption>Kuva 1. Lahden s\u00e4hk\u00f6avusteisia kaupunkipy\u00f6ri\u00e4 eli Mankeleita k\u00e4ytet\u00e4\u00e4n kokeilussa ty\u00f6p\u00e4iv\u00e4n aikaiseen liikkumiseen. (Kuva: Marjut Villanen)<\/figcaption><\/figure>\n\n\n\n<h2 class=\"wp-block-heading\">Viestinn\u00e4ll\u00e4, tiedolla ja tuuppauksella<\/h2>\n\n\n\n<p>Hankkeessa k\u00e4ytet\u00e4\u00e4n my\u00f6s viestinn\u00e4llisi\u00e4 keinoja, tiedolla vaikuttamista ja tuuppausta (Turun yliopisto 2022), joilla pyrit\u00e4\u00e4n muuttamaan ihmisten k\u00e4ytt\u00e4ytymist\u00e4 sek\u00e4 ohjaamaan kest\u00e4v\u00e4mpiin kulkutapavalintoihin. LUT-yliopiston opiskelijat ovat hanketta varten tarkastelleet kirjallisuuskatsauksen muodossa erilaisia tuuppauskeinoja sek\u00e4 niiden hy\u00f6dynnett\u00e4vyytt\u00e4 ty\u00f6matkaliikenteen muutoksessa. Ker\u00e4tty\u00e4 tutkimustietoa on my\u00f6s analysoitu sen mukaan, mitk\u00e4 tuuppausmenetelm\u00e4t olisivat sopivimpia juuri P\u00e4ij\u00e4t-Soten tarpeisiin.<\/p>\n\n\n\n<p>LABin teht\u00e4vin\u00e4 hankkeessa on p\u00e4\u00e4asiassa kokeiluihin liittyvien kartoitusten, kyselyjen ja haastattelujen tekeminen. Hankkeesta syntyi my\u00f6s opinn\u00e4ytety\u00f6 (K\u00e4mi 2022).<\/p>\n\n\n\n<figure class=\"wp-block-image size-large is-resized\"><img loading=\"lazy\" decoding=\"async\" src=\"https:\/\/blogit.lab.fi\/labfocus\/wp-content\/uploads\/sites\/8\/2022\/06\/447_2022_Kestavan-tyomatkaliikkumisen-pilotointi-kaynnistyi_2-1024x512.jpg\" alt=\"[Alt-teksti: Kuvassa on lasten pahvista askartelema bussi matkustajineen.]\" class=\"wp-image-9121\" width=\"700\" height=\"350\" srcset=\"https:\/\/blogit.lab.fi\/labfocus\/wp-content\/uploads\/sites\/8\/2022\/06\/447_2022_Kestavan-tyomatkaliikkumisen-pilotointi-kaynnistyi_2-1024x512.jpg 1024w, https:\/\/blogit.lab.fi\/labfocus\/wp-content\/uploads\/sites\/8\/2022\/06\/447_2022_Kestavan-tyomatkaliikkumisen-pilotointi-kaynnistyi_2-300x150.jpg 300w, https:\/\/blogit.lab.fi\/labfocus\/wp-content\/uploads\/sites\/8\/2022\/06\/447_2022_Kestavan-tyomatkaliikkumisen-pilotointi-kaynnistyi_2-768x384.jpg 768w, https:\/\/blogit.lab.fi\/labfocus\/wp-content\/uploads\/sites\/8\/2022\/06\/447_2022_Kestavan-tyomatkaliikkumisen-pilotointi-kaynnistyi_2-570x285.jpg 570w, https:\/\/blogit.lab.fi\/labfocus\/wp-content\/uploads\/sites\/8\/2022\/06\/447_2022_Kestavan-tyomatkaliikkumisen-pilotointi-kaynnistyi_2.jpg 1280w\" sizes=\"auto, (max-width: 700px) 100vw, 700px\" \/><figcaption>Kuva 2. Joukkoliikenne on yksi kest\u00e4v\u00e4n liikkumisen muoto. K\u00e4ynniss\u00e4 olevassa kokeilussa yksi ryhm\u00e4 k\u00e4ytt\u00e4\u00e4 ty\u00f6suhdematkalippua kulkeakseen ty\u00f6matkat bussilla. (Kuva: Marianne K\u00e4mi)<\/figcaption><\/figure>\n\n\n\n<h2 class=\"wp-block-heading\">Kest\u00e4v\u00e4n liikkumisen hy\u00f6tyj\u00e4<\/h2>\n\n\n\n<p>Kest\u00e4v\u00e4ss\u00e4 liikkumisessa pyrit\u00e4\u00e4n l\u00f6yt\u00e4m\u00e4\u00e4n ymp\u00e4rist\u00f6yst\u00e4v\u00e4llisi\u00e4 liikkumismuotoja, jotka ovat my\u00f6s taloudellisempia sek\u00e4 tukevat terveytt\u00e4 ja hyvinvointia. N\u00e4it\u00e4 ovat ennen kaikkea siirtyminen oman auton k\u00e4yt\u00f6st\u00e4 julkiseen liikenteeseen, py\u00f6r\u00e4ilyyn tai k\u00e4velyyn. My\u00f6s v\u00e4hent\u00e4m\u00e4ll\u00e4 tarpeettomia ajoja sek\u00e4 taloudellisella ajotavalla, yhteisk\u00e4ytt\u00f6auton tai ymp\u00e4rist\u00f6yst\u00e4v\u00e4llisemm\u00e4n auton k\u00e4yt\u00f6ll\u00e4 sek\u00e4 kimppakyydeill\u00e4 voi edist\u00e4\u00e4 kest\u00e4v\u00e4\u00e4 liikkumista, mik\u00e4li oman auton k\u00e4ytt\u00f6 on v\u00e4ltt\u00e4m\u00e4t\u00f6nt\u00e4.<\/p>\n\n\n\n<p>Lis\u00e4\u00e4 kest\u00e4v\u00e4st\u00e4 liikkumisesta voi lukea esimerkiksi valtion kest\u00e4v\u00e4n kehityksen yhti\u00f6n, Motiva Oy:n, <a href=\"https:\/\/www.motiva.fi\/ratkaisut\/kestava_liikenne_ja_liikkuminen\" target=\"_blank\" rel=\"noreferrer noopener\">kotisivuilta<\/a>.<\/p>\n\n\n\n<p>Tulemme seuraamaan hankkeen edistymist\u00e4 sek\u00e4 kertomaan tehdyist\u00e4 havainnoista ja tuloksista. Tulevissa blogiartikkeleissa k\u00e4sittelemme lis\u00e4ksi aiheeseen liittyvi\u00e4 teemoja, kuten eri liikkumismuotojen ymp\u00e4rist\u00f6vaikutuksia, liikunnan ja luonnon tarjoamia terveys- ja hyvinvointivaikutuksia sek\u00e4 annamme vinkkej\u00e4 kest\u00e4vien liikkumismuotojen lis\u00e4\u00e4miseksi omassa arjessa.<\/p>\n\n\n\n<div class=\"wp-block-group has-background\" style=\"background-color:#8df1fc\"><div class=\"wp-block-group__inner-container is-layout-flow wp-block-group-is-layout-flow\">\n<p>Kirjoittajat<br><br><strong>Marjut Villanen<\/strong> ty\u00f6skentelee LAB-ammattikorkeakoulun Liiketoiminta-yksik\u00f6ss\u00e4 TKI-asiantuntijana ja toimii PPBP-hankkeen (LAB 2022) projektip\u00e4\u00e4llikk\u00f6n\u00e4.<\/p>\n\n\n\n<p><strong>Mari Karhinen<\/strong> opiskelee Koulutuskeskus Salpauksessa luonto- ja ymp\u00e4rist\u00f6alan perustutkintoa ja on suorittamassa opintoihin liittyv\u00e4\u00e4 ty\u00f6ss\u00e4oppimisjaksoa LABissa PPBP-hankkeessa.<\/p>\n\n\n\n<p><strong>Marianne K\u00e4mi<\/strong> ty\u00f6skentelee projektity\u00f6ntekij\u00e4n\u00e4 PPBP-hankkeessa ja on tehnyt alkukartoituskyselyn energia- ja ymp\u00e4rist\u00f6tekniikan opinn\u00e4ytety\u00f6n\u00e4.<\/p>\n<\/div><\/div>\n\n\n\n<h2 class=\"wp-block-heading\">L\u00e4hteet<\/h2>\n\n\n\n<p>K\u00e4mi, M. 2022. Kest\u00e4v\u00e4 ty\u00f6matkaliikkuminen P\u00e4ij\u00e4t-Sotessa. Opinn\u00e4ytety\u00f6, insin\u00f6\u00f6ri AMK. LAB-ammattikorkeakoulu, energia- ja ymp\u00e4rist\u00f6tekniikan ala. Viitattu 13.6.2022. Saatavissa <a href=\"https:\/\/urn.fi\/URN:NBN:fi:amk-2022061017342\" target=\"_blank\" rel=\"noreferrer noopener\">https:\/\/urn.fi\/URN:NBN:fi:amk-2022061017342<\/a><\/p>\n\n\n\n<p>LAB. 2022. Py\u00f6r\u00e4ll\u00e4, potkulaudalla ja bussilla P\u00e4ij\u00e4t-Sotessa. Hanke. Viitattu 13.6.2022. Saatavissa <a href=\"https:\/\/lab.fi\/fi\/projekti\/pyoralla-potkulaudalla-ja-bussilla-paijat-sotessa-ppbp\" target=\"_blank\" rel=\"noreferrer noopener\">https:\/\/lab.fi\/fi\/projekti\/pyoralla-potkulaudalla-ja-bussilla-paijat-sotessa-ppbp<\/a><\/p>\n\n\n\n<p>Turun yliopisto. 2022. Climate nudge -tutkimushanke. Viitattu 7.6.2022.<br>Saatavissa <a href=\"https:\/\/ilmastotuuppaus.fi\/ilmastotuuppaukset\/\" target=\"_blank\" rel=\"noreferrer noopener\">https:\/\/ilmastotuuppaus.fi\/ilmastotuuppaukset\/<\/a>\u00a0<\/p>\n\n\n\n<h2 class=\"wp-block-heading\">Linkit<\/h2>\n\n\n\n<p>Motiva Oy. 2022. Kest\u00e4v\u00e4 liikenne ja liikkuminen. Viitattu 23.5.2022.<br>Saatavissa <a href=\"https:\/\/www.motiva.fi\/ratkaisut\/kestava_liikenne_ja_liikkuminen\" target=\"_blank\" rel=\"noreferrer noopener\">https:\/\/www.motiva.fi\/ratkaisut\/kestava_liikenne_ja_liikkuminen<\/a><\/p>\n","protected":false},"excerpt":{"rendered":"<p>Py\u00f6r\u00e4ll\u00e4, potkulaudalla ja bussilla P\u00e4ij\u00e4t-Sotessa -hankkeessa (LAB 2022) pilotoidaan kest\u00e4v\u00e4n ty\u00f6matkaliikkumisen kokeiluja yhteisty\u00f6ss\u00e4 P\u00e4ij\u00e4t-H\u00e4meen hyvinvointiyhtym\u00e4n (P\u00e4ij\u00e4t-Soten), Lahden kaupungin, LUT-yliopiston, LAB-ammattikorkeakoulun sek\u00e4 palveluntuottajien kanssa. Hanketta rahoittaa Traficom. Hankkeen tavoitteena on edist\u00e4\u00e4 P\u00e4ij\u00e4t-Soten ty\u00f6ntekij\u00f6iden siirtymist\u00e4 k\u00e4ytt\u00e4m\u00e4\u00e4n kest\u00e4v\u00e4n liikkumisen tapoja niin ty\u00f6matkoilla kuin ty\u00f6p\u00e4iv\u00e4n aikana tapahtuvissa siirtymisiss\u00e4kin. Kokemuksia nelj\u00e4st\u00e4 kokeilusta Hankkeessa pilotoidaan nelj\u00e4\u00e4 kest\u00e4v\u00e4n ty\u00f6matkaliikkumisen kokeilua: ty\u00f6suhdematkalippu ja [&hellip;]<\/p>\n","protected":false},"author":17,"featured_media":9121,"comment_status":"closed","ping_status":"open","sticky":false,"template":"","format":"standard","meta":{"footnotes":""},"categories":[23,33],"tags":[29,4202,4200,4196,4198],"class_list":{"0":"post-9118","1":"post","2":"type-post","3":"status-publish","4":"format-standard","5":"has-post-thumbnail","7":"category-circular-economy_fi","8":"category-kestavat-yhteisot","9":"tag-artikkeli-e1","10":"tag-joukkoliikenne","11":"tag-kestava-liikkuminen","12":"tag-pyoraily-fi","13":"tag-tyomatkaliikkuminen","14":"czr-hentry"},"yoast_head":"<!-- This site is optimized with the Yoast SEO plugin v27.5 - https:\/\/yoast.com\/product\/yoast-seo-wordpress\/ -->\n<title>Kest\u00e4v\u00e4n ty\u00f6matkaliikkumisen pilotointi k\u00e4ynnistyi - LAB Focus<\/title>\n<meta name=\"description\" content=\"LAB-ammattikorkeakoulun hankkeessa edistet\u00e4\u00e4n ty\u00f6matkojen liikkumista ymp\u00e4rist\u00f6yst\u00e4v\u00e4llisesti.\" \/>\n<meta name=\"robots\" content=\"index, follow, max-snippet:-1, max-image-preview:large, max-video-preview:-1\" \/>\n<link rel=\"canonical\" href=\"https:\/\/blogit.lab.fi\/labfocus\/kestavan-tyomatkaliikkumisen-pilotointi-kaynnistyi\/\" \/>\n<meta property=\"og:locale\" content=\"fi_FI\" \/>\n<meta property=\"og:type\" content=\"article\" \/>\n<meta property=\"og:title\" content=\"Kest\u00e4v\u00e4n ty\u00f6matkaliikkumisen pilotointi k\u00e4ynnistyi - LAB Focus\" \/>\n<meta property=\"og:description\" content=\"LAB-ammattikorkeakoulun hankkeessa edistet\u00e4\u00e4n ty\u00f6matkojen liikkumista ymp\u00e4rist\u00f6yst\u00e4v\u00e4llisesti.\" \/>\n<meta property=\"og:url\" content=\"https:\/\/blogit.lab.fi\/labfocus\/kestavan-tyomatkaliikkumisen-pilotointi-kaynnistyi\/\" \/>\n<meta property=\"og:site_name\" content=\"LAB Focus\" \/>\n<meta property=\"article:published_time\" content=\"2022-06-15T12:08:49+00:00\" \/>\n<meta property=\"article:modified_time\" content=\"2022-06-15T12:08:50+00:00\" \/>\n<meta property=\"og:image\" content=\"https:\/\/blogit.lab.fi\/labfocus\/wp-content\/uploads\/sites\/8\/2022\/06\/447_2022_Kestavan-tyomatkaliikkumisen-pilotointi-kaynnistyi_2.jpg\" \/>\n\t<meta property=\"og:image:width\" content=\"1280\" \/>\n\t<meta property=\"og:image:height\" content=\"640\" \/>\n\t<meta property=\"og:image:type\" content=\"image\/jpeg\" \/>\n<meta name=\"author\" content=\"tainask\" \/>\n<meta name=\"twitter:card\" content=\"summary_large_image\" \/>\n<meta name=\"twitter:creator\" content=\"@LABfinland\" \/>\n<meta name=\"twitter:site\" content=\"@LABfinland\" \/>\n<meta name=\"twitter:label1\" content=\"Kirjoittanut\" \/>\n\t<meta name=\"twitter:data1\" content=\"tainask\" \/>\n\t<meta name=\"twitter:label2\" content=\"Arvioitu lukuaika\" \/>\n\t<meta name=\"twitter:data2\" content=\"4 minuuttia\" \/>\n<script type=\"application\/ld+json\" class=\"yoast-schema-graph\">{\"@context\":\"https:\\\/\\\/schema.org\",\"@graph\":[{\"@type\":\"Article\",\"@id\":\"https:\\\/\\\/blogit.lab.fi\\\/labfocus\\\/kestavan-tyomatkaliikkumisen-pilotointi-kaynnistyi\\\/#article\",\"isPartOf\":{\"@id\":\"https:\\\/\\\/blogit.lab.fi\\\/labfocus\\\/kestavan-tyomatkaliikkumisen-pilotointi-kaynnistyi\\\/\"},\"author\":{\"name\":\"tainask\",\"@id\":\"https:\\\/\\\/blogit.lab.fi\\\/labfocus\\\/#\\\/schema\\\/person\\\/da729f65c4a2fb9fd8f0b1ec7a2ab7d0\"},\"headline\":\"Kest\u00e4v\u00e4n ty\u00f6matkaliikkumisen pilotointi k\u00e4ynnistyi\",\"datePublished\":\"2022-06-15T12:08:49+00:00\",\"dateModified\":\"2022-06-15T12:08:50+00:00\",\"mainEntityOfPage\":{\"@id\":\"https:\\\/\\\/blogit.lab.fi\\\/labfocus\\\/kestavan-tyomatkaliikkumisen-pilotointi-kaynnistyi\\\/\"},\"wordCount\":662,\"publisher\":{\"@id\":\"https:\\\/\\\/blogit.lab.fi\\\/labfocus\\\/#organization\"},\"image\":{\"@id\":\"https:\\\/\\\/blogit.lab.fi\\\/labfocus\\\/kestavan-tyomatkaliikkumisen-pilotointi-kaynnistyi\\\/#primaryimage\"},\"thumbnailUrl\":\"https:\\\/\\\/blogit.lab.fi\\\/labfocus\\\/wp-content\\\/uploads\\\/sites\\\/8\\\/2022\\\/06\\\/447_2022_Kestavan-tyomatkaliikkumisen-pilotointi-kaynnistyi_2.jpg\",\"keywords\":[\"Artikkeli E1\",\"joukkoliikenne\",\"kest\u00e4v\u00e4 liikkuminen\",\"py\u00f6r\u00e4ily\",\"ty\u00f6matkaliikkuminen\"],\"articleSection\":[\"Circular Economy\",\"Kest\u00e4v\u00e4t yhteis\u00f6t\"],\"inLanguage\":\"fi\"},{\"@type\":\"WebPage\",\"@id\":\"https:\\\/\\\/blogit.lab.fi\\\/labfocus\\\/kestavan-tyomatkaliikkumisen-pilotointi-kaynnistyi\\\/\",\"url\":\"https:\\\/\\\/blogit.lab.fi\\\/labfocus\\\/kestavan-tyomatkaliikkumisen-pilotointi-kaynnistyi\\\/\",\"name\":\"Kest\u00e4v\u00e4n ty\u00f6matkaliikkumisen pilotointi k\u00e4ynnistyi - LAB Focus\",\"isPartOf\":{\"@id\":\"https:\\\/\\\/blogit.lab.fi\\\/labfocus\\\/#website\"},\"primaryImageOfPage\":{\"@id\":\"https:\\\/\\\/blogit.lab.fi\\\/labfocus\\\/kestavan-tyomatkaliikkumisen-pilotointi-kaynnistyi\\\/#primaryimage\"},\"image\":{\"@id\":\"https:\\\/\\\/blogit.lab.fi\\\/labfocus\\\/kestavan-tyomatkaliikkumisen-pilotointi-kaynnistyi\\\/#primaryimage\"},\"thumbnailUrl\":\"https:\\\/\\\/blogit.lab.fi\\\/labfocus\\\/wp-content\\\/uploads\\\/sites\\\/8\\\/2022\\\/06\\\/447_2022_Kestavan-tyomatkaliikkumisen-pilotointi-kaynnistyi_2.jpg\",\"datePublished\":\"2022-06-15T12:08:49+00:00\",\"dateModified\":\"2022-06-15T12:08:50+00:00\",\"description\":\"LAB-ammattikorkeakoulun hankkeessa edistet\u00e4\u00e4n ty\u00f6matkojen liikkumista ymp\u00e4rist\u00f6yst\u00e4v\u00e4llisesti.\",\"breadcrumb\":{\"@id\":\"https:\\\/\\\/blogit.lab.fi\\\/labfocus\\\/kestavan-tyomatkaliikkumisen-pilotointi-kaynnistyi\\\/#breadcrumb\"},\"inLanguage\":\"fi\",\"potentialAction\":[{\"@type\":\"ReadAction\",\"target\":[\"https:\\\/\\\/blogit.lab.fi\\\/labfocus\\\/kestavan-tyomatkaliikkumisen-pilotointi-kaynnistyi\\\/\"]}]},{\"@type\":\"ImageObject\",\"inLanguage\":\"fi\",\"@id\":\"https:\\\/\\\/blogit.lab.fi\\\/labfocus\\\/kestavan-tyomatkaliikkumisen-pilotointi-kaynnistyi\\\/#primaryimage\",\"url\":\"https:\\\/\\\/blogit.lab.fi\\\/labfocus\\\/wp-content\\\/uploads\\\/sites\\\/8\\\/2022\\\/06\\\/447_2022_Kestavan-tyomatkaliikkumisen-pilotointi-kaynnistyi_2.jpg\",\"contentUrl\":\"https:\\\/\\\/blogit.lab.fi\\\/labfocus\\\/wp-content\\\/uploads\\\/sites\\\/8\\\/2022\\\/06\\\/447_2022_Kestavan-tyomatkaliikkumisen-pilotointi-kaynnistyi_2.jpg\",\"width\":1280,\"height\":640},{\"@type\":\"BreadcrumbList\",\"@id\":\"https:\\\/\\\/blogit.lab.fi\\\/labfocus\\\/kestavan-tyomatkaliikkumisen-pilotointi-kaynnistyi\\\/#breadcrumb\",\"itemListElement\":[{\"@type\":\"ListItem\",\"position\":1,\"name\":\"Home\",\"item\":\"https:\\\/\\\/blogit.lab.fi\\\/labfocus\\\/\"},{\"@type\":\"ListItem\",\"position\":2,\"name\":\"Kest\u00e4v\u00e4n ty\u00f6matkaliikkumisen pilotointi k\u00e4ynnistyi\"}]},{\"@type\":\"WebSite\",\"@id\":\"https:\\\/\\\/blogit.lab.fi\\\/labfocus\\\/#website\",\"url\":\"https:\\\/\\\/blogit.lab.fi\\\/labfocus\\\/\",\"name\":\"LAB Focus\",\"description\":\"Focus Area blog | LAB University of Applied Sciences\",\"publisher\":{\"@id\":\"https:\\\/\\\/blogit.lab.fi\\\/labfocus\\\/#organization\"},\"potentialAction\":[{\"@type\":\"SearchAction\",\"target\":{\"@type\":\"EntryPoint\",\"urlTemplate\":\"https:\\\/\\\/blogit.lab.fi\\\/labfocus\\\/?s={search_term_string}\"},\"query-input\":{\"@type\":\"PropertyValueSpecification\",\"valueRequired\":true,\"valueName\":\"search_term_string\"}}],\"inLanguage\":\"fi\"},{\"@type\":\"Organization\",\"@id\":\"https:\\\/\\\/blogit.lab.fi\\\/labfocus\\\/#organization\",\"name\":\"LAB Focus\",\"url\":\"https:\\\/\\\/blogit.lab.fi\\\/labfocus\\\/\",\"logo\":{\"@type\":\"ImageObject\",\"inLanguage\":\"fi\",\"@id\":\"https:\\\/\\\/blogit.lab.fi\\\/labfocus\\\/#\\\/schema\\\/logo\\\/image\\\/\",\"url\":\"https:\\\/\\\/blogit.lab.fi\\\/labfocus\\\/wp-content\\\/uploads\\\/sites\\\/8\\\/2020\\\/04\\\/cropped-cropped-tunnus_blogi-01.png\",\"contentUrl\":\"https:\\\/\\\/blogit.lab.fi\\\/labfocus\\\/wp-content\\\/uploads\\\/sites\\\/8\\\/2020\\\/04\\\/cropped-cropped-tunnus_blogi-01.png\",\"width\":1342,\"height\":288,\"caption\":\"LAB Focus\"},\"image\":{\"@id\":\"https:\\\/\\\/blogit.lab.fi\\\/labfocus\\\/#\\\/schema\\\/logo\\\/image\\\/\"},\"sameAs\":[\"https:\\\/\\\/x.com\\\/LABfinland\"]},{\"@type\":\"Person\",\"@id\":\"https:\\\/\\\/blogit.lab.fi\\\/labfocus\\\/#\\\/schema\\\/person\\\/da729f65c4a2fb9fd8f0b1ec7a2ab7d0\",\"name\":\"tainask\",\"image\":{\"@type\":\"ImageObject\",\"inLanguage\":\"fi\",\"@id\":\"https:\\\/\\\/secure.gravatar.com\\\/avatar\\\/4a96427877ef826b76e80c27f60b266128094f522551459346efcf14282febb3?s=96&d=mm&r=g\",\"url\":\"https:\\\/\\\/secure.gravatar.com\\\/avatar\\\/4a96427877ef826b76e80c27f60b266128094f522551459346efcf14282febb3?s=96&d=mm&r=g\",\"contentUrl\":\"https:\\\/\\\/secure.gravatar.com\\\/avatar\\\/4a96427877ef826b76e80c27f60b266128094f522551459346efcf14282febb3?s=96&d=mm&r=g\",\"caption\":\"tainask\"},\"url\":\"https:\\\/\\\/blogit.lab.fi\\\/labfocus\\\/author\\\/tainask\\\/\"}]}<\/script>\n<!-- \/ Yoast SEO plugin. -->","yoast_head_json":{"title":"Kest\u00e4v\u00e4n ty\u00f6matkaliikkumisen pilotointi k\u00e4ynnistyi - LAB Focus","description":"LAB-ammattikorkeakoulun hankkeessa edistet\u00e4\u00e4n ty\u00f6matkojen liikkumista ymp\u00e4rist\u00f6yst\u00e4v\u00e4llisesti.","robots":{"index":"index","follow":"follow","max-snippet":"max-snippet:-1","max-image-preview":"max-image-preview:large","max-video-preview":"max-video-preview:-1"},"canonical":"https:\/\/blogit.lab.fi\/labfocus\/kestavan-tyomatkaliikkumisen-pilotointi-kaynnistyi\/","og_locale":"fi_FI","og_type":"article","og_title":"Kest\u00e4v\u00e4n ty\u00f6matkaliikkumisen pilotointi k\u00e4ynnistyi - LAB Focus","og_description":"LAB-ammattikorkeakoulun hankkeessa edistet\u00e4\u00e4n ty\u00f6matkojen liikkumista ymp\u00e4rist\u00f6yst\u00e4v\u00e4llisesti.","og_url":"https:\/\/blogit.lab.fi\/labfocus\/kestavan-tyomatkaliikkumisen-pilotointi-kaynnistyi\/","og_site_name":"LAB Focus","article_published_time":"2022-06-15T12:08:49+00:00","article_modified_time":"2022-06-15T12:08:50+00:00","og_image":[{"width":1280,"height":640,"url":"https:\/\/blogit.lab.fi\/labfocus\/wp-content\/uploads\/sites\/8\/2022\/06\/447_2022_Kestavan-tyomatkaliikkumisen-pilotointi-kaynnistyi_2.jpg","type":"image\/jpeg"}],"author":"tainask","twitter_card":"summary_large_image","twitter_creator":"@LABfinland","twitter_site":"@LABfinland","twitter_misc":{"Kirjoittanut":"tainask","Arvioitu lukuaika":"4 minuuttia"},"schema":{"@context":"https:\/\/schema.org","@graph":[{"@type":"Article","@id":"https:\/\/blogit.lab.fi\/labfocus\/kestavan-tyomatkaliikkumisen-pilotointi-kaynnistyi\/#article","isPartOf":{"@id":"https:\/\/blogit.lab.fi\/labfocus\/kestavan-tyomatkaliikkumisen-pilotointi-kaynnistyi\/"},"author":{"name":"tainask","@id":"https:\/\/blogit.lab.fi\/labfocus\/#\/schema\/person\/da729f65c4a2fb9fd8f0b1ec7a2ab7d0"},"headline":"Kest\u00e4v\u00e4n ty\u00f6matkaliikkumisen pilotointi k\u00e4ynnistyi","datePublished":"2022-06-15T12:08:49+00:00","dateModified":"2022-06-15T12:08:50+00:00","mainEntityOfPage":{"@id":"https:\/\/blogit.lab.fi\/labfocus\/kestavan-tyomatkaliikkumisen-pilotointi-kaynnistyi\/"},"wordCount":662,"publisher":{"@id":"https:\/\/blogit.lab.fi\/labfocus\/#organization"},"image":{"@id":"https:\/\/blogit.lab.fi\/labfocus\/kestavan-tyomatkaliikkumisen-pilotointi-kaynnistyi\/#primaryimage"},"thumbnailUrl":"https:\/\/blogit.lab.fi\/labfocus\/wp-content\/uploads\/sites\/8\/2022\/06\/447_2022_Kestavan-tyomatkaliikkumisen-pilotointi-kaynnistyi_2.jpg","keywords":["Artikkeli E1","joukkoliikenne","kest\u00e4v\u00e4 liikkuminen","py\u00f6r\u00e4ily","ty\u00f6matkaliikkuminen"],"articleSection":["Circular Economy","Kest\u00e4v\u00e4t yhteis\u00f6t"],"inLanguage":"fi"},{"@type":"WebPage","@id":"https:\/\/blogit.lab.fi\/labfocus\/kestavan-tyomatkaliikkumisen-pilotointi-kaynnistyi\/","url":"https:\/\/blogit.lab.fi\/labfocus\/kestavan-tyomatkaliikkumisen-pilotointi-kaynnistyi\/","name":"Kest\u00e4v\u00e4n ty\u00f6matkaliikkumisen pilotointi k\u00e4ynnistyi - LAB Focus","isPartOf":{"@id":"https:\/\/blogit.lab.fi\/labfocus\/#website"},"primaryImageOfPage":{"@id":"https:\/\/blogit.lab.fi\/labfocus\/kestavan-tyomatkaliikkumisen-pilotointi-kaynnistyi\/#primaryimage"},"image":{"@id":"https:\/\/blogit.lab.fi\/labfocus\/kestavan-tyomatkaliikkumisen-pilotointi-kaynnistyi\/#primaryimage"},"thumbnailUrl":"https:\/\/blogit.lab.fi\/labfocus\/wp-content\/uploads\/sites\/8\/2022\/06\/447_2022_Kestavan-tyomatkaliikkumisen-pilotointi-kaynnistyi_2.jpg","datePublished":"2022-06-15T12:08:49+00:00","dateModified":"2022-06-15T12:08:50+00:00","description":"LAB-ammattikorkeakoulun hankkeessa edistet\u00e4\u00e4n ty\u00f6matkojen liikkumista ymp\u00e4rist\u00f6yst\u00e4v\u00e4llisesti.","breadcrumb":{"@id":"https:\/\/blogit.lab.fi\/labfocus\/kestavan-tyomatkaliikkumisen-pilotointi-kaynnistyi\/#breadcrumb"},"inLanguage":"fi","potentialAction":[{"@type":"ReadAction","target":["https:\/\/blogit.lab.fi\/labfocus\/kestavan-tyomatkaliikkumisen-pilotointi-kaynnistyi\/"]}]},{"@type":"ImageObject","inLanguage":"fi","@id":"https:\/\/blogit.lab.fi\/labfocus\/kestavan-tyomatkaliikkumisen-pilotointi-kaynnistyi\/#primaryimage","url":"https:\/\/blogit.lab.fi\/labfocus\/wp-content\/uploads\/sites\/8\/2022\/06\/447_2022_Kestavan-tyomatkaliikkumisen-pilotointi-kaynnistyi_2.jpg","contentUrl":"https:\/\/blogit.lab.fi\/labfocus\/wp-content\/uploads\/sites\/8\/2022\/06\/447_2022_Kestavan-tyomatkaliikkumisen-pilotointi-kaynnistyi_2.jpg","width":1280,"height":640},{"@type":"BreadcrumbList","@id":"https:\/\/blogit.lab.fi\/labfocus\/kestavan-tyomatkaliikkumisen-pilotointi-kaynnistyi\/#breadcrumb","itemListElement":[{"@type":"ListItem","position":1,"name":"Home","item":"https:\/\/blogit.lab.fi\/labfocus\/"},{"@type":"ListItem","position":2,"name":"Kest\u00e4v\u00e4n ty\u00f6matkaliikkumisen pilotointi k\u00e4ynnistyi"}]},{"@type":"WebSite","@id":"https:\/\/blogit.lab.fi\/labfocus\/#website","url":"https:\/\/blogit.lab.fi\/labfocus\/","name":"LAB Focus","description":"Focus Area blog | LAB University of Applied Sciences","publisher":{"@id":"https:\/\/blogit.lab.fi\/labfocus\/#organization"},"potentialAction":[{"@type":"SearchAction","target":{"@type":"EntryPoint","urlTemplate":"https:\/\/blogit.lab.fi\/labfocus\/?s={search_term_string}"},"query-input":{"@type":"PropertyValueSpecification","valueRequired":true,"valueName":"search_term_string"}}],"inLanguage":"fi"},{"@type":"Organization","@id":"https:\/\/blogit.lab.fi\/labfocus\/#organization","name":"LAB Focus","url":"https:\/\/blogit.lab.fi\/labfocus\/","logo":{"@type":"ImageObject","inLanguage":"fi","@id":"https:\/\/blogit.lab.fi\/labfocus\/#\/schema\/logo\/image\/","url":"https:\/\/blogit.lab.fi\/labfocus\/wp-content\/uploads\/sites\/8\/2020\/04\/cropped-cropped-tunnus_blogi-01.png","contentUrl":"https:\/\/blogit.lab.fi\/labfocus\/wp-content\/uploads\/sites\/8\/2020\/04\/cropped-cropped-tunnus_blogi-01.png","width":1342,"height":288,"caption":"LAB Focus"},"image":{"@id":"https:\/\/blogit.lab.fi\/labfocus\/#\/schema\/logo\/image\/"},"sameAs":["https:\/\/x.com\/LABfinland"]},{"@type":"Person","@id":"https:\/\/blogit.lab.fi\/labfocus\/#\/schema\/person\/da729f65c4a2fb9fd8f0b1ec7a2ab7d0","name":"tainask","image":{"@type":"ImageObject","inLanguage":"fi","@id":"https:\/\/secure.gravatar.com\/avatar\/4a96427877ef826b76e80c27f60b266128094f522551459346efcf14282febb3?s=96&d=mm&r=g","url":"https:\/\/secure.gravatar.com\/avatar\/4a96427877ef826b76e80c27f60b266128094f522551459346efcf14282febb3?s=96&d=mm&r=g","contentUrl":"https:\/\/secure.gravatar.com\/avatar\/4a96427877ef826b76e80c27f60b266128094f522551459346efcf14282febb3?s=96&d=mm&r=g","caption":"tainask"},"url":"https:\/\/blogit.lab.fi\/labfocus\/author\/tainask\/"}]}},"_links":{"self":[{"href":"https:\/\/blogit.lab.fi\/labfocus\/wp-json\/wp\/v2\/posts\/9118","targetHints":{"allow":["GET"]}}],"collection":[{"href":"https:\/\/blogit.lab.fi\/labfocus\/wp-json\/wp\/v2\/posts"}],"about":[{"href":"https:\/\/blogit.lab.fi\/labfocus\/wp-json\/wp\/v2\/types\/post"}],"author":[{"embeddable":true,"href":"https:\/\/blogit.lab.fi\/labfocus\/wp-json\/wp\/v2\/users\/17"}],"replies":[{"embeddable":true,"href":"https:\/\/blogit.lab.fi\/labfocus\/wp-json\/wp\/v2\/comments?post=9118"}],"version-history":[{"count":2,"href":"https:\/\/blogit.lab.fi\/labfocus\/wp-json\/wp\/v2\/posts\/9118\/revisions"}],"predecessor-version":[{"id":9123,"href":"https:\/\/blogit.lab.fi\/labfocus\/wp-json\/wp\/v2\/posts\/9118\/revisions\/9123"}],"wp:featuredmedia":[{"embeddable":true,"href":"https:\/\/blogit.lab.fi\/labfocus\/wp-json\/wp\/v2\/media\/9121"}],"wp:attachment":[{"href":"https:\/\/blogit.lab.fi\/labfocus\/wp-json\/wp\/v2\/media?parent=9118"}],"wp:term":[{"taxonomy":"category","embeddable":true,"href":"https:\/\/blogit.lab.fi\/labfocus\/wp-json\/wp\/v2\/categories?post=9118"},{"taxonomy":"post_tag","embeddable":true,"href":"https:\/\/blogit.lab.fi\/labfocus\/wp-json\/wp\/v2\/tags?post=9118"}],"curies":[{"name":"wp","href":"https:\/\/api.w.org\/{rel}","templated":true}]}}