{"id":9996,"date":"2022-10-11T09:21:04","date_gmt":"2022-10-11T06:21:04","guid":{"rendered":"https:\/\/blogit.lab.fi\/labfocus\/?p=9996"},"modified":"2022-10-11T09:21:06","modified_gmt":"2022-10-11T06:21:06","slug":"olemme-kaikki-olleet-samassa-veneessa","status":"publish","type":"post","link":"https:\/\/blogit.lab.fi\/labfocus\/olemme-kaikki-olleet-samassa-veneessa\/","title":{"rendered":"Olemme kaikki olleet \u201dsamassa veneess\u00e4\u201d"},"content":{"rendered":"\n<p>Koronapandemia on koskettanut meit\u00e4 jokaista, my\u00f6s vapaaehtoisia kriisiauttajia. Mieli ry:n vapaaehtoiset ovat kohdanneet yhteydenottajia kriisipuhelimessa ja verkossa koko pandemian ajan. Miten he ovat jaksaneet?<\/p>\n\n\n\n<p>Koronasta on aiheutunut suurelle osalle suomalaisista erilaisia psyykkisi\u00e4 haasteita. Valtioneuvoston tilaaman Kansalaispulssi-kyselyn mukaan jopa noin 87 % suomalaisista oli kokenut eriasteista koronaan liittyv\u00e4\u00e4 huolestuneisuutta aikav\u00e4lill\u00e4 maaliskuusta 2020 helmikuuhun 2022. Vastaavasti noin 77 % oli kokenut jonkinasteista stressi\u00e4. (Valtioneuvosto 2022.) T\u00e4m\u00e4n keskell\u00e4 Mieli ry:n vapaaehtoiset kriisiauttajat ovat tehneet t\u00e4rke\u00e4\u00e4 ty\u00f6t\u00e4\u00e4n.<\/p>\n\n\n\n<p>Lamppu (2022) haastatteli opinn\u00e4ytety\u00f6h\u00f6ns\u00e4 Mieli ry:n alaisuudessa toimivan Etel\u00e4-Karjalan mielenterveys ry:n Saimaan kriisikeskuksen vapaaehtoisia kriisiauttajia ja selvitti, miten koronapandemia on vaikuttanut heid\u00e4n psyykkiseen hyvinvointiinsa.<\/p>\n\n\n\n<figure class=\"wp-block-image size-large\"><img loading=\"lazy\" decoding=\"async\" width=\"1024\" height=\"632\" src=\"https:\/\/blogit.lab.fi\/labfocus\/wp-content\/uploads\/sites\/8\/2022\/10\/598_2022_Olemme-kaikki-olleet-samassa-veneessa_1-1024x632.jpg\" alt=\"\" class=\"wp-image-9997\" srcset=\"https:\/\/blogit.lab.fi\/labfocus\/wp-content\/uploads\/sites\/8\/2022\/10\/598_2022_Olemme-kaikki-olleet-samassa-veneessa_1-1024x632.jpg 1024w, https:\/\/blogit.lab.fi\/labfocus\/wp-content\/uploads\/sites\/8\/2022\/10\/598_2022_Olemme-kaikki-olleet-samassa-veneessa_1-300x185.jpg 300w, https:\/\/blogit.lab.fi\/labfocus\/wp-content\/uploads\/sites\/8\/2022\/10\/598_2022_Olemme-kaikki-olleet-samassa-veneessa_1-768x474.jpg 768w, https:\/\/blogit.lab.fi\/labfocus\/wp-content\/uploads\/sites\/8\/2022\/10\/598_2022_Olemme-kaikki-olleet-samassa-veneessa_1-570x352.jpg 570w, https:\/\/blogit.lab.fi\/labfocus\/wp-content\/uploads\/sites\/8\/2022\/10\/598_2022_Olemme-kaikki-olleet-samassa-veneessa_1.jpg 1280w\" sizes=\"auto, (max-width: 1024px) 100vw, 1024px\" \/><figcaption>Kuva 1. Samassa veneess\u00e4 kohti tuntematonta p\u00e4\u00e4m\u00e4\u00e4r\u00e4\u00e4. Korona on tuonut suomalaisille psyykkisi\u00e4 haasteita. (mailanmaik 2017)<\/figcaption><\/figure>\n\n\n\n<h2 class=\"wp-block-heading\">Kun huoli on yhteinen<\/h2>\n\n\n\n<p>Yleens\u00e4 vapaaehtoinen kriisiauttaja kohtaa yhteydenottajan, jonka tilanne ja huoli on hyvin henkil\u00f6kohtainen. Miten auttajan rooli pidet\u00e4\u00e4n yll\u00e4, kun huoli onkin yhteinen, kuten koronapandemia? Kansalaispulssi-selvityksen perusteella vapaaehtoiset kriisiauttajat ovat kokeneet huolestuneisuutta ja stressi\u00e4 omassa el\u00e4m\u00e4ss\u00e4\u00e4n samassa suhteessa kuin suomalaiset keskim\u00e4\u00e4rin (Valtioneuvosto 2022).<\/p>\n\n\n\n<p>Lampun (2022) opinn\u00e4ytety\u00f6n mukaan n\u00e4m\u00e4 tunteet heijastuivat my\u00f6s kriisip\u00e4ivystysty\u00f6h\u00f6n. Kukaan vastaajista ei kuitenkaan kokenut, ett\u00e4 koronapandemian aiheuttama huoli olisi v\u00e4hent\u00e4nyt halukkuutta toimia p\u00e4ivystysty\u00f6ss\u00e4. P\u00e4in vastoin, vastaajat kokivat, ett\u00e4 vapaaehtoinen kriisiauttamisty\u00f6 oli auttanut heit\u00e4 itse\u00e4\u00e4n voimaan paremmin koronapandemian keskell\u00e4.<\/p>\n\n\n\n<figure class=\"wp-block-image size-large\"><img loading=\"lazy\" decoding=\"async\" width=\"1024\" height=\"576\" src=\"https:\/\/blogit.lab.fi\/labfocus\/wp-content\/uploads\/sites\/8\/2022\/10\/598_2022_Olemme-kaikki-olleet-samassa-veneessa_2-1024x576.jpg\" alt=\"[Alt-teksti: Kaavakuva, jossa keskell\u00e4 on kriisikeskus ja mieli ry. Siit\u00e4 l\u00e4htev\u00e4t linjat kuuteen tukimuotoon, jotka ovat: aktiivinen tuen tarjoaminen ja matala kynnys pyyt\u00e4\u00e4 tukea, ty\u00f6nohjaukset, tukikeskustelut kriisity\u00f6ntekij\u00f6iden kanssa, intranet ja viestint\u00e4, koulutukset sek\u00e4 purkup\u00e4ivyst\u00e4j\u00e4.]\" class=\"wp-image-9998\" srcset=\"https:\/\/blogit.lab.fi\/labfocus\/wp-content\/uploads\/sites\/8\/2022\/10\/598_2022_Olemme-kaikki-olleet-samassa-veneessa_2-1024x576.jpg 1024w, https:\/\/blogit.lab.fi\/labfocus\/wp-content\/uploads\/sites\/8\/2022\/10\/598_2022_Olemme-kaikki-olleet-samassa-veneessa_2-300x169.jpg 300w, https:\/\/blogit.lab.fi\/labfocus\/wp-content\/uploads\/sites\/8\/2022\/10\/598_2022_Olemme-kaikki-olleet-samassa-veneessa_2-768x432.jpg 768w, https:\/\/blogit.lab.fi\/labfocus\/wp-content\/uploads\/sites\/8\/2022\/10\/598_2022_Olemme-kaikki-olleet-samassa-veneessa_2-570x321.jpg 570w, https:\/\/blogit.lab.fi\/labfocus\/wp-content\/uploads\/sites\/8\/2022\/10\/598_2022_Olemme-kaikki-olleet-samassa-veneessa_2-1110x624.jpg 1110w, https:\/\/blogit.lab.fi\/labfocus\/wp-content\/uploads\/sites\/8\/2022\/10\/598_2022_Olemme-kaikki-olleet-samassa-veneessa_2-528x297.jpg 528w, https:\/\/blogit.lab.fi\/labfocus\/wp-content\/uploads\/sites\/8\/2022\/10\/598_2022_Olemme-kaikki-olleet-samassa-veneessa_2.jpg 1280w\" sizes=\"auto, (max-width: 1024px) 100vw, 1024px\" \/><figcaption>Kuva 2. Kriisikeskuksen ja kattoj\u00e4rjest\u00f6n tarjoamien tukimuotojen koettu t\u00e4rkeys. (Lamppu 2022, 15)<\/figcaption><\/figure>\n\n\n\n<h2 class=\"wp-block-heading\">Yhteis\u00f6llisyyden voimalla<\/h2>\n\n\n\n<p>T\u00e4rkeimp\u00e4n\u00e4 vapaaehtoisty\u00f6t\u00e4 tukevana tekij\u00e4n\u00e4 nousi esille yhteis\u00f6llisyys. Vapaaehtoisty\u00f6ntekij\u00e4t muodostavat kriisikeskuksen ty\u00f6ntekij\u00f6iden kanssa yhteis\u00f6n, jossa koetaan hyv\u00e4ksynt\u00e4\u00e4 ja yhteenkuuluvuuden tunnetta sek\u00e4 annetaan ja saadaan tukea. Itse p\u00e4ivystysty\u00f6ss\u00e4 toisen vapaaehtoisen l\u00e4sn\u00e4olo kriisikeskuksella koettiin hyvin merkitykselliseksi. On t\u00e4rke\u00e4\u00e4 saada purkaa yhteydenottojen nostattamia tunteita ja ajatuksia vertaisen kanssa, jotta ne eiv\u00e4t j\u00e4\u00e4 kuormittamaan omaa mielt\u00e4. Erityisesti korona-aikana muiden p\u00e4ivyst\u00e4jien tapaaminen on ollut suorastaan henkireik\u00e4 monelle. T\u00e4rke\u00e4\u00e4 on ollut tuki p\u00e4ivystysty\u00f6ss\u00e4, mutta my\u00f6s sosiaalinen kanssak\u00e4yminen. T\u00e4m\u00e4 on linjassa tuoreen pro gradu -tutkielman kanssa, jossa sosiaaliset motiivit nousevat esiin yhten\u00e4 t\u00e4rkeimmist\u00e4 syist\u00e4 tehd\u00e4 vapaaehtoisty\u00f6t\u00e4 (Kiuru 2022, 52).<\/p>\n\n\n\n<p>Vapaaehtoista kriisiauttamista tukevia tekij\u00f6it\u00e4 korona-aikana ovat olleet muun muassa ty\u00f6nohjaukset sek\u00e4 tukikeskustelut kriisity\u00f6ntekij\u00f6iden kanssa. Yhteis\u00f6llisyyden merkitys korostuu kuitenkin my\u00f6s siten, ett\u00e4 vapaaehtoiset kokivat koronapandemian keskell\u00e4 yhteenkuuluvuuden tunnetta yhteydenottajien kanssa.<\/p>\n\n\n\n<div class=\"wp-block-group has-background\" style=\"background-color:#8dd2fc96\"><div class=\"wp-block-group__inner-container is-layout-flow wp-block-group-is-layout-flow\">\n<p>Kirjoittajat<\/p>\n\n\n\n<p><strong>Anne Lamppu<\/strong> valmistui syyskuussa 2022 LAB-ammattikorkeakoulusta sosionomiksi.<\/p>\n\n\n\n<p><strong>Ulla Huhtalo<\/strong> ty\u00f6skentelee LAB-ammattikorkeakoulussa lehtorina.<\/p>\n<\/div><\/div>\n\n\n\n<h2 class=\"wp-block-heading\">L\u00e4hteet<\/h2>\n\n\n\n<p>Kiuru, M. 2022. Miksi tehd\u00e4 vapaaehtoisty\u00f6t\u00e4? Vapaaehtoisty\u00f6ntekij\u00f6iden motiivit VFI-teorian n\u00e4k\u00f6kulmasta. Pro gradu -tutkielma. Tampereen yliopisto. Viitattu 12.9.2022. Saatavissa <a href=\"https:\/\/trepo.tuni.fi\/bitstream\/handle\/10024\/139033\/KiuruMiro.pdf?sequence=4&amp;isAllowed=y\" target=\"_blank\" rel=\"noreferrer noopener\">https:\/\/trepo.tuni.fi\/bitstream\/handle\/10024\/139033\/KiuruMiro.pdf?sequence=4&amp;isAllowed=y<\/a><\/p>\n\n\n\n<p>Lamppu, A. 2022. Vapaaehtoisten kriisiauttajien kokemuksia koronapandemian ajalta. Opinn\u00e4ytety\u00f6. LAB-ammattikorkeakoulu. Viitattu 27.9.22. Saatavissa <a href=\"https:\/\/www.theseus.fi\/bitstream\/handle\/10024\/779657\/Lamppu_Anne.pdf?sequence=2&amp;isAllowed=y\" target=\"_blank\" rel=\"noreferrer noopener\">https:\/\/www.theseus.fi\/bitstream\/handle\/10024\/779657\/Lamppu_Anne.pdf?sequence=2&amp;isAllowed=y<\/a><\/p>\n\n\n\n<p>mailanmaik. 2017. Luonne, vene, purjehtia. Pixabay. Viitattu 27.9.2022. Saatavissa <a href=\"https:\/\/pixabay.com\/fi\/photos\/luonne-vene-purjehtia-kwai--joki-2494526\/\" target=\"_blank\" rel=\"noreferrer noopener\">https:\/\/pixabay.com\/fi\/photos\/luonne-vene-purjehtia-kwai&#8211;joki-2494526\/<\/a><\/p>\n\n\n\n<p>Valtioneuvosto. 2022. Kansalaispulssi-kyselyt. Viitattu 12.9.2022. Saatavissa <a href=\"https:\/\/valtioneuvosto.fi\/ajankohtaista\/kansalaispulssi\" target=\"_blank\" rel=\"noreferrer noopener\">https:\/\/valtioneuvosto.fi\/ajankohtaista\/kansalaispulssi<\/a><\/p>\n","protected":false},"excerpt":{"rendered":"<p>Koronapandemia on koskettanut meit\u00e4 jokaista, my\u00f6s vapaaehtoisia kriisiauttajia. Mieli ry:n vapaaehtoiset ovat kohdanneet yhteydenottajia kriisipuhelimessa ja verkossa koko pandemian ajan. Miten he ovat jaksaneet? Koronasta on aiheutunut suurelle osalle suomalaisista erilaisia psyykkisi\u00e4 haasteita. Valtioneuvoston tilaaman Kansalaispulssi-kyselyn mukaan jopa noin 87 % suomalaisista oli kokenut eriasteista koronaan liittyv\u00e4\u00e4 huolestuneisuutta aikav\u00e4lill\u00e4 maaliskuusta 2020 helmikuuhun 2022. Vastaavasti noin [&hellip;]<\/p>\n","protected":false},"author":17,"featured_media":9997,"comment_status":"closed","ping_status":"open","sticky":false,"template":"","format":"standard","meta":{"footnotes":""},"categories":[15,119],"tags":[29,816,4652,837],"class_list":{"0":"post-9996","1":"post","2":"type-post","3":"status-publish","4":"format-standard","5":"has-post-thumbnail","7":"category-health_fi","8":"category-osallisuuden-edistaminen-ja-turvallinen-arki","9":"tag-artikkeli-e1","10":"tag-covid-19","11":"tag-kriisityo-fi","12":"tag-mielenterveys","13":"czr-hentry"},"yoast_head":"<!-- This site is optimized with the Yoast SEO plugin v27.5 - https:\/\/yoast.com\/product\/yoast-seo-wordpress\/ -->\n<title>Olemme kaikki olleet \u201dsamassa veneess\u00e4\u201d - LAB Focus<\/title>\n<meta name=\"description\" content=\"Opinn\u00e4ytety\u00f6 selvitti kriisip\u00e4ivyst\u00e4jien jaksamista koronapandemian aikana. Pandemiassa kaikki ovat joutuneet saman huolen alle.\" \/>\n<meta name=\"robots\" content=\"index, follow, max-snippet:-1, max-image-preview:large, max-video-preview:-1\" \/>\n<link rel=\"canonical\" href=\"https:\/\/blogit.lab.fi\/labfocus\/olemme-kaikki-olleet-samassa-veneessa\/\" \/>\n<meta property=\"og:locale\" content=\"fi_FI\" \/>\n<meta property=\"og:type\" content=\"article\" \/>\n<meta property=\"og:title\" content=\"Olemme kaikki olleet \u201dsamassa veneess\u00e4\u201d - LAB Focus\" \/>\n<meta property=\"og:description\" content=\"Opinn\u00e4ytety\u00f6 selvitti kriisip\u00e4ivyst\u00e4jien jaksamista koronapandemian aikana. Pandemiassa kaikki ovat joutuneet saman huolen alle.\" \/>\n<meta property=\"og:url\" content=\"https:\/\/blogit.lab.fi\/labfocus\/olemme-kaikki-olleet-samassa-veneessa\/\" \/>\n<meta property=\"og:site_name\" content=\"LAB Focus\" \/>\n<meta property=\"article:published_time\" content=\"2022-10-11T06:21:04+00:00\" \/>\n<meta property=\"article:modified_time\" content=\"2022-10-11T06:21:06+00:00\" \/>\n<meta property=\"og:image\" content=\"https:\/\/blogit.lab.fi\/labfocus\/wp-content\/uploads\/sites\/8\/2022\/10\/598_2022_Olemme-kaikki-olleet-samassa-veneessa_1.jpg\" \/>\n\t<meta property=\"og:image:width\" content=\"1280\" \/>\n\t<meta property=\"og:image:height\" content=\"790\" \/>\n\t<meta property=\"og:image:type\" content=\"image\/jpeg\" \/>\n<meta name=\"author\" content=\"tainask\" \/>\n<meta name=\"twitter:card\" content=\"summary_large_image\" \/>\n<meta name=\"twitter:creator\" content=\"@LABfinland\" \/>\n<meta name=\"twitter:site\" content=\"@LABfinland\" \/>\n<meta name=\"twitter:label1\" content=\"Kirjoittanut\" \/>\n\t<meta name=\"twitter:data1\" content=\"tainask\" \/>\n\t<meta name=\"twitter:label2\" content=\"Arvioitu lukuaika\" \/>\n\t<meta name=\"twitter:data2\" content=\"3 minuuttia\" \/>\n<script type=\"application\/ld+json\" class=\"yoast-schema-graph\">{\"@context\":\"https:\\\/\\\/schema.org\",\"@graph\":[{\"@type\":\"Article\",\"@id\":\"https:\\\/\\\/blogit.lab.fi\\\/labfocus\\\/olemme-kaikki-olleet-samassa-veneessa\\\/#article\",\"isPartOf\":{\"@id\":\"https:\\\/\\\/blogit.lab.fi\\\/labfocus\\\/olemme-kaikki-olleet-samassa-veneessa\\\/\"},\"author\":{\"name\":\"tainask\",\"@id\":\"https:\\\/\\\/blogit.lab.fi\\\/labfocus\\\/#\\\/schema\\\/person\\\/da729f65c4a2fb9fd8f0b1ec7a2ab7d0\"},\"headline\":\"Olemme kaikki olleet \u201dsamassa veneess\u00e4\u201d\",\"datePublished\":\"2022-10-11T06:21:04+00:00\",\"dateModified\":\"2022-10-11T06:21:06+00:00\",\"mainEntityOfPage\":{\"@id\":\"https:\\\/\\\/blogit.lab.fi\\\/labfocus\\\/olemme-kaikki-olleet-samassa-veneessa\\\/\"},\"wordCount\":486,\"publisher\":{\"@id\":\"https:\\\/\\\/blogit.lab.fi\\\/labfocus\\\/#organization\"},\"image\":{\"@id\":\"https:\\\/\\\/blogit.lab.fi\\\/labfocus\\\/olemme-kaikki-olleet-samassa-veneessa\\\/#primaryimage\"},\"thumbnailUrl\":\"https:\\\/\\\/blogit.lab.fi\\\/labfocus\\\/wp-content\\\/uploads\\\/sites\\\/8\\\/2022\\\/10\\\/598_2022_Olemme-kaikki-olleet-samassa-veneessa_1.jpg\",\"keywords\":[\"Artikkeli E1\",\"COVID-19\",\"kriisity\u00f6\",\"mielenterveys\"],\"articleSection\":[\"Health\",\"Osallisuus, ty\u00f6el\u00e4m\u00e4 ja turvallinen arki\"],\"inLanguage\":\"fi\"},{\"@type\":\"WebPage\",\"@id\":\"https:\\\/\\\/blogit.lab.fi\\\/labfocus\\\/olemme-kaikki-olleet-samassa-veneessa\\\/\",\"url\":\"https:\\\/\\\/blogit.lab.fi\\\/labfocus\\\/olemme-kaikki-olleet-samassa-veneessa\\\/\",\"name\":\"Olemme kaikki olleet \u201dsamassa veneess\u00e4\u201d - LAB Focus\",\"isPartOf\":{\"@id\":\"https:\\\/\\\/blogit.lab.fi\\\/labfocus\\\/#website\"},\"primaryImageOfPage\":{\"@id\":\"https:\\\/\\\/blogit.lab.fi\\\/labfocus\\\/olemme-kaikki-olleet-samassa-veneessa\\\/#primaryimage\"},\"image\":{\"@id\":\"https:\\\/\\\/blogit.lab.fi\\\/labfocus\\\/olemme-kaikki-olleet-samassa-veneessa\\\/#primaryimage\"},\"thumbnailUrl\":\"https:\\\/\\\/blogit.lab.fi\\\/labfocus\\\/wp-content\\\/uploads\\\/sites\\\/8\\\/2022\\\/10\\\/598_2022_Olemme-kaikki-olleet-samassa-veneessa_1.jpg\",\"datePublished\":\"2022-10-11T06:21:04+00:00\",\"dateModified\":\"2022-10-11T06:21:06+00:00\",\"description\":\"Opinn\u00e4ytety\u00f6 selvitti kriisip\u00e4ivyst\u00e4jien jaksamista koronapandemian aikana. Pandemiassa kaikki ovat joutuneet saman huolen alle.\",\"breadcrumb\":{\"@id\":\"https:\\\/\\\/blogit.lab.fi\\\/labfocus\\\/olemme-kaikki-olleet-samassa-veneessa\\\/#breadcrumb\"},\"inLanguage\":\"fi\",\"potentialAction\":[{\"@type\":\"ReadAction\",\"target\":[\"https:\\\/\\\/blogit.lab.fi\\\/labfocus\\\/olemme-kaikki-olleet-samassa-veneessa\\\/\"]}]},{\"@type\":\"ImageObject\",\"inLanguage\":\"fi\",\"@id\":\"https:\\\/\\\/blogit.lab.fi\\\/labfocus\\\/olemme-kaikki-olleet-samassa-veneessa\\\/#primaryimage\",\"url\":\"https:\\\/\\\/blogit.lab.fi\\\/labfocus\\\/wp-content\\\/uploads\\\/sites\\\/8\\\/2022\\\/10\\\/598_2022_Olemme-kaikki-olleet-samassa-veneessa_1.jpg\",\"contentUrl\":\"https:\\\/\\\/blogit.lab.fi\\\/labfocus\\\/wp-content\\\/uploads\\\/sites\\\/8\\\/2022\\\/10\\\/598_2022_Olemme-kaikki-olleet-samassa-veneessa_1.jpg\",\"width\":1280,\"height\":790},{\"@type\":\"BreadcrumbList\",\"@id\":\"https:\\\/\\\/blogit.lab.fi\\\/labfocus\\\/olemme-kaikki-olleet-samassa-veneessa\\\/#breadcrumb\",\"itemListElement\":[{\"@type\":\"ListItem\",\"position\":1,\"name\":\"Home\",\"item\":\"https:\\\/\\\/blogit.lab.fi\\\/labfocus\\\/\"},{\"@type\":\"ListItem\",\"position\":2,\"name\":\"Olemme kaikki olleet \u201dsamassa veneess\u00e4\u201d\"}]},{\"@type\":\"WebSite\",\"@id\":\"https:\\\/\\\/blogit.lab.fi\\\/labfocus\\\/#website\",\"url\":\"https:\\\/\\\/blogit.lab.fi\\\/labfocus\\\/\",\"name\":\"LAB Focus\",\"description\":\"Focus Area blog | LAB University of Applied Sciences\",\"publisher\":{\"@id\":\"https:\\\/\\\/blogit.lab.fi\\\/labfocus\\\/#organization\"},\"potentialAction\":[{\"@type\":\"SearchAction\",\"target\":{\"@type\":\"EntryPoint\",\"urlTemplate\":\"https:\\\/\\\/blogit.lab.fi\\\/labfocus\\\/?s={search_term_string}\"},\"query-input\":{\"@type\":\"PropertyValueSpecification\",\"valueRequired\":true,\"valueName\":\"search_term_string\"}}],\"inLanguage\":\"fi\"},{\"@type\":\"Organization\",\"@id\":\"https:\\\/\\\/blogit.lab.fi\\\/labfocus\\\/#organization\",\"name\":\"LAB Focus\",\"url\":\"https:\\\/\\\/blogit.lab.fi\\\/labfocus\\\/\",\"logo\":{\"@type\":\"ImageObject\",\"inLanguage\":\"fi\",\"@id\":\"https:\\\/\\\/blogit.lab.fi\\\/labfocus\\\/#\\\/schema\\\/logo\\\/image\\\/\",\"url\":\"https:\\\/\\\/blogit.lab.fi\\\/labfocus\\\/wp-content\\\/uploads\\\/sites\\\/8\\\/2020\\\/04\\\/cropped-cropped-tunnus_blogi-01.png\",\"contentUrl\":\"https:\\\/\\\/blogit.lab.fi\\\/labfocus\\\/wp-content\\\/uploads\\\/sites\\\/8\\\/2020\\\/04\\\/cropped-cropped-tunnus_blogi-01.png\",\"width\":1342,\"height\":288,\"caption\":\"LAB Focus\"},\"image\":{\"@id\":\"https:\\\/\\\/blogit.lab.fi\\\/labfocus\\\/#\\\/schema\\\/logo\\\/image\\\/\"},\"sameAs\":[\"https:\\\/\\\/x.com\\\/LABfinland\"]},{\"@type\":\"Person\",\"@id\":\"https:\\\/\\\/blogit.lab.fi\\\/labfocus\\\/#\\\/schema\\\/person\\\/da729f65c4a2fb9fd8f0b1ec7a2ab7d0\",\"name\":\"tainask\",\"image\":{\"@type\":\"ImageObject\",\"inLanguage\":\"fi\",\"@id\":\"https:\\\/\\\/secure.gravatar.com\\\/avatar\\\/4a96427877ef826b76e80c27f60b266128094f522551459346efcf14282febb3?s=96&d=mm&r=g\",\"url\":\"https:\\\/\\\/secure.gravatar.com\\\/avatar\\\/4a96427877ef826b76e80c27f60b266128094f522551459346efcf14282febb3?s=96&d=mm&r=g\",\"contentUrl\":\"https:\\\/\\\/secure.gravatar.com\\\/avatar\\\/4a96427877ef826b76e80c27f60b266128094f522551459346efcf14282febb3?s=96&d=mm&r=g\",\"caption\":\"tainask\"},\"url\":\"https:\\\/\\\/blogit.lab.fi\\\/labfocus\\\/author\\\/tainask\\\/\"}]}<\/script>\n<!-- \/ Yoast SEO plugin. -->","yoast_head_json":{"title":"Olemme kaikki olleet \u201dsamassa veneess\u00e4\u201d - LAB Focus","description":"Opinn\u00e4ytety\u00f6 selvitti kriisip\u00e4ivyst\u00e4jien jaksamista koronapandemian aikana. Pandemiassa kaikki ovat joutuneet saman huolen alle.","robots":{"index":"index","follow":"follow","max-snippet":"max-snippet:-1","max-image-preview":"max-image-preview:large","max-video-preview":"max-video-preview:-1"},"canonical":"https:\/\/blogit.lab.fi\/labfocus\/olemme-kaikki-olleet-samassa-veneessa\/","og_locale":"fi_FI","og_type":"article","og_title":"Olemme kaikki olleet \u201dsamassa veneess\u00e4\u201d - LAB Focus","og_description":"Opinn\u00e4ytety\u00f6 selvitti kriisip\u00e4ivyst\u00e4jien jaksamista koronapandemian aikana. Pandemiassa kaikki ovat joutuneet saman huolen alle.","og_url":"https:\/\/blogit.lab.fi\/labfocus\/olemme-kaikki-olleet-samassa-veneessa\/","og_site_name":"LAB Focus","article_published_time":"2022-10-11T06:21:04+00:00","article_modified_time":"2022-10-11T06:21:06+00:00","og_image":[{"width":1280,"height":790,"url":"https:\/\/blogit.lab.fi\/labfocus\/wp-content\/uploads\/sites\/8\/2022\/10\/598_2022_Olemme-kaikki-olleet-samassa-veneessa_1.jpg","type":"image\/jpeg"}],"author":"tainask","twitter_card":"summary_large_image","twitter_creator":"@LABfinland","twitter_site":"@LABfinland","twitter_misc":{"Kirjoittanut":"tainask","Arvioitu lukuaika":"3 minuuttia"},"schema":{"@context":"https:\/\/schema.org","@graph":[{"@type":"Article","@id":"https:\/\/blogit.lab.fi\/labfocus\/olemme-kaikki-olleet-samassa-veneessa\/#article","isPartOf":{"@id":"https:\/\/blogit.lab.fi\/labfocus\/olemme-kaikki-olleet-samassa-veneessa\/"},"author":{"name":"tainask","@id":"https:\/\/blogit.lab.fi\/labfocus\/#\/schema\/person\/da729f65c4a2fb9fd8f0b1ec7a2ab7d0"},"headline":"Olemme kaikki olleet \u201dsamassa veneess\u00e4\u201d","datePublished":"2022-10-11T06:21:04+00:00","dateModified":"2022-10-11T06:21:06+00:00","mainEntityOfPage":{"@id":"https:\/\/blogit.lab.fi\/labfocus\/olemme-kaikki-olleet-samassa-veneessa\/"},"wordCount":486,"publisher":{"@id":"https:\/\/blogit.lab.fi\/labfocus\/#organization"},"image":{"@id":"https:\/\/blogit.lab.fi\/labfocus\/olemme-kaikki-olleet-samassa-veneessa\/#primaryimage"},"thumbnailUrl":"https:\/\/blogit.lab.fi\/labfocus\/wp-content\/uploads\/sites\/8\/2022\/10\/598_2022_Olemme-kaikki-olleet-samassa-veneessa_1.jpg","keywords":["Artikkeli E1","COVID-19","kriisity\u00f6","mielenterveys"],"articleSection":["Health","Osallisuus, ty\u00f6el\u00e4m\u00e4 ja turvallinen arki"],"inLanguage":"fi"},{"@type":"WebPage","@id":"https:\/\/blogit.lab.fi\/labfocus\/olemme-kaikki-olleet-samassa-veneessa\/","url":"https:\/\/blogit.lab.fi\/labfocus\/olemme-kaikki-olleet-samassa-veneessa\/","name":"Olemme kaikki olleet \u201dsamassa veneess\u00e4\u201d - LAB Focus","isPartOf":{"@id":"https:\/\/blogit.lab.fi\/labfocus\/#website"},"primaryImageOfPage":{"@id":"https:\/\/blogit.lab.fi\/labfocus\/olemme-kaikki-olleet-samassa-veneessa\/#primaryimage"},"image":{"@id":"https:\/\/blogit.lab.fi\/labfocus\/olemme-kaikki-olleet-samassa-veneessa\/#primaryimage"},"thumbnailUrl":"https:\/\/blogit.lab.fi\/labfocus\/wp-content\/uploads\/sites\/8\/2022\/10\/598_2022_Olemme-kaikki-olleet-samassa-veneessa_1.jpg","datePublished":"2022-10-11T06:21:04+00:00","dateModified":"2022-10-11T06:21:06+00:00","description":"Opinn\u00e4ytety\u00f6 selvitti kriisip\u00e4ivyst\u00e4jien jaksamista koronapandemian aikana. Pandemiassa kaikki ovat joutuneet saman huolen alle.","breadcrumb":{"@id":"https:\/\/blogit.lab.fi\/labfocus\/olemme-kaikki-olleet-samassa-veneessa\/#breadcrumb"},"inLanguage":"fi","potentialAction":[{"@type":"ReadAction","target":["https:\/\/blogit.lab.fi\/labfocus\/olemme-kaikki-olleet-samassa-veneessa\/"]}]},{"@type":"ImageObject","inLanguage":"fi","@id":"https:\/\/blogit.lab.fi\/labfocus\/olemme-kaikki-olleet-samassa-veneessa\/#primaryimage","url":"https:\/\/blogit.lab.fi\/labfocus\/wp-content\/uploads\/sites\/8\/2022\/10\/598_2022_Olemme-kaikki-olleet-samassa-veneessa_1.jpg","contentUrl":"https:\/\/blogit.lab.fi\/labfocus\/wp-content\/uploads\/sites\/8\/2022\/10\/598_2022_Olemme-kaikki-olleet-samassa-veneessa_1.jpg","width":1280,"height":790},{"@type":"BreadcrumbList","@id":"https:\/\/blogit.lab.fi\/labfocus\/olemme-kaikki-olleet-samassa-veneessa\/#breadcrumb","itemListElement":[{"@type":"ListItem","position":1,"name":"Home","item":"https:\/\/blogit.lab.fi\/labfocus\/"},{"@type":"ListItem","position":2,"name":"Olemme kaikki olleet \u201dsamassa veneess\u00e4\u201d"}]},{"@type":"WebSite","@id":"https:\/\/blogit.lab.fi\/labfocus\/#website","url":"https:\/\/blogit.lab.fi\/labfocus\/","name":"LAB Focus","description":"Focus Area blog | LAB University of Applied Sciences","publisher":{"@id":"https:\/\/blogit.lab.fi\/labfocus\/#organization"},"potentialAction":[{"@type":"SearchAction","target":{"@type":"EntryPoint","urlTemplate":"https:\/\/blogit.lab.fi\/labfocus\/?s={search_term_string}"},"query-input":{"@type":"PropertyValueSpecification","valueRequired":true,"valueName":"search_term_string"}}],"inLanguage":"fi"},{"@type":"Organization","@id":"https:\/\/blogit.lab.fi\/labfocus\/#organization","name":"LAB Focus","url":"https:\/\/blogit.lab.fi\/labfocus\/","logo":{"@type":"ImageObject","inLanguage":"fi","@id":"https:\/\/blogit.lab.fi\/labfocus\/#\/schema\/logo\/image\/","url":"https:\/\/blogit.lab.fi\/labfocus\/wp-content\/uploads\/sites\/8\/2020\/04\/cropped-cropped-tunnus_blogi-01.png","contentUrl":"https:\/\/blogit.lab.fi\/labfocus\/wp-content\/uploads\/sites\/8\/2020\/04\/cropped-cropped-tunnus_blogi-01.png","width":1342,"height":288,"caption":"LAB Focus"},"image":{"@id":"https:\/\/blogit.lab.fi\/labfocus\/#\/schema\/logo\/image\/"},"sameAs":["https:\/\/x.com\/LABfinland"]},{"@type":"Person","@id":"https:\/\/blogit.lab.fi\/labfocus\/#\/schema\/person\/da729f65c4a2fb9fd8f0b1ec7a2ab7d0","name":"tainask","image":{"@type":"ImageObject","inLanguage":"fi","@id":"https:\/\/secure.gravatar.com\/avatar\/4a96427877ef826b76e80c27f60b266128094f522551459346efcf14282febb3?s=96&d=mm&r=g","url":"https:\/\/secure.gravatar.com\/avatar\/4a96427877ef826b76e80c27f60b266128094f522551459346efcf14282febb3?s=96&d=mm&r=g","contentUrl":"https:\/\/secure.gravatar.com\/avatar\/4a96427877ef826b76e80c27f60b266128094f522551459346efcf14282febb3?s=96&d=mm&r=g","caption":"tainask"},"url":"https:\/\/blogit.lab.fi\/labfocus\/author\/tainask\/"}]}},"_links":{"self":[{"href":"https:\/\/blogit.lab.fi\/labfocus\/wp-json\/wp\/v2\/posts\/9996","targetHints":{"allow":["GET"]}}],"collection":[{"href":"https:\/\/blogit.lab.fi\/labfocus\/wp-json\/wp\/v2\/posts"}],"about":[{"href":"https:\/\/blogit.lab.fi\/labfocus\/wp-json\/wp\/v2\/types\/post"}],"author":[{"embeddable":true,"href":"https:\/\/blogit.lab.fi\/labfocus\/wp-json\/wp\/v2\/users\/17"}],"replies":[{"embeddable":true,"href":"https:\/\/blogit.lab.fi\/labfocus\/wp-json\/wp\/v2\/comments?post=9996"}],"version-history":[{"count":1,"href":"https:\/\/blogit.lab.fi\/labfocus\/wp-json\/wp\/v2\/posts\/9996\/revisions"}],"predecessor-version":[{"id":9999,"href":"https:\/\/blogit.lab.fi\/labfocus\/wp-json\/wp\/v2\/posts\/9996\/revisions\/9999"}],"wp:featuredmedia":[{"embeddable":true,"href":"https:\/\/blogit.lab.fi\/labfocus\/wp-json\/wp\/v2\/media\/9997"}],"wp:attachment":[{"href":"https:\/\/blogit.lab.fi\/labfocus\/wp-json\/wp\/v2\/media?parent=9996"}],"wp:term":[{"taxonomy":"category","embeddable":true,"href":"https:\/\/blogit.lab.fi\/labfocus\/wp-json\/wp\/v2\/categories?post=9996"},{"taxonomy":"post_tag","embeddable":true,"href":"https:\/\/blogit.lab.fi\/labfocus\/wp-json\/wp\/v2\/tags?post=9996"}],"curies":[{"name":"wp","href":"https:\/\/api.w.org\/{rel}","templated":true}]}}